{"id":3276,"date":"2009-11-06T23:30:03","date_gmt":"2009-11-06T22:30:03","guid":{"rendered":"http:\/\/www.article-marketing.eu\/comunicati\/senza-categoria\/camionisti-nellanima-guardate-qui\/"},"modified":"2009-11-06T23:30:03","modified_gmt":"2009-11-06T22:30:03","slug":"camionisti-nellanima-guardate-qui","status":"publish","type":"post","link":"https:\/\/www.article-marketing.eu\/comunicati\/motori\/auto\/camionisti-nellanima-guardate-qui\/","title":{"rendered":"Camionisti nell&#8217;anima guardate qu\u00ec"},"content":{"rendered":"<p><\/p>\n<p style=\"padding-top: 0px; padding-right: 10px; padding-bottom: 0px; padding-left: 10px; margin-top: 10px; margin-right: 0px; margin-bottom: 10px; margin-left: 0px; line-height: 1.6em; font-family: Verdana, Geneva, Arial, Helvetica, Helve, sans-serif; font-size: 10pt; color: rgb(0, 0, 0); \"><a href=\"http:\/\/www.italeri.com\/\" target=\"_blank\" style=\"padding-top: 0px; padding-right: 0px; padding-bottom: 0px; padding-left: 0px; margin-top: 0px; margin-right: 0px; margin-bottom: 0px; margin-left: 0px; line-height: 1.6em; text-decoration: none; color: rgb(136, 136, 136); \"><strong style=\"padding-top: 0px; padding-right: 0px; padding-bottom: 0px; padding-left: 0px; margin-top: 0px; margin-right: 0px; margin-bottom: 0px; margin-left: 0px; line-height: 1.6em; \">Italeri<\/strong><\/a>&nbsp;&nbsp;, la casa&nbsp;produttrice di modelli statici, baluardo italiano nel mondo in questo settore, non si f\u00e0 mancare nulla, e con questo modello, il&nbsp;<strong style=\"padding-top: 0px; padding-right: 0px; padding-bottom: 0px; padding-left: 0px; margin-top: 0px; margin-right: 0px; margin-bottom: 0px; margin-left: 0px; line-height: 1.6em; \">DAF FX 105<\/strong>, porta avanti la sua tradizione di casa attenta ai particolari.<\/p>\n<p style=\"padding-top: 0px; padding-right: 10px; padding-bottom: 0px; padding-left: 10px; margin-top: 10px; margin-right: 0px; margin-bottom: 10px; margin-left: 0px; line-height: 1.6em; font-family: Verdana, Geneva, Arial, Helvetica, Helve, sans-serif; font-size: 10pt; color: rgb(0, 0, 0); \">Anche se a volte la confezione sembra&nbsp;<strong style=\"padding-top: 0px; padding-right: 0px; padding-bottom: 0px; padding-left: 0px; margin-top: 0px; margin-right: 0px; margin-bottom: 0px; margin-left: 0px; line-height: 1.6em; \">abbozzata<\/strong>, e quindi il primo impatto dell&#8217;acquirente con il prodotto pu\u00f2 mettere in dubbio la qualit\u00e0, non \u00e8&nbsp;<strong style=\"padding-top: 0px; padding-right: 0px; padding-bottom: 0px; padding-left: 0px; margin-top: 0px; margin-right: 0px; margin-bottom: 0px; margin-left: 0px; line-height: 1.6em; \">assolutamente confermato<\/strong>&nbsp;nell&#8217;aprire la scatola.<\/p>\n<p style=\"padding-top: 0px; padding-right: 10px; padding-bottom: 0px; padding-left: 10px; margin-top: 10px; margin-right: 0px; margin-bottom: 10px; margin-left: 0px; line-height: 1.6em; font-family: Verdana, Geneva, Arial, Helvetica, Helve, sans-serif; font-size: 10pt; color: rgb(0, 0, 0); \">Gli spru ( le plastiche dove sono attaccati i vari componenti, e che vedete pi\u00f9 in basso) sono ben realizzati, senza sbavature, e con la plastica semirigida, che non d\u00e0 segni di cedimento alla prima caduta (sperando non ce ne siano).<\/p>\n<p>Un modello ben fatto, soprattutto se avete capacit\u00e0 aerografistiche, e realizzare i disegni sulle fiancate non vi spaventa.<\/p>\n<p>Cliccate sull&#8217;immagine per ingrandirla.&nbsp;&nbsp;<\/p>\n","protected":false},"excerpt":{"rendered":"<p>I bestioni  della strada nel palmo della mano, immensi e potenti mezzi, ma dalle dimensioni ridotte in scala 1:24, per sentirsi i padroni della strada, cos\u00ec ci si sente quando si tiene il volante di un camion di tali dimensioni.<\/p>\n","protected":false},"author":10,"featured_media":0,"comment_status":"open","ping_status":"open","sticky":false,"template":"","format":"standard","meta":{"cybocfi_hide_featured_image":"","footnotes":""},"categories":[352],"tags":[10440,353,2046,10441,10442,10443,10444,10445,10446,1006,10447,10448,10449],"class_list":["post-3276","post","type-post","status-publish","format-standard","hentry","category-auto","tag-aerei","tag-auto","tag-camion","tag-daf","tag-daf-fx-105","tag-dinamico","tag-diorami","tag-italeri","tag-modellismo","tag-moto","tag-radiocomando","tag-soldatini","tag-statico"],"yoast_head":"<!-- This site is optimized with the Yoast SEO plugin v27.0 - https:\/\/yoast.com\/product\/yoast-seo-wordpress\/ -->\n<title>Camionisti nell&#039;anima guardate qu\u00ec - Article Marketing<\/title>\n<meta name=\"robots\" content=\"index, follow, max-snippet:-1, max-image-preview:large, max-video-preview:-1\" \/>\n<link rel=\"canonical\" href=\"https:\/\/www.article-marketing.eu\/comunicati\/motori\/auto\/camionisti-nellanima-guardate-qui\/\" \/>\n<meta property=\"og:locale\" content=\"it_IT\" \/>\n<meta property=\"og:type\" content=\"article\" \/>\n<meta property=\"og:title\" content=\"Camionisti nell&#039;anima guardate qu\u00ec - Article Marketing\" \/>\n<meta property=\"og:description\" content=\"I bestioni della strada nel palmo della mano, immensi e potenti mezzi, ma dalle dimensioni ridotte in scala 1:24, per sentirsi i padroni della strada, cos\u00ec ci si sente quando si tiene il volante di un camion di tali dimensioni.\" \/>\n<meta property=\"og:url\" content=\"https:\/\/www.article-marketing.eu\/comunicati\/motori\/auto\/camionisti-nellanima-guardate-qui\/\" \/>\n<meta property=\"og:site_name\" content=\"Article Marketing\" \/>\n<meta property=\"article:published_time\" content=\"2009-11-06T22:30:03+00:00\" \/>\n<meta name=\"author\" content=\"Redazione Comunicati Stampa\" \/>\n<meta name=\"twitter:card\" content=\"summary_large_image\" \/>\n<meta name=\"twitter:label1\" content=\"Scritto da\" \/>\n\t<meta name=\"twitter:data1\" content=\"Redazione Comunicati Stampa\" \/>\n\t<meta name=\"twitter:label2\" content=\"Tempo di lettura stimato\" \/>\n\t<meta name=\"twitter:data2\" content=\"1 minuto\" \/>\n<script type=\"application\/ld+json\" class=\"yoast-schema-graph\">{\"@context\":\"https:\/\/schema.org\",\"@graph\":[{\"@type\":\"Article\",\"@id\":\"https:\/\/www.article-marketing.eu\/comunicati\/motori\/auto\/camionisti-nellanima-guardate-qui\/#article\",\"isPartOf\":{\"@id\":\"https:\/\/www.article-marketing.eu\/comunicati\/motori\/auto\/camionisti-nellanima-guardate-qui\/\"},\"author\":{\"name\":\"Redazione Comunicati Stampa\",\"@id\":\"https:\/\/www.article-marketing.eu\/comunicati\/#\/schema\/person\/44372e4d4d0fa797b18e03ed1ace9017\"},\"headline\":\"Camionisti nell&#8217;anima guardate qu\u00ec\",\"datePublished\":\"2009-11-06T22:30:03+00:00\",\"mainEntityOfPage\":{\"@id\":\"https:\/\/www.article-marketing.eu\/comunicati\/motori\/auto\/camionisti-nellanima-guardate-qui\/\"},\"wordCount\":140,\"commentCount\":0,\"keywords\":[\"aerei\",\"auto\",\"camion\",\"daf\",\"daf fx 105\",\"dinamico\",\"diorami\",\"italeri\",\"modellismo\",\"moto\",\"radiocomando\",\"soldatini\",\"statico\"],\"articleSection\":[\"Auto\"],\"inLanguage\":\"it-IT\",\"potentialAction\":[{\"@type\":\"CommentAction\",\"name\":\"Comment\",\"target\":[\"https:\/\/www.article-marketing.eu\/comunicati\/motori\/auto\/camionisti-nellanima-guardate-qui\/#respond\"]}]},{\"@type\":\"WebPage\",\"@id\":\"https:\/\/www.article-marketing.eu\/comunicati\/motori\/auto\/camionisti-nellanima-guardate-qui\/\",\"url\":\"https:\/\/www.article-marketing.eu\/comunicati\/motori\/auto\/camionisti-nellanima-guardate-qui\/\",\"name\":\"Camionisti nell'anima guardate qu\u00ec - Article Marketing\",\"isPartOf\":{\"@id\":\"https:\/\/www.article-marketing.eu\/comunicati\/#website\"},\"datePublished\":\"2009-11-06T22:30:03+00:00\",\"author\":{\"@id\":\"https:\/\/www.article-marketing.eu\/comunicati\/#\/schema\/person\/44372e4d4d0fa797b18e03ed1ace9017\"},\"breadcrumb\":{\"@id\":\"https:\/\/www.article-marketing.eu\/comunicati\/motori\/auto\/camionisti-nellanima-guardate-qui\/#breadcrumb\"},\"inLanguage\":\"it-IT\",\"potentialAction\":[{\"@type\":\"ReadAction\",\"target\":[\"https:\/\/www.article-marketing.eu\/comunicati\/motori\/auto\/camionisti-nellanima-guardate-qui\/\"]}]},{\"@type\":\"BreadcrumbList\",\"@id\":\"https:\/\/www.article-marketing.eu\/comunicati\/motori\/auto\/camionisti-nellanima-guardate-qui\/#breadcrumb\",\"itemListElement\":[{\"@type\":\"ListItem\",\"position\":1,\"name\":\"Home\",\"item\":\"https:\/\/www.article-marketing.eu\/comunicati\/\"},{\"@type\":\"ListItem\",\"position\":2,\"name\":\"Camionisti nell&#8217;anima guardate qu\u00ec\"}]},{\"@type\":\"WebSite\",\"@id\":\"https:\/\/www.article-marketing.eu\/comunicati\/#website\",\"url\":\"https:\/\/www.article-marketing.eu\/comunicati\/\",\"name\":\"Article Marketing\",\"description\":\"article marketing &amp; press release\",\"potentialAction\":[{\"@type\":\"SearchAction\",\"target\":{\"@type\":\"EntryPoint\",\"urlTemplate\":\"https:\/\/www.article-marketing.eu\/comunicati\/?s={search_term_string}\"},\"query-input\":{\"@type\":\"PropertyValueSpecification\",\"valueRequired\":true,\"valueName\":\"search_term_string\"}}],\"inLanguage\":\"it-IT\"},{\"@type\":\"Person\",\"@id\":\"https:\/\/www.article-marketing.eu\/comunicati\/#\/schema\/person\/44372e4d4d0fa797b18e03ed1ace9017\",\"name\":\"Redazione Comunicati Stampa\",\"image\":{\"@type\":\"ImageObject\",\"inLanguage\":\"it-IT\",\"@id\":\"https:\/\/www.article-marketing.eu\/comunicati\/#\/schema\/person\/image\/\",\"url\":\"https:\/\/secure.gravatar.com\/avatar\/50e5c6421d3072f42e7ace803501602c60d75233d34e29fd05feb91c8760b792?s=96&d=mm&r=g\",\"contentUrl\":\"https:\/\/secure.gravatar.com\/avatar\/50e5c6421d3072f42e7ace803501602c60d75233d34e29fd05feb91c8760b792?s=96&d=mm&r=g\",\"caption\":\"Redazione Comunicati Stampa\"},\"url\":\"https:\/\/www.article-marketing.eu\/comunicati\/author\/redazione-comunicati-stampa\/\"}]}<\/script>\n<!-- \/ Yoast SEO plugin. -->","yoast_head_json":{"title":"Camionisti nell'anima guardate qu\u00ec - Article Marketing","robots":{"index":"index","follow":"follow","max-snippet":"max-snippet:-1","max-image-preview":"max-image-preview:large","max-video-preview":"max-video-preview:-1"},"canonical":"https:\/\/www.article-marketing.eu\/comunicati\/motori\/auto\/camionisti-nellanima-guardate-qui\/","og_locale":"it_IT","og_type":"article","og_title":"Camionisti nell'anima guardate qu\u00ec - Article Marketing","og_description":"I bestioni della strada nel palmo della mano, immensi e potenti mezzi, ma dalle dimensioni ridotte in scala 1:24, per sentirsi i padroni della strada, cos\u00ec ci si sente quando si tiene il volante di un camion di tali dimensioni.","og_url":"https:\/\/www.article-marketing.eu\/comunicati\/motori\/auto\/camionisti-nellanima-guardate-qui\/","og_site_name":"Article Marketing","article_published_time":"2009-11-06T22:30:03+00:00","author":"Redazione Comunicati Stampa","twitter_card":"summary_large_image","twitter_misc":{"Scritto da":"Redazione Comunicati Stampa","Tempo di lettura stimato":"1 minuto"},"schema":{"@context":"https:\/\/schema.org","@graph":[{"@type":"Article","@id":"https:\/\/www.article-marketing.eu\/comunicati\/motori\/auto\/camionisti-nellanima-guardate-qui\/#article","isPartOf":{"@id":"https:\/\/www.article-marketing.eu\/comunicati\/motori\/auto\/camionisti-nellanima-guardate-qui\/"},"author":{"name":"Redazione Comunicati Stampa","@id":"https:\/\/www.article-marketing.eu\/comunicati\/#\/schema\/person\/44372e4d4d0fa797b18e03ed1ace9017"},"headline":"Camionisti nell&#8217;anima guardate qu\u00ec","datePublished":"2009-11-06T22:30:03+00:00","mainEntityOfPage":{"@id":"https:\/\/www.article-marketing.eu\/comunicati\/motori\/auto\/camionisti-nellanima-guardate-qui\/"},"wordCount":140,"commentCount":0,"keywords":["aerei","auto","camion","daf","daf fx 105","dinamico","diorami","italeri","modellismo","moto","radiocomando","soldatini","statico"],"articleSection":["Auto"],"inLanguage":"it-IT","potentialAction":[{"@type":"CommentAction","name":"Comment","target":["https:\/\/www.article-marketing.eu\/comunicati\/motori\/auto\/camionisti-nellanima-guardate-qui\/#respond"]}]},{"@type":"WebPage","@id":"https:\/\/www.article-marketing.eu\/comunicati\/motori\/auto\/camionisti-nellanima-guardate-qui\/","url":"https:\/\/www.article-marketing.eu\/comunicati\/motori\/auto\/camionisti-nellanima-guardate-qui\/","name":"Camionisti nell'anima guardate qu\u00ec - Article Marketing","isPartOf":{"@id":"https:\/\/www.article-marketing.eu\/comunicati\/#website"},"datePublished":"2009-11-06T22:30:03+00:00","author":{"@id":"https:\/\/www.article-marketing.eu\/comunicati\/#\/schema\/person\/44372e4d4d0fa797b18e03ed1ace9017"},"breadcrumb":{"@id":"https:\/\/www.article-marketing.eu\/comunicati\/motori\/auto\/camionisti-nellanima-guardate-qui\/#breadcrumb"},"inLanguage":"it-IT","potentialAction":[{"@type":"ReadAction","target":["https:\/\/www.article-marketing.eu\/comunicati\/motori\/auto\/camionisti-nellanima-guardate-qui\/"]}]},{"@type":"BreadcrumbList","@id":"https:\/\/www.article-marketing.eu\/comunicati\/motori\/auto\/camionisti-nellanima-guardate-qui\/#breadcrumb","itemListElement":[{"@type":"ListItem","position":1,"name":"Home","item":"https:\/\/www.article-marketing.eu\/comunicati\/"},{"@type":"ListItem","position":2,"name":"Camionisti nell&#8217;anima guardate qu\u00ec"}]},{"@type":"WebSite","@id":"https:\/\/www.article-marketing.eu\/comunicati\/#website","url":"https:\/\/www.article-marketing.eu\/comunicati\/","name":"Article Marketing","description":"article marketing &amp; press release","potentialAction":[{"@type":"SearchAction","target":{"@type":"EntryPoint","urlTemplate":"https:\/\/www.article-marketing.eu\/comunicati\/?s={search_term_string}"},"query-input":{"@type":"PropertyValueSpecification","valueRequired":true,"valueName":"search_term_string"}}],"inLanguage":"it-IT"},{"@type":"Person","@id":"https:\/\/www.article-marketing.eu\/comunicati\/#\/schema\/person\/44372e4d4d0fa797b18e03ed1ace9017","name":"Redazione Comunicati Stampa","image":{"@type":"ImageObject","inLanguage":"it-IT","@id":"https:\/\/www.article-marketing.eu\/comunicati\/#\/schema\/person\/image\/","url":"https:\/\/secure.gravatar.com\/avatar\/50e5c6421d3072f42e7ace803501602c60d75233d34e29fd05feb91c8760b792?s=96&d=mm&r=g","contentUrl":"https:\/\/secure.gravatar.com\/avatar\/50e5c6421d3072f42e7ace803501602c60d75233d34e29fd05feb91c8760b792?s=96&d=mm&r=g","caption":"Redazione Comunicati Stampa"},"url":"https:\/\/www.article-marketing.eu\/comunicati\/author\/redazione-comunicati-stampa\/"}]}},"_links":{"self":[{"href":"https:\/\/www.article-marketing.eu\/comunicati\/wp-json\/wp\/v2\/posts\/3276","targetHints":{"allow":["GET"]}}],"collection":[{"href":"https:\/\/www.article-marketing.eu\/comunicati\/wp-json\/wp\/v2\/posts"}],"about":[{"href":"https:\/\/www.article-marketing.eu\/comunicati\/wp-json\/wp\/v2\/types\/post"}],"author":[{"embeddable":true,"href":"https:\/\/www.article-marketing.eu\/comunicati\/wp-json\/wp\/v2\/users\/10"}],"replies":[{"embeddable":true,"href":"https:\/\/www.article-marketing.eu\/comunicati\/wp-json\/wp\/v2\/comments?post=3276"}],"version-history":[{"count":0,"href":"https:\/\/www.article-marketing.eu\/comunicati\/wp-json\/wp\/v2\/posts\/3276\/revisions"}],"wp:attachment":[{"href":"https:\/\/www.article-marketing.eu\/comunicati\/wp-json\/wp\/v2\/media?parent=3276"}],"wp:term":[{"taxonomy":"category","embeddable":true,"href":"https:\/\/www.article-marketing.eu\/comunicati\/wp-json\/wp\/v2\/categories?post=3276"},{"taxonomy":"post_tag","embeddable":true,"href":"https:\/\/www.article-marketing.eu\/comunicati\/wp-json\/wp\/v2\/tags?post=3276"}],"curies":[{"name":"wp","href":"https:\/\/api.w.org\/{rel}","templated":true}]}}