{"id":32889,"date":"2013-02-28T09:36:46","date_gmt":"2013-02-28T08:36:46","guid":{"rendered":"http:\/\/www.article-marketing.eu\/comunicati\/senza-categoria\/lubiana-la-guida-corta-della-citt%25c3%25a0\/"},"modified":"2018-10-25T22:06:01","modified_gmt":"2018-10-25T20:06:01","slug":"lubiana-la-guida-corta-della-citt%25c3%25a0","status":"publish","type":"post","link":"https:\/\/www.article-marketing.eu\/comunicati\/viaggi-e-vacanze\/destinazioni\/lubiana-la-guida-corta-della-citt%25c3%25a0\/","title":{"rendered":"Lubiana, la guida corta della citt\u00e0"},"content":{"rendered":"<p>Lubiana &egrave; la capitale della Repubblica Slovenia. Si trova all&#8217;incrocio delle strade traffice dal Nord Europa verso l&#8217;Adriatico e dall&#8217;Europa occidentale verso l&#8217;Oriente. Lubiana &egrave; una citt&agrave; piccola, ma abbastanza grande per offrire l&rsquo;esperienze indimenticabili turistiche. Ogni visitatore pu&ograve; scegliere tra variet&agrave; delle opzioni d&rsquo;alloggio. I viaggiatori giovani scegliono di pi&ugrave; un ostello, mentre le famiglie piuttosto scegliono <strong>alberghi Ljubljana<\/strong>. Trovare hotel a Lubiana &egrave; facile, perch&eacute; ci sono molti alberghi di qualit&agrave; con i servizzi wi-fi, parcheggio e spa gratuiti. Le attrazioni turistiche principali sono:<br \/> &#8211; Piazza Preseren,<br \/> &#8211; La piaza Congressi,<br \/> &#8211; Castello di Lubiana e<br \/> &#8211; Municipio. Sulla Piazza Preseren il centro storico medievale incontra la citt&agrave; nuova che cresceva sulla riva alla parte sinistra della Ljubljanica nel 19 &deg; secolo. Sulla piazza si riuniscono cinque strade per attraversare il ponte nella citt&agrave; vecchia. La piazza prende il nome dal famoso poeta sloveno France Preseren. La sua statua si trova nel centro della piazza. La piazza Congressi fu realizzata nella prima met&agrave; del 19 &deg; secolo sul sito del fossato. Il fossato fu riempito e piazza prevista per il Congresso della Santa Alleanza nel 1821. Il Castello di Lubiana, &egrave; il simbolo di Lubiana. I suoi primi maestri furono i Conti della Carinzia Spanheim. Il castello offre una grande vista panoramica della citt&agrave;. Funicolare trasporta i visitatori ogni giorno. Il Municipio &egrave; l&#8217;edificio pi&ugrave; importante di Lubiana. E &#8216;la residenza principale.<br \/> I visitatori che soggiornano pi&ugrave; di quattro giorni dovrebbero visitare anche altre attrazioni turistiche slovene. Slovenia ha molto pi&ugrave; da offrire:<br \/> &#8211; Grotte di Postumia,<br \/> &#8211; Bled,<br \/> &#8211; Costa Adriatica,<br \/> &#8211; Lipica. Postumia &egrave; stata uno dei centri turistici pi&ugrave; importanti in Slovenia dalla fine della seconda guerra mondiale. Lo sviluppo della citt&agrave; &egrave; strettamente legato alle visite crescenti di Grotte di Postumia. Bled &egrave; uno dei centri turistici pi&ugrave; antichi in Slovenia. Si trova ala parte orientale, vicino le Alpi Giulie. Il famoso lago di Bled &egrave; stato creato circa 14.000 anni fa. Il lago &egrave; adatto al nuoto in estate. L&#8217;unica isola della Slovenia si trova nel lago. I visitatori possono accedere l&rsquo;Isola di Bled nel estate, in barca o in gondola e in inverno, a piedi attraverso il lago ghiacciato. Lipica si trova in un&#8217;oasi verde nel Carso. Questa &egrave; la casa del famoso allevamento. La gente ha allevato e negoziato con i cavalli su queste zone gi&agrave; in epoca romana. L&#8217;inizio della Scuderia si &egrave; verificato nel 1580, quando l&#8217;arciduca austriaco Carlo acquisito propriet&agrave; Lipica. La Scuderia &egrave; stata costruita per aumentare i cavalli migliori per le sfilate. Poi &egrave; stato creato il Lipizzano famoso. Il primo insediamento fu fondato dai profughi della Aquileia. Dopo la citt&agrave; fu distrutta nel 452 da Attila. La lingua italiana sempre prevalso a causa di influenza veneziana e l&#8217;occupazione italiana durante la seconda guerra mondiale. Dopo la seconda guerra mondiale molti dell&rsquo;etnia italiana si sono trasferiti in Italia.<\/p>\n","protected":false},"excerpt":{"rendered":"<p>Lubiana \u00e8 la capitale della Repubblica Slovenia. Lubiana \u00e8 una citt\u00e0 piccola, ma abbastanza grande per offrire l\u2019esperienze indimenticabili turistiche.<\/p>\n","protected":false},"author":10,"featured_media":0,"comment_status":"open","ping_status":"open","sticky":false,"template":"","format":"standard","meta":{"cybocfi_hide_featured_image":"","footnotes":""},"categories":[143],"tags":[41417,41416],"class_list":["post-32889","post","type-post","status-publish","format-standard","hentry","category-destinazioni","tag-alberghi-lubiana","tag-lubiana"],"yoast_head":"<!-- This site is optimized with the Yoast SEO plugin v27.0 - https:\/\/yoast.com\/product\/yoast-seo-wordpress\/ -->\n<title>Lubiana, la guida corta della citt\u00e0 - Article Marketing<\/title>\n<meta name=\"robots\" content=\"index, follow, max-snippet:-1, max-image-preview:large, max-video-preview:-1\" \/>\n<link rel=\"canonical\" href=\"https:\/\/www.article-marketing.eu\/comunicati\/viaggi-e-vacanze\/destinazioni\/lubiana-la-guida-corta-della-citt%c3%a0\/\" \/>\n<meta property=\"og:locale\" content=\"it_IT\" \/>\n<meta property=\"og:type\" content=\"article\" \/>\n<meta property=\"og:title\" content=\"Lubiana, la guida corta della citt\u00e0 - Article Marketing\" \/>\n<meta property=\"og:description\" content=\"Lubiana \u00e8 la capitale della Repubblica Slovenia. Lubiana \u00e8 una citt\u00e0 piccola, ma abbastanza grande per offrire l\u2019esperienze indimenticabili turistiche.\" \/>\n<meta property=\"og:url\" content=\"https:\/\/www.article-marketing.eu\/comunicati\/viaggi-e-vacanze\/destinazioni\/lubiana-la-guida-corta-della-citt%c3%a0\/\" \/>\n<meta property=\"og:site_name\" content=\"Article Marketing\" \/>\n<meta property=\"article:published_time\" content=\"2013-02-28T08:36:46+00:00\" \/>\n<meta property=\"article:modified_time\" content=\"2018-10-25T20:06:01+00:00\" \/>\n<meta name=\"author\" content=\"Redazione Comunicati Stampa\" \/>\n<meta name=\"twitter:card\" content=\"summary_large_image\" \/>\n<meta name=\"twitter:label1\" content=\"Scritto da\" \/>\n\t<meta name=\"twitter:data1\" content=\"Redazione Comunicati Stampa\" \/>\n\t<meta name=\"twitter:label2\" content=\"Tempo di lettura stimato\" \/>\n\t<meta name=\"twitter:data2\" content=\"3 minuti\" \/>\n<script type=\"application\/ld+json\" class=\"yoast-schema-graph\">{\"@context\":\"https:\/\/schema.org\",\"@graph\":[{\"@type\":\"Article\",\"@id\":\"https:\/\/www.article-marketing.eu\/comunicati\/viaggi-e-vacanze\/destinazioni\/lubiana-la-guida-corta-della-citt%25c3%25a0\/#article\",\"isPartOf\":{\"@id\":\"https:\/\/www.article-marketing.eu\/comunicati\/viaggi-e-vacanze\/destinazioni\/lubiana-la-guida-corta-della-citt%25c3%25a0\/\"},\"author\":{\"name\":\"Redazione Comunicati Stampa\",\"@id\":\"https:\/\/www.article-marketing.eu\/comunicati\/#\/schema\/person\/44372e4d4d0fa797b18e03ed1ace9017\"},\"headline\":\"Lubiana, la guida corta della citt\u00e0\",\"datePublished\":\"2013-02-28T08:36:46+00:00\",\"dateModified\":\"2018-10-25T20:06:01+00:00\",\"mainEntityOfPage\":{\"@id\":\"https:\/\/www.article-marketing.eu\/comunicati\/viaggi-e-vacanze\/destinazioni\/lubiana-la-guida-corta-della-citt%25c3%25a0\/\"},\"wordCount\":509,\"commentCount\":0,\"keywords\":[\"alberghi lubiana\",\"lubiana\"],\"articleSection\":[\"Destinazioni\"],\"inLanguage\":\"it-IT\",\"potentialAction\":[{\"@type\":\"CommentAction\",\"name\":\"Comment\",\"target\":[\"https:\/\/www.article-marketing.eu\/comunicati\/viaggi-e-vacanze\/destinazioni\/lubiana-la-guida-corta-della-citt%25c3%25a0\/#respond\"]}]},{\"@type\":\"WebPage\",\"@id\":\"https:\/\/www.article-marketing.eu\/comunicati\/viaggi-e-vacanze\/destinazioni\/lubiana-la-guida-corta-della-citt%25c3%25a0\/\",\"url\":\"https:\/\/www.article-marketing.eu\/comunicati\/viaggi-e-vacanze\/destinazioni\/lubiana-la-guida-corta-della-citt%25c3%25a0\/\",\"name\":\"Lubiana, la guida corta della citt\u00e0 - Article Marketing\",\"isPartOf\":{\"@id\":\"https:\/\/www.article-marketing.eu\/comunicati\/#website\"},\"datePublished\":\"2013-02-28T08:36:46+00:00\",\"dateModified\":\"2018-10-25T20:06:01+00:00\",\"author\":{\"@id\":\"https:\/\/www.article-marketing.eu\/comunicati\/#\/schema\/person\/44372e4d4d0fa797b18e03ed1ace9017\"},\"breadcrumb\":{\"@id\":\"https:\/\/www.article-marketing.eu\/comunicati\/viaggi-e-vacanze\/destinazioni\/lubiana-la-guida-corta-della-citt%25c3%25a0\/#breadcrumb\"},\"inLanguage\":\"it-IT\",\"potentialAction\":[{\"@type\":\"ReadAction\",\"target\":[\"https:\/\/www.article-marketing.eu\/comunicati\/viaggi-e-vacanze\/destinazioni\/lubiana-la-guida-corta-della-citt%25c3%25a0\/\"]}]},{\"@type\":\"BreadcrumbList\",\"@id\":\"https:\/\/www.article-marketing.eu\/comunicati\/viaggi-e-vacanze\/destinazioni\/lubiana-la-guida-corta-della-citt%25c3%25a0\/#breadcrumb\",\"itemListElement\":[{\"@type\":\"ListItem\",\"position\":1,\"name\":\"Home\",\"item\":\"https:\/\/www.article-marketing.eu\/comunicati\/\"},{\"@type\":\"ListItem\",\"position\":2,\"name\":\"Lubiana, la guida corta della citt\u00e0\"}]},{\"@type\":\"WebSite\",\"@id\":\"https:\/\/www.article-marketing.eu\/comunicati\/#website\",\"url\":\"https:\/\/www.article-marketing.eu\/comunicati\/\",\"name\":\"Article Marketing\",\"description\":\"article marketing &amp; press release\",\"potentialAction\":[{\"@type\":\"SearchAction\",\"target\":{\"@type\":\"EntryPoint\",\"urlTemplate\":\"https:\/\/www.article-marketing.eu\/comunicati\/?s={search_term_string}\"},\"query-input\":{\"@type\":\"PropertyValueSpecification\",\"valueRequired\":true,\"valueName\":\"search_term_string\"}}],\"inLanguage\":\"it-IT\"},{\"@type\":\"Person\",\"@id\":\"https:\/\/www.article-marketing.eu\/comunicati\/#\/schema\/person\/44372e4d4d0fa797b18e03ed1ace9017\",\"name\":\"Redazione Comunicati Stampa\",\"image\":{\"@type\":\"ImageObject\",\"inLanguage\":\"it-IT\",\"@id\":\"https:\/\/www.article-marketing.eu\/comunicati\/#\/schema\/person\/image\/\",\"url\":\"https:\/\/secure.gravatar.com\/avatar\/50e5c6421d3072f42e7ace803501602c60d75233d34e29fd05feb91c8760b792?s=96&d=mm&r=g\",\"contentUrl\":\"https:\/\/secure.gravatar.com\/avatar\/50e5c6421d3072f42e7ace803501602c60d75233d34e29fd05feb91c8760b792?s=96&d=mm&r=g\",\"caption\":\"Redazione Comunicati Stampa\"},\"url\":\"https:\/\/www.article-marketing.eu\/comunicati\/author\/redazione-comunicati-stampa\/\"}]}<\/script>\n<!-- \/ Yoast SEO plugin. -->","yoast_head_json":{"title":"Lubiana, la guida corta della citt\u00e0 - Article Marketing","robots":{"index":"index","follow":"follow","max-snippet":"max-snippet:-1","max-image-preview":"max-image-preview:large","max-video-preview":"max-video-preview:-1"},"canonical":"https:\/\/www.article-marketing.eu\/comunicati\/viaggi-e-vacanze\/destinazioni\/lubiana-la-guida-corta-della-citt%c3%a0\/","og_locale":"it_IT","og_type":"article","og_title":"Lubiana, la guida corta della citt\u00e0 - Article Marketing","og_description":"Lubiana \u00e8 la capitale della Repubblica Slovenia. Lubiana \u00e8 una citt\u00e0 piccola, ma abbastanza grande per offrire l\u2019esperienze indimenticabili turistiche.","og_url":"https:\/\/www.article-marketing.eu\/comunicati\/viaggi-e-vacanze\/destinazioni\/lubiana-la-guida-corta-della-citt%c3%a0\/","og_site_name":"Article Marketing","article_published_time":"2013-02-28T08:36:46+00:00","article_modified_time":"2018-10-25T20:06:01+00:00","author":"Redazione Comunicati Stampa","twitter_card":"summary_large_image","twitter_misc":{"Scritto da":"Redazione Comunicati Stampa","Tempo di lettura stimato":"3 minuti"},"schema":{"@context":"https:\/\/schema.org","@graph":[{"@type":"Article","@id":"https:\/\/www.article-marketing.eu\/comunicati\/viaggi-e-vacanze\/destinazioni\/lubiana-la-guida-corta-della-citt%25c3%25a0\/#article","isPartOf":{"@id":"https:\/\/www.article-marketing.eu\/comunicati\/viaggi-e-vacanze\/destinazioni\/lubiana-la-guida-corta-della-citt%25c3%25a0\/"},"author":{"name":"Redazione Comunicati Stampa","@id":"https:\/\/www.article-marketing.eu\/comunicati\/#\/schema\/person\/44372e4d4d0fa797b18e03ed1ace9017"},"headline":"Lubiana, la guida corta della citt\u00e0","datePublished":"2013-02-28T08:36:46+00:00","dateModified":"2018-10-25T20:06:01+00:00","mainEntityOfPage":{"@id":"https:\/\/www.article-marketing.eu\/comunicati\/viaggi-e-vacanze\/destinazioni\/lubiana-la-guida-corta-della-citt%25c3%25a0\/"},"wordCount":509,"commentCount":0,"keywords":["alberghi lubiana","lubiana"],"articleSection":["Destinazioni"],"inLanguage":"it-IT","potentialAction":[{"@type":"CommentAction","name":"Comment","target":["https:\/\/www.article-marketing.eu\/comunicati\/viaggi-e-vacanze\/destinazioni\/lubiana-la-guida-corta-della-citt%25c3%25a0\/#respond"]}]},{"@type":"WebPage","@id":"https:\/\/www.article-marketing.eu\/comunicati\/viaggi-e-vacanze\/destinazioni\/lubiana-la-guida-corta-della-citt%25c3%25a0\/","url":"https:\/\/www.article-marketing.eu\/comunicati\/viaggi-e-vacanze\/destinazioni\/lubiana-la-guida-corta-della-citt%25c3%25a0\/","name":"Lubiana, la guida corta della citt\u00e0 - Article Marketing","isPartOf":{"@id":"https:\/\/www.article-marketing.eu\/comunicati\/#website"},"datePublished":"2013-02-28T08:36:46+00:00","dateModified":"2018-10-25T20:06:01+00:00","author":{"@id":"https:\/\/www.article-marketing.eu\/comunicati\/#\/schema\/person\/44372e4d4d0fa797b18e03ed1ace9017"},"breadcrumb":{"@id":"https:\/\/www.article-marketing.eu\/comunicati\/viaggi-e-vacanze\/destinazioni\/lubiana-la-guida-corta-della-citt%25c3%25a0\/#breadcrumb"},"inLanguage":"it-IT","potentialAction":[{"@type":"ReadAction","target":["https:\/\/www.article-marketing.eu\/comunicati\/viaggi-e-vacanze\/destinazioni\/lubiana-la-guida-corta-della-citt%25c3%25a0\/"]}]},{"@type":"BreadcrumbList","@id":"https:\/\/www.article-marketing.eu\/comunicati\/viaggi-e-vacanze\/destinazioni\/lubiana-la-guida-corta-della-citt%25c3%25a0\/#breadcrumb","itemListElement":[{"@type":"ListItem","position":1,"name":"Home","item":"https:\/\/www.article-marketing.eu\/comunicati\/"},{"@type":"ListItem","position":2,"name":"Lubiana, la guida corta della citt\u00e0"}]},{"@type":"WebSite","@id":"https:\/\/www.article-marketing.eu\/comunicati\/#website","url":"https:\/\/www.article-marketing.eu\/comunicati\/","name":"Article Marketing","description":"article marketing &amp; press release","potentialAction":[{"@type":"SearchAction","target":{"@type":"EntryPoint","urlTemplate":"https:\/\/www.article-marketing.eu\/comunicati\/?s={search_term_string}"},"query-input":{"@type":"PropertyValueSpecification","valueRequired":true,"valueName":"search_term_string"}}],"inLanguage":"it-IT"},{"@type":"Person","@id":"https:\/\/www.article-marketing.eu\/comunicati\/#\/schema\/person\/44372e4d4d0fa797b18e03ed1ace9017","name":"Redazione Comunicati Stampa","image":{"@type":"ImageObject","inLanguage":"it-IT","@id":"https:\/\/www.article-marketing.eu\/comunicati\/#\/schema\/person\/image\/","url":"https:\/\/secure.gravatar.com\/avatar\/50e5c6421d3072f42e7ace803501602c60d75233d34e29fd05feb91c8760b792?s=96&d=mm&r=g","contentUrl":"https:\/\/secure.gravatar.com\/avatar\/50e5c6421d3072f42e7ace803501602c60d75233d34e29fd05feb91c8760b792?s=96&d=mm&r=g","caption":"Redazione Comunicati Stampa"},"url":"https:\/\/www.article-marketing.eu\/comunicati\/author\/redazione-comunicati-stampa\/"}]}},"_links":{"self":[{"href":"https:\/\/www.article-marketing.eu\/comunicati\/wp-json\/wp\/v2\/posts\/32889","targetHints":{"allow":["GET"]}}],"collection":[{"href":"https:\/\/www.article-marketing.eu\/comunicati\/wp-json\/wp\/v2\/posts"}],"about":[{"href":"https:\/\/www.article-marketing.eu\/comunicati\/wp-json\/wp\/v2\/types\/post"}],"author":[{"embeddable":true,"href":"https:\/\/www.article-marketing.eu\/comunicati\/wp-json\/wp\/v2\/users\/10"}],"replies":[{"embeddable":true,"href":"https:\/\/www.article-marketing.eu\/comunicati\/wp-json\/wp\/v2\/comments?post=32889"}],"version-history":[{"count":1,"href":"https:\/\/www.article-marketing.eu\/comunicati\/wp-json\/wp\/v2\/posts\/32889\/revisions"}],"predecessor-version":[{"id":62939,"href":"https:\/\/www.article-marketing.eu\/comunicati\/wp-json\/wp\/v2\/posts\/32889\/revisions\/62939"}],"wp:attachment":[{"href":"https:\/\/www.article-marketing.eu\/comunicati\/wp-json\/wp\/v2\/media?parent=32889"}],"wp:term":[{"taxonomy":"category","embeddable":true,"href":"https:\/\/www.article-marketing.eu\/comunicati\/wp-json\/wp\/v2\/categories?post=32889"},{"taxonomy":"post_tag","embeddable":true,"href":"https:\/\/www.article-marketing.eu\/comunicati\/wp-json\/wp\/v2\/tags?post=32889"}],"curies":[{"name":"wp","href":"https:\/\/api.w.org\/{rel}","templated":true}]}}