{"id":3296,"date":"2009-11-10T14:42:33","date_gmt":"2009-11-10T13:42:33","guid":{"rendered":"http:\/\/www.article-marketing.eu\/comunicati\/senza-categoria\/sardegna-incontaminata-area-marina-protetta-parco-nazionale-dellasinara\/"},"modified":"2009-11-10T14:42:33","modified_gmt":"2009-11-10T13:42:33","slug":"sardegna-incontaminata-area-marina-protetta-parco-nazionale-dellasinara","status":"publish","type":"post","link":"https:\/\/www.article-marketing.eu\/comunicati\/viaggi-e-vacanze\/sardegna-incontaminata-area-marina-protetta-parco-nazionale-dellasinara\/","title":{"rendered":"Sardegna incontaminata: Area Marina Protetta &#8211; Parco nazionale dell&#8217;Asinara"},"content":{"rendered":"<p>\n Un&#8217;isola come la Sardegna, rinomata per avere una costa di grande fascino, non \u00e8 semplicemente attraente per trascorrere l&#8217;estate sulla spiaggia. Ben altri vantaggi sono legati a questa fortuna. Disseminate lungo le coste sarde si trovano, infatti, oasi naturalistiche incontaminate che rappresentano un&#8217;alternativa verde per una <a href=\"http:\/\/www.sardegne.it\/\">vacanza sardegna<\/a>.\n<\/p>\n<p>L&#8217;isola dell&#8217;Asinara, diventata Parco Nazionale nel 1997, \u00e8 una delle perle pi\u00f9 preziose e suggestive della Sardegna e del Mediterraneo. Oggi \u00e8 meta consueta di piccole crociere lungo la costa e di visite guidate con imbarcazioni che effettuano gite al parco. Seconda isola sarda dopo Sant&#8217;Antioco per dimensioni, \u00e8 situata all&#8217;estremit\u00e0 nord-occidentale della Sardegna, esattamente davanti al borgo marinaro di Stintino, nel territorio del Comune di Porto Torres in provincia di Sassari.<\/p>\n<p>La singolare storia dell&#8217;isola ha fatto si che questa abbia mantenuto pressoch\u00e9 inalterato il proprio fascino naturalistico. Nonostante i premi resti della presenza umana risalgano al neolitico (domus de janas), un susseguirsi di eventi ha permesso che l&#8217;aspetto dell&#8217;isola non mutasse. Fu dapprima una Stazione Sanitaria di quarantena, poi un campo di prigionia durante il primo conflitto mondiale e, successivamente, uno dei pi\u00f9 importanti supercarceri italiani sino all&#8217;istituzione del Parco.\n<\/p>\n<p>Tale ruolo ha avuto come conseguenza quella di limitare i visitatori portando solo benefici all&#8217;ecosistema esistente. Pi\u00f9 di un secolo di isolamento, oltre a donare un certo fascino e mistero all&#8217;Isola, ha favorito la conservazione di alcune aree integre, rendendola un patrimonio unico e di valore inestimabile a livello internazionale.\n<\/p>\n<p>L&#8217;isola dell&#8217;Asinara presenta una forma stretta, allungata in senso Nord-Sud. La linea della costa \u00e8 molto frastagliata, favorendo una notevole variet\u00e0 di habitat. i due versanti pi\u00f9 lunghi sono molto difversi tra loro. Il lato orientale \u00e8 caratterizzato da spiagge e calette, tra cui quelle di granito rosa, Cala Scombro e Sant&#8217;Andrea. La parte occidentale, invece, si distingue per gli alti costoni a picco sul mare, fra cui Punta dello Scorno, sormontata da un faro.\n<\/p>\n<p>Dal punto di vista faunistico, l&#8217;Asinara \u00e8 caratterizzata da vaste superfici di roccia affiorante, con una copertura vegetale limitata, costituita prevalentemente da macchia mediterranea arbustiva. L&#8217;unica area boschiva, alberata a leccio, \u00e8 localizzata presso la zona di Elighe Mannu.\n<\/p>\n<p>Elemento di particolare pregio e attrattiva turistica, da un lato, interesse scientifico, dall&#8217; altro, \u00e8 l&#8217;ambiente marino, caratterizzato da una notevole integrit\u00e0 e diversit\u00e0 delle specie di flora e fauna, da un elevato valore paesaggistico e una qualit\u00e0 delle acque ottima da un punto di vista chimico ed ecologico.\n<\/p>\n<p>Il nome dell&#8217;isola \u00e8 curioso e di dubbia origine. Se i Romani la chiamavano &quot;Aenaria Insula&quot; (Isola di Enea) e &quot;Herculis Insula&quot; (Isola di Ercole), il toponimo odierno &quot;Asinara&quot; potrebbe avere diverse derivazioni. Un&#8217;ipotesi farebbe derivare questo nome dall&#8217;asinello sardo, che qui \u00e8 davvero singolare, di taglia piccola, albino e con gli occhi molto chiari. Non a caso \u00e8 il simbolo dell&#8217;isola. Un&#8217;altra ipotesi invece si riferisce al termine latino &quot;sinuaria&quot;, alludendo a una costa modellata da morbide cale.<\/p>\n<p>Per raggiungere l&#8217;isola ci si pu\u00f2 imbarcare dal Porto Nuovo di Stintino e da Porto Torres, dove sono presenti appositi chioschi informativi degli operatori che effettuano i trasporti dove \u00e8 possibile prenotare la gita e acquistare i biglietti. Sull&#8217;isola il Parco propone servizi di visite guidate di tanti tipi, con fuoristrada, pescaturismo, con bus o trenino, a piedi o in bicicletta.  <\/p>\n","protected":false},"excerpt":{"rendered":"<p>Una vacanza alternativa in Sardegna \u00e8 quella che porta alla scoperta delle sue aree marine protette. Nell&#8217;articolo ci si \u00e8 focalizzati su una perla del Mediterraneo, l&#8217;Isola dell&#8217;Asinara, con la sua storia singolare che l&#8217;ha vista trasformarsi da supercarcere in oasi naturalistica protetta.<\/p>\n","protected":false},"author":10,"featured_media":0,"comment_status":"open","ping_status":"open","sticky":false,"template":"","format":"standard","meta":{"cybocfi_hide_featured_image":"","footnotes":""},"categories":[280],"tags":[1459,5805,10486,10487,1086,5804,3],"class_list":["post-3296","post","type-post","status-publish","format-standard","hentry","category-viaggi-e-vacanze","tag-area-marina-protetta","tag-asinara","tag-parco-naturale","tag-porto-torres","tag-sardegna","tag-stintino","tag-vacanze"],"yoast_head":"<!-- This site is optimized with the Yoast SEO plugin v27.0 - https:\/\/yoast.com\/product\/yoast-seo-wordpress\/ -->\n<title>Sardegna incontaminata: Area Marina Protetta - Parco nazionale dell&#039;Asinara - Article Marketing<\/title>\n<meta name=\"robots\" content=\"index, follow, max-snippet:-1, max-image-preview:large, max-video-preview:-1\" \/>\n<link rel=\"canonical\" href=\"https:\/\/www.article-marketing.eu\/comunicati\/viaggi-e-vacanze\/sardegna-incontaminata-area-marina-protetta-parco-nazionale-dellasinara\/\" \/>\n<meta property=\"og:locale\" content=\"it_IT\" \/>\n<meta property=\"og:type\" content=\"article\" \/>\n<meta property=\"og:title\" content=\"Sardegna incontaminata: Area Marina Protetta - Parco nazionale dell&#039;Asinara - Article Marketing\" \/>\n<meta property=\"og:description\" content=\"Una vacanza alternativa in Sardegna \u00e8 quella che porta alla scoperta delle sue aree marine protette. Nell&#039;articolo ci si \u00e8 focalizzati su una perla del Mediterraneo, l&#039;Isola dell&#039;Asinara, con la sua storia singolare che l&#039;ha vista trasformarsi da supercarcere in oasi naturalistica protetta.\" \/>\n<meta property=\"og:url\" content=\"https:\/\/www.article-marketing.eu\/comunicati\/viaggi-e-vacanze\/sardegna-incontaminata-area-marina-protetta-parco-nazionale-dellasinara\/\" \/>\n<meta property=\"og:site_name\" content=\"Article Marketing\" \/>\n<meta property=\"article:published_time\" content=\"2009-11-10T13:42:33+00:00\" \/>\n<meta name=\"author\" content=\"Redazione Comunicati Stampa\" \/>\n<meta name=\"twitter:card\" content=\"summary_large_image\" \/>\n<meta name=\"twitter:label1\" content=\"Scritto da\" \/>\n\t<meta name=\"twitter:data1\" content=\"Redazione Comunicati Stampa\" \/>\n\t<meta name=\"twitter:label2\" content=\"Tempo di lettura stimato\" \/>\n\t<meta name=\"twitter:data2\" content=\"3 minuti\" \/>\n<script type=\"application\/ld+json\" class=\"yoast-schema-graph\">{\"@context\":\"https:\/\/schema.org\",\"@graph\":[{\"@type\":\"Article\",\"@id\":\"https:\/\/www.article-marketing.eu\/comunicati\/viaggi-e-vacanze\/sardegna-incontaminata-area-marina-protetta-parco-nazionale-dellasinara\/#article\",\"isPartOf\":{\"@id\":\"https:\/\/www.article-marketing.eu\/comunicati\/viaggi-e-vacanze\/sardegna-incontaminata-area-marina-protetta-parco-nazionale-dellasinara\/\"},\"author\":{\"name\":\"Redazione Comunicati Stampa\",\"@id\":\"https:\/\/www.article-marketing.eu\/comunicati\/#\/schema\/person\/44372e4d4d0fa797b18e03ed1ace9017\"},\"headline\":\"Sardegna incontaminata: Area Marina Protetta &#8211; Parco nazionale dell&#8217;Asinara\",\"datePublished\":\"2009-11-10T13:42:33+00:00\",\"mainEntityOfPage\":{\"@id\":\"https:\/\/www.article-marketing.eu\/comunicati\/viaggi-e-vacanze\/sardegna-incontaminata-area-marina-protetta-parco-nazionale-dellasinara\/\"},\"wordCount\":546,\"commentCount\":0,\"keywords\":[\"area marina protetta\",\"asinara\",\"parco naturale\",\"porto torres\",\"sardegna\",\"stintino\",\"vacanze\"],\"articleSection\":[\"Viaggi e vacanze\"],\"inLanguage\":\"it-IT\",\"potentialAction\":[{\"@type\":\"CommentAction\",\"name\":\"Comment\",\"target\":[\"https:\/\/www.article-marketing.eu\/comunicati\/viaggi-e-vacanze\/sardegna-incontaminata-area-marina-protetta-parco-nazionale-dellasinara\/#respond\"]}]},{\"@type\":\"WebPage\",\"@id\":\"https:\/\/www.article-marketing.eu\/comunicati\/viaggi-e-vacanze\/sardegna-incontaminata-area-marina-protetta-parco-nazionale-dellasinara\/\",\"url\":\"https:\/\/www.article-marketing.eu\/comunicati\/viaggi-e-vacanze\/sardegna-incontaminata-area-marina-protetta-parco-nazionale-dellasinara\/\",\"name\":\"Sardegna incontaminata: Area Marina Protetta - Parco nazionale dell'Asinara - Article Marketing\",\"isPartOf\":{\"@id\":\"https:\/\/www.article-marketing.eu\/comunicati\/#website\"},\"datePublished\":\"2009-11-10T13:42:33+00:00\",\"author\":{\"@id\":\"https:\/\/www.article-marketing.eu\/comunicati\/#\/schema\/person\/44372e4d4d0fa797b18e03ed1ace9017\"},\"breadcrumb\":{\"@id\":\"https:\/\/www.article-marketing.eu\/comunicati\/viaggi-e-vacanze\/sardegna-incontaminata-area-marina-protetta-parco-nazionale-dellasinara\/#breadcrumb\"},\"inLanguage\":\"it-IT\",\"potentialAction\":[{\"@type\":\"ReadAction\",\"target\":[\"https:\/\/www.article-marketing.eu\/comunicati\/viaggi-e-vacanze\/sardegna-incontaminata-area-marina-protetta-parco-nazionale-dellasinara\/\"]}]},{\"@type\":\"BreadcrumbList\",\"@id\":\"https:\/\/www.article-marketing.eu\/comunicati\/viaggi-e-vacanze\/sardegna-incontaminata-area-marina-protetta-parco-nazionale-dellasinara\/#breadcrumb\",\"itemListElement\":[{\"@type\":\"ListItem\",\"position\":1,\"name\":\"Home\",\"item\":\"https:\/\/www.article-marketing.eu\/comunicati\/\"},{\"@type\":\"ListItem\",\"position\":2,\"name\":\"Sardegna incontaminata: Area Marina Protetta &#8211; Parco nazionale dell&#8217;Asinara\"}]},{\"@type\":\"WebSite\",\"@id\":\"https:\/\/www.article-marketing.eu\/comunicati\/#website\",\"url\":\"https:\/\/www.article-marketing.eu\/comunicati\/\",\"name\":\"Article Marketing\",\"description\":\"article marketing &amp; press release\",\"potentialAction\":[{\"@type\":\"SearchAction\",\"target\":{\"@type\":\"EntryPoint\",\"urlTemplate\":\"https:\/\/www.article-marketing.eu\/comunicati\/?s={search_term_string}\"},\"query-input\":{\"@type\":\"PropertyValueSpecification\",\"valueRequired\":true,\"valueName\":\"search_term_string\"}}],\"inLanguage\":\"it-IT\"},{\"@type\":\"Person\",\"@id\":\"https:\/\/www.article-marketing.eu\/comunicati\/#\/schema\/person\/44372e4d4d0fa797b18e03ed1ace9017\",\"name\":\"Redazione Comunicati Stampa\",\"image\":{\"@type\":\"ImageObject\",\"inLanguage\":\"it-IT\",\"@id\":\"https:\/\/www.article-marketing.eu\/comunicati\/#\/schema\/person\/image\/\",\"url\":\"https:\/\/secure.gravatar.com\/avatar\/50e5c6421d3072f42e7ace803501602c60d75233d34e29fd05feb91c8760b792?s=96&d=mm&r=g\",\"contentUrl\":\"https:\/\/secure.gravatar.com\/avatar\/50e5c6421d3072f42e7ace803501602c60d75233d34e29fd05feb91c8760b792?s=96&d=mm&r=g\",\"caption\":\"Redazione Comunicati Stampa\"},\"url\":\"https:\/\/www.article-marketing.eu\/comunicati\/author\/redazione-comunicati-stampa\/\"}]}<\/script>\n<!-- \/ Yoast SEO plugin. -->","yoast_head_json":{"title":"Sardegna incontaminata: Area Marina Protetta - Parco nazionale dell'Asinara - Article Marketing","robots":{"index":"index","follow":"follow","max-snippet":"max-snippet:-1","max-image-preview":"max-image-preview:large","max-video-preview":"max-video-preview:-1"},"canonical":"https:\/\/www.article-marketing.eu\/comunicati\/viaggi-e-vacanze\/sardegna-incontaminata-area-marina-protetta-parco-nazionale-dellasinara\/","og_locale":"it_IT","og_type":"article","og_title":"Sardegna incontaminata: Area Marina Protetta - Parco nazionale dell'Asinara - Article Marketing","og_description":"Una vacanza alternativa in Sardegna \u00e8 quella che porta alla scoperta delle sue aree marine protette. Nell'articolo ci si \u00e8 focalizzati su una perla del Mediterraneo, l'Isola dell'Asinara, con la sua storia singolare che l'ha vista trasformarsi da supercarcere in oasi naturalistica protetta.","og_url":"https:\/\/www.article-marketing.eu\/comunicati\/viaggi-e-vacanze\/sardegna-incontaminata-area-marina-protetta-parco-nazionale-dellasinara\/","og_site_name":"Article Marketing","article_published_time":"2009-11-10T13:42:33+00:00","author":"Redazione Comunicati Stampa","twitter_card":"summary_large_image","twitter_misc":{"Scritto da":"Redazione Comunicati Stampa","Tempo di lettura stimato":"3 minuti"},"schema":{"@context":"https:\/\/schema.org","@graph":[{"@type":"Article","@id":"https:\/\/www.article-marketing.eu\/comunicati\/viaggi-e-vacanze\/sardegna-incontaminata-area-marina-protetta-parco-nazionale-dellasinara\/#article","isPartOf":{"@id":"https:\/\/www.article-marketing.eu\/comunicati\/viaggi-e-vacanze\/sardegna-incontaminata-area-marina-protetta-parco-nazionale-dellasinara\/"},"author":{"name":"Redazione Comunicati Stampa","@id":"https:\/\/www.article-marketing.eu\/comunicati\/#\/schema\/person\/44372e4d4d0fa797b18e03ed1ace9017"},"headline":"Sardegna incontaminata: Area Marina Protetta &#8211; Parco nazionale dell&#8217;Asinara","datePublished":"2009-11-10T13:42:33+00:00","mainEntityOfPage":{"@id":"https:\/\/www.article-marketing.eu\/comunicati\/viaggi-e-vacanze\/sardegna-incontaminata-area-marina-protetta-parco-nazionale-dellasinara\/"},"wordCount":546,"commentCount":0,"keywords":["area marina protetta","asinara","parco naturale","porto torres","sardegna","stintino","vacanze"],"articleSection":["Viaggi e vacanze"],"inLanguage":"it-IT","potentialAction":[{"@type":"CommentAction","name":"Comment","target":["https:\/\/www.article-marketing.eu\/comunicati\/viaggi-e-vacanze\/sardegna-incontaminata-area-marina-protetta-parco-nazionale-dellasinara\/#respond"]}]},{"@type":"WebPage","@id":"https:\/\/www.article-marketing.eu\/comunicati\/viaggi-e-vacanze\/sardegna-incontaminata-area-marina-protetta-parco-nazionale-dellasinara\/","url":"https:\/\/www.article-marketing.eu\/comunicati\/viaggi-e-vacanze\/sardegna-incontaminata-area-marina-protetta-parco-nazionale-dellasinara\/","name":"Sardegna incontaminata: Area Marina Protetta - Parco nazionale dell'Asinara - Article Marketing","isPartOf":{"@id":"https:\/\/www.article-marketing.eu\/comunicati\/#website"},"datePublished":"2009-11-10T13:42:33+00:00","author":{"@id":"https:\/\/www.article-marketing.eu\/comunicati\/#\/schema\/person\/44372e4d4d0fa797b18e03ed1ace9017"},"breadcrumb":{"@id":"https:\/\/www.article-marketing.eu\/comunicati\/viaggi-e-vacanze\/sardegna-incontaminata-area-marina-protetta-parco-nazionale-dellasinara\/#breadcrumb"},"inLanguage":"it-IT","potentialAction":[{"@type":"ReadAction","target":["https:\/\/www.article-marketing.eu\/comunicati\/viaggi-e-vacanze\/sardegna-incontaminata-area-marina-protetta-parco-nazionale-dellasinara\/"]}]},{"@type":"BreadcrumbList","@id":"https:\/\/www.article-marketing.eu\/comunicati\/viaggi-e-vacanze\/sardegna-incontaminata-area-marina-protetta-parco-nazionale-dellasinara\/#breadcrumb","itemListElement":[{"@type":"ListItem","position":1,"name":"Home","item":"https:\/\/www.article-marketing.eu\/comunicati\/"},{"@type":"ListItem","position":2,"name":"Sardegna incontaminata: Area Marina Protetta &#8211; Parco nazionale dell&#8217;Asinara"}]},{"@type":"WebSite","@id":"https:\/\/www.article-marketing.eu\/comunicati\/#website","url":"https:\/\/www.article-marketing.eu\/comunicati\/","name":"Article Marketing","description":"article marketing &amp; press release","potentialAction":[{"@type":"SearchAction","target":{"@type":"EntryPoint","urlTemplate":"https:\/\/www.article-marketing.eu\/comunicati\/?s={search_term_string}"},"query-input":{"@type":"PropertyValueSpecification","valueRequired":true,"valueName":"search_term_string"}}],"inLanguage":"it-IT"},{"@type":"Person","@id":"https:\/\/www.article-marketing.eu\/comunicati\/#\/schema\/person\/44372e4d4d0fa797b18e03ed1ace9017","name":"Redazione Comunicati Stampa","image":{"@type":"ImageObject","inLanguage":"it-IT","@id":"https:\/\/www.article-marketing.eu\/comunicati\/#\/schema\/person\/image\/","url":"https:\/\/secure.gravatar.com\/avatar\/50e5c6421d3072f42e7ace803501602c60d75233d34e29fd05feb91c8760b792?s=96&d=mm&r=g","contentUrl":"https:\/\/secure.gravatar.com\/avatar\/50e5c6421d3072f42e7ace803501602c60d75233d34e29fd05feb91c8760b792?s=96&d=mm&r=g","caption":"Redazione Comunicati Stampa"},"url":"https:\/\/www.article-marketing.eu\/comunicati\/author\/redazione-comunicati-stampa\/"}]}},"_links":{"self":[{"href":"https:\/\/www.article-marketing.eu\/comunicati\/wp-json\/wp\/v2\/posts\/3296","targetHints":{"allow":["GET"]}}],"collection":[{"href":"https:\/\/www.article-marketing.eu\/comunicati\/wp-json\/wp\/v2\/posts"}],"about":[{"href":"https:\/\/www.article-marketing.eu\/comunicati\/wp-json\/wp\/v2\/types\/post"}],"author":[{"embeddable":true,"href":"https:\/\/www.article-marketing.eu\/comunicati\/wp-json\/wp\/v2\/users\/10"}],"replies":[{"embeddable":true,"href":"https:\/\/www.article-marketing.eu\/comunicati\/wp-json\/wp\/v2\/comments?post=3296"}],"version-history":[{"count":0,"href":"https:\/\/www.article-marketing.eu\/comunicati\/wp-json\/wp\/v2\/posts\/3296\/revisions"}],"wp:attachment":[{"href":"https:\/\/www.article-marketing.eu\/comunicati\/wp-json\/wp\/v2\/media?parent=3296"}],"wp:term":[{"taxonomy":"category","embeddable":true,"href":"https:\/\/www.article-marketing.eu\/comunicati\/wp-json\/wp\/v2\/categories?post=3296"},{"taxonomy":"post_tag","embeddable":true,"href":"https:\/\/www.article-marketing.eu\/comunicati\/wp-json\/wp\/v2\/tags?post=3296"}],"curies":[{"name":"wp","href":"https:\/\/api.w.org\/{rel}","templated":true}]}}