{"id":3297,"date":"2009-11-10T14:55:01","date_gmt":"2009-11-10T13:55:01","guid":{"rendered":"http:\/\/www.article-marketing.eu\/comunicati\/senza-categoria\/invito-alla-cerimonia-del-se-alla-beauty-farm-alhambra\/"},"modified":"2009-11-10T14:55:01","modified_gmt":"2009-11-10T13:55:01","slug":"invito-alla-cerimonia-del-se-alla-beauty-farm-alhambra","status":"publish","type":"post","link":"https:\/\/www.article-marketing.eu\/comunicati\/viaggi-e-vacanze\/viaggi-e-turismo\/invito-alla-cerimonia-del-se-alla-beauty-farm-alhambra\/","title":{"rendered":"Invito alla cerimonia del s\u00e9 alla Beauty Farm Alhambra"},"content":{"rendered":"<p>Avere pi\u00f9 tempo da dedicare a se stessi. Sembra cos\u00ec difficile ritagliarsi uno spazio fra il lavoro e mille impegni quotidiani che lo consideriamo un lusso: qualcosa di prezioso, raro, quasi inaccessibile.<br \/>E se invece di sognare un momento di pausa, ce lo prendessimo e basta? Fino alla fine di ottobre la Beauty Farm Alhambra celebra la \u201ccerimonia del s\u00e9\u201d con tre pacchetti che coccolano corpo e mente. <\/p>\n<p>Ayurveda, Profumi dell&#8217;Alhambra e Remise en forme hanno un filo rosso che li accomuna: l&#8217;hammam, un rituale di bellezza ispirato alla tradizione marocchina del bagno di vapore, che coinvolge i sensi e rilassa i nervi.<\/p>\n<p>Nel percorso hammam \u201cVapori d&#8217;Oriente\u201d la musica, i profumi e le luci accolgono gli ospiti nel Tepidarium, la prima delle tre soste previste. La temperatura, 35-40 gradi centigradi, favorisce la traspirazione e un progressivo rilassamento. Qui si cosparge il corpo con il sapone nero, una pasta a base di olive e sali minerali che purifica la pelle in profondit\u00e0. Nel Calidarium avvolti dal vapore si effettua il gommage con un apposito guantino che rende la pelle liscia come seta. Infine, una sferzata di energia nel Frigidarium dove ci si immerge in una vasca idromassaggio. Tisane e pasticcini da gustare distesi su comodi lettini concludono l&#8217;hammam.<\/p>\n<p>Il pacchetto Ayurveda prosegue con un peeling e una maschera per il viso, e un delizioso massaggio. Questi tre trattamenti di bellezza si rifanno ai principi dell&#8217;ayurveda, \u201cla scienza della vita lunga e felice\u201d. Una filosofia e un sistema di medicina naturale nato oltre 3000 anni fa nella regione indiana del Kerala, che punta a stabilire armonia ed equilibrio fra corpo e mente.<\/p>\n<p>Dall&#8217;India si ritorna all&#8217;Africa con il percorso \u201cHammam dell&#8217;Alhambra\u201d compreso nel pacchetto Profumi dell&#8217;Alhambra. Oltre al savonnage e al gommage \u00e8 prevista anche un&#8217;oleazione con l&#8217;olio di Argan, un prezioso alleato delle donne dell&#8217;Atlante marocchino, che lo usano per rendere la pelle idratata, morbida e luminosa. Quest&#8217;olio ottenuto dalla spremitura dei semi della pianta d&#8217;Argan \u00e8 ricco di vitamina E, emollienti e antiossidanti, che contrastano l&#8217;invecchiamento cutaneo.<\/p>\n<p>Una maschera viso rigenerante ai profumi esotici, un aroma massaggio e una seduta nella vasca dei suoni sommersi tra luci soffuse, acqua tiepida e dolci armonie concludono questa inebriante proposta di relax.<\/p>\n<p>Per ritrovare la vitalit\u00e0 Beauty Farm Alhambra invita a sperimentare una Remise en forme, che comincia con un peeling rigenerante, per eliminare impurit\u00e0 e tossine. La pelle pi\u00f9 morbida e luminosa \u00e8 pronta per una serie di tre massaggi agli oli essenziali, le cui benefiche propriet\u00e0 agiscono sia a livello dell&#8217;epidermide che cerebrale. Infine, specifica per il viso, una maschera seguita da 25 minuti di massaggio.<\/p>\n<p>Tutti i pacchetti hanno una durata di tre giorni e due notti con pernottamento al Grand Hotel Terme Astro, all&#8217;interno del quale si trova il centro benessere. Il resort a quattro stelle \u00e8 immerso nel verde delle colline di Tabiano Bagni e propone agli ospiti trattamento di pensione completa e pernottamento in camera doppia\/matrimoniale. Inoltre, \u00e8 previsto l&#8217;ingresso libero al percorso hammam \u201cBagni di Istanbul\u201d.<\/p>\n<p>Per maggiori informazioni su questi pacchetti benessere e per conoscere meglio i trattamenti di bellezza della Beauty Farm Alhambra, visita il sito <a href=\"http:\/\/www.beautyfarmalhambra.it\">http:\/\/www.beautyfarmalhambra.it<\/a><\/p>\n","protected":false},"excerpt":{"rendered":"<p>Fino alla fine di ottobre la Beauty Farm Alhambra propone tre pacchetti benessere: Ayurveda, Profumi dell&#8217;Alhambra e Remise en forme per allontanare lo stress e ritrovare un nuovo equilibrio.<\/p>\n","protected":false},"author":10,"featured_media":0,"comment_status":"open","ping_status":"open","sticky":false,"template":"","format":"standard","meta":{"cybocfi_hide_featured_image":"","footnotes":""},"categories":[2],"tags":[10488,3389,3391,10491,3392,3395,10490,3396,10489],"class_list":["post-3297","post","type-post","status-publish","format-standard","hentry","category-viaggi-e-turismo","tag-beauty-farm","tag-centro-benessere-parma","tag-hammam-parma","tag-hammam-tabiano","tag-offerte-benessere","tag-pacchetti-benessere","tag-spa-benessere-parma","tag-trattamenti-bellezza","tag-week-end-benessere-parma"],"yoast_head":"<!-- This site is optimized with the Yoast SEO plugin v27.0 - https:\/\/yoast.com\/product\/yoast-seo-wordpress\/ -->\n<title>Invito alla cerimonia del s\u00e9 alla Beauty Farm Alhambra - Article Marketing<\/title>\n<meta name=\"robots\" content=\"index, follow, max-snippet:-1, max-image-preview:large, max-video-preview:-1\" \/>\n<link rel=\"canonical\" href=\"https:\/\/www.article-marketing.eu\/comunicati\/viaggi-e-vacanze\/viaggi-e-turismo\/invito-alla-cerimonia-del-se-alla-beauty-farm-alhambra\/\" \/>\n<meta property=\"og:locale\" content=\"it_IT\" \/>\n<meta property=\"og:type\" content=\"article\" \/>\n<meta property=\"og:title\" content=\"Invito alla cerimonia del s\u00e9 alla Beauty Farm Alhambra - Article Marketing\" \/>\n<meta property=\"og:description\" content=\"Fino alla fine di ottobre la Beauty Farm Alhambra propone tre pacchetti benessere: Ayurveda, Profumi dell&#039;Alhambra e Remise en forme per allontanare lo stress e ritrovare un nuovo equilibrio.\" \/>\n<meta property=\"og:url\" content=\"https:\/\/www.article-marketing.eu\/comunicati\/viaggi-e-vacanze\/viaggi-e-turismo\/invito-alla-cerimonia-del-se-alla-beauty-farm-alhambra\/\" \/>\n<meta property=\"og:site_name\" content=\"Article Marketing\" \/>\n<meta property=\"article:published_time\" content=\"2009-11-10T13:55:01+00:00\" \/>\n<meta name=\"author\" content=\"Redazione Comunicati Stampa\" \/>\n<meta name=\"twitter:card\" content=\"summary_large_image\" \/>\n<meta name=\"twitter:label1\" content=\"Scritto da\" \/>\n\t<meta name=\"twitter:data1\" content=\"Redazione Comunicati Stampa\" \/>\n\t<meta name=\"twitter:label2\" content=\"Tempo di lettura stimato\" \/>\n\t<meta name=\"twitter:data2\" content=\"3 minuti\" \/>\n<script type=\"application\/ld+json\" class=\"yoast-schema-graph\">{\"@context\":\"https:\/\/schema.org\",\"@graph\":[{\"@type\":\"Article\",\"@id\":\"https:\/\/www.article-marketing.eu\/comunicati\/viaggi-e-vacanze\/viaggi-e-turismo\/invito-alla-cerimonia-del-se-alla-beauty-farm-alhambra\/#article\",\"isPartOf\":{\"@id\":\"https:\/\/www.article-marketing.eu\/comunicati\/viaggi-e-vacanze\/viaggi-e-turismo\/invito-alla-cerimonia-del-se-alla-beauty-farm-alhambra\/\"},\"author\":{\"name\":\"Redazione Comunicati Stampa\",\"@id\":\"https:\/\/www.article-marketing.eu\/comunicati\/#\/schema\/person\/44372e4d4d0fa797b18e03ed1ace9017\"},\"headline\":\"Invito alla cerimonia del s\u00e9 alla Beauty Farm Alhambra\",\"datePublished\":\"2009-11-10T13:55:01+00:00\",\"mainEntityOfPage\":{\"@id\":\"https:\/\/www.article-marketing.eu\/comunicati\/viaggi-e-vacanze\/viaggi-e-turismo\/invito-alla-cerimonia-del-se-alla-beauty-farm-alhambra\/\"},\"wordCount\":530,\"commentCount\":0,\"keywords\":[\"beauty farm\",\"centro benessere parma\",\"hammam parma\",\"Hammam Tabiano\",\"offerte benessere\",\"pacchetti benessere\",\"Spa benessere Parma\",\"trattamenti bellezza\",\"Week end benessere Parma\"],\"articleSection\":[\"Viaggi e Turismo\"],\"inLanguage\":\"it-IT\",\"potentialAction\":[{\"@type\":\"CommentAction\",\"name\":\"Comment\",\"target\":[\"https:\/\/www.article-marketing.eu\/comunicati\/viaggi-e-vacanze\/viaggi-e-turismo\/invito-alla-cerimonia-del-se-alla-beauty-farm-alhambra\/#respond\"]}]},{\"@type\":\"WebPage\",\"@id\":\"https:\/\/www.article-marketing.eu\/comunicati\/viaggi-e-vacanze\/viaggi-e-turismo\/invito-alla-cerimonia-del-se-alla-beauty-farm-alhambra\/\",\"url\":\"https:\/\/www.article-marketing.eu\/comunicati\/viaggi-e-vacanze\/viaggi-e-turismo\/invito-alla-cerimonia-del-se-alla-beauty-farm-alhambra\/\",\"name\":\"Invito alla cerimonia del s\u00e9 alla Beauty Farm Alhambra - Article Marketing\",\"isPartOf\":{\"@id\":\"https:\/\/www.article-marketing.eu\/comunicati\/#website\"},\"datePublished\":\"2009-11-10T13:55:01+00:00\",\"author\":{\"@id\":\"https:\/\/www.article-marketing.eu\/comunicati\/#\/schema\/person\/44372e4d4d0fa797b18e03ed1ace9017\"},\"breadcrumb\":{\"@id\":\"https:\/\/www.article-marketing.eu\/comunicati\/viaggi-e-vacanze\/viaggi-e-turismo\/invito-alla-cerimonia-del-se-alla-beauty-farm-alhambra\/#breadcrumb\"},\"inLanguage\":\"it-IT\",\"potentialAction\":[{\"@type\":\"ReadAction\",\"target\":[\"https:\/\/www.article-marketing.eu\/comunicati\/viaggi-e-vacanze\/viaggi-e-turismo\/invito-alla-cerimonia-del-se-alla-beauty-farm-alhambra\/\"]}]},{\"@type\":\"BreadcrumbList\",\"@id\":\"https:\/\/www.article-marketing.eu\/comunicati\/viaggi-e-vacanze\/viaggi-e-turismo\/invito-alla-cerimonia-del-se-alla-beauty-farm-alhambra\/#breadcrumb\",\"itemListElement\":[{\"@type\":\"ListItem\",\"position\":1,\"name\":\"Home\",\"item\":\"https:\/\/www.article-marketing.eu\/comunicati\/\"},{\"@type\":\"ListItem\",\"position\":2,\"name\":\"Invito alla cerimonia del s\u00e9 alla Beauty Farm Alhambra\"}]},{\"@type\":\"WebSite\",\"@id\":\"https:\/\/www.article-marketing.eu\/comunicati\/#website\",\"url\":\"https:\/\/www.article-marketing.eu\/comunicati\/\",\"name\":\"Article Marketing\",\"description\":\"article marketing &amp; press release\",\"potentialAction\":[{\"@type\":\"SearchAction\",\"target\":{\"@type\":\"EntryPoint\",\"urlTemplate\":\"https:\/\/www.article-marketing.eu\/comunicati\/?s={search_term_string}\"},\"query-input\":{\"@type\":\"PropertyValueSpecification\",\"valueRequired\":true,\"valueName\":\"search_term_string\"}}],\"inLanguage\":\"it-IT\"},{\"@type\":\"Person\",\"@id\":\"https:\/\/www.article-marketing.eu\/comunicati\/#\/schema\/person\/44372e4d4d0fa797b18e03ed1ace9017\",\"name\":\"Redazione Comunicati Stampa\",\"image\":{\"@type\":\"ImageObject\",\"inLanguage\":\"it-IT\",\"@id\":\"https:\/\/www.article-marketing.eu\/comunicati\/#\/schema\/person\/image\/\",\"url\":\"https:\/\/secure.gravatar.com\/avatar\/50e5c6421d3072f42e7ace803501602c60d75233d34e29fd05feb91c8760b792?s=96&d=mm&r=g\",\"contentUrl\":\"https:\/\/secure.gravatar.com\/avatar\/50e5c6421d3072f42e7ace803501602c60d75233d34e29fd05feb91c8760b792?s=96&d=mm&r=g\",\"caption\":\"Redazione Comunicati Stampa\"},\"url\":\"https:\/\/www.article-marketing.eu\/comunicati\/author\/redazione-comunicati-stampa\/\"}]}<\/script>\n<!-- \/ Yoast SEO plugin. -->","yoast_head_json":{"title":"Invito alla cerimonia del s\u00e9 alla Beauty Farm Alhambra - Article Marketing","robots":{"index":"index","follow":"follow","max-snippet":"max-snippet:-1","max-image-preview":"max-image-preview:large","max-video-preview":"max-video-preview:-1"},"canonical":"https:\/\/www.article-marketing.eu\/comunicati\/viaggi-e-vacanze\/viaggi-e-turismo\/invito-alla-cerimonia-del-se-alla-beauty-farm-alhambra\/","og_locale":"it_IT","og_type":"article","og_title":"Invito alla cerimonia del s\u00e9 alla Beauty Farm Alhambra - Article Marketing","og_description":"Fino alla fine di ottobre la Beauty Farm Alhambra propone tre pacchetti benessere: Ayurveda, Profumi dell'Alhambra e Remise en forme per allontanare lo stress e ritrovare un nuovo equilibrio.","og_url":"https:\/\/www.article-marketing.eu\/comunicati\/viaggi-e-vacanze\/viaggi-e-turismo\/invito-alla-cerimonia-del-se-alla-beauty-farm-alhambra\/","og_site_name":"Article Marketing","article_published_time":"2009-11-10T13:55:01+00:00","author":"Redazione Comunicati Stampa","twitter_card":"summary_large_image","twitter_misc":{"Scritto da":"Redazione Comunicati Stampa","Tempo di lettura stimato":"3 minuti"},"schema":{"@context":"https:\/\/schema.org","@graph":[{"@type":"Article","@id":"https:\/\/www.article-marketing.eu\/comunicati\/viaggi-e-vacanze\/viaggi-e-turismo\/invito-alla-cerimonia-del-se-alla-beauty-farm-alhambra\/#article","isPartOf":{"@id":"https:\/\/www.article-marketing.eu\/comunicati\/viaggi-e-vacanze\/viaggi-e-turismo\/invito-alla-cerimonia-del-se-alla-beauty-farm-alhambra\/"},"author":{"name":"Redazione Comunicati Stampa","@id":"https:\/\/www.article-marketing.eu\/comunicati\/#\/schema\/person\/44372e4d4d0fa797b18e03ed1ace9017"},"headline":"Invito alla cerimonia del s\u00e9 alla Beauty Farm Alhambra","datePublished":"2009-11-10T13:55:01+00:00","mainEntityOfPage":{"@id":"https:\/\/www.article-marketing.eu\/comunicati\/viaggi-e-vacanze\/viaggi-e-turismo\/invito-alla-cerimonia-del-se-alla-beauty-farm-alhambra\/"},"wordCount":530,"commentCount":0,"keywords":["beauty farm","centro benessere parma","hammam parma","Hammam Tabiano","offerte benessere","pacchetti benessere","Spa benessere Parma","trattamenti bellezza","Week end benessere Parma"],"articleSection":["Viaggi e Turismo"],"inLanguage":"it-IT","potentialAction":[{"@type":"CommentAction","name":"Comment","target":["https:\/\/www.article-marketing.eu\/comunicati\/viaggi-e-vacanze\/viaggi-e-turismo\/invito-alla-cerimonia-del-se-alla-beauty-farm-alhambra\/#respond"]}]},{"@type":"WebPage","@id":"https:\/\/www.article-marketing.eu\/comunicati\/viaggi-e-vacanze\/viaggi-e-turismo\/invito-alla-cerimonia-del-se-alla-beauty-farm-alhambra\/","url":"https:\/\/www.article-marketing.eu\/comunicati\/viaggi-e-vacanze\/viaggi-e-turismo\/invito-alla-cerimonia-del-se-alla-beauty-farm-alhambra\/","name":"Invito alla cerimonia del s\u00e9 alla Beauty Farm Alhambra - Article Marketing","isPartOf":{"@id":"https:\/\/www.article-marketing.eu\/comunicati\/#website"},"datePublished":"2009-11-10T13:55:01+00:00","author":{"@id":"https:\/\/www.article-marketing.eu\/comunicati\/#\/schema\/person\/44372e4d4d0fa797b18e03ed1ace9017"},"breadcrumb":{"@id":"https:\/\/www.article-marketing.eu\/comunicati\/viaggi-e-vacanze\/viaggi-e-turismo\/invito-alla-cerimonia-del-se-alla-beauty-farm-alhambra\/#breadcrumb"},"inLanguage":"it-IT","potentialAction":[{"@type":"ReadAction","target":["https:\/\/www.article-marketing.eu\/comunicati\/viaggi-e-vacanze\/viaggi-e-turismo\/invito-alla-cerimonia-del-se-alla-beauty-farm-alhambra\/"]}]},{"@type":"BreadcrumbList","@id":"https:\/\/www.article-marketing.eu\/comunicati\/viaggi-e-vacanze\/viaggi-e-turismo\/invito-alla-cerimonia-del-se-alla-beauty-farm-alhambra\/#breadcrumb","itemListElement":[{"@type":"ListItem","position":1,"name":"Home","item":"https:\/\/www.article-marketing.eu\/comunicati\/"},{"@type":"ListItem","position":2,"name":"Invito alla cerimonia del s\u00e9 alla Beauty Farm Alhambra"}]},{"@type":"WebSite","@id":"https:\/\/www.article-marketing.eu\/comunicati\/#website","url":"https:\/\/www.article-marketing.eu\/comunicati\/","name":"Article Marketing","description":"article marketing &amp; press release","potentialAction":[{"@type":"SearchAction","target":{"@type":"EntryPoint","urlTemplate":"https:\/\/www.article-marketing.eu\/comunicati\/?s={search_term_string}"},"query-input":{"@type":"PropertyValueSpecification","valueRequired":true,"valueName":"search_term_string"}}],"inLanguage":"it-IT"},{"@type":"Person","@id":"https:\/\/www.article-marketing.eu\/comunicati\/#\/schema\/person\/44372e4d4d0fa797b18e03ed1ace9017","name":"Redazione Comunicati Stampa","image":{"@type":"ImageObject","inLanguage":"it-IT","@id":"https:\/\/www.article-marketing.eu\/comunicati\/#\/schema\/person\/image\/","url":"https:\/\/secure.gravatar.com\/avatar\/50e5c6421d3072f42e7ace803501602c60d75233d34e29fd05feb91c8760b792?s=96&d=mm&r=g","contentUrl":"https:\/\/secure.gravatar.com\/avatar\/50e5c6421d3072f42e7ace803501602c60d75233d34e29fd05feb91c8760b792?s=96&d=mm&r=g","caption":"Redazione Comunicati Stampa"},"url":"https:\/\/www.article-marketing.eu\/comunicati\/author\/redazione-comunicati-stampa\/"}]}},"_links":{"self":[{"href":"https:\/\/www.article-marketing.eu\/comunicati\/wp-json\/wp\/v2\/posts\/3297","targetHints":{"allow":["GET"]}}],"collection":[{"href":"https:\/\/www.article-marketing.eu\/comunicati\/wp-json\/wp\/v2\/posts"}],"about":[{"href":"https:\/\/www.article-marketing.eu\/comunicati\/wp-json\/wp\/v2\/types\/post"}],"author":[{"embeddable":true,"href":"https:\/\/www.article-marketing.eu\/comunicati\/wp-json\/wp\/v2\/users\/10"}],"replies":[{"embeddable":true,"href":"https:\/\/www.article-marketing.eu\/comunicati\/wp-json\/wp\/v2\/comments?post=3297"}],"version-history":[{"count":0,"href":"https:\/\/www.article-marketing.eu\/comunicati\/wp-json\/wp\/v2\/posts\/3297\/revisions"}],"wp:attachment":[{"href":"https:\/\/www.article-marketing.eu\/comunicati\/wp-json\/wp\/v2\/media?parent=3297"}],"wp:term":[{"taxonomy":"category","embeddable":true,"href":"https:\/\/www.article-marketing.eu\/comunicati\/wp-json\/wp\/v2\/categories?post=3297"},{"taxonomy":"post_tag","embeddable":true,"href":"https:\/\/www.article-marketing.eu\/comunicati\/wp-json\/wp\/v2\/tags?post=3297"}],"curies":[{"name":"wp","href":"https:\/\/api.w.org\/{rel}","templated":true}]}}