{"id":3298,"date":"2009-11-10T14:56:56","date_gmt":"2009-11-10T13:56:56","guid":{"rendered":"http:\/\/www.article-marketing.eu\/comunicati\/senza-categoria\/in-bici-a-november-porc-con-nolo-bike-parma\/"},"modified":"2018-06-04T20:18:55","modified_gmt":"2018-06-04T18:18:55","slug":"in-bici-a-november-porc-con-nolo-bike-parma","status":"publish","type":"post","link":"https:\/\/www.article-marketing.eu\/comunicati\/viaggi-e-vacanze\/viaggi-e-turismo\/in-bici-a-november-porc-con-nolo-bike-parma\/","title":{"rendered":"In bici a November porc con Nolo Bike Parma"},"content":{"rendered":"<p>Appuntamento a Sissa il 7 e 8 novembre e a Polesine Parmense il 14 e il 15 con salumi e piatti tipici della Bassa parmense. Tra golosi spuntini, musica e stand gastronomici anche la possibilit\u00e0 di noleggiare la bici ai punti Nolo Bike Parma, per scoprire le bellezze paesaggistiche e naturali del territorio. <br \/>Nolo Bike Parma offrir\u00e0 la stessa opportunit\u00e0 anche a Zibello e Roccabianca gli ultimi due week end del mese.<\/p>\n<p>Scende la nebbia e sale l&#8217;attesa per November Porc, la golosa manifestazione enogastronomica che celebra il maiale e i prodotti tipici della Bassa. Sissa, Polesine Parmense, Zibello e Roccabianca sono le quattro localit\u00e0 protagoniste ognuna di un fine settimana di Novembre. <\/p>\n<p>Tra una merenda e l&#8217;altra, quest&#8217;anno dai punti Nolo Bike Parma si potranno noleggiare le biciclette per andare alla scoperta del territorio e \u201csmaltire\u201d pi\u00f9 facilmente delizie quali spalla cotta, mariola, strolghino, culatello, fortana.<\/p>\n<p>Il primo appuntamento di questa staffetta del gusto inizia a Sissa il 7 e 8 novembre. Davvero tanti gli appuntamenti da non perdere fra sabato e domenica come \u201cAntichi sapori e tradizioni\u201d, il mercato con prodotti biologici e naturali, lo spuntino con la \u201cpulenta consa\u201d, i norcini al lavoro al Parco della Montagnola e infine il momento solenne della distribuzione del Mariolone, il maxi insaccato che dopo una lenta cottura verr\u00e0 offerto ai presenti.<\/p>\n<p>Ma le sorprese del week-end non sono finite. Al ristorante Tornado, che gestisce il punto Nolo Bike Parma di Torricella di Sissa, buongustai e turisti possono noleggiare subito la bicicletta oppure fare una tappa un po&#8217; pi\u00f9 lunga e lasciarsi prendere per la gola dal delizioso men\u00f9 a base di maiale proposto per l&#8217;occasione. Dopo una bella mangiata, non c&#8217;\u00e8 niente di meglio di una bella gita lungo uno dei cinque itinerari turistici proposti da Nolo Bike Parma: la \u201cBici Parma Po\u201d. Su piste ciclabili e strade a bassa percorrenza si pu\u00f2 ammirare il caratteristico paesaggio del Grande Fiume: i pioppeti, le distese di campi e le anse del Po. Pedalando si arriva fino ai Boschi di Maria Luigia di Torricella di Sissa, oppure all&#8217;oasi Parma Morta di Mezzani, dove trovano rifugio decine di specie di uccelli. A Colorno non pu\u00f2 mancare una sosta per ammirare la Reggia, una piccola Versailles circondata da uno splendido giardino. Proseguendo si possono raggiungere Coenzo e quindi Sorbolo e Bogolese per arrivare fino a Parma.<\/p>\n<p>Secondo appuntamento della kermesse il 14 e il 15 novembre a Polesine Parmense. Proprio in riva al Po si cuociono \u201cPreti e Vescovi\u201d, ma niente paura, si tratta delle prelibate carni del maiale ad essere cucinate da abili \u201crezdore\u201d, che per i visitatori prepareranno anche la lepre e i piedini di maiale con la polenta. Anche qui ci saranno numerosi stand gastronomici, momenti musicali e bancarelle dove acquistare specialit\u00e0 locali e provenienti da altre parti d&#8217;Italia.<\/p>\n<p>Anche qui il punto Nolo Bike Parma \u00e8 gestito da un ristorante, l\u2019Antica Corte Pallavicina, che propone un gustoso men\u00f9 a base di prodotti tipici. Dopo aver deliziato il palato gli amanti del cicloturismo possono scegliere fra i percorsi ciclabili: \u201cBici Parma Po\u201d oppure \u201cVerdi\u201d che conduce nei luoghi dove \u00e8 vissuto il grande musicista. A villa S. Agata sono conservate fotografie e oggetti personali del grande compositore, ogni angolo di Busseto ricorda il suo pi\u00f9 illustre cittadino: la piazza con monumento a Verdi, il teatro omonimo e la chiesa della Collegiata. E&#8217; d&#8217;obbligo anche una tappa a Roncole, per una visita alla casa natale del maestro. Si prosegue quindi alla volta di Soragna con la splendida rocca, il museo ebraico e quello del Parmigiano Reggiano.<\/p>\n<p>Per maggiori informazioni sui servizi offerti da Nolo Bike Parma e gli itinerari sul Po visita il sito http:\/\/www.nolobikeparma.it<\/p>\n","protected":false},"excerpt":{"rendered":"<p>Appuntamento a Sissa il 7 e 8 novembre e a Polesine Parmense il 14 e il 15 con salumi e piatti tipici della Bassa parmense. Tra golosi spuntini, musica e stand gastronomici anche la possibilit\u00e0 di noleggiare la bici ai punti Nolo Bike Parma, per scoprire le bellezze paesaggistiche e naturali del territorio.<\/p>\n","protected":false},"author":10,"featured_media":0,"comment_status":"open","ping_status":"open","sticky":false,"template":"","format":"standard","meta":{"cybocfi_hide_featured_image":"","footnotes":""},"categories":[2],"tags":[5074,5071,5072,5077,5078,5075,10332,10333,10334],"class_list":["post-3298","post","type-post","status-publish","format-standard","hentry","category-viaggi-e-turismo","tag-bici-parma-po","tag-cicloturismo","tag-itinerari-in-bicicletta","tag-itinerari-sul-po","tag-itinerari-turistici","tag-noleggio-bici-parma","tag-percorsi-bici","tag-percorsi-ciclabili","tag-piste-ciclabili-parma-turismo-emilia"],"yoast_head":"<!-- This site is optimized with the Yoast SEO plugin v27.0 - https:\/\/yoast.com\/product\/yoast-seo-wordpress\/ -->\n<title>In bici a November porc con Nolo Bike Parma - Article Marketing<\/title>\n<meta name=\"robots\" content=\"index, follow, max-snippet:-1, max-image-preview:large, max-video-preview:-1\" \/>\n<link rel=\"canonical\" href=\"https:\/\/www.article-marketing.eu\/comunicati\/viaggi-e-vacanze\/viaggi-e-turismo\/in-bici-a-november-porc-con-nolo-bike-parma\/\" \/>\n<meta property=\"og:locale\" content=\"it_IT\" \/>\n<meta property=\"og:type\" content=\"article\" \/>\n<meta property=\"og:title\" content=\"In bici a November porc con Nolo Bike Parma - Article Marketing\" \/>\n<meta property=\"og:description\" content=\"Appuntamento a Sissa il 7 e 8 novembre e a Polesine Parmense il 14 e il 15 con salumi e piatti tipici della Bassa parmense. Tra golosi spuntini, musica e stand gastronomici anche la possibilit\u00e0 di noleggiare la bici ai punti Nolo Bike Parma, per scoprire le bellezze paesaggistiche e naturali del territorio.\" \/>\n<meta property=\"og:url\" content=\"https:\/\/www.article-marketing.eu\/comunicati\/viaggi-e-vacanze\/viaggi-e-turismo\/in-bici-a-november-porc-con-nolo-bike-parma\/\" \/>\n<meta property=\"og:site_name\" content=\"Article Marketing\" \/>\n<meta property=\"article:published_time\" content=\"2009-11-10T13:56:56+00:00\" \/>\n<meta property=\"article:modified_time\" content=\"2018-06-04T18:18:55+00:00\" \/>\n<meta name=\"author\" content=\"Redazione Comunicati Stampa\" \/>\n<meta name=\"twitter:card\" content=\"summary_large_image\" \/>\n<meta name=\"twitter:label1\" content=\"Scritto da\" \/>\n\t<meta name=\"twitter:data1\" content=\"Redazione Comunicati Stampa\" \/>\n\t<meta name=\"twitter:label2\" content=\"Tempo di lettura stimato\" \/>\n\t<meta name=\"twitter:data2\" content=\"3 minuti\" \/>\n<script type=\"application\/ld+json\" class=\"yoast-schema-graph\">{\"@context\":\"https:\/\/schema.org\",\"@graph\":[{\"@type\":\"Article\",\"@id\":\"https:\/\/www.article-marketing.eu\/comunicati\/viaggi-e-vacanze\/viaggi-e-turismo\/in-bici-a-november-porc-con-nolo-bike-parma\/#article\",\"isPartOf\":{\"@id\":\"https:\/\/www.article-marketing.eu\/comunicati\/viaggi-e-vacanze\/viaggi-e-turismo\/in-bici-a-november-porc-con-nolo-bike-parma\/\"},\"author\":{\"name\":\"Redazione Comunicati Stampa\",\"@id\":\"https:\/\/www.article-marketing.eu\/comunicati\/#\/schema\/person\/44372e4d4d0fa797b18e03ed1ace9017\"},\"headline\":\"In bici a November porc con Nolo Bike Parma\",\"datePublished\":\"2009-11-10T13:56:56+00:00\",\"dateModified\":\"2018-06-04T18:18:55+00:00\",\"mainEntityOfPage\":{\"@id\":\"https:\/\/www.article-marketing.eu\/comunicati\/viaggi-e-vacanze\/viaggi-e-turismo\/in-bici-a-november-porc-con-nolo-bike-parma\/\"},\"wordCount\":616,\"commentCount\":0,\"keywords\":[\"bici parma po\",\"cicloturismo\",\"itinerari in bicicletta\",\"itinerari sul po\",\"itinerari turistici\",\"Noleggio bici parma\",\"percorsi bici\",\"percorsi ciclabili\",\"piste ciclabili parma. turismo emilia\"],\"articleSection\":[\"Viaggi e Turismo\"],\"inLanguage\":\"it-IT\",\"potentialAction\":[{\"@type\":\"CommentAction\",\"name\":\"Comment\",\"target\":[\"https:\/\/www.article-marketing.eu\/comunicati\/viaggi-e-vacanze\/viaggi-e-turismo\/in-bici-a-november-porc-con-nolo-bike-parma\/#respond\"]}]},{\"@type\":\"WebPage\",\"@id\":\"https:\/\/www.article-marketing.eu\/comunicati\/viaggi-e-vacanze\/viaggi-e-turismo\/in-bici-a-november-porc-con-nolo-bike-parma\/\",\"url\":\"https:\/\/www.article-marketing.eu\/comunicati\/viaggi-e-vacanze\/viaggi-e-turismo\/in-bici-a-november-porc-con-nolo-bike-parma\/\",\"name\":\"In bici a November porc con Nolo Bike Parma - Article Marketing\",\"isPartOf\":{\"@id\":\"https:\/\/www.article-marketing.eu\/comunicati\/#website\"},\"datePublished\":\"2009-11-10T13:56:56+00:00\",\"dateModified\":\"2018-06-04T18:18:55+00:00\",\"author\":{\"@id\":\"https:\/\/www.article-marketing.eu\/comunicati\/#\/schema\/person\/44372e4d4d0fa797b18e03ed1ace9017\"},\"breadcrumb\":{\"@id\":\"https:\/\/www.article-marketing.eu\/comunicati\/viaggi-e-vacanze\/viaggi-e-turismo\/in-bici-a-november-porc-con-nolo-bike-parma\/#breadcrumb\"},\"inLanguage\":\"it-IT\",\"potentialAction\":[{\"@type\":\"ReadAction\",\"target\":[\"https:\/\/www.article-marketing.eu\/comunicati\/viaggi-e-vacanze\/viaggi-e-turismo\/in-bici-a-november-porc-con-nolo-bike-parma\/\"]}]},{\"@type\":\"BreadcrumbList\",\"@id\":\"https:\/\/www.article-marketing.eu\/comunicati\/viaggi-e-vacanze\/viaggi-e-turismo\/in-bici-a-november-porc-con-nolo-bike-parma\/#breadcrumb\",\"itemListElement\":[{\"@type\":\"ListItem\",\"position\":1,\"name\":\"Home\",\"item\":\"https:\/\/www.article-marketing.eu\/comunicati\/\"},{\"@type\":\"ListItem\",\"position\":2,\"name\":\"In bici a November porc con Nolo Bike Parma\"}]},{\"@type\":\"WebSite\",\"@id\":\"https:\/\/www.article-marketing.eu\/comunicati\/#website\",\"url\":\"https:\/\/www.article-marketing.eu\/comunicati\/\",\"name\":\"Article Marketing\",\"description\":\"article marketing &amp; press release\",\"potentialAction\":[{\"@type\":\"SearchAction\",\"target\":{\"@type\":\"EntryPoint\",\"urlTemplate\":\"https:\/\/www.article-marketing.eu\/comunicati\/?s={search_term_string}\"},\"query-input\":{\"@type\":\"PropertyValueSpecification\",\"valueRequired\":true,\"valueName\":\"search_term_string\"}}],\"inLanguage\":\"it-IT\"},{\"@type\":\"Person\",\"@id\":\"https:\/\/www.article-marketing.eu\/comunicati\/#\/schema\/person\/44372e4d4d0fa797b18e03ed1ace9017\",\"name\":\"Redazione Comunicati Stampa\",\"image\":{\"@type\":\"ImageObject\",\"inLanguage\":\"it-IT\",\"@id\":\"https:\/\/www.article-marketing.eu\/comunicati\/#\/schema\/person\/image\/\",\"url\":\"https:\/\/secure.gravatar.com\/avatar\/50e5c6421d3072f42e7ace803501602c60d75233d34e29fd05feb91c8760b792?s=96&d=mm&r=g\",\"contentUrl\":\"https:\/\/secure.gravatar.com\/avatar\/50e5c6421d3072f42e7ace803501602c60d75233d34e29fd05feb91c8760b792?s=96&d=mm&r=g\",\"caption\":\"Redazione Comunicati Stampa\"},\"url\":\"https:\/\/www.article-marketing.eu\/comunicati\/author\/redazione-comunicati-stampa\/\"}]}<\/script>\n<!-- \/ Yoast SEO plugin. -->","yoast_head_json":{"title":"In bici a November porc con Nolo Bike Parma - Article Marketing","robots":{"index":"index","follow":"follow","max-snippet":"max-snippet:-1","max-image-preview":"max-image-preview:large","max-video-preview":"max-video-preview:-1"},"canonical":"https:\/\/www.article-marketing.eu\/comunicati\/viaggi-e-vacanze\/viaggi-e-turismo\/in-bici-a-november-porc-con-nolo-bike-parma\/","og_locale":"it_IT","og_type":"article","og_title":"In bici a November porc con Nolo Bike Parma - Article Marketing","og_description":"Appuntamento a Sissa il 7 e 8 novembre e a Polesine Parmense il 14 e il 15 con salumi e piatti tipici della Bassa parmense. Tra golosi spuntini, musica e stand gastronomici anche la possibilit\u00e0 di noleggiare la bici ai punti Nolo Bike Parma, per scoprire le bellezze paesaggistiche e naturali del territorio.","og_url":"https:\/\/www.article-marketing.eu\/comunicati\/viaggi-e-vacanze\/viaggi-e-turismo\/in-bici-a-november-porc-con-nolo-bike-parma\/","og_site_name":"Article Marketing","article_published_time":"2009-11-10T13:56:56+00:00","article_modified_time":"2018-06-04T18:18:55+00:00","author":"Redazione Comunicati Stampa","twitter_card":"summary_large_image","twitter_misc":{"Scritto da":"Redazione Comunicati Stampa","Tempo di lettura stimato":"3 minuti"},"schema":{"@context":"https:\/\/schema.org","@graph":[{"@type":"Article","@id":"https:\/\/www.article-marketing.eu\/comunicati\/viaggi-e-vacanze\/viaggi-e-turismo\/in-bici-a-november-porc-con-nolo-bike-parma\/#article","isPartOf":{"@id":"https:\/\/www.article-marketing.eu\/comunicati\/viaggi-e-vacanze\/viaggi-e-turismo\/in-bici-a-november-porc-con-nolo-bike-parma\/"},"author":{"name":"Redazione Comunicati Stampa","@id":"https:\/\/www.article-marketing.eu\/comunicati\/#\/schema\/person\/44372e4d4d0fa797b18e03ed1ace9017"},"headline":"In bici a November porc con Nolo Bike Parma","datePublished":"2009-11-10T13:56:56+00:00","dateModified":"2018-06-04T18:18:55+00:00","mainEntityOfPage":{"@id":"https:\/\/www.article-marketing.eu\/comunicati\/viaggi-e-vacanze\/viaggi-e-turismo\/in-bici-a-november-porc-con-nolo-bike-parma\/"},"wordCount":616,"commentCount":0,"keywords":["bici parma po","cicloturismo","itinerari in bicicletta","itinerari sul po","itinerari turistici","Noleggio bici parma","percorsi bici","percorsi ciclabili","piste ciclabili parma. turismo emilia"],"articleSection":["Viaggi e Turismo"],"inLanguage":"it-IT","potentialAction":[{"@type":"CommentAction","name":"Comment","target":["https:\/\/www.article-marketing.eu\/comunicati\/viaggi-e-vacanze\/viaggi-e-turismo\/in-bici-a-november-porc-con-nolo-bike-parma\/#respond"]}]},{"@type":"WebPage","@id":"https:\/\/www.article-marketing.eu\/comunicati\/viaggi-e-vacanze\/viaggi-e-turismo\/in-bici-a-november-porc-con-nolo-bike-parma\/","url":"https:\/\/www.article-marketing.eu\/comunicati\/viaggi-e-vacanze\/viaggi-e-turismo\/in-bici-a-november-porc-con-nolo-bike-parma\/","name":"In bici a November porc con Nolo Bike Parma - Article Marketing","isPartOf":{"@id":"https:\/\/www.article-marketing.eu\/comunicati\/#website"},"datePublished":"2009-11-10T13:56:56+00:00","dateModified":"2018-06-04T18:18:55+00:00","author":{"@id":"https:\/\/www.article-marketing.eu\/comunicati\/#\/schema\/person\/44372e4d4d0fa797b18e03ed1ace9017"},"breadcrumb":{"@id":"https:\/\/www.article-marketing.eu\/comunicati\/viaggi-e-vacanze\/viaggi-e-turismo\/in-bici-a-november-porc-con-nolo-bike-parma\/#breadcrumb"},"inLanguage":"it-IT","potentialAction":[{"@type":"ReadAction","target":["https:\/\/www.article-marketing.eu\/comunicati\/viaggi-e-vacanze\/viaggi-e-turismo\/in-bici-a-november-porc-con-nolo-bike-parma\/"]}]},{"@type":"BreadcrumbList","@id":"https:\/\/www.article-marketing.eu\/comunicati\/viaggi-e-vacanze\/viaggi-e-turismo\/in-bici-a-november-porc-con-nolo-bike-parma\/#breadcrumb","itemListElement":[{"@type":"ListItem","position":1,"name":"Home","item":"https:\/\/www.article-marketing.eu\/comunicati\/"},{"@type":"ListItem","position":2,"name":"In bici a November porc con Nolo Bike Parma"}]},{"@type":"WebSite","@id":"https:\/\/www.article-marketing.eu\/comunicati\/#website","url":"https:\/\/www.article-marketing.eu\/comunicati\/","name":"Article Marketing","description":"article marketing &amp; press release","potentialAction":[{"@type":"SearchAction","target":{"@type":"EntryPoint","urlTemplate":"https:\/\/www.article-marketing.eu\/comunicati\/?s={search_term_string}"},"query-input":{"@type":"PropertyValueSpecification","valueRequired":true,"valueName":"search_term_string"}}],"inLanguage":"it-IT"},{"@type":"Person","@id":"https:\/\/www.article-marketing.eu\/comunicati\/#\/schema\/person\/44372e4d4d0fa797b18e03ed1ace9017","name":"Redazione Comunicati Stampa","image":{"@type":"ImageObject","inLanguage":"it-IT","@id":"https:\/\/www.article-marketing.eu\/comunicati\/#\/schema\/person\/image\/","url":"https:\/\/secure.gravatar.com\/avatar\/50e5c6421d3072f42e7ace803501602c60d75233d34e29fd05feb91c8760b792?s=96&d=mm&r=g","contentUrl":"https:\/\/secure.gravatar.com\/avatar\/50e5c6421d3072f42e7ace803501602c60d75233d34e29fd05feb91c8760b792?s=96&d=mm&r=g","caption":"Redazione Comunicati Stampa"},"url":"https:\/\/www.article-marketing.eu\/comunicati\/author\/redazione-comunicati-stampa\/"}]}},"_links":{"self":[{"href":"https:\/\/www.article-marketing.eu\/comunicati\/wp-json\/wp\/v2\/posts\/3298","targetHints":{"allow":["GET"]}}],"collection":[{"href":"https:\/\/www.article-marketing.eu\/comunicati\/wp-json\/wp\/v2\/posts"}],"about":[{"href":"https:\/\/www.article-marketing.eu\/comunicati\/wp-json\/wp\/v2\/types\/post"}],"author":[{"embeddable":true,"href":"https:\/\/www.article-marketing.eu\/comunicati\/wp-json\/wp\/v2\/users\/10"}],"replies":[{"embeddable":true,"href":"https:\/\/www.article-marketing.eu\/comunicati\/wp-json\/wp\/v2\/comments?post=3298"}],"version-history":[{"count":1,"href":"https:\/\/www.article-marketing.eu\/comunicati\/wp-json\/wp\/v2\/posts\/3298\/revisions"}],"predecessor-version":[{"id":55676,"href":"https:\/\/www.article-marketing.eu\/comunicati\/wp-json\/wp\/v2\/posts\/3298\/revisions\/55676"}],"wp:attachment":[{"href":"https:\/\/www.article-marketing.eu\/comunicati\/wp-json\/wp\/v2\/media?parent=3298"}],"wp:term":[{"taxonomy":"category","embeddable":true,"href":"https:\/\/www.article-marketing.eu\/comunicati\/wp-json\/wp\/v2\/categories?post=3298"},{"taxonomy":"post_tag","embeddable":true,"href":"https:\/\/www.article-marketing.eu\/comunicati\/wp-json\/wp\/v2\/tags?post=3298"}],"curies":[{"name":"wp","href":"https:\/\/api.w.org\/{rel}","templated":true}]}}