{"id":3301,"date":"2009-11-10T15:48:40","date_gmt":"2009-11-10T14:48:40","guid":{"rendered":"http:\/\/www.article-marketing.eu\/comunicati\/senza-categoria\/tra-presenti-e-assenti-il-grande-spettacolo-continua\/"},"modified":"2009-11-10T15:48:40","modified_gmt":"2009-11-10T14:48:40","slug":"tra-presenti-e-assenti-il-grande-spettacolo-continua","status":"publish","type":"post","link":"https:\/\/www.article-marketing.eu\/comunicati\/motori\/tra-presenti-e-assenti-il-grande-spettacolo-continua\/","title":{"rendered":"Tra presenti e assenti, il grande spettacolo continua"},"content":{"rendered":"<p align=\"center\" style=\"text-align: center;\" class=\"MsoNormal\"><strong>TRA PRESENTI E ASSENTI,<br \/>\nIL GRANDE SPETTACOLO CONTINUA<\/strong><\/p>\n<p style=\"text-align: justify;\" class=\"MsoNormal\">Il<br \/>\nmese di ottobre si \u00e8 chiuso con l\u2019appuntamento rallystico per eccellenza, il<br \/>\nTrofeo ACI Como, ultimo atto del C.I.R. in cui Paolo Andreucci ed Anna<br \/>\nAndreussi, su Peugeot 207 S 2000 preparata da Racing Leons, si sono aggiudicati<br \/>\nil Campionato Italiano Rally 2009, in una gara dal finale al cardiopalmo con<br \/>\nAndreucci che, per una foratura, ha rischiato di perdere il titolo, a vantaggio<br \/>\ndel vincitore della gara lariana Luca Rossetti con Matteo Chiarcossi alle note<br \/>\nsull\u2019Abarth, finiti a pari punti nel Tricolore, ma la discriminante ha dato<br \/>\nragione all\u2019uomo Peugeot. Una gara combattutissima, spettacolare, altamente<br \/>\ntecnica e ben organizzata dagli uomini dell\u2019ACI Como, terminata con una grande<br \/>\nfesta in Piazza Cavour alla presenza delle pi\u00f9 alte cariche sportive: il<br \/>\npresidente ACI Gelpi, il vicepresidente CSAI Longoni; e le pi\u00f9 importanti<br \/>\nautorit\u00e0 civili e militari del capoluogo lariano. Tanti anche i campioni<br \/>\npresenti, da Travaglia a Rossetti, ad Andreucci, Longhi, Manfrinato, Cantamessa<br \/>\necc\u2026 poi, i campani con le \u201cMitsu\u201d; Gianfico, Angrisani, Vallario, Mainero, il<br \/>\nnostro Perego ecc\u2026 ma, in molti erano a chiedersi:\u201dI comaschi dove sono?\u201d Per chi<br \/>\nha avuto modo di scorrere l\u2019elenco iscritti, l\u2019assenza dei pi\u00f9 bravi drivers<br \/>\nlariani non \u00e8 certo passata inosservata: Corrado Fontana (5 successi a Como),<br \/>\nCarletto Galli (3 successi), Felice Re (3 successi), Marco Silva (2 successi) e<br \/>\nl\u2019emergente Paolo Porro; questo, per citare solo i pi\u00f9 noti e rappresentativi<br \/>\ncampioni lariani: dov\u2019erano? E tutti gli altri\u2026? Sono comprensibili i loro<br \/>\nimpegni con altri campionati, i costi sempre pi\u00f9 lievitati, gli impegni di<br \/>\nlavoro, ma in sostanza la gara lariana, da quando ha acquistato la validit\u00e0 del<br \/>\nC.I.R., ha dimezzato gli iscritti e ha perso quel ruolo simbolico di campionato<br \/>\ndel triangolo lariano che ha rivestito per anni, in cui, chi vinceva l\u2019assoluto<br \/>\no la classifica di classe, per tutto l\u2019anno si fregiava del titolo simbolico<br \/>\n\u201cSono il pi\u00f9 bravo\u201d. Per i piloti di casa, che cosa c\u2019\u00e8 ora che non va?<br \/>\nCerchiamo di essere seri, non aggrappiamoci per l\u2019ennesima volta alla \u201ccrisi\u201d.<br \/>\nPer qualcuno potrebbe essere veramente questo il motivo, per gli altri invece\u2026?<br \/>\nIl problema parrebbe essere assai pi\u00f9 serio e se cos\u00ec fosse, va portato a galla<br \/>\nal pi\u00f9 presto. Como \u00e8 una grande realt\u00e0 dell\u2019automobilismo Lombardo e<br \/>\nNazionale, e come tale va difesa e sorretta con lo sforzo e l\u2019impegno di tutti.<br \/>\nCon questo, lungi da noi la volont\u00e0 di \u201ctirare le orecchie\u201d agli assenti, siamo<br \/>\nconsapevoli che le loro scelte vadano rispettate. Sono tutti piloti ai quali<br \/>\ndobbiamo dire grazie per le belle prestazioni che hanno sempre saputo offrire. <\/p>\n<p style=\"text-align: justify;\" class=\"MsoNormal\">Senza<br \/>\ndefezioni, invece, prosegue il cammino di Rally Legend, sempre pi\u00f9 bello e ben<br \/>\nfrequentato. Il successo della sua formula dovrebbe far meditare. Ma li \u00e8 tutto<br \/>\nun altro mondo. Per la \u201cpista\u201d, l\u2019Autodromo di Monza ci ha regalato alcuni<br \/>\nweekend ricchi di competizioni ad alto livello, in cui si sono assegnati<br \/>\nparecchi titoli Tricolori, Coppe e Trofei; uno su tutti, il \u201cCadetti\u201d di<br \/>\nFormula Junior, andato per il secondo anno consecutivo a Simone Gatto: il<br \/>\npilota milanese racconta sulle pagine di Racing &amp; Drivers la sua storia<br \/>\nagonistica. Per quanto riguarda la Tecnica, stiamo vivendo un\u2019epoca in cui il<br \/>\nGPL \u00e8 il carburante pi\u00f9 richiesto dagli automobilisti, molto pi\u00f9 economico<br \/>\ndella benzina, e un po\u2019 tutte le case automobilistiche stanno cavalcando l\u2019onda<br \/>\ndi questo successo per lanciare nuovi prodotti. Lancia \u00e8 il primo marchio<br \/>\npremium ad adottare il GPL, ed ecco la nostra prova a bordo della Lancia Musa<br \/>\nGPL. Continua anche il nostro viaggio attraverso la storia della Mini, mentre<br \/>\nsempre in tema di \u201cStoria\u201d, Mauro Simoncini ha provato la Porsche Carrera 3.0.<br \/>\nQuesto e tanto altro lo trovate su questo numero&nbsp; di Racing&amp;Drivers. <\/p>\n<p style=\"text-align: justify;\" class=\"MsoNormal\">www.racingdrivers.it<\/p>\n","protected":false},"excerpt":{"rendered":"<p>Il mese di ottobre si \u00e8 chiuso con l&#8217;appuntamento rallystico per eccellenza, il Trofeo ACI Como, ultimo atto del C.I.R.<\/p>\n","protected":false},"author":10,"featured_media":0,"comment_status":"open","ping_status":"open","sticky":false,"template":"","format":"standard","meta":{"cybocfi_hide_featured_image":"","footnotes":""},"categories":[479],"tags":[],"class_list":["post-3301","post","type-post","status-publish","format-standard","hentry","category-motori"],"yoast_head":"<!-- This site is optimized with the Yoast SEO plugin v27.0 - https:\/\/yoast.com\/product\/yoast-seo-wordpress\/ -->\n<title>Tra presenti e assenti, il grande spettacolo continua - Article Marketing<\/title>\n<meta name=\"robots\" content=\"index, follow, max-snippet:-1, max-image-preview:large, max-video-preview:-1\" \/>\n<link rel=\"canonical\" href=\"https:\/\/www.article-marketing.eu\/comunicati\/motori\/tra-presenti-e-assenti-il-grande-spettacolo-continua\/\" \/>\n<meta property=\"og:locale\" content=\"it_IT\" \/>\n<meta property=\"og:type\" content=\"article\" \/>\n<meta property=\"og:title\" content=\"Tra presenti e assenti, il grande spettacolo continua - Article Marketing\" \/>\n<meta property=\"og:description\" content=\"Il mese di ottobre si \u00e8 chiuso con l&#039;appuntamento rallystico per eccellenza, il Trofeo ACI Como, ultimo atto del C.I.R.\" \/>\n<meta property=\"og:url\" content=\"https:\/\/www.article-marketing.eu\/comunicati\/motori\/tra-presenti-e-assenti-il-grande-spettacolo-continua\/\" \/>\n<meta property=\"og:site_name\" content=\"Article Marketing\" \/>\n<meta property=\"article:published_time\" content=\"2009-11-10T14:48:40+00:00\" \/>\n<meta name=\"author\" content=\"Redazione Comunicati Stampa\" \/>\n<meta name=\"twitter:card\" content=\"summary_large_image\" \/>\n<meta name=\"twitter:label1\" content=\"Scritto da\" \/>\n\t<meta name=\"twitter:data1\" content=\"Redazione Comunicati Stampa\" \/>\n\t<meta name=\"twitter:label2\" content=\"Tempo di lettura stimato\" \/>\n\t<meta name=\"twitter:data2\" content=\"3 minuti\" \/>\n<script type=\"application\/ld+json\" class=\"yoast-schema-graph\">{\"@context\":\"https:\/\/schema.org\",\"@graph\":[{\"@type\":\"Article\",\"@id\":\"https:\/\/www.article-marketing.eu\/comunicati\/motori\/tra-presenti-e-assenti-il-grande-spettacolo-continua\/#article\",\"isPartOf\":{\"@id\":\"https:\/\/www.article-marketing.eu\/comunicati\/motori\/tra-presenti-e-assenti-il-grande-spettacolo-continua\/\"},\"author\":{\"name\":\"Redazione Comunicati Stampa\",\"@id\":\"https:\/\/www.article-marketing.eu\/comunicati\/#\/schema\/person\/44372e4d4d0fa797b18e03ed1ace9017\"},\"headline\":\"Tra presenti e assenti, il grande spettacolo continua\",\"datePublished\":\"2009-11-10T14:48:40+00:00\",\"mainEntityOfPage\":{\"@id\":\"https:\/\/www.article-marketing.eu\/comunicati\/motori\/tra-presenti-e-assenti-il-grande-spettacolo-continua\/\"},\"wordCount\":637,\"commentCount\":0,\"articleSection\":[\"Motori\"],\"inLanguage\":\"it-IT\",\"potentialAction\":[{\"@type\":\"CommentAction\",\"name\":\"Comment\",\"target\":[\"https:\/\/www.article-marketing.eu\/comunicati\/motori\/tra-presenti-e-assenti-il-grande-spettacolo-continua\/#respond\"]}]},{\"@type\":\"WebPage\",\"@id\":\"https:\/\/www.article-marketing.eu\/comunicati\/motori\/tra-presenti-e-assenti-il-grande-spettacolo-continua\/\",\"url\":\"https:\/\/www.article-marketing.eu\/comunicati\/motori\/tra-presenti-e-assenti-il-grande-spettacolo-continua\/\",\"name\":\"Tra presenti e assenti, il grande spettacolo continua - Article Marketing\",\"isPartOf\":{\"@id\":\"https:\/\/www.article-marketing.eu\/comunicati\/#website\"},\"datePublished\":\"2009-11-10T14:48:40+00:00\",\"author\":{\"@id\":\"https:\/\/www.article-marketing.eu\/comunicati\/#\/schema\/person\/44372e4d4d0fa797b18e03ed1ace9017\"},\"breadcrumb\":{\"@id\":\"https:\/\/www.article-marketing.eu\/comunicati\/motori\/tra-presenti-e-assenti-il-grande-spettacolo-continua\/#breadcrumb\"},\"inLanguage\":\"it-IT\",\"potentialAction\":[{\"@type\":\"ReadAction\",\"target\":[\"https:\/\/www.article-marketing.eu\/comunicati\/motori\/tra-presenti-e-assenti-il-grande-spettacolo-continua\/\"]}]},{\"@type\":\"BreadcrumbList\",\"@id\":\"https:\/\/www.article-marketing.eu\/comunicati\/motori\/tra-presenti-e-assenti-il-grande-spettacolo-continua\/#breadcrumb\",\"itemListElement\":[{\"@type\":\"ListItem\",\"position\":1,\"name\":\"Home\",\"item\":\"https:\/\/www.article-marketing.eu\/comunicati\/\"},{\"@type\":\"ListItem\",\"position\":2,\"name\":\"Tra presenti e assenti, il grande spettacolo continua\"}]},{\"@type\":\"WebSite\",\"@id\":\"https:\/\/www.article-marketing.eu\/comunicati\/#website\",\"url\":\"https:\/\/www.article-marketing.eu\/comunicati\/\",\"name\":\"Article Marketing\",\"description\":\"article marketing &amp; press release\",\"potentialAction\":[{\"@type\":\"SearchAction\",\"target\":{\"@type\":\"EntryPoint\",\"urlTemplate\":\"https:\/\/www.article-marketing.eu\/comunicati\/?s={search_term_string}\"},\"query-input\":{\"@type\":\"PropertyValueSpecification\",\"valueRequired\":true,\"valueName\":\"search_term_string\"}}],\"inLanguage\":\"it-IT\"},{\"@type\":\"Person\",\"@id\":\"https:\/\/www.article-marketing.eu\/comunicati\/#\/schema\/person\/44372e4d4d0fa797b18e03ed1ace9017\",\"name\":\"Redazione Comunicati Stampa\",\"image\":{\"@type\":\"ImageObject\",\"inLanguage\":\"it-IT\",\"@id\":\"https:\/\/www.article-marketing.eu\/comunicati\/#\/schema\/person\/image\/\",\"url\":\"https:\/\/secure.gravatar.com\/avatar\/50e5c6421d3072f42e7ace803501602c60d75233d34e29fd05feb91c8760b792?s=96&d=mm&r=g\",\"contentUrl\":\"https:\/\/secure.gravatar.com\/avatar\/50e5c6421d3072f42e7ace803501602c60d75233d34e29fd05feb91c8760b792?s=96&d=mm&r=g\",\"caption\":\"Redazione Comunicati Stampa\"},\"url\":\"https:\/\/www.article-marketing.eu\/comunicati\/author\/redazione-comunicati-stampa\/\"}]}<\/script>\n<!-- \/ Yoast SEO plugin. -->","yoast_head_json":{"title":"Tra presenti e assenti, il grande spettacolo continua - Article Marketing","robots":{"index":"index","follow":"follow","max-snippet":"max-snippet:-1","max-image-preview":"max-image-preview:large","max-video-preview":"max-video-preview:-1"},"canonical":"https:\/\/www.article-marketing.eu\/comunicati\/motori\/tra-presenti-e-assenti-il-grande-spettacolo-continua\/","og_locale":"it_IT","og_type":"article","og_title":"Tra presenti e assenti, il grande spettacolo continua - Article Marketing","og_description":"Il mese di ottobre si \u00e8 chiuso con l'appuntamento rallystico per eccellenza, il Trofeo ACI Como, ultimo atto del C.I.R.","og_url":"https:\/\/www.article-marketing.eu\/comunicati\/motori\/tra-presenti-e-assenti-il-grande-spettacolo-continua\/","og_site_name":"Article Marketing","article_published_time":"2009-11-10T14:48:40+00:00","author":"Redazione Comunicati Stampa","twitter_card":"summary_large_image","twitter_misc":{"Scritto da":"Redazione Comunicati Stampa","Tempo di lettura stimato":"3 minuti"},"schema":{"@context":"https:\/\/schema.org","@graph":[{"@type":"Article","@id":"https:\/\/www.article-marketing.eu\/comunicati\/motori\/tra-presenti-e-assenti-il-grande-spettacolo-continua\/#article","isPartOf":{"@id":"https:\/\/www.article-marketing.eu\/comunicati\/motori\/tra-presenti-e-assenti-il-grande-spettacolo-continua\/"},"author":{"name":"Redazione Comunicati Stampa","@id":"https:\/\/www.article-marketing.eu\/comunicati\/#\/schema\/person\/44372e4d4d0fa797b18e03ed1ace9017"},"headline":"Tra presenti e assenti, il grande spettacolo continua","datePublished":"2009-11-10T14:48:40+00:00","mainEntityOfPage":{"@id":"https:\/\/www.article-marketing.eu\/comunicati\/motori\/tra-presenti-e-assenti-il-grande-spettacolo-continua\/"},"wordCount":637,"commentCount":0,"articleSection":["Motori"],"inLanguage":"it-IT","potentialAction":[{"@type":"CommentAction","name":"Comment","target":["https:\/\/www.article-marketing.eu\/comunicati\/motori\/tra-presenti-e-assenti-il-grande-spettacolo-continua\/#respond"]}]},{"@type":"WebPage","@id":"https:\/\/www.article-marketing.eu\/comunicati\/motori\/tra-presenti-e-assenti-il-grande-spettacolo-continua\/","url":"https:\/\/www.article-marketing.eu\/comunicati\/motori\/tra-presenti-e-assenti-il-grande-spettacolo-continua\/","name":"Tra presenti e assenti, il grande spettacolo continua - Article Marketing","isPartOf":{"@id":"https:\/\/www.article-marketing.eu\/comunicati\/#website"},"datePublished":"2009-11-10T14:48:40+00:00","author":{"@id":"https:\/\/www.article-marketing.eu\/comunicati\/#\/schema\/person\/44372e4d4d0fa797b18e03ed1ace9017"},"breadcrumb":{"@id":"https:\/\/www.article-marketing.eu\/comunicati\/motori\/tra-presenti-e-assenti-il-grande-spettacolo-continua\/#breadcrumb"},"inLanguage":"it-IT","potentialAction":[{"@type":"ReadAction","target":["https:\/\/www.article-marketing.eu\/comunicati\/motori\/tra-presenti-e-assenti-il-grande-spettacolo-continua\/"]}]},{"@type":"BreadcrumbList","@id":"https:\/\/www.article-marketing.eu\/comunicati\/motori\/tra-presenti-e-assenti-il-grande-spettacolo-continua\/#breadcrumb","itemListElement":[{"@type":"ListItem","position":1,"name":"Home","item":"https:\/\/www.article-marketing.eu\/comunicati\/"},{"@type":"ListItem","position":2,"name":"Tra presenti e assenti, il grande spettacolo continua"}]},{"@type":"WebSite","@id":"https:\/\/www.article-marketing.eu\/comunicati\/#website","url":"https:\/\/www.article-marketing.eu\/comunicati\/","name":"Article Marketing","description":"article marketing &amp; press release","potentialAction":[{"@type":"SearchAction","target":{"@type":"EntryPoint","urlTemplate":"https:\/\/www.article-marketing.eu\/comunicati\/?s={search_term_string}"},"query-input":{"@type":"PropertyValueSpecification","valueRequired":true,"valueName":"search_term_string"}}],"inLanguage":"it-IT"},{"@type":"Person","@id":"https:\/\/www.article-marketing.eu\/comunicati\/#\/schema\/person\/44372e4d4d0fa797b18e03ed1ace9017","name":"Redazione Comunicati Stampa","image":{"@type":"ImageObject","inLanguage":"it-IT","@id":"https:\/\/www.article-marketing.eu\/comunicati\/#\/schema\/person\/image\/","url":"https:\/\/secure.gravatar.com\/avatar\/50e5c6421d3072f42e7ace803501602c60d75233d34e29fd05feb91c8760b792?s=96&d=mm&r=g","contentUrl":"https:\/\/secure.gravatar.com\/avatar\/50e5c6421d3072f42e7ace803501602c60d75233d34e29fd05feb91c8760b792?s=96&d=mm&r=g","caption":"Redazione Comunicati Stampa"},"url":"https:\/\/www.article-marketing.eu\/comunicati\/author\/redazione-comunicati-stampa\/"}]}},"_links":{"self":[{"href":"https:\/\/www.article-marketing.eu\/comunicati\/wp-json\/wp\/v2\/posts\/3301","targetHints":{"allow":["GET"]}}],"collection":[{"href":"https:\/\/www.article-marketing.eu\/comunicati\/wp-json\/wp\/v2\/posts"}],"about":[{"href":"https:\/\/www.article-marketing.eu\/comunicati\/wp-json\/wp\/v2\/types\/post"}],"author":[{"embeddable":true,"href":"https:\/\/www.article-marketing.eu\/comunicati\/wp-json\/wp\/v2\/users\/10"}],"replies":[{"embeddable":true,"href":"https:\/\/www.article-marketing.eu\/comunicati\/wp-json\/wp\/v2\/comments?post=3301"}],"version-history":[{"count":0,"href":"https:\/\/www.article-marketing.eu\/comunicati\/wp-json\/wp\/v2\/posts\/3301\/revisions"}],"wp:attachment":[{"href":"https:\/\/www.article-marketing.eu\/comunicati\/wp-json\/wp\/v2\/media?parent=3301"}],"wp:term":[{"taxonomy":"category","embeddable":true,"href":"https:\/\/www.article-marketing.eu\/comunicati\/wp-json\/wp\/v2\/categories?post=3301"},{"taxonomy":"post_tag","embeddable":true,"href":"https:\/\/www.article-marketing.eu\/comunicati\/wp-json\/wp\/v2\/tags?post=3301"}],"curies":[{"name":"wp","href":"https:\/\/api.w.org\/{rel}","templated":true}]}}