{"id":3304,"date":"2009-11-10T18:58:22","date_gmt":"2009-11-10T17:58:22","guid":{"rendered":"http:\/\/www.article-marketing.eu\/comunicati\/senza-categoria\/parla-noi-ci-siamo-la-nuova-campagna-di-comunicazione-promossa-da-fantasia\/"},"modified":"2009-11-10T18:58:22","modified_gmt":"2009-11-10T17:58:22","slug":"parla-noi-ci-siamo-la-nuova-campagna-di-comunicazione-promossa-da-fantasia","status":"publish","type":"post","link":"https:\/\/www.article-marketing.eu\/comunicati\/comunicati-stampa\/parla-noi-ci-siamo-la-nuova-campagna-di-comunicazione-promossa-da-fantasia\/","title":{"rendered":"PARLA. NOI CI SIAMO: la nuova campagna di comunicazione promossa da FANTASIA"},"content":{"rendered":"<p>FANTASIA, (Federazione delle Associazioni Nazionali a Tutela delle persone con Autismo e Sindrome di Asperger) in collaborazione con Nadler Larimer &amp; Martinelli, sta organizzando un incontro con pubblici amministratori, scienziati, giornalisti, pubblicitari, opinion leader per presentare loro la campagna di comunicazione e per ricercare la collaborazione dei mass media. <br \/>L\u2019incontro si svolger\u00e0 a Milano il giorno 23 novembre presso il Teatro Litta. Se vuoi ricevere l&#8217;invito a partecipare, inivia una mail a info@fantasia.org. <\/p>\n<p>I diritti delle persone con Autismo (1\/150 secondo stime internazionali) nel campo della salute, dell\u2019educazione e dell\u2019occupazione sono drammaticamente sottovalutati. Private di trattamenti adeguati, esse vanno incontro ad una vita adulta incerta. Le famiglie vivono ancora in solitudine il loro percorso, spossate dalla fatica, dalle delusioni e dall\u2019angoscia di lasciare soli i propri figli. Sono vulnerabili, esposte al pericolo di cadere vittime del mercato della disperazione e di proposte terapeutiche miracolose quanto illusorie. La stessa pubblica amministrazione rischia di sperperare le risorse economiche e professionali necessarie ad una presa in carico efficace, in trattamenti superati, inadeguati o addirittura controproducenti. Eppure molto si pu\u00f2 fare. Negli ultimi anni la ricerca ha compiuto passi significativi nella conoscenza del disturbo e della sua origine ed esistono possibilit\u00e0 concrete di sviluppare le potenzialit\u00e0 delle persone colpite e di assicurare loro una vita piena e soddisfacente. <\/p>\n<p>Lo spot Nadler Larimer &amp; Martinelli, un\u2019importante Agenzia Pubblicitaria Italiana, ha messo a punto gratuitamente una campagna di comunicazione, nata dal dialogo con FANTASiA e da un appassionato approfondimento dei problemi delle persone con Autismo e delle loro famiglie. Perno della campagna uno spot di trenta secondi, affidato all\u2019intensa recitazione di Giulia Lazzarini che interpreta la solitudine, la sofferenza e l\u2019amore di una madre. <br \/>\u201cParla. Noi ci siamo\u201d \u00e8 lo slogan o, meglio, la proposta che FANTASiA fa alle famiglie rappresentate da questa madre \u201cimmaginaria\u201d, ma anche a chi opera con le persone con Autismo, alle istituzioni, all\u2019opinione pubblica<br \/>Referente del progetto per FANTASIA \u00e8 il presidente, Giovanni Marino info@fantasia.org, melat@libero.it<\/p>\n<p>FANTASIA raccoglie dal settembre 2008 in unico coordinamento le tre principali organizzazioni no profit italiane impegnate nella difesa dei dirittidei soggetti con Disturbi dello Spettro Autistico: Angsa (Associazione nazionale genitori soggetti autistici), Autismo Italia e Gruppo Asperger Onlus. Insieme, per tutelare le persone<br \/>colpite e dare voce alle loro famiglie, per costituire un punto di riferimento alle associazioni locali, per promuovere le linee guida dei corretti trattamenti riabilitativi, ispirandosi alla Carta dei Diritti delle Persone con Autismo, adottata dal Parlamento Europeo. L\u2019associazionismo svolge in Italia da pi\u00f9 di 20 anni azione indispensabile di stimolo nei confronti della comunit\u00e0 scientifica nazionale, delle pubbliche istituzioni, della scuola e della societ\u00e0 in generale, al fine di promuovere orientamenti diagnostici, abilitativi e educativi adeguati e in conformit\u00e0 con le conoscenze scientifiche internazionali.<\/p>\n<p>Per saperne di pi\u00f9 vai al sito&nbsp; <a href=\"http:\/\/www.fantasiautismo.org\/\" title=\"fantasia autismo\">www.fantasiautismo.org<\/a><\/p>\n","protected":false},"excerpt":{"rendered":"<p>FANTASIA raccoglie dal settembre 2008 in unico coordinamento le tre principali organizzazioni no profit italiane impegnate nella difesa dei diritti dei soggetti con Disturbi dello Spettro Autistico: Angsa(Associazione nazionale genitori soggetti autistici), Autismo Italia e Gruppo Asperger Onlus.<\/p>\n","protected":false},"author":10,"featured_media":0,"comment_status":"open","ping_status":"open","sticky":false,"template":"","format":"standard","meta":{"cybocfi_hide_featured_image":"","footnotes":""},"categories":[190],"tags":[10496,926,1343,10497,5484,4275],"class_list":["post-3304","post","type-post","status-publish","format-standard","hentry","category-comunicati-stampa","tag-autismo","tag-evento","tag-milano","tag-solidale","tag-solidarieta","tag-spot"],"yoast_head":"<!-- This site is optimized with the Yoast SEO plugin v27.0 - https:\/\/yoast.com\/product\/yoast-seo-wordpress\/ -->\n<title>PARLA. NOI CI SIAMO: la nuova campagna di comunicazione promossa da FANTASIA - Article Marketing<\/title>\n<meta name=\"robots\" content=\"index, follow, max-snippet:-1, max-image-preview:large, max-video-preview:-1\" \/>\n<link rel=\"canonical\" href=\"https:\/\/www.article-marketing.eu\/comunicati\/comunicati-stampa\/parla-noi-ci-siamo-la-nuova-campagna-di-comunicazione-promossa-da-fantasia\/\" \/>\n<meta property=\"og:locale\" content=\"it_IT\" \/>\n<meta property=\"og:type\" content=\"article\" \/>\n<meta property=\"og:title\" content=\"PARLA. NOI CI SIAMO: la nuova campagna di comunicazione promossa da FANTASIA - Article Marketing\" \/>\n<meta property=\"og:description\" content=\"FANTASIA raccoglie dal settembre 2008 in unico coordinamento le tre principali organizzazioni no profit italiane impegnate nella difesa dei diritti dei soggetti con Disturbi dello Spettro Autistico: Angsa(Associazione nazionale genitori soggetti autistici), Autismo Italia e Gruppo Asperger Onlus.\" \/>\n<meta property=\"og:url\" content=\"https:\/\/www.article-marketing.eu\/comunicati\/comunicati-stampa\/parla-noi-ci-siamo-la-nuova-campagna-di-comunicazione-promossa-da-fantasia\/\" \/>\n<meta property=\"og:site_name\" content=\"Article Marketing\" \/>\n<meta property=\"article:published_time\" content=\"2009-11-10T17:58:22+00:00\" \/>\n<meta name=\"author\" content=\"Redazione Comunicati Stampa\" \/>\n<meta name=\"twitter:card\" content=\"summary_large_image\" \/>\n<meta name=\"twitter:label1\" content=\"Scritto da\" \/>\n\t<meta name=\"twitter:data1\" content=\"Redazione Comunicati Stampa\" \/>\n\t<meta name=\"twitter:label2\" content=\"Tempo di lettura stimato\" \/>\n\t<meta name=\"twitter:data2\" content=\"2 minuti\" \/>\n<script type=\"application\/ld+json\" class=\"yoast-schema-graph\">{\"@context\":\"https:\/\/schema.org\",\"@graph\":[{\"@type\":\"Article\",\"@id\":\"https:\/\/www.article-marketing.eu\/comunicati\/comunicati-stampa\/parla-noi-ci-siamo-la-nuova-campagna-di-comunicazione-promossa-da-fantasia\/#article\",\"isPartOf\":{\"@id\":\"https:\/\/www.article-marketing.eu\/comunicati\/comunicati-stampa\/parla-noi-ci-siamo-la-nuova-campagna-di-comunicazione-promossa-da-fantasia\/\"},\"author\":{\"name\":\"Redazione Comunicati Stampa\",\"@id\":\"https:\/\/www.article-marketing.eu\/comunicati\/#\/schema\/person\/44372e4d4d0fa797b18e03ed1ace9017\"},\"headline\":\"PARLA. NOI CI SIAMO: la nuova campagna di comunicazione promossa da FANTASIA\",\"datePublished\":\"2009-11-10T17:58:22+00:00\",\"mainEntityOfPage\":{\"@id\":\"https:\/\/www.article-marketing.eu\/comunicati\/comunicati-stampa\/parla-noi-ci-siamo-la-nuova-campagna-di-comunicazione-promossa-da-fantasia\/\"},\"wordCount\":483,\"commentCount\":0,\"keywords\":[\"autismo\",\"evento\",\"milano\",\"solidale\",\"solidariet\u00e0\",\"spot\"],\"articleSection\":[\"Comunicati stampa\"],\"inLanguage\":\"it-IT\",\"potentialAction\":[{\"@type\":\"CommentAction\",\"name\":\"Comment\",\"target\":[\"https:\/\/www.article-marketing.eu\/comunicati\/comunicati-stampa\/parla-noi-ci-siamo-la-nuova-campagna-di-comunicazione-promossa-da-fantasia\/#respond\"]}]},{\"@type\":\"WebPage\",\"@id\":\"https:\/\/www.article-marketing.eu\/comunicati\/comunicati-stampa\/parla-noi-ci-siamo-la-nuova-campagna-di-comunicazione-promossa-da-fantasia\/\",\"url\":\"https:\/\/www.article-marketing.eu\/comunicati\/comunicati-stampa\/parla-noi-ci-siamo-la-nuova-campagna-di-comunicazione-promossa-da-fantasia\/\",\"name\":\"PARLA. NOI CI SIAMO: la nuova campagna di comunicazione promossa da FANTASIA - Article Marketing\",\"isPartOf\":{\"@id\":\"https:\/\/www.article-marketing.eu\/comunicati\/#website\"},\"datePublished\":\"2009-11-10T17:58:22+00:00\",\"author\":{\"@id\":\"https:\/\/www.article-marketing.eu\/comunicati\/#\/schema\/person\/44372e4d4d0fa797b18e03ed1ace9017\"},\"breadcrumb\":{\"@id\":\"https:\/\/www.article-marketing.eu\/comunicati\/comunicati-stampa\/parla-noi-ci-siamo-la-nuova-campagna-di-comunicazione-promossa-da-fantasia\/#breadcrumb\"},\"inLanguage\":\"it-IT\",\"potentialAction\":[{\"@type\":\"ReadAction\",\"target\":[\"https:\/\/www.article-marketing.eu\/comunicati\/comunicati-stampa\/parla-noi-ci-siamo-la-nuova-campagna-di-comunicazione-promossa-da-fantasia\/\"]}]},{\"@type\":\"BreadcrumbList\",\"@id\":\"https:\/\/www.article-marketing.eu\/comunicati\/comunicati-stampa\/parla-noi-ci-siamo-la-nuova-campagna-di-comunicazione-promossa-da-fantasia\/#breadcrumb\",\"itemListElement\":[{\"@type\":\"ListItem\",\"position\":1,\"name\":\"Home\",\"item\":\"https:\/\/www.article-marketing.eu\/comunicati\/\"},{\"@type\":\"ListItem\",\"position\":2,\"name\":\"PARLA. NOI CI SIAMO: la nuova campagna di comunicazione promossa da FANTASIA\"}]},{\"@type\":\"WebSite\",\"@id\":\"https:\/\/www.article-marketing.eu\/comunicati\/#website\",\"url\":\"https:\/\/www.article-marketing.eu\/comunicati\/\",\"name\":\"Article Marketing\",\"description\":\"article marketing &amp; press release\",\"potentialAction\":[{\"@type\":\"SearchAction\",\"target\":{\"@type\":\"EntryPoint\",\"urlTemplate\":\"https:\/\/www.article-marketing.eu\/comunicati\/?s={search_term_string}\"},\"query-input\":{\"@type\":\"PropertyValueSpecification\",\"valueRequired\":true,\"valueName\":\"search_term_string\"}}],\"inLanguage\":\"it-IT\"},{\"@type\":\"Person\",\"@id\":\"https:\/\/www.article-marketing.eu\/comunicati\/#\/schema\/person\/44372e4d4d0fa797b18e03ed1ace9017\",\"name\":\"Redazione Comunicati Stampa\",\"image\":{\"@type\":\"ImageObject\",\"inLanguage\":\"it-IT\",\"@id\":\"https:\/\/www.article-marketing.eu\/comunicati\/#\/schema\/person\/image\/\",\"url\":\"https:\/\/secure.gravatar.com\/avatar\/50e5c6421d3072f42e7ace803501602c60d75233d34e29fd05feb91c8760b792?s=96&d=mm&r=g\",\"contentUrl\":\"https:\/\/secure.gravatar.com\/avatar\/50e5c6421d3072f42e7ace803501602c60d75233d34e29fd05feb91c8760b792?s=96&d=mm&r=g\",\"caption\":\"Redazione Comunicati Stampa\"},\"url\":\"https:\/\/www.article-marketing.eu\/comunicati\/author\/redazione-comunicati-stampa\/\"}]}<\/script>\n<!-- \/ Yoast SEO plugin. -->","yoast_head_json":{"title":"PARLA. NOI CI SIAMO: la nuova campagna di comunicazione promossa da FANTASIA - Article Marketing","robots":{"index":"index","follow":"follow","max-snippet":"max-snippet:-1","max-image-preview":"max-image-preview:large","max-video-preview":"max-video-preview:-1"},"canonical":"https:\/\/www.article-marketing.eu\/comunicati\/comunicati-stampa\/parla-noi-ci-siamo-la-nuova-campagna-di-comunicazione-promossa-da-fantasia\/","og_locale":"it_IT","og_type":"article","og_title":"PARLA. NOI CI SIAMO: la nuova campagna di comunicazione promossa da FANTASIA - Article Marketing","og_description":"FANTASIA raccoglie dal settembre 2008 in unico coordinamento le tre principali organizzazioni no profit italiane impegnate nella difesa dei diritti dei soggetti con Disturbi dello Spettro Autistico: Angsa(Associazione nazionale genitori soggetti autistici), Autismo Italia e Gruppo Asperger Onlus.","og_url":"https:\/\/www.article-marketing.eu\/comunicati\/comunicati-stampa\/parla-noi-ci-siamo-la-nuova-campagna-di-comunicazione-promossa-da-fantasia\/","og_site_name":"Article Marketing","article_published_time":"2009-11-10T17:58:22+00:00","author":"Redazione Comunicati Stampa","twitter_card":"summary_large_image","twitter_misc":{"Scritto da":"Redazione Comunicati Stampa","Tempo di lettura stimato":"2 minuti"},"schema":{"@context":"https:\/\/schema.org","@graph":[{"@type":"Article","@id":"https:\/\/www.article-marketing.eu\/comunicati\/comunicati-stampa\/parla-noi-ci-siamo-la-nuova-campagna-di-comunicazione-promossa-da-fantasia\/#article","isPartOf":{"@id":"https:\/\/www.article-marketing.eu\/comunicati\/comunicati-stampa\/parla-noi-ci-siamo-la-nuova-campagna-di-comunicazione-promossa-da-fantasia\/"},"author":{"name":"Redazione Comunicati Stampa","@id":"https:\/\/www.article-marketing.eu\/comunicati\/#\/schema\/person\/44372e4d4d0fa797b18e03ed1ace9017"},"headline":"PARLA. NOI CI SIAMO: la nuova campagna di comunicazione promossa da FANTASIA","datePublished":"2009-11-10T17:58:22+00:00","mainEntityOfPage":{"@id":"https:\/\/www.article-marketing.eu\/comunicati\/comunicati-stampa\/parla-noi-ci-siamo-la-nuova-campagna-di-comunicazione-promossa-da-fantasia\/"},"wordCount":483,"commentCount":0,"keywords":["autismo","evento","milano","solidale","solidariet\u00e0","spot"],"articleSection":["Comunicati stampa"],"inLanguage":"it-IT","potentialAction":[{"@type":"CommentAction","name":"Comment","target":["https:\/\/www.article-marketing.eu\/comunicati\/comunicati-stampa\/parla-noi-ci-siamo-la-nuova-campagna-di-comunicazione-promossa-da-fantasia\/#respond"]}]},{"@type":"WebPage","@id":"https:\/\/www.article-marketing.eu\/comunicati\/comunicati-stampa\/parla-noi-ci-siamo-la-nuova-campagna-di-comunicazione-promossa-da-fantasia\/","url":"https:\/\/www.article-marketing.eu\/comunicati\/comunicati-stampa\/parla-noi-ci-siamo-la-nuova-campagna-di-comunicazione-promossa-da-fantasia\/","name":"PARLA. NOI CI SIAMO: la nuova campagna di comunicazione promossa da FANTASIA - Article Marketing","isPartOf":{"@id":"https:\/\/www.article-marketing.eu\/comunicati\/#website"},"datePublished":"2009-11-10T17:58:22+00:00","author":{"@id":"https:\/\/www.article-marketing.eu\/comunicati\/#\/schema\/person\/44372e4d4d0fa797b18e03ed1ace9017"},"breadcrumb":{"@id":"https:\/\/www.article-marketing.eu\/comunicati\/comunicati-stampa\/parla-noi-ci-siamo-la-nuova-campagna-di-comunicazione-promossa-da-fantasia\/#breadcrumb"},"inLanguage":"it-IT","potentialAction":[{"@type":"ReadAction","target":["https:\/\/www.article-marketing.eu\/comunicati\/comunicati-stampa\/parla-noi-ci-siamo-la-nuova-campagna-di-comunicazione-promossa-da-fantasia\/"]}]},{"@type":"BreadcrumbList","@id":"https:\/\/www.article-marketing.eu\/comunicati\/comunicati-stampa\/parla-noi-ci-siamo-la-nuova-campagna-di-comunicazione-promossa-da-fantasia\/#breadcrumb","itemListElement":[{"@type":"ListItem","position":1,"name":"Home","item":"https:\/\/www.article-marketing.eu\/comunicati\/"},{"@type":"ListItem","position":2,"name":"PARLA. NOI CI SIAMO: la nuova campagna di comunicazione promossa da FANTASIA"}]},{"@type":"WebSite","@id":"https:\/\/www.article-marketing.eu\/comunicati\/#website","url":"https:\/\/www.article-marketing.eu\/comunicati\/","name":"Article Marketing","description":"article marketing &amp; press release","potentialAction":[{"@type":"SearchAction","target":{"@type":"EntryPoint","urlTemplate":"https:\/\/www.article-marketing.eu\/comunicati\/?s={search_term_string}"},"query-input":{"@type":"PropertyValueSpecification","valueRequired":true,"valueName":"search_term_string"}}],"inLanguage":"it-IT"},{"@type":"Person","@id":"https:\/\/www.article-marketing.eu\/comunicati\/#\/schema\/person\/44372e4d4d0fa797b18e03ed1ace9017","name":"Redazione Comunicati Stampa","image":{"@type":"ImageObject","inLanguage":"it-IT","@id":"https:\/\/www.article-marketing.eu\/comunicati\/#\/schema\/person\/image\/","url":"https:\/\/secure.gravatar.com\/avatar\/50e5c6421d3072f42e7ace803501602c60d75233d34e29fd05feb91c8760b792?s=96&d=mm&r=g","contentUrl":"https:\/\/secure.gravatar.com\/avatar\/50e5c6421d3072f42e7ace803501602c60d75233d34e29fd05feb91c8760b792?s=96&d=mm&r=g","caption":"Redazione Comunicati Stampa"},"url":"https:\/\/www.article-marketing.eu\/comunicati\/author\/redazione-comunicati-stampa\/"}]}},"_links":{"self":[{"href":"https:\/\/www.article-marketing.eu\/comunicati\/wp-json\/wp\/v2\/posts\/3304","targetHints":{"allow":["GET"]}}],"collection":[{"href":"https:\/\/www.article-marketing.eu\/comunicati\/wp-json\/wp\/v2\/posts"}],"about":[{"href":"https:\/\/www.article-marketing.eu\/comunicati\/wp-json\/wp\/v2\/types\/post"}],"author":[{"embeddable":true,"href":"https:\/\/www.article-marketing.eu\/comunicati\/wp-json\/wp\/v2\/users\/10"}],"replies":[{"embeddable":true,"href":"https:\/\/www.article-marketing.eu\/comunicati\/wp-json\/wp\/v2\/comments?post=3304"}],"version-history":[{"count":0,"href":"https:\/\/www.article-marketing.eu\/comunicati\/wp-json\/wp\/v2\/posts\/3304\/revisions"}],"wp:attachment":[{"href":"https:\/\/www.article-marketing.eu\/comunicati\/wp-json\/wp\/v2\/media?parent=3304"}],"wp:term":[{"taxonomy":"category","embeddable":true,"href":"https:\/\/www.article-marketing.eu\/comunicati\/wp-json\/wp\/v2\/categories?post=3304"},{"taxonomy":"post_tag","embeddable":true,"href":"https:\/\/www.article-marketing.eu\/comunicati\/wp-json\/wp\/v2\/tags?post=3304"}],"curies":[{"name":"wp","href":"https:\/\/api.w.org\/{rel}","templated":true}]}}