{"id":3307,"date":"2009-11-11T10:22:19","date_gmt":"2009-11-11T09:22:19","guid":{"rendered":"http:\/\/www.article-marketing.eu\/comunicati\/senza-categoria\/hofer-group-e-luxtrainer%ae-benessere-e-fitness-allinsegna-dellospitalit%e0\/"},"modified":"2009-11-11T10:22:19","modified_gmt":"2009-11-11T09:22:19","slug":"hofer-group-e-luxtrainer%ae-benessere-e-fitness-allinsegna-dellospitalit%e0","status":"publish","type":"post","link":"https:\/\/www.article-marketing.eu\/comunicati\/salute-e-benessere\/hofer-group-e-luxtrainer%ae-benessere-e-fitness-allinsegna-dellospitalit%e0\/","title":{"rendered":"Hofer Group e Luxtrainer\u00ae: benessere e fitness all\u2019insegna dell\u2019ospitalit\u00e0"},"content":{"rendered":"<p>Senigallia, 30 ottobre 2009 &#8211; 15:00 PM CEST<\/p>\n<p>&#61602; Luxtrainer\u00ae e Hofer Group diventano business partner. Proprio in questi giorni l\u2019azienda marchigiana del settore fitness e la leader di mercato del settore benessere hanno stretto un importante accordo commerciale che le vede protagoniste di un nuovo ed entusiasmante percorso di crescita organizzativa e professionale.<br \/>Questa importante novit\u00e0 \u00e8 frutto di un programma di consolidamento del brand che Luxtrainer\u00ae ha pianificato e negoziato di concerto con la Direzione Generale e Commerciale di Hofer Group.<br \/>I ringraziamenti vanni fatti a tutti gli attori che hanno partecipato attivamente all\u2019iniziativa e all\u2019implementazione del progetto pluriennale: dal Responsabile Tecnico di Hofer Group Sig. Robert Demetz, all\u2019Amministratore Sig. Eugen Hofer e al team di Luxtrainer\u00ae capitanato dal dott. Cristiano Bettini, Responsabile Organizzazione e al Generale Manager Sig. Mattia Gabarrini&nbsp;&nbsp;&nbsp;&nbsp;&nbsp;&nbsp;&nbsp;&nbsp;. <br \/>Questo legame commerciale va a colmare e a soddisfare le nuove richieste provenienti dal settore ricettivo sempre pi\u00f9 rigorose e complesse. Non bastano pi\u00f9, infatti, i prodotti di qualit\u00e0, ma sono necessarie soluzioni complete ed innovative.<br \/>Infatti, tramite questo accordo i clienti attuali e quelli potenziali di entrambe le aziende potranno essere completamenti soddisfatti in quanto nelle soluzioni finali si potranno presentare oltre ai tradizionali prodotti anche quelli dell\u2019azienda partner. Fitness professionale abbinato al centro benessere, Spa rivalutate con corner Luxtrainer\u00ae, benessere annesso a spazio fitness, offrendo contemporaneamente qualit\u00e0, design, cura dei particolari e personalizzazione.<br \/>Si tratta di un rapporto che va oltre la semplice distribuzione in quanto l\u2019obiettivo di entrambi \u00e8 quello di guadagnare quote di mercato divenendo il fornitore ideale per il settore hospitality ed home.<br \/>In fase inziale la partnership sar\u00e0 prevista esclusivamente per la regione del Trentino Alto Adige che con le sue due province, Trento e Bolzano, rappresenta la zona d\u2019Italia con la maggiore concentrazione di strutture alberghiere, il maggior potenziale di sviluppo e penetrazione e una cultura del servizio al cliente finale dagli standard operativi molto elevati.<br \/>Il nuovo focus sar\u00e0 focalizzato sulla soddisfazione degli operatori di settore che a vario titolo sono e saranno interessati ad investire nel fitness, nel benessere e nell\u2019estetica per offrire le migliori soluzioni ai clienti finali ma anche consapevoli dei ritorni economici certi e misurabili. <br \/>Infatti, da quando \u00e8 esploso il fenomeno del centro benessere con annesso spazio fitness, sono tanti a domandarsi se non sia giunto il momento di lanciarsi in questo mercato. Oramai da questo trend sembrano non poter sfuggire, non solo gli albergatori e i proprietari di strutture ricettive pi\u00f9 o meno piccole, ma anche tante estetiste che stanno pensando di trasformare il proprio laboratorio in un Centro Benessere. Come conseguenza delle nuove tendenze del mercato Luxtrainer\u00ae e Hofer Group hanno <\/p>\n<p>deciso di avviare questa importante relazione cercando di dare risposte positive ai bisogni emergenti di riequilibrio psicofisico di una clientela sempre pi\u00f9 stressata e bisognosa di coccole. <br \/>Ospitalit\u00e0, tradizione e tecnologia saranno i valori principali che accompagneranno in questo percorso Luxtrainer\u00ae e Hofer Group creando le migliori condizioni per una vacanza all\u2019insegna del relax, della forma fisica e del benessere.<\/p>\n<p>Per ulteriori informazioni:<\/p>\n<p>Hofer Group Srl<br \/>Tel.&nbsp;&nbsp;&nbsp;0471&nbsp;793445&nbsp; &nbsp; <br \/><a href=\"mailto:info@hofergroup.it\">info@hofergroup.it<\/a> <br \/>www.hofergroup.it <\/p>\n<p>Ufficio Stampa Luxtrainer<br \/>Maddalena Porcu, Tel.&nbsp;&nbsp;&nbsp;071&nbsp;7961014&nbsp; &nbsp; <br \/>mediarelations@luxtrainer.com <br \/>www.luxtrainer.com <\/p>\n<p>About Hofer Group<br \/>Hofer Group, con sede corporate a S. Cristina (BZ), Italia, \u00e8 un\u2019azienda che con intraprendenza, lungimiranza e costanza ha trasformato un\u2019impresa familiare in una fiorente azienda che si \u00e8 affermata nel settore sanitario e del riscaldamento, degli impianti di condizionamento e ventilazione e dei centri piscine e benessere.<\/p>\n<p>Le prime novit\u00e0 introdotte sono state i bagni a vapore, le saune e gli idromassaggi, che sono subito entrati a far parte della produzione. Con i brevetti per questi prodotti d\u2019elevata qualit\u00e0 e la distribuzione esclusiva in tutta Europa, Hofer Group ha raggiunto nuove dimensioni e si \u00e8 espansa ulteriormente. La ricetta del successo della Hofer Group si basa sull\u2019attenzione posta alle esigenze personali d\u2019ogni singolo cliente e sulle soluzioni risultanti da questa filosofia. A seconda delle esigenze, i prodotti vengono trattati, dalla concezione alla realizzazione, in modo professionale, flessibile ed individuale. La strategia di successo \u00e8 stata ed \u00e8 l\u2019integrazione dei collaboratori nella gestione dei vari passaggi di produzione, come anche la cessione d\u2019interessi commerciali ai collaboratori, che incentivano ottime prestazioni.<\/p>\n<p>About us<br \/>Luxtrainer\u00ae, con sede corporate a Senigallia (AN), Italia, \u00e8 un produttore di attrezzature per il fitness di alta gamma interamente Made in Italy. Vanta un consolidato know-how nel settore delle costruzioni meccaniche e presta grande attenzione al design, alla ricercatezza di materiali e tecnologie avanzate che rappresentano gli elementi&nbsp; che la contraddistinguono sul mercato: non pi\u00f9 semplici macchine ma lussuosi elementi di arredo e oggetto dal design unico e sofisticato. Una gamma prodotti innovativa nata per le strutture ricettive che desiderano creare uno spazio dedicato al fitness, professionale ed esclusivo costituita dalla linea isotonica Multistations, Single Circuit&#x2122; e Free Weights Corner&#x2122;.<\/p>\n<p>Luxtrainer\u00ae, Luxtrainer logo sono marchi commerciali registrati di propriet\u00e0 di Luxtrainer\u00ae in Italia e in altri Paesi. X1&#x2122;, X1 logo, X2&#x2122;, X2 logo, X3&#x2122;, X3 logo, X4&#x2122;, X4 logo, Dumbbell Tower&#x2122;, Dumbbell Tower logo, Superbench&#x2122;, Superbench logo, Official Luxtrainer Fitness Suite&#x2122;, Official Luxtrainer Fitness Suite logo, Luxtrainer Financial Service&#x2122;, sono marchi commerciali di propriet\u00e0 di Luxtrainer\u00ae in Italia e in altri Paesi. Tutti i diritti riservati. Le denominazioni di altre societ\u00e0 e prodotti menzionate, sono marchi di propriet\u00e0 dei rispettivi titolari.<\/p>\n<p>&nbsp;<\/p>\n","protected":false},"excerpt":{"rendered":"<p>Storia, concept, architettura, design, prodotti, servizi. Ecco il pacchetto che verranno offerti ai nuovi clienti.<\/p>\n","protected":false},"author":10,"featured_media":0,"comment_status":"open","ping_status":"open","sticky":false,"template":"","format":"standard","meta":{"cybocfi_hide_featured_image":"","footnotes":""},"categories":[265],"tags":[471,6142,1235,1107,4476,255,3368,5163,3370,11,10503],"class_list":["post-3307","post","type-post","status-publish","format-standard","hentry","category-salute-e-benessere","tag-alberghi","tag-architetti-fitness","tag-benessere","tag-design","tag-fitness","tag-hotel","tag-lusso","tag-ricettivita","tag-spa","tag-sport","tag-studi-associati"],"yoast_head":"<!-- This site is optimized with the Yoast SEO plugin v27.0 - https:\/\/yoast.com\/product\/yoast-seo-wordpress\/ -->\n<title>Hofer Group e Luxtrainer\u00ae: benessere e fitness all\u2019insegna dell\u2019ospitalit\u00e0 - Article Marketing<\/title>\n<meta name=\"robots\" content=\"index, follow, max-snippet:-1, max-image-preview:large, max-video-preview:-1\" \/>\n<link rel=\"canonical\" href=\"https:\/\/www.article-marketing.eu\/comunicati\/salute-e-benessere\/hofer-group-e-luxtrainer?-benessere-e-fitness-allinsegna-dellospitalit?\/\" \/>\n<meta property=\"og:locale\" content=\"it_IT\" \/>\n<meta property=\"og:type\" content=\"article\" \/>\n<meta property=\"og:title\" content=\"Hofer Group e Luxtrainer\u00ae: benessere e fitness all\u2019insegna dell\u2019ospitalit\u00e0 - Article Marketing\" \/>\n<meta property=\"og:description\" content=\"Storia, concept, architettura, design, prodotti, servizi. Ecco il pacchetto che verranno offerti ai nuovi clienti.\" \/>\n<meta property=\"og:url\" content=\"\" \/>\n<meta property=\"og:site_name\" content=\"Article Marketing\" \/>\n<meta property=\"article:published_time\" content=\"2009-11-11T09:22:19+00:00\" \/>\n<meta name=\"author\" content=\"Redazione Comunicati Stampa\" \/>\n<meta name=\"twitter:card\" content=\"summary_large_image\" \/>\n<meta name=\"twitter:label1\" content=\"Scritto da\" \/>\n\t<meta name=\"twitter:data1\" content=\"Redazione Comunicati Stampa\" \/>\n\t<meta name=\"twitter:label2\" content=\"Tempo di lettura stimato\" \/>\n\t<meta name=\"twitter:data2\" content=\"5 minuti\" \/>\n<script type=\"application\/ld+json\" class=\"yoast-schema-graph\">{\"@context\":\"https:\/\/schema.org\",\"@graph\":[{\"@type\":\"Article\",\"@id\":\"https:\/\/www.article-marketing.eu\/comunicati\/salute-e-benessere\/hofer-group-e-luxtrainer%ae-benessere-e-fitness-allinsegna-dellospitalit%e0\/#article\",\"isPartOf\":{\"@id\":\"https:\/\/www.article-marketing.eu\/comunicati\/salute-e-benessere\/hofer-group-e-luxtrainer%ae-benessere-e-fitness-allinsegna-dellospitalit%e0\/\"},\"author\":{\"name\":\"Redazione Comunicati Stampa\",\"@id\":\"https:\/\/www.article-marketing.eu\/comunicati\/#\/schema\/person\/44372e4d4d0fa797b18e03ed1ace9017\"},\"headline\":\"Hofer Group e Luxtrainer\u00ae: benessere e fitness all\u2019insegna dell\u2019ospitalit\u00e0\",\"datePublished\":\"2009-11-11T09:22:19+00:00\",\"mainEntityOfPage\":{\"@id\":\"https:\/\/www.article-marketing.eu\/comunicati\/salute-e-benessere\/hofer-group-e-luxtrainer%ae-benessere-e-fitness-allinsegna-dellospitalit%e0\/\"},\"wordCount\":923,\"commentCount\":0,\"keywords\":[\"alberghi\",\"Architetti Fitness\",\"benessere\",\"design\",\"FITNESS\",\"hotel\",\"lusso\",\"Ricettivit\u00e0\",\"spa\",\"sport\",\"Studi Associati\"],\"articleSection\":[\"Salute e benessere\"],\"inLanguage\":\"it-IT\",\"potentialAction\":[{\"@type\":\"CommentAction\",\"name\":\"Comment\",\"target\":[\"https:\/\/www.article-marketing.eu\/comunicati\/salute-e-benessere\/hofer-group-e-luxtrainer%ae-benessere-e-fitness-allinsegna-dellospitalit%e0\/#respond\"]}]},{\"@type\":\"WebPage\",\"@id\":\"https:\/\/www.article-marketing.eu\/comunicati\/salute-e-benessere\/hofer-group-e-luxtrainer%ae-benessere-e-fitness-allinsegna-dellospitalit%e0\/\",\"url\":\"https:\/\/www.article-marketing.eu\/comunicati\/salute-e-benessere\/hofer-group-e-luxtrainer%ae-benessere-e-fitness-allinsegna-dellospitalit%e0\/\",\"name\":\"Hofer Group e Luxtrainer\u00ae: benessere e fitness all\u2019insegna dell\u2019ospitalit\u00e0 - Article Marketing\",\"isPartOf\":{\"@id\":\"https:\/\/www.article-marketing.eu\/comunicati\/#website\"},\"datePublished\":\"2009-11-11T09:22:19+00:00\",\"author\":{\"@id\":\"https:\/\/www.article-marketing.eu\/comunicati\/#\/schema\/person\/44372e4d4d0fa797b18e03ed1ace9017\"},\"breadcrumb\":{\"@id\":\"https:\/\/www.article-marketing.eu\/comunicati\/salute-e-benessere\/hofer-group-e-luxtrainer%ae-benessere-e-fitness-allinsegna-dellospitalit%e0\/#breadcrumb\"},\"inLanguage\":\"it-IT\",\"potentialAction\":[{\"@type\":\"ReadAction\",\"target\":[\"https:\/\/www.article-marketing.eu\/comunicati\/salute-e-benessere\/hofer-group-e-luxtrainer%ae-benessere-e-fitness-allinsegna-dellospitalit%e0\/\"]}]},{\"@type\":\"BreadcrumbList\",\"@id\":\"https:\/\/www.article-marketing.eu\/comunicati\/salute-e-benessere\/hofer-group-e-luxtrainer%ae-benessere-e-fitness-allinsegna-dellospitalit%e0\/#breadcrumb\",\"itemListElement\":[{\"@type\":\"ListItem\",\"position\":1,\"name\":\"Home\",\"item\":\"https:\/\/www.article-marketing.eu\/comunicati\/\"},{\"@type\":\"ListItem\",\"position\":2,\"name\":\"Hofer Group e Luxtrainer\u00ae: benessere e fitness all\u2019insegna dell\u2019ospitalit\u00e0\"}]},{\"@type\":\"WebSite\",\"@id\":\"https:\/\/www.article-marketing.eu\/comunicati\/#website\",\"url\":\"https:\/\/www.article-marketing.eu\/comunicati\/\",\"name\":\"Article Marketing\",\"description\":\"article marketing &amp; press release\",\"potentialAction\":[{\"@type\":\"SearchAction\",\"target\":{\"@type\":\"EntryPoint\",\"urlTemplate\":\"https:\/\/www.article-marketing.eu\/comunicati\/?s={search_term_string}\"},\"query-input\":{\"@type\":\"PropertyValueSpecification\",\"valueRequired\":true,\"valueName\":\"search_term_string\"}}],\"inLanguage\":\"it-IT\"},{\"@type\":\"Person\",\"@id\":\"https:\/\/www.article-marketing.eu\/comunicati\/#\/schema\/person\/44372e4d4d0fa797b18e03ed1ace9017\",\"name\":\"Redazione Comunicati Stampa\",\"image\":{\"@type\":\"ImageObject\",\"inLanguage\":\"it-IT\",\"@id\":\"https:\/\/www.article-marketing.eu\/comunicati\/#\/schema\/person\/image\/\",\"url\":\"https:\/\/secure.gravatar.com\/avatar\/50e5c6421d3072f42e7ace803501602c60d75233d34e29fd05feb91c8760b792?s=96&d=mm&r=g\",\"contentUrl\":\"https:\/\/secure.gravatar.com\/avatar\/50e5c6421d3072f42e7ace803501602c60d75233d34e29fd05feb91c8760b792?s=96&d=mm&r=g\",\"caption\":\"Redazione Comunicati Stampa\"},\"url\":\"https:\/\/www.article-marketing.eu\/comunicati\/author\/redazione-comunicati-stampa\/\"}]}<\/script>\n<!-- \/ Yoast SEO plugin. -->","yoast_head_json":{"title":"Hofer Group e Luxtrainer\u00ae: benessere e fitness all\u2019insegna dell\u2019ospitalit\u00e0 - Article Marketing","robots":{"index":"index","follow":"follow","max-snippet":"max-snippet:-1","max-image-preview":"max-image-preview:large","max-video-preview":"max-video-preview:-1"},"canonical":"https:\/\/www.article-marketing.eu\/comunicati\/salute-e-benessere\/hofer-group-e-luxtrainer?-benessere-e-fitness-allinsegna-dellospitalit?\/","og_locale":"it_IT","og_type":"article","og_title":"Hofer Group e Luxtrainer\u00ae: benessere e fitness all\u2019insegna dell\u2019ospitalit\u00e0 - Article Marketing","og_description":"Storia, concept, architettura, design, prodotti, servizi. Ecco il pacchetto che verranno offerti ai nuovi clienti.","og_url":"https:\/\/www.article-marketing.eu\/comunicati\/salute-e-benessere\/hofer-group-e-luxtrainer?-benessere-e-fitness-allinsegna-dellospitalit?\/","og_site_name":"Article Marketing","article_published_time":"2009-11-11T09:22:19+00:00","author":"Redazione Comunicati Stampa","twitter_card":"summary_large_image","twitter_misc":{"Scritto da":"Redazione Comunicati Stampa","Tempo di lettura stimato":"5 minuti"},"schema":{"@context":"https:\/\/schema.org","@graph":[{"@type":"Article","@id":"https:\/\/www.article-marketing.eu\/comunicati\/salute-e-benessere\/hofer-group-e-luxtrainer%ae-benessere-e-fitness-allinsegna-dellospitalit%e0\/#article","isPartOf":{"@id":"https:\/\/www.article-marketing.eu\/comunicati\/salute-e-benessere\/hofer-group-e-luxtrainer%ae-benessere-e-fitness-allinsegna-dellospitalit%e0\/"},"author":{"name":"Redazione Comunicati Stampa","@id":"https:\/\/www.article-marketing.eu\/comunicati\/#\/schema\/person\/44372e4d4d0fa797b18e03ed1ace9017"},"headline":"Hofer Group e Luxtrainer\u00ae: benessere e fitness all\u2019insegna dell\u2019ospitalit\u00e0","datePublished":"2009-11-11T09:22:19+00:00","mainEntityOfPage":{"@id":"https:\/\/www.article-marketing.eu\/comunicati\/salute-e-benessere\/hofer-group-e-luxtrainer%ae-benessere-e-fitness-allinsegna-dellospitalit%e0\/"},"wordCount":923,"commentCount":0,"keywords":["alberghi","Architetti Fitness","benessere","design","FITNESS","hotel","lusso","Ricettivit\u00e0","spa","sport","Studi Associati"],"articleSection":["Salute e benessere"],"inLanguage":"it-IT","potentialAction":[{"@type":"CommentAction","name":"Comment","target":["https:\/\/www.article-marketing.eu\/comunicati\/salute-e-benessere\/hofer-group-e-luxtrainer%ae-benessere-e-fitness-allinsegna-dellospitalit%e0\/#respond"]}]},{"@type":"WebPage","@id":"https:\/\/www.article-marketing.eu\/comunicati\/salute-e-benessere\/hofer-group-e-luxtrainer%ae-benessere-e-fitness-allinsegna-dellospitalit%e0\/","url":"https:\/\/www.article-marketing.eu\/comunicati\/salute-e-benessere\/hofer-group-e-luxtrainer%ae-benessere-e-fitness-allinsegna-dellospitalit%e0\/","name":"Hofer Group e Luxtrainer\u00ae: benessere e fitness all\u2019insegna dell\u2019ospitalit\u00e0 - Article Marketing","isPartOf":{"@id":"https:\/\/www.article-marketing.eu\/comunicati\/#website"},"datePublished":"2009-11-11T09:22:19+00:00","author":{"@id":"https:\/\/www.article-marketing.eu\/comunicati\/#\/schema\/person\/44372e4d4d0fa797b18e03ed1ace9017"},"breadcrumb":{"@id":"https:\/\/www.article-marketing.eu\/comunicati\/salute-e-benessere\/hofer-group-e-luxtrainer%ae-benessere-e-fitness-allinsegna-dellospitalit%e0\/#breadcrumb"},"inLanguage":"it-IT","potentialAction":[{"@type":"ReadAction","target":["https:\/\/www.article-marketing.eu\/comunicati\/salute-e-benessere\/hofer-group-e-luxtrainer%ae-benessere-e-fitness-allinsegna-dellospitalit%e0\/"]}]},{"@type":"BreadcrumbList","@id":"https:\/\/www.article-marketing.eu\/comunicati\/salute-e-benessere\/hofer-group-e-luxtrainer%ae-benessere-e-fitness-allinsegna-dellospitalit%e0\/#breadcrumb","itemListElement":[{"@type":"ListItem","position":1,"name":"Home","item":"https:\/\/www.article-marketing.eu\/comunicati\/"},{"@type":"ListItem","position":2,"name":"Hofer Group e Luxtrainer\u00ae: benessere e fitness all\u2019insegna dell\u2019ospitalit\u00e0"}]},{"@type":"WebSite","@id":"https:\/\/www.article-marketing.eu\/comunicati\/#website","url":"https:\/\/www.article-marketing.eu\/comunicati\/","name":"Article Marketing","description":"article marketing &amp; press release","potentialAction":[{"@type":"SearchAction","target":{"@type":"EntryPoint","urlTemplate":"https:\/\/www.article-marketing.eu\/comunicati\/?s={search_term_string}"},"query-input":{"@type":"PropertyValueSpecification","valueRequired":true,"valueName":"search_term_string"}}],"inLanguage":"it-IT"},{"@type":"Person","@id":"https:\/\/www.article-marketing.eu\/comunicati\/#\/schema\/person\/44372e4d4d0fa797b18e03ed1ace9017","name":"Redazione Comunicati Stampa","image":{"@type":"ImageObject","inLanguage":"it-IT","@id":"https:\/\/www.article-marketing.eu\/comunicati\/#\/schema\/person\/image\/","url":"https:\/\/secure.gravatar.com\/avatar\/50e5c6421d3072f42e7ace803501602c60d75233d34e29fd05feb91c8760b792?s=96&d=mm&r=g","contentUrl":"https:\/\/secure.gravatar.com\/avatar\/50e5c6421d3072f42e7ace803501602c60d75233d34e29fd05feb91c8760b792?s=96&d=mm&r=g","caption":"Redazione Comunicati Stampa"},"url":"https:\/\/www.article-marketing.eu\/comunicati\/author\/redazione-comunicati-stampa\/"}]}},"_links":{"self":[{"href":"https:\/\/www.article-marketing.eu\/comunicati\/wp-json\/wp\/v2\/posts\/3307","targetHints":{"allow":["GET"]}}],"collection":[{"href":"https:\/\/www.article-marketing.eu\/comunicati\/wp-json\/wp\/v2\/posts"}],"about":[{"href":"https:\/\/www.article-marketing.eu\/comunicati\/wp-json\/wp\/v2\/types\/post"}],"author":[{"embeddable":true,"href":"https:\/\/www.article-marketing.eu\/comunicati\/wp-json\/wp\/v2\/users\/10"}],"replies":[{"embeddable":true,"href":"https:\/\/www.article-marketing.eu\/comunicati\/wp-json\/wp\/v2\/comments?post=3307"}],"version-history":[{"count":0,"href":"https:\/\/www.article-marketing.eu\/comunicati\/wp-json\/wp\/v2\/posts\/3307\/revisions"}],"wp:attachment":[{"href":"https:\/\/www.article-marketing.eu\/comunicati\/wp-json\/wp\/v2\/media?parent=3307"}],"wp:term":[{"taxonomy":"category","embeddable":true,"href":"https:\/\/www.article-marketing.eu\/comunicati\/wp-json\/wp\/v2\/categories?post=3307"},{"taxonomy":"post_tag","embeddable":true,"href":"https:\/\/www.article-marketing.eu\/comunicati\/wp-json\/wp\/v2\/tags?post=3307"}],"curies":[{"name":"wp","href":"https:\/\/api.w.org\/{rel}","templated":true}]}}