{"id":3310,"date":"2009-11-11T13:04:58","date_gmt":"2009-11-11T12:04:58","guid":{"rendered":"http:\/\/www.article-marketing.eu\/comunicati\/senza-categoria\/novit%e0-sulla-fan-page-ufficiale-la-venaria-reale-su-facebook\/"},"modified":"2009-11-11T13:04:58","modified_gmt":"2009-11-11T12:04:58","slug":"novit%e0-sulla-fan-page-ufficiale-la-venaria-reale-su-facebook","status":"publish","type":"post","link":"https:\/\/www.article-marketing.eu\/comunicati\/arte-e-cultura\/novit%e0-sulla-fan-page-ufficiale-la-venaria-reale-su-facebook\/","title":{"rendered":"Novit\u00e0 sulla fan page ufficiale La Venaria Reale su Facebook"},"content":{"rendered":"<p>Proseguono le iniziative proposte dallo staff de <em>La Venaria Reale Facebook official fan page.<\/em><\/p>\n<p>Innanzitutto, \u00e8 stato lanciato un <em>sondaggio<\/em>, che si concluder\u00e0 venerd\u00ec 13 novembre, dal titolo: \u201cQuali contenuti vorresti fossero pi\u00f9 presenti sulla fan page?\u201d. Con questo poll, che sta ottenendo un\u2019incoraggiante riscontro degli utenti in termini di partecipazione, si \u00e8 voluto coinvolgere direttamente ed attivamente il popolo della rete, che influenzer\u00e0 le decisioni che lo staff prender\u00e0 in merito alla pubblicazione di nuovi contenuti. La pagina, in questo modo, dovrebbe avvicinarsi agli interessi ed ai desiderata degli utenti. La scelta pu\u00f2 cadere su 7 diverse categorie: \u201ccuriosit\u00e0 e storia\u201d, \u201cphoto contest\u201d, \u201cconcorsi video\u201d, \u201cimmagini\/video\u201d, \u201cinfo su eventi\u201d, \u201cquiz\u201d, \u201cinterventi dei fan\u201d.<br \/>Sul sito delle Residenze Reali del Piemonte sono stati pubblicati i <strong>wallpaper di tutte e 17 le residenze<\/strong>, oltre a quelli tratti dalle immagini vincitrici del I Contest fotografico La Venaria Reale Facebook official fan page. I wallpaper, realizzati a partire da fotografie di singolare bellezza, possono essere visualizzati e scaricati in 3 diversi formati.<br \/>Sull\u2019album ufficiale La Venaria Reale su Flickr e sulla fan page, invece, verranno pubblicati tutti gli scatti inviati dai partecipanti al concorso fotografico in formato originale.<br \/>La scheda <strong>\u201cMostre\u201d<\/strong> \u00e8 stata aggiornata con una breve presentazione del nuovo grande evento organizzato ed ospitato dalla Reggia: la<strong> mostra \u201cCavalieri. Dai Templari a Napoleone<\/strong>\u201d, che si terr\u00e0 dal 28 novembre 2009 all\u2019 11 aprile 2010.<br \/><strong>La Venaria Reale \u00e8 ora anche su Twitter<\/strong>: sul nuovo profilo saranno pubblicati aggiornamenti in tempo reale dalla fan page, che potranno cos\u00ec essere visualizzati anche dagli utenti di questo popolare social network.<br \/>Infine, continua la pubblicazione di gallerie di <strong>immagini<\/strong> e, soprattutto, di video, sempre molto apprezzati dai fan della pagina. Per rispondere in modo pi\u00f9 accurato e coerente a tale richiesta, <strong>ogni venerd\u00ec<\/strong>, prima del weekend, <strong>verr\u00e0 pubblicata una clip<\/strong> sulla Reggia o sulle altre Residenze Reali del Piemonte.<br \/><strong>Fan page su Facebook:<\/strong> <a href=\"http:\/\/www.facebook.com\/pages\/Venaria-Reale-Italy\/La-Venaria-Reale\/110791226579\" mce_href=\"http:\/\/www.facebook.com\/pages\/Venaria-Reale-Italy\/La-Venaria-Reale\/110791226579\">http:\/\/www.facebook.com\/pages\/Venaria-Reale-Italy\/La-Venaria-Reale\/110791226579<\/a><br \/><strong>Sito ufficiale Residenze Reali del Piemonte<\/strong>: www.residenzerealidelpiemonte.it<br \/><strong>Album ufficiale de La Venaria Reale su Flickr<\/strong>: http:\/\/www.flickr.com\/photos\/la_venaria_reale\/<br \/><strong>Profilo La Venaria Reale \u2013 Reggia di Venaria su Twitter<\/strong>: http:\/\/twitter.com\/LaVenariaReale<\/p>\n","protected":false},"excerpt":{"rendered":"<p>Proseguono le iniziative proposte dallo staff de La Venaria Reale Facebook official fan page.<\/p>\n","protected":false},"author":10,"featured_media":0,"comment_status":"open","ping_status":"open","sticky":false,"template":"","format":"standard","meta":{"cybocfi_hide_featured_image":"","footnotes":""},"categories":[27],"tags":[8145,8139,8138,8137,8144,8148,10508,8159,8157,8161,8156,8146,8147,8153,10317,1000,8149,8154,8136,8152,8150,8155,8158,8142,8143,8140,8151,8141,2555,8162,8160,4429],"class_list":["post-3310","post","type-post","status-publish","format-standard","hentry","category-arte-e-cultura","tag-abilita-cesellatoria","tag-arte-orafa-italiana","tag-corte-sabauda","tag-diademi-gioielli-reali","tag-galleria-grande","tag-giacomo-grosso","tag-gran-ballo","tag-habits","tag-italian-goldsmithery-art","tag-items","tag-jewelleries","tag-madonna-oropa","tag-magnificenza-corte","tag-maria-jose-savoia","tag-marina","tag-mostra","tag-pietro-canonica","tag-real-casa","tag-reggia-venaria","tag-regina-margherita","tag-riccardo-mazza","tag-royal-diadems","tag-sabaudas-court","tag-santuario-oropa","tag-snodo-garoviano","tag-stefano-papi","tag-tableaux-vivants","tag-tomaso-ricardi","tag-torino","tag-touristic-tour","tag-traditions","tag-venaria-reale"],"yoast_head":"<!-- This site is optimized with the Yoast SEO plugin v27.0 - https:\/\/yoast.com\/product\/yoast-seo-wordpress\/ -->\n<title>Novit\u00e0 sulla fan page ufficiale La Venaria Reale su Facebook - Article Marketing<\/title>\n<meta name=\"robots\" content=\"index, follow, max-snippet:-1, max-image-preview:large, max-video-preview:-1\" \/>\n<link rel=\"canonical\" href=\"https:\/\/www.article-marketing.eu\/comunicati\/arte-e-cultura\/novit?-sulla-fan-page-ufficiale-la-venaria-reale-su-facebook\/\" \/>\n<meta property=\"og:locale\" content=\"it_IT\" \/>\n<meta property=\"og:type\" content=\"article\" \/>\n<meta property=\"og:title\" content=\"Novit\u00e0 sulla fan page ufficiale La Venaria Reale su Facebook - Article Marketing\" \/>\n<meta property=\"og:description\" content=\"Proseguono le iniziative proposte dallo staff de La Venaria Reale Facebook official fan page.\" \/>\n<meta property=\"og:url\" content=\"\" \/>\n<meta property=\"og:site_name\" content=\"Article Marketing\" \/>\n<meta property=\"article:published_time\" content=\"2009-11-11T12:04:58+00:00\" \/>\n<meta name=\"author\" content=\"Redazione Comunicati Stampa\" \/>\n<meta name=\"twitter:card\" content=\"summary_large_image\" \/>\n<meta name=\"twitter:label1\" content=\"Scritto da\" \/>\n\t<meta name=\"twitter:data1\" content=\"Redazione Comunicati Stampa\" \/>\n\t<meta name=\"twitter:label2\" content=\"Tempo di lettura stimato\" \/>\n\t<meta name=\"twitter:data2\" content=\"2 minuti\" \/>\n<script type=\"application\/ld+json\" class=\"yoast-schema-graph\">{\"@context\":\"https:\/\/schema.org\",\"@graph\":[{\"@type\":\"Article\",\"@id\":\"https:\/\/www.article-marketing.eu\/comunicati\/arte-e-cultura\/novit%e0-sulla-fan-page-ufficiale-la-venaria-reale-su-facebook\/#article\",\"isPartOf\":{\"@id\":\"https:\/\/www.article-marketing.eu\/comunicati\/arte-e-cultura\/novit%e0-sulla-fan-page-ufficiale-la-venaria-reale-su-facebook\/\"},\"author\":{\"name\":\"Redazione Comunicati Stampa\",\"@id\":\"https:\/\/www.article-marketing.eu\/comunicati\/#\/schema\/person\/44372e4d4d0fa797b18e03ed1ace9017\"},\"headline\":\"Novit\u00e0 sulla fan page ufficiale La Venaria Reale su Facebook\",\"datePublished\":\"2009-11-11T12:04:58+00:00\",\"mainEntityOfPage\":{\"@id\":\"https:\/\/www.article-marketing.eu\/comunicati\/arte-e-cultura\/novit%e0-sulla-fan-page-ufficiale-la-venaria-reale-su-facebook\/\"},\"wordCount\":363,\"commentCount\":0,\"keywords\":[\"abilit\u00e0 cesellatoria\",\"arte orafa italiana\",\"corte sabauda\",\"diademi gioielli reali\",\"galleria grande\",\"giacomo grosso\",\"gran ballo\",\"habits\",\"italian goldsmithery art\",\"items\",\"jewelleries\",\"madonna oropa\",\"magnificenza corte\",\"maria jos\u00e8 savoia\",\"marina\",\"Mostra\",\"pietro canonica\",\"real casa\",\"reggia venaria\",\"regina margherita\",\"riccardo mazza\",\"royal diadems\",\"sabauda's court\",\"santuario oropa\",\"snodo garoviano\",\"stefano papi\",\"tableaux vivants\",\"tomaso ricardi\",\"Torino\",\"touristic tour\",\"traditions\",\"venaria reale\"],\"articleSection\":[\"Arte e cultura\"],\"inLanguage\":\"it-IT\",\"potentialAction\":[{\"@type\":\"CommentAction\",\"name\":\"Comment\",\"target\":[\"https:\/\/www.article-marketing.eu\/comunicati\/arte-e-cultura\/novit%e0-sulla-fan-page-ufficiale-la-venaria-reale-su-facebook\/#respond\"]}]},{\"@type\":\"WebPage\",\"@id\":\"https:\/\/www.article-marketing.eu\/comunicati\/arte-e-cultura\/novit%e0-sulla-fan-page-ufficiale-la-venaria-reale-su-facebook\/\",\"url\":\"https:\/\/www.article-marketing.eu\/comunicati\/arte-e-cultura\/novit%e0-sulla-fan-page-ufficiale-la-venaria-reale-su-facebook\/\",\"name\":\"Novit\u00e0 sulla fan page ufficiale La Venaria Reale su Facebook - Article Marketing\",\"isPartOf\":{\"@id\":\"https:\/\/www.article-marketing.eu\/comunicati\/#website\"},\"datePublished\":\"2009-11-11T12:04:58+00:00\",\"author\":{\"@id\":\"https:\/\/www.article-marketing.eu\/comunicati\/#\/schema\/person\/44372e4d4d0fa797b18e03ed1ace9017\"},\"breadcrumb\":{\"@id\":\"https:\/\/www.article-marketing.eu\/comunicati\/arte-e-cultura\/novit%e0-sulla-fan-page-ufficiale-la-venaria-reale-su-facebook\/#breadcrumb\"},\"inLanguage\":\"it-IT\",\"potentialAction\":[{\"@type\":\"ReadAction\",\"target\":[\"https:\/\/www.article-marketing.eu\/comunicati\/arte-e-cultura\/novit%e0-sulla-fan-page-ufficiale-la-venaria-reale-su-facebook\/\"]}]},{\"@type\":\"BreadcrumbList\",\"@id\":\"https:\/\/www.article-marketing.eu\/comunicati\/arte-e-cultura\/novit%e0-sulla-fan-page-ufficiale-la-venaria-reale-su-facebook\/#breadcrumb\",\"itemListElement\":[{\"@type\":\"ListItem\",\"position\":1,\"name\":\"Home\",\"item\":\"https:\/\/www.article-marketing.eu\/comunicati\/\"},{\"@type\":\"ListItem\",\"position\":2,\"name\":\"Novit\u00e0 sulla fan page ufficiale La Venaria Reale su Facebook\"}]},{\"@type\":\"WebSite\",\"@id\":\"https:\/\/www.article-marketing.eu\/comunicati\/#website\",\"url\":\"https:\/\/www.article-marketing.eu\/comunicati\/\",\"name\":\"Article Marketing\",\"description\":\"article marketing &amp; press release\",\"potentialAction\":[{\"@type\":\"SearchAction\",\"target\":{\"@type\":\"EntryPoint\",\"urlTemplate\":\"https:\/\/www.article-marketing.eu\/comunicati\/?s={search_term_string}\"},\"query-input\":{\"@type\":\"PropertyValueSpecification\",\"valueRequired\":true,\"valueName\":\"search_term_string\"}}],\"inLanguage\":\"it-IT\"},{\"@type\":\"Person\",\"@id\":\"https:\/\/www.article-marketing.eu\/comunicati\/#\/schema\/person\/44372e4d4d0fa797b18e03ed1ace9017\",\"name\":\"Redazione Comunicati Stampa\",\"image\":{\"@type\":\"ImageObject\",\"inLanguage\":\"it-IT\",\"@id\":\"https:\/\/www.article-marketing.eu\/comunicati\/#\/schema\/person\/image\/\",\"url\":\"https:\/\/secure.gravatar.com\/avatar\/50e5c6421d3072f42e7ace803501602c60d75233d34e29fd05feb91c8760b792?s=96&d=mm&r=g\",\"contentUrl\":\"https:\/\/secure.gravatar.com\/avatar\/50e5c6421d3072f42e7ace803501602c60d75233d34e29fd05feb91c8760b792?s=96&d=mm&r=g\",\"caption\":\"Redazione Comunicati Stampa\"},\"url\":\"https:\/\/www.article-marketing.eu\/comunicati\/author\/redazione-comunicati-stampa\/\"}]}<\/script>\n<!-- \/ Yoast SEO plugin. -->","yoast_head_json":{"title":"Novit\u00e0 sulla fan page ufficiale La Venaria Reale su Facebook - Article Marketing","robots":{"index":"index","follow":"follow","max-snippet":"max-snippet:-1","max-image-preview":"max-image-preview:large","max-video-preview":"max-video-preview:-1"},"canonical":"https:\/\/www.article-marketing.eu\/comunicati\/arte-e-cultura\/novit?-sulla-fan-page-ufficiale-la-venaria-reale-su-facebook\/","og_locale":"it_IT","og_type":"article","og_title":"Novit\u00e0 sulla fan page ufficiale La Venaria Reale su Facebook - Article Marketing","og_description":"Proseguono le iniziative proposte dallo staff de La Venaria Reale Facebook official fan page.","og_url":"https:\/\/www.article-marketing.eu\/comunicati\/arte-e-cultura\/novit?-sulla-fan-page-ufficiale-la-venaria-reale-su-facebook\/","og_site_name":"Article Marketing","article_published_time":"2009-11-11T12:04:58+00:00","author":"Redazione Comunicati Stampa","twitter_card":"summary_large_image","twitter_misc":{"Scritto da":"Redazione Comunicati Stampa","Tempo di lettura stimato":"2 minuti"},"schema":{"@context":"https:\/\/schema.org","@graph":[{"@type":"Article","@id":"https:\/\/www.article-marketing.eu\/comunicati\/arte-e-cultura\/novit%e0-sulla-fan-page-ufficiale-la-venaria-reale-su-facebook\/#article","isPartOf":{"@id":"https:\/\/www.article-marketing.eu\/comunicati\/arte-e-cultura\/novit%e0-sulla-fan-page-ufficiale-la-venaria-reale-su-facebook\/"},"author":{"name":"Redazione Comunicati Stampa","@id":"https:\/\/www.article-marketing.eu\/comunicati\/#\/schema\/person\/44372e4d4d0fa797b18e03ed1ace9017"},"headline":"Novit\u00e0 sulla fan page ufficiale La Venaria Reale su Facebook","datePublished":"2009-11-11T12:04:58+00:00","mainEntityOfPage":{"@id":"https:\/\/www.article-marketing.eu\/comunicati\/arte-e-cultura\/novit%e0-sulla-fan-page-ufficiale-la-venaria-reale-su-facebook\/"},"wordCount":363,"commentCount":0,"keywords":["abilit\u00e0 cesellatoria","arte orafa italiana","corte sabauda","diademi gioielli reali","galleria grande","giacomo grosso","gran ballo","habits","italian goldsmithery art","items","jewelleries","madonna oropa","magnificenza corte","maria jos\u00e8 savoia","marina","Mostra","pietro canonica","real casa","reggia venaria","regina margherita","riccardo mazza","royal diadems","sabauda's court","santuario oropa","snodo garoviano","stefano papi","tableaux vivants","tomaso ricardi","Torino","touristic tour","traditions","venaria reale"],"articleSection":["Arte e cultura"],"inLanguage":"it-IT","potentialAction":[{"@type":"CommentAction","name":"Comment","target":["https:\/\/www.article-marketing.eu\/comunicati\/arte-e-cultura\/novit%e0-sulla-fan-page-ufficiale-la-venaria-reale-su-facebook\/#respond"]}]},{"@type":"WebPage","@id":"https:\/\/www.article-marketing.eu\/comunicati\/arte-e-cultura\/novit%e0-sulla-fan-page-ufficiale-la-venaria-reale-su-facebook\/","url":"https:\/\/www.article-marketing.eu\/comunicati\/arte-e-cultura\/novit%e0-sulla-fan-page-ufficiale-la-venaria-reale-su-facebook\/","name":"Novit\u00e0 sulla fan page ufficiale La Venaria Reale su Facebook - Article Marketing","isPartOf":{"@id":"https:\/\/www.article-marketing.eu\/comunicati\/#website"},"datePublished":"2009-11-11T12:04:58+00:00","author":{"@id":"https:\/\/www.article-marketing.eu\/comunicati\/#\/schema\/person\/44372e4d4d0fa797b18e03ed1ace9017"},"breadcrumb":{"@id":"https:\/\/www.article-marketing.eu\/comunicati\/arte-e-cultura\/novit%e0-sulla-fan-page-ufficiale-la-venaria-reale-su-facebook\/#breadcrumb"},"inLanguage":"it-IT","potentialAction":[{"@type":"ReadAction","target":["https:\/\/www.article-marketing.eu\/comunicati\/arte-e-cultura\/novit%e0-sulla-fan-page-ufficiale-la-venaria-reale-su-facebook\/"]}]},{"@type":"BreadcrumbList","@id":"https:\/\/www.article-marketing.eu\/comunicati\/arte-e-cultura\/novit%e0-sulla-fan-page-ufficiale-la-venaria-reale-su-facebook\/#breadcrumb","itemListElement":[{"@type":"ListItem","position":1,"name":"Home","item":"https:\/\/www.article-marketing.eu\/comunicati\/"},{"@type":"ListItem","position":2,"name":"Novit\u00e0 sulla fan page ufficiale La Venaria Reale su Facebook"}]},{"@type":"WebSite","@id":"https:\/\/www.article-marketing.eu\/comunicati\/#website","url":"https:\/\/www.article-marketing.eu\/comunicati\/","name":"Article Marketing","description":"article marketing &amp; press release","potentialAction":[{"@type":"SearchAction","target":{"@type":"EntryPoint","urlTemplate":"https:\/\/www.article-marketing.eu\/comunicati\/?s={search_term_string}"},"query-input":{"@type":"PropertyValueSpecification","valueRequired":true,"valueName":"search_term_string"}}],"inLanguage":"it-IT"},{"@type":"Person","@id":"https:\/\/www.article-marketing.eu\/comunicati\/#\/schema\/person\/44372e4d4d0fa797b18e03ed1ace9017","name":"Redazione Comunicati Stampa","image":{"@type":"ImageObject","inLanguage":"it-IT","@id":"https:\/\/www.article-marketing.eu\/comunicati\/#\/schema\/person\/image\/","url":"https:\/\/secure.gravatar.com\/avatar\/50e5c6421d3072f42e7ace803501602c60d75233d34e29fd05feb91c8760b792?s=96&d=mm&r=g","contentUrl":"https:\/\/secure.gravatar.com\/avatar\/50e5c6421d3072f42e7ace803501602c60d75233d34e29fd05feb91c8760b792?s=96&d=mm&r=g","caption":"Redazione Comunicati Stampa"},"url":"https:\/\/www.article-marketing.eu\/comunicati\/author\/redazione-comunicati-stampa\/"}]}},"_links":{"self":[{"href":"https:\/\/www.article-marketing.eu\/comunicati\/wp-json\/wp\/v2\/posts\/3310","targetHints":{"allow":["GET"]}}],"collection":[{"href":"https:\/\/www.article-marketing.eu\/comunicati\/wp-json\/wp\/v2\/posts"}],"about":[{"href":"https:\/\/www.article-marketing.eu\/comunicati\/wp-json\/wp\/v2\/types\/post"}],"author":[{"embeddable":true,"href":"https:\/\/www.article-marketing.eu\/comunicati\/wp-json\/wp\/v2\/users\/10"}],"replies":[{"embeddable":true,"href":"https:\/\/www.article-marketing.eu\/comunicati\/wp-json\/wp\/v2\/comments?post=3310"}],"version-history":[{"count":0,"href":"https:\/\/www.article-marketing.eu\/comunicati\/wp-json\/wp\/v2\/posts\/3310\/revisions"}],"wp:attachment":[{"href":"https:\/\/www.article-marketing.eu\/comunicati\/wp-json\/wp\/v2\/media?parent=3310"}],"wp:term":[{"taxonomy":"category","embeddable":true,"href":"https:\/\/www.article-marketing.eu\/comunicati\/wp-json\/wp\/v2\/categories?post=3310"},{"taxonomy":"post_tag","embeddable":true,"href":"https:\/\/www.article-marketing.eu\/comunicati\/wp-json\/wp\/v2\/tags?post=3310"}],"curies":[{"name":"wp","href":"https:\/\/api.w.org\/{rel}","templated":true}]}}