{"id":3320,"date":"2009-11-12T11:53:30","date_gmt":"2009-11-12T10:53:30","guid":{"rendered":"http:\/\/www.article-marketing.eu\/comunicati\/senza-categoria\/idee-contro-crisi-luomo-al-centro-la-creativit%e0-il-suo-braccio-armato\/"},"modified":"2009-11-12T11:53:30","modified_gmt":"2009-11-12T10:53:30","slug":"idee-contro-crisi-luomo-al-centro-la-creativit%e0-il-suo-braccio-armato","status":"publish","type":"post","link":"https:\/\/www.article-marketing.eu\/comunicati\/comunicati-stampa\/eventi\/idee-contro-crisi-luomo-al-centro-la-creativit%e0-il-suo-braccio-armato\/","title":{"rendered":"Idee contro Crisi: l\u2019uomo al centro, la creativit\u00e0 il suo braccio armato!"},"content":{"rendered":"<p>Si \u00e8 svolto all\u2019Ata Hotel Varese \u201c<strong>Idee contro Crisi \u2013 per ripartire con innovazione e creativit\u00e0<\/strong>\u201d, l\u2019evento che l\u2019Agenzia SS&amp;C Varese ha rivolto ai media e alle aziende, celebrando il proprio Trentennale.<br \/>Giampiero Soru, Presidente SS&amp;C, riassume: \u201cE\u2019 stato un incontro unico perch\u00e9 ha fatto dialogare i concetti teorici con le applicazioni. Innovazione a portata di mano, insomma, attuale, gi\u00e0 entrata nella filiera della produzione! Sono state tre ore di speech e performance esperienziali dai quali \u00e8 emerso forte e chiaro&nbsp; &#8211; trasversalmente a tutti gli interventi &#8211;&nbsp; che al centro di uno sviluppo ecocompatibile si impone l\u2019<em>uomo<\/em> e che la <em>creativit\u00e0 <\/em>ne \u00e8 il suo braccio armato\u201d.<br \/>Un evento anche esperienziale, quindi, con gli RFID &#8211; applicazioni che aprono le porte a mille possibilit\u00e0 (dalla taggatura anti taccheggio alla comunicazione one2one), per passare alla geo-localizzazione applicata alle mete turistiche e agli avatar on line.<br \/>Gli interventi &#8211; coordinati da Fabrizio Bellavista, partner dell\u2019Istituto di ricerca Psycho Research e consulente New Media &#8211; si sono incrociati a ritmo serrato dopo il \u201cbruciante\u201d avvio all\u2019insegna di \u201co cambi o muori!\u201d di Marco Camisani Calzolari e l\u2019ecosistema digitale di Massimo Giordani.<br \/>L\u2019importanza della consapevolezza del processo cognitivo che sta alla base dell\u2019innovazione \u00e8 stato un concetto portante dei lavori: dall\u2019intermediazione culturale sino all\u2019ecosistema digitale, dalla crisi vissuta come opportunit\u00e0 sino al problema del \u2018digital divide\u2019 passando per la relazione b2b attraverso community dedicate. Sul finire dell\u2019incontro, una frase di J. F. Kennedy ben riassume il mood del convegno: &quot;L&#8217;umanit\u00e0 si divide in due parti e questo succede solo al mattino: tutti sogniamo ma, appena svegli, alcuni dicono \u201cera solo un sogno\u201d, altri invece dicono \u201crealizzare un sogno, perch\u00e9 no?&#8217;&quot;.<br \/>Nell\u2019affollatissima sala che ha ospitato l\u2019evento giornalisti, imprenditori, manager, rappresentanti di Enti e Istituzioni non solo varesini, ma provenienti anche dall\u2019area milanese e ticinese.<\/p>\n<p>Ecco tutti gli interventi:<\/p>\n<p>-Stefano Blanco &#8211; Direttore Generale Collegio delle Universit\u00e0 Milanesi. \u201cLe idee in testa.\u201d<br \/>-Claudio Bonvecchio &#8211; Presidente del Corso di Laurea in Scienze della Comunicazione &#8211; Universit\u00e0 dell&#8217;Insubria Varese. \u201cComunicare il nuovo.\u201d<br \/>-Raffaella Bossi Fornarini &#8211; Managing Director Passport. \u201cManagement Interculturale: nuove leve di internazionalizzazione.\u201d<br \/>-Marco Camisani Calzolari &#8211; Internet evangelist, Ceo Speakage e autore di \u201cImpresa 4.0\u201d (collana Financial Times). \u201cWeb, aziende e mercati. Se non cambi sei morto!\u201d<br \/>-Raimondo Damiani &#8211; Brand Communication Manager BTicino. \u201cCrisi della comunicazione e comunicazione di crisi.\u201d<br \/>-Claudio Gianettoni &#8211; Country Manager Road to Wellness Project. \u201cL\u2019innovazione nella valorizzazione del territorio.\u201d<br \/>-Massimo Giordani &#8211; Membro CDA \u2018Torino Wireless\u2019 e presidente PopaiDigital, Ceo Time&amp;Mind. \u201cWeb, societ\u00e0 e business. La rivoluzione \u00e8 oggi.\u201d<br \/>-Moreno Poli \u2013 NFCGATEWAY.&nbsp; Dimostrazione: nuove tecnologie nella comunicazione.<br \/>-Giampiero Soru &#8211; Presidente SS&amp;C. \u201cLe dosi della ricetta \u201cInnovazione\u201d\u201d.<\/p>\n<p>Coordinamento: Fabrizio Bellavista, Partner dell\u2019Istituto di ricerca Psycho Research e consulente New Media.<\/p>\n<p><strong>Sito:<\/strong> <a href=\"http:\/\/www.ssec.it\/\" mce_href=\"http:\/\/www.ssec.it\/\">http:\/\/www.ssec.it\/<\/a><br \/><strong>Blog:<\/strong> http:\/\/ssec-varese.blogspot.com\/<br \/><strong>FanPage:<\/strong> http:\/\/www.facebook.com\/profile.php?ref=profile&amp;id=800624690#\/ssecvarese?ref=sgm<\/p>\n","protected":false},"excerpt":{"rendered":"<p>SS&#038;C Marketing e Comunicazione ha proposto un incontro esperienziale sulla Comunicazione \u201cperformante\u201d in periodo di recessione.<\/p>\n","protected":false},"author":10,"featured_media":0,"comment_status":"open","ping_status":"open","sticky":false,"template":"","format":"standard","meta":{"cybocfi_hide_featured_image":"","footnotes":""},"categories":[388],"tags":[3104,9013,1042,9018,199,245,9017,104,9010,9011,9015,10527,9012],"class_list":["post-3320","post","type-post","status-publish","format-standard","hentry","category-eventi","tag-adv","tag-agenzia-di-marketing-e-comunicazione","tag-business","tag-communication","tag-comunicazione","tag-marketing","tag-media","tag-pubblicita","tag-ssc","tag-ssec","tag-trentanni-di-futuro","tag-trentennale","tag-varese"],"yoast_head":"<!-- This site is optimized with the Yoast SEO plugin v27.0 - https:\/\/yoast.com\/product\/yoast-seo-wordpress\/ -->\n<title>Idee contro Crisi: l\u2019uomo al centro, la creativit\u00e0 il suo braccio armato! - Article Marketing<\/title>\n<meta name=\"robots\" content=\"index, follow, max-snippet:-1, max-image-preview:large, max-video-preview:-1\" \/>\n<link rel=\"canonical\" href=\"https:\/\/www.article-marketing.eu\/comunicati\/comunicati-stampa\/eventi\/idee-contro-crisi-luomo-al-centro-la-creativit?-il-suo-braccio-armato\/\" \/>\n<meta property=\"og:locale\" content=\"it_IT\" \/>\n<meta property=\"og:type\" content=\"article\" \/>\n<meta property=\"og:title\" content=\"Idee contro Crisi: l\u2019uomo al centro, la creativit\u00e0 il suo braccio armato! - Article Marketing\" \/>\n<meta property=\"og:description\" content=\"SS&amp;C Marketing e Comunicazione ha proposto un incontro esperienziale sulla Comunicazione \u201cperformante\u201d in periodo di recessione.\" \/>\n<meta property=\"og:url\" content=\"\" \/>\n<meta property=\"og:site_name\" content=\"Article Marketing\" \/>\n<meta property=\"article:published_time\" content=\"2009-11-12T10:53:30+00:00\" \/>\n<meta name=\"author\" content=\"Redazione Comunicati Stampa\" \/>\n<meta name=\"twitter:card\" content=\"summary_large_image\" \/>\n<meta name=\"twitter:label1\" content=\"Scritto da\" \/>\n\t<meta name=\"twitter:data1\" content=\"Redazione Comunicati Stampa\" \/>\n\t<meta name=\"twitter:label2\" content=\"Tempo di lettura stimato\" \/>\n\t<meta name=\"twitter:data2\" content=\"3 minuti\" \/>\n<script type=\"application\/ld+json\" class=\"yoast-schema-graph\">{\"@context\":\"https:\/\/schema.org\",\"@graph\":[{\"@type\":\"Article\",\"@id\":\"https:\/\/www.article-marketing.eu\/comunicati\/comunicati-stampa\/eventi\/idee-contro-crisi-luomo-al-centro-la-creativit%e0-il-suo-braccio-armato\/#article\",\"isPartOf\":{\"@id\":\"https:\/\/www.article-marketing.eu\/comunicati\/comunicati-stampa\/eventi\/idee-contro-crisi-luomo-al-centro-la-creativit%e0-il-suo-braccio-armato\/\"},\"author\":{\"name\":\"Redazione Comunicati Stampa\",\"@id\":\"https:\/\/www.article-marketing.eu\/comunicati\/#\/schema\/person\/44372e4d4d0fa797b18e03ed1ace9017\"},\"headline\":\"Idee contro Crisi: l\u2019uomo al centro, la creativit\u00e0 il suo braccio armato!\",\"datePublished\":\"2009-11-12T10:53:30+00:00\",\"mainEntityOfPage\":{\"@id\":\"https:\/\/www.article-marketing.eu\/comunicati\/comunicati-stampa\/eventi\/idee-contro-crisi-luomo-al-centro-la-creativit%e0-il-suo-braccio-armato\/\"},\"wordCount\":517,\"commentCount\":0,\"keywords\":[\"adv\",\"agenzia di marketing e comunicazione\",\"business\",\"communication\",\"comunicazione\",\"marketing\",\"media\",\"pubblicit\u00e0\",\"ss&amp;c\",\"ssec\",\"trentanni di futuro\",\"trentennale\",\"varese\"],\"articleSection\":[\"Eventi\"],\"inLanguage\":\"it-IT\",\"potentialAction\":[{\"@type\":\"CommentAction\",\"name\":\"Comment\",\"target\":[\"https:\/\/www.article-marketing.eu\/comunicati\/comunicati-stampa\/eventi\/idee-contro-crisi-luomo-al-centro-la-creativit%e0-il-suo-braccio-armato\/#respond\"]}]},{\"@type\":\"WebPage\",\"@id\":\"https:\/\/www.article-marketing.eu\/comunicati\/comunicati-stampa\/eventi\/idee-contro-crisi-luomo-al-centro-la-creativit%e0-il-suo-braccio-armato\/\",\"url\":\"https:\/\/www.article-marketing.eu\/comunicati\/comunicati-stampa\/eventi\/idee-contro-crisi-luomo-al-centro-la-creativit%e0-il-suo-braccio-armato\/\",\"name\":\"Idee contro Crisi: l\u2019uomo al centro, la creativit\u00e0 il suo braccio armato! - Article Marketing\",\"isPartOf\":{\"@id\":\"https:\/\/www.article-marketing.eu\/comunicati\/#website\"},\"datePublished\":\"2009-11-12T10:53:30+00:00\",\"author\":{\"@id\":\"https:\/\/www.article-marketing.eu\/comunicati\/#\/schema\/person\/44372e4d4d0fa797b18e03ed1ace9017\"},\"breadcrumb\":{\"@id\":\"https:\/\/www.article-marketing.eu\/comunicati\/comunicati-stampa\/eventi\/idee-contro-crisi-luomo-al-centro-la-creativit%e0-il-suo-braccio-armato\/#breadcrumb\"},\"inLanguage\":\"it-IT\",\"potentialAction\":[{\"@type\":\"ReadAction\",\"target\":[\"https:\/\/www.article-marketing.eu\/comunicati\/comunicati-stampa\/eventi\/idee-contro-crisi-luomo-al-centro-la-creativit%e0-il-suo-braccio-armato\/\"]}]},{\"@type\":\"BreadcrumbList\",\"@id\":\"https:\/\/www.article-marketing.eu\/comunicati\/comunicati-stampa\/eventi\/idee-contro-crisi-luomo-al-centro-la-creativit%e0-il-suo-braccio-armato\/#breadcrumb\",\"itemListElement\":[{\"@type\":\"ListItem\",\"position\":1,\"name\":\"Home\",\"item\":\"https:\/\/www.article-marketing.eu\/comunicati\/\"},{\"@type\":\"ListItem\",\"position\":2,\"name\":\"Idee contro Crisi: l\u2019uomo al centro, la creativit\u00e0 il suo braccio armato!\"}]},{\"@type\":\"WebSite\",\"@id\":\"https:\/\/www.article-marketing.eu\/comunicati\/#website\",\"url\":\"https:\/\/www.article-marketing.eu\/comunicati\/\",\"name\":\"Article Marketing\",\"description\":\"article marketing &amp; press release\",\"potentialAction\":[{\"@type\":\"SearchAction\",\"target\":{\"@type\":\"EntryPoint\",\"urlTemplate\":\"https:\/\/www.article-marketing.eu\/comunicati\/?s={search_term_string}\"},\"query-input\":{\"@type\":\"PropertyValueSpecification\",\"valueRequired\":true,\"valueName\":\"search_term_string\"}}],\"inLanguage\":\"it-IT\"},{\"@type\":\"Person\",\"@id\":\"https:\/\/www.article-marketing.eu\/comunicati\/#\/schema\/person\/44372e4d4d0fa797b18e03ed1ace9017\",\"name\":\"Redazione Comunicati Stampa\",\"image\":{\"@type\":\"ImageObject\",\"inLanguage\":\"it-IT\",\"@id\":\"https:\/\/www.article-marketing.eu\/comunicati\/#\/schema\/person\/image\/\",\"url\":\"https:\/\/secure.gravatar.com\/avatar\/50e5c6421d3072f42e7ace803501602c60d75233d34e29fd05feb91c8760b792?s=96&d=mm&r=g\",\"contentUrl\":\"https:\/\/secure.gravatar.com\/avatar\/50e5c6421d3072f42e7ace803501602c60d75233d34e29fd05feb91c8760b792?s=96&d=mm&r=g\",\"caption\":\"Redazione Comunicati Stampa\"},\"url\":\"https:\/\/www.article-marketing.eu\/comunicati\/author\/redazione-comunicati-stampa\/\"}]}<\/script>\n<!-- \/ Yoast SEO plugin. -->","yoast_head_json":{"title":"Idee contro Crisi: l\u2019uomo al centro, la creativit\u00e0 il suo braccio armato! - Article Marketing","robots":{"index":"index","follow":"follow","max-snippet":"max-snippet:-1","max-image-preview":"max-image-preview:large","max-video-preview":"max-video-preview:-1"},"canonical":"https:\/\/www.article-marketing.eu\/comunicati\/comunicati-stampa\/eventi\/idee-contro-crisi-luomo-al-centro-la-creativit?-il-suo-braccio-armato\/","og_locale":"it_IT","og_type":"article","og_title":"Idee contro Crisi: l\u2019uomo al centro, la creativit\u00e0 il suo braccio armato! - Article Marketing","og_description":"SS&C Marketing e Comunicazione ha proposto un incontro esperienziale sulla Comunicazione \u201cperformante\u201d in periodo di recessione.","og_url":"https:\/\/www.article-marketing.eu\/comunicati\/comunicati-stampa\/eventi\/idee-contro-crisi-luomo-al-centro-la-creativit?-il-suo-braccio-armato\/","og_site_name":"Article Marketing","article_published_time":"2009-11-12T10:53:30+00:00","author":"Redazione Comunicati Stampa","twitter_card":"summary_large_image","twitter_misc":{"Scritto da":"Redazione Comunicati Stampa","Tempo di lettura stimato":"3 minuti"},"schema":{"@context":"https:\/\/schema.org","@graph":[{"@type":"Article","@id":"https:\/\/www.article-marketing.eu\/comunicati\/comunicati-stampa\/eventi\/idee-contro-crisi-luomo-al-centro-la-creativit%e0-il-suo-braccio-armato\/#article","isPartOf":{"@id":"https:\/\/www.article-marketing.eu\/comunicati\/comunicati-stampa\/eventi\/idee-contro-crisi-luomo-al-centro-la-creativit%e0-il-suo-braccio-armato\/"},"author":{"name":"Redazione Comunicati Stampa","@id":"https:\/\/www.article-marketing.eu\/comunicati\/#\/schema\/person\/44372e4d4d0fa797b18e03ed1ace9017"},"headline":"Idee contro Crisi: l\u2019uomo al centro, la creativit\u00e0 il suo braccio armato!","datePublished":"2009-11-12T10:53:30+00:00","mainEntityOfPage":{"@id":"https:\/\/www.article-marketing.eu\/comunicati\/comunicati-stampa\/eventi\/idee-contro-crisi-luomo-al-centro-la-creativit%e0-il-suo-braccio-armato\/"},"wordCount":517,"commentCount":0,"keywords":["adv","agenzia di marketing e comunicazione","business","communication","comunicazione","marketing","media","pubblicit\u00e0","ss&amp;c","ssec","trentanni di futuro","trentennale","varese"],"articleSection":["Eventi"],"inLanguage":"it-IT","potentialAction":[{"@type":"CommentAction","name":"Comment","target":["https:\/\/www.article-marketing.eu\/comunicati\/comunicati-stampa\/eventi\/idee-contro-crisi-luomo-al-centro-la-creativit%e0-il-suo-braccio-armato\/#respond"]}]},{"@type":"WebPage","@id":"https:\/\/www.article-marketing.eu\/comunicati\/comunicati-stampa\/eventi\/idee-contro-crisi-luomo-al-centro-la-creativit%e0-il-suo-braccio-armato\/","url":"https:\/\/www.article-marketing.eu\/comunicati\/comunicati-stampa\/eventi\/idee-contro-crisi-luomo-al-centro-la-creativit%e0-il-suo-braccio-armato\/","name":"Idee contro Crisi: l\u2019uomo al centro, la creativit\u00e0 il suo braccio armato! - Article Marketing","isPartOf":{"@id":"https:\/\/www.article-marketing.eu\/comunicati\/#website"},"datePublished":"2009-11-12T10:53:30+00:00","author":{"@id":"https:\/\/www.article-marketing.eu\/comunicati\/#\/schema\/person\/44372e4d4d0fa797b18e03ed1ace9017"},"breadcrumb":{"@id":"https:\/\/www.article-marketing.eu\/comunicati\/comunicati-stampa\/eventi\/idee-contro-crisi-luomo-al-centro-la-creativit%e0-il-suo-braccio-armato\/#breadcrumb"},"inLanguage":"it-IT","potentialAction":[{"@type":"ReadAction","target":["https:\/\/www.article-marketing.eu\/comunicati\/comunicati-stampa\/eventi\/idee-contro-crisi-luomo-al-centro-la-creativit%e0-il-suo-braccio-armato\/"]}]},{"@type":"BreadcrumbList","@id":"https:\/\/www.article-marketing.eu\/comunicati\/comunicati-stampa\/eventi\/idee-contro-crisi-luomo-al-centro-la-creativit%e0-il-suo-braccio-armato\/#breadcrumb","itemListElement":[{"@type":"ListItem","position":1,"name":"Home","item":"https:\/\/www.article-marketing.eu\/comunicati\/"},{"@type":"ListItem","position":2,"name":"Idee contro Crisi: l\u2019uomo al centro, la creativit\u00e0 il suo braccio armato!"}]},{"@type":"WebSite","@id":"https:\/\/www.article-marketing.eu\/comunicati\/#website","url":"https:\/\/www.article-marketing.eu\/comunicati\/","name":"Article Marketing","description":"article marketing &amp; press release","potentialAction":[{"@type":"SearchAction","target":{"@type":"EntryPoint","urlTemplate":"https:\/\/www.article-marketing.eu\/comunicati\/?s={search_term_string}"},"query-input":{"@type":"PropertyValueSpecification","valueRequired":true,"valueName":"search_term_string"}}],"inLanguage":"it-IT"},{"@type":"Person","@id":"https:\/\/www.article-marketing.eu\/comunicati\/#\/schema\/person\/44372e4d4d0fa797b18e03ed1ace9017","name":"Redazione Comunicati Stampa","image":{"@type":"ImageObject","inLanguage":"it-IT","@id":"https:\/\/www.article-marketing.eu\/comunicati\/#\/schema\/person\/image\/","url":"https:\/\/secure.gravatar.com\/avatar\/50e5c6421d3072f42e7ace803501602c60d75233d34e29fd05feb91c8760b792?s=96&d=mm&r=g","contentUrl":"https:\/\/secure.gravatar.com\/avatar\/50e5c6421d3072f42e7ace803501602c60d75233d34e29fd05feb91c8760b792?s=96&d=mm&r=g","caption":"Redazione Comunicati Stampa"},"url":"https:\/\/www.article-marketing.eu\/comunicati\/author\/redazione-comunicati-stampa\/"}]}},"_links":{"self":[{"href":"https:\/\/www.article-marketing.eu\/comunicati\/wp-json\/wp\/v2\/posts\/3320","targetHints":{"allow":["GET"]}}],"collection":[{"href":"https:\/\/www.article-marketing.eu\/comunicati\/wp-json\/wp\/v2\/posts"}],"about":[{"href":"https:\/\/www.article-marketing.eu\/comunicati\/wp-json\/wp\/v2\/types\/post"}],"author":[{"embeddable":true,"href":"https:\/\/www.article-marketing.eu\/comunicati\/wp-json\/wp\/v2\/users\/10"}],"replies":[{"embeddable":true,"href":"https:\/\/www.article-marketing.eu\/comunicati\/wp-json\/wp\/v2\/comments?post=3320"}],"version-history":[{"count":0,"href":"https:\/\/www.article-marketing.eu\/comunicati\/wp-json\/wp\/v2\/posts\/3320\/revisions"}],"wp:attachment":[{"href":"https:\/\/www.article-marketing.eu\/comunicati\/wp-json\/wp\/v2\/media?parent=3320"}],"wp:term":[{"taxonomy":"category","embeddable":true,"href":"https:\/\/www.article-marketing.eu\/comunicati\/wp-json\/wp\/v2\/categories?post=3320"},{"taxonomy":"post_tag","embeddable":true,"href":"https:\/\/www.article-marketing.eu\/comunicati\/wp-json\/wp\/v2\/tags?post=3320"}],"curies":[{"name":"wp","href":"https:\/\/api.w.org\/{rel}","templated":true}]}}