{"id":3321,"date":"2009-11-12T11:57:00","date_gmt":"2009-11-12T10:57:00","guid":{"rendered":"http:\/\/www.article-marketing.eu\/comunicati\/senza-categoria\/hai-un-centro-uffici-o-pensi-di-aprirlo-appuntamento-con-il-network-ufficiarredati-it-a-formia\/"},"modified":"2009-11-12T11:57:00","modified_gmt":"2009-11-12T10:57:00","slug":"hai-un-centro-uffici-o-pensi-di-aprirlo-appuntamento-con-il-network-ufficiarredati-it-a-formia","status":"publish","type":"post","link":"https:\/\/www.article-marketing.eu\/comunicati\/comunicati-stampa\/eventi\/hai-un-centro-uffici-o-pensi-di-aprirlo-appuntamento-con-il-network-ufficiarredati-it-a-formia\/","title":{"rendered":"Hai un centro uffici o pensi di aprirlo? Appuntamento con il network Ufficiarredati.it a Formia"},"content":{"rendered":"<p align=\"left\" class=\" \" style=\"TEXT-ALIGN: left\"><strong>Treviso<\/strong>, 12\/11\/2009. VIII riunione dei business center del network ufficiarredati.it, appuntamento al centro sportivo Coni di Formia (Latina) il 13 e 14 novembre. Appuntamento consolidato al quarto anno di vita del network, l\u2019incontro secondo dell\u2019anno dopo quello di Maggio a Catania, presso il business center Beasy Bureau.<\/p>\n<p class=\" \" style=\"TEXT-ALIGN: justify; LINE-HEIGHT: 150%; BACKGROUND: white\">E\u2019 l\u2019occasione per fare il punto del <strong>mercato italiano del noleggio temporaneo di uffici<\/strong> in questo momento di grave crisi economica.<\/p>\n<p class=\" \" style=\"TEXT-ALIGN: justify; LINE-HEIGHT: 150%; BACKGROUND: white\">I business center in questo anno attraverso il noleggio di uffici arredati, di sale riunioni, di servizi di segretariato telefonico, hanno aiutato i nuovi professionisti e le nuove start up ad avviare il proprio lavoro, contemporaneamente hanno scoperto nuovi clienti, aziende che hanno dovuto avviare politiche di contrazione dei costi e che hanno sostituito l\u2019affitto di uffici con il noleggio di uffici o sono entrati in nuove aree geografiche con un piccolo ufficio a noleggio o con un servizio di segretariato telefonico.<\/p>\n<p class=\" \" style=\"TEXT-ALIGN: justify; LINE-HEIGHT: 150%; BACKGROUND: white\">La VIII riunione del network sar\u00e0 anche l\u2019occasione per conoscere nuovi centri uffici da poco entrati sul mercato italiano:<\/p>\n<p class=\" \" style=\"TEXT-ALIGN: justify; LINE-HEIGHT: 150%; TEXT-INDENT: -18pt; BACKGROUND: white\">&#8211;&nbsp;&nbsp;&nbsp;&nbsp;&nbsp;&nbsp;&nbsp;&nbsp;&nbsp; Dedalus Business Center (Monopoli) che si aggiunge in Puglia al Cube Believing di Conversano e al Management Service di Lecce <\/p>\n<p class=\" \" style=\"TEXT-ALIGN: justify; LINE-HEIGHT: 150%; TEXT-INDENT: -18pt; BACKGROUND: white\">&#8211;&nbsp;&nbsp;&nbsp;&nbsp;&nbsp;&nbsp;&nbsp;&nbsp;&nbsp; Readycenter (Larciano &#8211; Pistoia) che in Toscana amplia l\u2019offerta di servizi insieme ai centri Very Office di Prato e Uffici Residence di Firenze.<\/p>\n<p class=\" \" style=\"TEXT-ALIGN: justify; LINE-HEIGHT: 150%; BACKGROUND: white\">Ma come in tutti i momenti di incontro saranno ospitati anche i colleghi che sono in procinto di avviare il proprio centro, \u00e8 il caso di Business Center Bracciano (Roma) che inaugurer\u00e0 il centro uffici nella splendida cornice del lago di Bracciano il prossimo anno. I colleghi Daily Office Bologna, invece, illustreranno la nuova sede adiacente la stazione di Bologna ed Executive Brescia festegger\u00e0 l\u2019ampliamento della sede da 1000 a 2000 metri quadrati.<\/p>\n<p class=\" \" style=\"TEXT-ALIGN: justify; LINE-HEIGHT: 150%; BACKGROUND: white\">Per la prima volta saranno presenti in riunione i colleghi di Domiservice Roma e Roma sar\u00e0 la citt\u00e0 pi\u00f9 rappresentata con la presenza anche dei centri ufficio Immobiliare Carletto, Parco d\u00e8 Medici, Ufficio Srl, Time for Business, Executive Service. Oltre i padroni di casa del Leonardo Business Center di Formia saranno presenti i colleghi di Catania di Beasy Bureau, MB Center Modena e MB Center Turate, GIOffice Sal\u00f2, My Office Verona, Business Center Treviso, Executive Genova Milano e Brescia, World Service Milano. <\/p>\n<p class=\" \" style=\"TEXT-ALIGN: justify; LINE-HEIGHT: 150%; BACKGROUND: white\">Nel corso della riunione sar\u00e0 presentata anche una ricerca effettuata nel mese di ottobre <strong>sull\u2019attuale livello di occupazione dei centri uffici <\/strong>correlata all\u2019occupazione di inizio 2009 e a quella attesa nel 2010, saranno evidenziate, inoltre, le strategie che i centro uffici hanno intrapreso per contrastare l\u2019attuale crisi economica.<\/p>\n<p class=\" \" style=\"TEXT-ALIGN: justify; LINE-HEIGHT: 150%; BACKGROUND: white\">Si parler\u00e0 anche di tutela legale del centro uffici con l\u2019intervento del Dottor Andrea Schioppo, broker di Arag Assicurazioni, GIOffice, invece, focalizzer\u00e0 il proprio intervento su posta elettronica certificata e sicurezza informatica.<\/p>\n<p class=\" \" style=\"TEXT-ALIGN: justify; LINE-HEIGHT: 150%; BACKGROUND: white\">La cornice dei lavori sar\u00e0 il Centro di preparazione olimpica \u201cBruno Zauli\u201d, un\u2019oasi naturale al centro della citt\u00e0 di Formia che sorge sull&#8217;antico Parco Reale posizionato nella vicinanza di borghi marinari dove l&#8217;azzurro mare e le spiagge possono essere meta per soggiorni non solo di discipline sportive acquatiche (vela, surf), ma anche per tutte le altre che possono utilizzare in tutti i mesi dell&#8217;anno la spiaggia come sede di allenamento differenziato. &nbsp;La pista e le attrezzature per l&#8217;atletica leggera rappresentano il cuore pulsante di tutte le attivit\u00e0, a completare l&#8217;assistenza all&#8217;attivit\u00e0 sportiva \u00e8 presente una sala medica e una fisioterapica con sauna e idromassaggio dotata delle pi\u00f9 avanzate strumentazioni per il ripristino della fatica e la riabilitazione. Un luogo ideale dove far incontrare i Business Center italiani, dove poter fare gruppo e dove rafforzare le sinergie in essere.<\/p>\n<p class=\" \" style=\"TEXT-ALIGN: justify; LINE-HEIGHT: 150%; BACKGROUND: white\"><a href=\"http:\/\/www.ufficiarredati.it\/\">www.ufficiarredati.it<\/a>&nbsp;&nbsp; info@ufficiarredati.it &nbsp;&nbsp;Tel. 800 090 130<\/p>\n","protected":false},"excerpt":{"rendered":"<p>Treviso, 12\/11\/2009. VIII riunione dei business center del network ufficiarredati.it, appuntamento al centro sportivo Coni di Formia (Latina) il 13 e 14 novembre.<\/p>\n","protected":false},"author":10,"featured_media":0,"comment_status":"open","ping_status":"open","sticky":false,"template":"","format":"standard","meta":{"cybocfi_hide_featured_image":"","footnotes":""},"categories":[388],"tags":[10530,10531,10532,10533,10528,10529],"class_list":["post-3321","post","type-post","status-publish","format-standard","hentry","category-eventi","tag-aprire-business-center","tag-aprire-un-centro-ufficio","tag-come-noleggiare-un-ufficio","tag-network-uffici-arredati","tag-prezzi-uffici-arredati","tag-ufficiarredati"],"yoast_head":"<!-- This site is optimized with the Yoast SEO plugin v27.0 - https:\/\/yoast.com\/product\/yoast-seo-wordpress\/ -->\n<title>Hai un centro uffici o pensi di aprirlo? Appuntamento con il network Ufficiarredati.it a Formia - Article Marketing<\/title>\n<meta name=\"robots\" content=\"index, follow, max-snippet:-1, max-image-preview:large, max-video-preview:-1\" \/>\n<link rel=\"canonical\" href=\"https:\/\/www.article-marketing.eu\/comunicati\/comunicati-stampa\/eventi\/hai-un-centro-uffici-o-pensi-di-aprirlo-appuntamento-con-il-network-ufficiarredati-it-a-formia\/\" \/>\n<meta property=\"og:locale\" content=\"it_IT\" \/>\n<meta property=\"og:type\" content=\"article\" \/>\n<meta property=\"og:title\" content=\"Hai un centro uffici o pensi di aprirlo? Appuntamento con il network Ufficiarredati.it a Formia - Article Marketing\" \/>\n<meta property=\"og:description\" content=\"Treviso, 12\/11\/2009. VIII riunione dei business center del network ufficiarredati.it, appuntamento al centro sportivo Coni di Formia (Latina) il 13 e 14 novembre.\" \/>\n<meta property=\"og:url\" content=\"https:\/\/www.article-marketing.eu\/comunicati\/comunicati-stampa\/eventi\/hai-un-centro-uffici-o-pensi-di-aprirlo-appuntamento-con-il-network-ufficiarredati-it-a-formia\/\" \/>\n<meta property=\"og:site_name\" content=\"Article Marketing\" \/>\n<meta property=\"article:published_time\" content=\"2009-11-12T10:57:00+00:00\" \/>\n<meta name=\"author\" content=\"Redazione Comunicati Stampa\" \/>\n<meta name=\"twitter:card\" content=\"summary_large_image\" \/>\n<meta name=\"twitter:label1\" content=\"Scritto da\" \/>\n\t<meta name=\"twitter:data1\" content=\"Redazione Comunicati Stampa\" \/>\n\t<meta name=\"twitter:label2\" content=\"Tempo di lettura stimato\" \/>\n\t<meta name=\"twitter:data2\" content=\"3 minuti\" \/>\n<script type=\"application\/ld+json\" class=\"yoast-schema-graph\">{\"@context\":\"https:\/\/schema.org\",\"@graph\":[{\"@type\":\"Article\",\"@id\":\"https:\/\/www.article-marketing.eu\/comunicati\/comunicati-stampa\/eventi\/hai-un-centro-uffici-o-pensi-di-aprirlo-appuntamento-con-il-network-ufficiarredati-it-a-formia\/#article\",\"isPartOf\":{\"@id\":\"https:\/\/www.article-marketing.eu\/comunicati\/comunicati-stampa\/eventi\/hai-un-centro-uffici-o-pensi-di-aprirlo-appuntamento-con-il-network-ufficiarredati-it-a-formia\/\"},\"author\":{\"name\":\"Redazione Comunicati Stampa\",\"@id\":\"https:\/\/www.article-marketing.eu\/comunicati\/#\/schema\/person\/44372e4d4d0fa797b18e03ed1ace9017\"},\"headline\":\"Hai un centro uffici o pensi di aprirlo? Appuntamento con il network Ufficiarredati.it a Formia\",\"datePublished\":\"2009-11-12T10:57:00+00:00\",\"mainEntityOfPage\":{\"@id\":\"https:\/\/www.article-marketing.eu\/comunicati\/comunicati-stampa\/eventi\/hai-un-centro-uffici-o-pensi-di-aprirlo-appuntamento-con-il-network-ufficiarredati-it-a-formia\/\"},\"wordCount\":637,\"commentCount\":0,\"keywords\":[\"aprire business center\",\"aprire un centro ufficio\",\"come noleggiare un ufficio\",\"network uffici arredati\",\"prezzi uffici arredati\",\"ufficiarredati\"],\"articleSection\":[\"Eventi\"],\"inLanguage\":\"it-IT\",\"potentialAction\":[{\"@type\":\"CommentAction\",\"name\":\"Comment\",\"target\":[\"https:\/\/www.article-marketing.eu\/comunicati\/comunicati-stampa\/eventi\/hai-un-centro-uffici-o-pensi-di-aprirlo-appuntamento-con-il-network-ufficiarredati-it-a-formia\/#respond\"]}]},{\"@type\":\"WebPage\",\"@id\":\"https:\/\/www.article-marketing.eu\/comunicati\/comunicati-stampa\/eventi\/hai-un-centro-uffici-o-pensi-di-aprirlo-appuntamento-con-il-network-ufficiarredati-it-a-formia\/\",\"url\":\"https:\/\/www.article-marketing.eu\/comunicati\/comunicati-stampa\/eventi\/hai-un-centro-uffici-o-pensi-di-aprirlo-appuntamento-con-il-network-ufficiarredati-it-a-formia\/\",\"name\":\"Hai un centro uffici o pensi di aprirlo? Appuntamento con il network Ufficiarredati.it a Formia - Article Marketing\",\"isPartOf\":{\"@id\":\"https:\/\/www.article-marketing.eu\/comunicati\/#website\"},\"datePublished\":\"2009-11-12T10:57:00+00:00\",\"author\":{\"@id\":\"https:\/\/www.article-marketing.eu\/comunicati\/#\/schema\/person\/44372e4d4d0fa797b18e03ed1ace9017\"},\"breadcrumb\":{\"@id\":\"https:\/\/www.article-marketing.eu\/comunicati\/comunicati-stampa\/eventi\/hai-un-centro-uffici-o-pensi-di-aprirlo-appuntamento-con-il-network-ufficiarredati-it-a-formia\/#breadcrumb\"},\"inLanguage\":\"it-IT\",\"potentialAction\":[{\"@type\":\"ReadAction\",\"target\":[\"https:\/\/www.article-marketing.eu\/comunicati\/comunicati-stampa\/eventi\/hai-un-centro-uffici-o-pensi-di-aprirlo-appuntamento-con-il-network-ufficiarredati-it-a-formia\/\"]}]},{\"@type\":\"BreadcrumbList\",\"@id\":\"https:\/\/www.article-marketing.eu\/comunicati\/comunicati-stampa\/eventi\/hai-un-centro-uffici-o-pensi-di-aprirlo-appuntamento-con-il-network-ufficiarredati-it-a-formia\/#breadcrumb\",\"itemListElement\":[{\"@type\":\"ListItem\",\"position\":1,\"name\":\"Home\",\"item\":\"https:\/\/www.article-marketing.eu\/comunicati\/\"},{\"@type\":\"ListItem\",\"position\":2,\"name\":\"Hai un centro uffici o pensi di aprirlo? Appuntamento con il network Ufficiarredati.it a Formia\"}]},{\"@type\":\"WebSite\",\"@id\":\"https:\/\/www.article-marketing.eu\/comunicati\/#website\",\"url\":\"https:\/\/www.article-marketing.eu\/comunicati\/\",\"name\":\"Article Marketing\",\"description\":\"article marketing &amp; press release\",\"potentialAction\":[{\"@type\":\"SearchAction\",\"target\":{\"@type\":\"EntryPoint\",\"urlTemplate\":\"https:\/\/www.article-marketing.eu\/comunicati\/?s={search_term_string}\"},\"query-input\":{\"@type\":\"PropertyValueSpecification\",\"valueRequired\":true,\"valueName\":\"search_term_string\"}}],\"inLanguage\":\"it-IT\"},{\"@type\":\"Person\",\"@id\":\"https:\/\/www.article-marketing.eu\/comunicati\/#\/schema\/person\/44372e4d4d0fa797b18e03ed1ace9017\",\"name\":\"Redazione Comunicati Stampa\",\"image\":{\"@type\":\"ImageObject\",\"inLanguage\":\"it-IT\",\"@id\":\"https:\/\/www.article-marketing.eu\/comunicati\/#\/schema\/person\/image\/\",\"url\":\"https:\/\/secure.gravatar.com\/avatar\/50e5c6421d3072f42e7ace803501602c60d75233d34e29fd05feb91c8760b792?s=96&d=mm&r=g\",\"contentUrl\":\"https:\/\/secure.gravatar.com\/avatar\/50e5c6421d3072f42e7ace803501602c60d75233d34e29fd05feb91c8760b792?s=96&d=mm&r=g\",\"caption\":\"Redazione Comunicati Stampa\"},\"url\":\"https:\/\/www.article-marketing.eu\/comunicati\/author\/redazione-comunicati-stampa\/\"}]}<\/script>\n<!-- \/ Yoast SEO plugin. -->","yoast_head_json":{"title":"Hai un centro uffici o pensi di aprirlo? Appuntamento con il network Ufficiarredati.it a Formia - Article Marketing","robots":{"index":"index","follow":"follow","max-snippet":"max-snippet:-1","max-image-preview":"max-image-preview:large","max-video-preview":"max-video-preview:-1"},"canonical":"https:\/\/www.article-marketing.eu\/comunicati\/comunicati-stampa\/eventi\/hai-un-centro-uffici-o-pensi-di-aprirlo-appuntamento-con-il-network-ufficiarredati-it-a-formia\/","og_locale":"it_IT","og_type":"article","og_title":"Hai un centro uffici o pensi di aprirlo? Appuntamento con il network Ufficiarredati.it a Formia - Article Marketing","og_description":"Treviso, 12\/11\/2009. VIII riunione dei business center del network ufficiarredati.it, appuntamento al centro sportivo Coni di Formia (Latina) il 13 e 14 novembre.","og_url":"https:\/\/www.article-marketing.eu\/comunicati\/comunicati-stampa\/eventi\/hai-un-centro-uffici-o-pensi-di-aprirlo-appuntamento-con-il-network-ufficiarredati-it-a-formia\/","og_site_name":"Article Marketing","article_published_time":"2009-11-12T10:57:00+00:00","author":"Redazione Comunicati Stampa","twitter_card":"summary_large_image","twitter_misc":{"Scritto da":"Redazione Comunicati Stampa","Tempo di lettura stimato":"3 minuti"},"schema":{"@context":"https:\/\/schema.org","@graph":[{"@type":"Article","@id":"https:\/\/www.article-marketing.eu\/comunicati\/comunicati-stampa\/eventi\/hai-un-centro-uffici-o-pensi-di-aprirlo-appuntamento-con-il-network-ufficiarredati-it-a-formia\/#article","isPartOf":{"@id":"https:\/\/www.article-marketing.eu\/comunicati\/comunicati-stampa\/eventi\/hai-un-centro-uffici-o-pensi-di-aprirlo-appuntamento-con-il-network-ufficiarredati-it-a-formia\/"},"author":{"name":"Redazione Comunicati Stampa","@id":"https:\/\/www.article-marketing.eu\/comunicati\/#\/schema\/person\/44372e4d4d0fa797b18e03ed1ace9017"},"headline":"Hai un centro uffici o pensi di aprirlo? Appuntamento con il network Ufficiarredati.it a Formia","datePublished":"2009-11-12T10:57:00+00:00","mainEntityOfPage":{"@id":"https:\/\/www.article-marketing.eu\/comunicati\/comunicati-stampa\/eventi\/hai-un-centro-uffici-o-pensi-di-aprirlo-appuntamento-con-il-network-ufficiarredati-it-a-formia\/"},"wordCount":637,"commentCount":0,"keywords":["aprire business center","aprire un centro ufficio","come noleggiare un ufficio","network uffici arredati","prezzi uffici arredati","ufficiarredati"],"articleSection":["Eventi"],"inLanguage":"it-IT","potentialAction":[{"@type":"CommentAction","name":"Comment","target":["https:\/\/www.article-marketing.eu\/comunicati\/comunicati-stampa\/eventi\/hai-un-centro-uffici-o-pensi-di-aprirlo-appuntamento-con-il-network-ufficiarredati-it-a-formia\/#respond"]}]},{"@type":"WebPage","@id":"https:\/\/www.article-marketing.eu\/comunicati\/comunicati-stampa\/eventi\/hai-un-centro-uffici-o-pensi-di-aprirlo-appuntamento-con-il-network-ufficiarredati-it-a-formia\/","url":"https:\/\/www.article-marketing.eu\/comunicati\/comunicati-stampa\/eventi\/hai-un-centro-uffici-o-pensi-di-aprirlo-appuntamento-con-il-network-ufficiarredati-it-a-formia\/","name":"Hai un centro uffici o pensi di aprirlo? Appuntamento con il network Ufficiarredati.it a Formia - Article Marketing","isPartOf":{"@id":"https:\/\/www.article-marketing.eu\/comunicati\/#website"},"datePublished":"2009-11-12T10:57:00+00:00","author":{"@id":"https:\/\/www.article-marketing.eu\/comunicati\/#\/schema\/person\/44372e4d4d0fa797b18e03ed1ace9017"},"breadcrumb":{"@id":"https:\/\/www.article-marketing.eu\/comunicati\/comunicati-stampa\/eventi\/hai-un-centro-uffici-o-pensi-di-aprirlo-appuntamento-con-il-network-ufficiarredati-it-a-formia\/#breadcrumb"},"inLanguage":"it-IT","potentialAction":[{"@type":"ReadAction","target":["https:\/\/www.article-marketing.eu\/comunicati\/comunicati-stampa\/eventi\/hai-un-centro-uffici-o-pensi-di-aprirlo-appuntamento-con-il-network-ufficiarredati-it-a-formia\/"]}]},{"@type":"BreadcrumbList","@id":"https:\/\/www.article-marketing.eu\/comunicati\/comunicati-stampa\/eventi\/hai-un-centro-uffici-o-pensi-di-aprirlo-appuntamento-con-il-network-ufficiarredati-it-a-formia\/#breadcrumb","itemListElement":[{"@type":"ListItem","position":1,"name":"Home","item":"https:\/\/www.article-marketing.eu\/comunicati\/"},{"@type":"ListItem","position":2,"name":"Hai un centro uffici o pensi di aprirlo? Appuntamento con il network Ufficiarredati.it a Formia"}]},{"@type":"WebSite","@id":"https:\/\/www.article-marketing.eu\/comunicati\/#website","url":"https:\/\/www.article-marketing.eu\/comunicati\/","name":"Article Marketing","description":"article marketing &amp; press release","potentialAction":[{"@type":"SearchAction","target":{"@type":"EntryPoint","urlTemplate":"https:\/\/www.article-marketing.eu\/comunicati\/?s={search_term_string}"},"query-input":{"@type":"PropertyValueSpecification","valueRequired":true,"valueName":"search_term_string"}}],"inLanguage":"it-IT"},{"@type":"Person","@id":"https:\/\/www.article-marketing.eu\/comunicati\/#\/schema\/person\/44372e4d4d0fa797b18e03ed1ace9017","name":"Redazione Comunicati Stampa","image":{"@type":"ImageObject","inLanguage":"it-IT","@id":"https:\/\/www.article-marketing.eu\/comunicati\/#\/schema\/person\/image\/","url":"https:\/\/secure.gravatar.com\/avatar\/50e5c6421d3072f42e7ace803501602c60d75233d34e29fd05feb91c8760b792?s=96&d=mm&r=g","contentUrl":"https:\/\/secure.gravatar.com\/avatar\/50e5c6421d3072f42e7ace803501602c60d75233d34e29fd05feb91c8760b792?s=96&d=mm&r=g","caption":"Redazione Comunicati Stampa"},"url":"https:\/\/www.article-marketing.eu\/comunicati\/author\/redazione-comunicati-stampa\/"}]}},"_links":{"self":[{"href":"https:\/\/www.article-marketing.eu\/comunicati\/wp-json\/wp\/v2\/posts\/3321","targetHints":{"allow":["GET"]}}],"collection":[{"href":"https:\/\/www.article-marketing.eu\/comunicati\/wp-json\/wp\/v2\/posts"}],"about":[{"href":"https:\/\/www.article-marketing.eu\/comunicati\/wp-json\/wp\/v2\/types\/post"}],"author":[{"embeddable":true,"href":"https:\/\/www.article-marketing.eu\/comunicati\/wp-json\/wp\/v2\/users\/10"}],"replies":[{"embeddable":true,"href":"https:\/\/www.article-marketing.eu\/comunicati\/wp-json\/wp\/v2\/comments?post=3321"}],"version-history":[{"count":0,"href":"https:\/\/www.article-marketing.eu\/comunicati\/wp-json\/wp\/v2\/posts\/3321\/revisions"}],"wp:attachment":[{"href":"https:\/\/www.article-marketing.eu\/comunicati\/wp-json\/wp\/v2\/media?parent=3321"}],"wp:term":[{"taxonomy":"category","embeddable":true,"href":"https:\/\/www.article-marketing.eu\/comunicati\/wp-json\/wp\/v2\/categories?post=3321"},{"taxonomy":"post_tag","embeddable":true,"href":"https:\/\/www.article-marketing.eu\/comunicati\/wp-json\/wp\/v2\/tags?post=3321"}],"curies":[{"name":"wp","href":"https:\/\/api.w.org\/{rel}","templated":true}]}}