{"id":3333,"date":"2009-11-13T15:56:05","date_gmt":"2009-11-13T14:56:05","guid":{"rendered":"http:\/\/www.article-marketing.eu\/comunicati\/senza-categoria\/cessione-del-quinto-per-dipendenti-del-gruppo-eni\/"},"modified":"2018-07-10T05:26:53","modified_gmt":"2018-07-10T03:26:53","slug":"cessione-del-quinto-per-dipendenti-del-gruppo-eni","status":"publish","type":"post","link":"https:\/\/www.article-marketing.eu\/comunicati\/economia-e-lavoro\/attivita-commerciali\/cessione-del-quinto-per-dipendenti-del-gruppo-eni\/","title":{"rendered":"CESSIONE DEL QUINTO PER DIPENDENTI DEL GRUPPO ENI"},"content":{"rendered":"<p class=\"titoloblu\"><strong>CESSIONE DEL QUINTO PER DIPENDENTI DEL GRUPPO ENI<\/strong><\/p>\n<p>&nbsp;<\/p>\n<p>Tra i dipendenti che possono accedere ai <strong>prestiti<\/strong> tramite <strong>cessione del quinto<\/strong>, (guarda il video) sono comprese anche tutte le aziende parapubbliche.<br \/>Una di queste \u00e8 sicuramente il Gruppo <strong>Eni (Snam Rete Gas, Saipem, Agip, Italgas, Snamprogetti, Syndial, Polimeri Europa, Enipower, Tecnomare ecc),<\/strong> che ha concesso ai propri dipendenti la possibilit\u00e0 di fare tranquillamente richiesta per un <strong>finanziamento<\/strong> tramite <strong>cessione del quinto dello stipendio (guarda il video)<\/strong><br \/>In questo modo i <strong>dipendenti del Gruppo Eni<\/strong> potranno avere condizioni agevolate, come un tasso d&#8217;interesse migliore rispetto a quello stabilito per le aziende private medio\/piccole.<br \/>Inoltre c&#8217;\u00e8 la possibilit\u00e0 di far richiesta di un <strong>prestito<\/strong> con <strong>cessione del quinto<\/strong> anche con bassa anzianit\u00e0 di servizio senza dover trovarsi a sottostare al rapporto tra montante e TFR.<\/p>\n<p>In poche parole per attivare la pratica bastano poche e semplici mosse:<\/p>\n<p>1)&nbsp;&nbsp;&nbsp;&nbsp; Prendere contatto con <strong>PrestitoaStatali.it<\/strong> che inoltrer\u00e0 richiesta alla ditta di un certificato di stipendio, attestante il tipo di contratto di lavoro e il livello stipendiale;<\/p>\n<p>&nbsp;<\/p>\n<p>2)&nbsp;&nbsp;&nbsp;&nbsp; Con il certificato assieme alla busta paga e i documenti identificativi si realizzer\u00e0 il preventivo pi\u00f9 comodo e congeniale per il dipendente.<\/p>\n<p>&nbsp;<\/p>\n<p>3)&nbsp;&nbsp;&nbsp;&nbsp; Dopo che il richiedente ha deciso il preventivo pi\u00f9 conveniente verranno spediti i contratti da firmare in modo da poterli visionare in tutta serenit\u00e0;<\/p>\n<p>&nbsp;<\/p>\n<p>4)&nbsp;&nbsp;&nbsp;&nbsp; Il dipendente dovr\u00e0 spedire a <strong>www.prestitoastatali.it<\/strong> i contratti sottoscritti.<\/p>\n<p>&nbsp;<\/p>\n<p>5)&nbsp;&nbsp;&nbsp;&nbsp; Infine verr\u00e0 spedito il contratto di <strong>cessione del quinto<\/strong> all&#8217;amministrazione Eni di appartenenza.<br \/>Che sar\u00e0 firmato dal datore di lavoro, in modo tale da poter cominciare la trattenuta della rata sulla busta paga;<\/p>\n<p>&nbsp;<\/p>\n<p>6)&nbsp;&nbsp;&nbsp;&nbsp; Alla ricezione dell&#8217;atto di benestare sar\u00e0 erogato il finanziamento con bonifico bancario o assegno circolare.<\/p>\n<p>&nbsp;<\/p>\n<p>Questo procedimento \u00e8 molto semplice e non comporta particolari iter burocratici, in questo modo, infatti, tutti i dipendenti del <strong>Gruppo Eni <\/strong><strong>(Snam Rete Gas, Saipem, Agip, Italgas, Snamprogetti, Syndial, Polimeri Europa, Enipower, Tecnomare<\/strong> ecc) potranno richiederlo in tutta sicurezza eserenit\u00e0.<\/p>\n<p>Claudio Arn&nbsp;&nbsp;&nbsp;&nbsp;. Co-Fondatore di <strong>PrestitoaStatali.it<\/strong><\/p>\n","protected":false},"excerpt":{"rendered":"<p>In questo modo i dipendenti del Gruppo Eni potranno avere condizioni agevolate, come un tasso d&#8217;interesse migliore rispetto a quello stabilito per le aziende private medio\/piccole.<br \/>\nInoltre c&#8217;\u00e8 la possibilit\u00e0 di far richiesta di un prestito con cessione del quinto anche con bassa anzianit\u00e0 di servizio senza dover trovarsi a sottostare al rapporto tra montante e TFR.<\/p>\n","protected":false},"author":10,"featured_media":0,"comment_status":"open","ping_status":"open","sticky":false,"template":"","format":"standard","meta":{"cybocfi_hide_featured_image":"","footnotes":""},"categories":[413],"tags":[5551,10024,548,9805,549],"class_list":["post-3333","post","type-post","status-publish","format-standard","hentry","category-attivita-commerciali","tag-cessione","tag-dipendenti","tag-finanziamenti","tag-inpdap","tag-prestiti"],"yoast_head":"<!-- This site is optimized with the Yoast SEO plugin v27.0 - https:\/\/yoast.com\/product\/yoast-seo-wordpress\/ -->\n<title>CESSIONE DEL QUINTO PER DIPENDENTI DEL GRUPPO ENI - Article Marketing<\/title>\n<meta name=\"robots\" content=\"index, follow, max-snippet:-1, max-image-preview:large, max-video-preview:-1\" \/>\n<link rel=\"canonical\" href=\"https:\/\/www.article-marketing.eu\/comunicati\/economia-e-lavoro\/attivita-commerciali\/cessione-del-quinto-per-dipendenti-del-gruppo-eni\/\" \/>\n<meta property=\"og:locale\" content=\"it_IT\" \/>\n<meta property=\"og:type\" content=\"article\" \/>\n<meta property=\"og:title\" content=\"CESSIONE DEL QUINTO PER DIPENDENTI DEL GRUPPO ENI - Article Marketing\" \/>\n<meta property=\"og:description\" content=\"In questo modo i dipendenti del Gruppo Eni potranno avere condizioni agevolate, come un tasso d&#039;interesse migliore rispetto a quello stabilito per le aziende private medio\/piccole. Inoltre c&#039;\u00e8 la possibilit\u00e0 di far richiesta di un prestito con cessione del quinto anche con bassa anzianit\u00e0 di servizio senza dover trovarsi a sottostare al rapporto tra montante e TFR.\" \/>\n<meta property=\"og:url\" content=\"https:\/\/www.article-marketing.eu\/comunicati\/economia-e-lavoro\/attivita-commerciali\/cessione-del-quinto-per-dipendenti-del-gruppo-eni\/\" \/>\n<meta property=\"og:site_name\" content=\"Article Marketing\" \/>\n<meta property=\"article:published_time\" content=\"2009-11-13T14:56:05+00:00\" \/>\n<meta property=\"article:modified_time\" content=\"2018-07-10T03:26:53+00:00\" \/>\n<meta name=\"author\" content=\"Redazione Comunicati Stampa\" \/>\n<meta name=\"twitter:card\" content=\"summary_large_image\" \/>\n<meta name=\"twitter:label1\" content=\"Scritto da\" \/>\n\t<meta name=\"twitter:data1\" content=\"Redazione Comunicati Stampa\" \/>\n\t<meta name=\"twitter:label2\" content=\"Tempo di lettura stimato\" \/>\n\t<meta name=\"twitter:data2\" content=\"2 minuti\" \/>\n<script type=\"application\/ld+json\" class=\"yoast-schema-graph\">{\"@context\":\"https:\/\/schema.org\",\"@graph\":[{\"@type\":\"Article\",\"@id\":\"https:\/\/www.article-marketing.eu\/comunicati\/economia-e-lavoro\/attivita-commerciali\/cessione-del-quinto-per-dipendenti-del-gruppo-eni\/#article\",\"isPartOf\":{\"@id\":\"https:\/\/www.article-marketing.eu\/comunicati\/economia-e-lavoro\/attivita-commerciali\/cessione-del-quinto-per-dipendenti-del-gruppo-eni\/\"},\"author\":{\"name\":\"Redazione Comunicati Stampa\",\"@id\":\"https:\/\/www.article-marketing.eu\/comunicati\/#\/schema\/person\/44372e4d4d0fa797b18e03ed1ace9017\"},\"headline\":\"CESSIONE DEL QUINTO PER DIPENDENTI DEL GRUPPO ENI\",\"datePublished\":\"2009-11-13T14:56:05+00:00\",\"dateModified\":\"2018-07-10T03:26:53+00:00\",\"mainEntityOfPage\":{\"@id\":\"https:\/\/www.article-marketing.eu\/comunicati\/economia-e-lavoro\/attivita-commerciali\/cessione-del-quinto-per-dipendenti-del-gruppo-eni\/\"},\"wordCount\":363,\"commentCount\":0,\"keywords\":[\"cessione\",\"dipendenti\",\"finanziamenti\",\"inpdap\",\"prestiti\"],\"articleSection\":[\"Attivit\u00e0 Commerciali\"],\"inLanguage\":\"it-IT\",\"potentialAction\":[{\"@type\":\"CommentAction\",\"name\":\"Comment\",\"target\":[\"https:\/\/www.article-marketing.eu\/comunicati\/economia-e-lavoro\/attivita-commerciali\/cessione-del-quinto-per-dipendenti-del-gruppo-eni\/#respond\"]}]},{\"@type\":\"WebPage\",\"@id\":\"https:\/\/www.article-marketing.eu\/comunicati\/economia-e-lavoro\/attivita-commerciali\/cessione-del-quinto-per-dipendenti-del-gruppo-eni\/\",\"url\":\"https:\/\/www.article-marketing.eu\/comunicati\/economia-e-lavoro\/attivita-commerciali\/cessione-del-quinto-per-dipendenti-del-gruppo-eni\/\",\"name\":\"CESSIONE DEL QUINTO PER DIPENDENTI DEL GRUPPO ENI - Article Marketing\",\"isPartOf\":{\"@id\":\"https:\/\/www.article-marketing.eu\/comunicati\/#website\"},\"datePublished\":\"2009-11-13T14:56:05+00:00\",\"dateModified\":\"2018-07-10T03:26:53+00:00\",\"author\":{\"@id\":\"https:\/\/www.article-marketing.eu\/comunicati\/#\/schema\/person\/44372e4d4d0fa797b18e03ed1ace9017\"},\"breadcrumb\":{\"@id\":\"https:\/\/www.article-marketing.eu\/comunicati\/economia-e-lavoro\/attivita-commerciali\/cessione-del-quinto-per-dipendenti-del-gruppo-eni\/#breadcrumb\"},\"inLanguage\":\"it-IT\",\"potentialAction\":[{\"@type\":\"ReadAction\",\"target\":[\"https:\/\/www.article-marketing.eu\/comunicati\/economia-e-lavoro\/attivita-commerciali\/cessione-del-quinto-per-dipendenti-del-gruppo-eni\/\"]}]},{\"@type\":\"BreadcrumbList\",\"@id\":\"https:\/\/www.article-marketing.eu\/comunicati\/economia-e-lavoro\/attivita-commerciali\/cessione-del-quinto-per-dipendenti-del-gruppo-eni\/#breadcrumb\",\"itemListElement\":[{\"@type\":\"ListItem\",\"position\":1,\"name\":\"Home\",\"item\":\"https:\/\/www.article-marketing.eu\/comunicati\/\"},{\"@type\":\"ListItem\",\"position\":2,\"name\":\"CESSIONE DEL QUINTO PER DIPENDENTI DEL GRUPPO ENI\"}]},{\"@type\":\"WebSite\",\"@id\":\"https:\/\/www.article-marketing.eu\/comunicati\/#website\",\"url\":\"https:\/\/www.article-marketing.eu\/comunicati\/\",\"name\":\"Article Marketing\",\"description\":\"article marketing &amp; press release\",\"potentialAction\":[{\"@type\":\"SearchAction\",\"target\":{\"@type\":\"EntryPoint\",\"urlTemplate\":\"https:\/\/www.article-marketing.eu\/comunicati\/?s={search_term_string}\"},\"query-input\":{\"@type\":\"PropertyValueSpecification\",\"valueRequired\":true,\"valueName\":\"search_term_string\"}}],\"inLanguage\":\"it-IT\"},{\"@type\":\"Person\",\"@id\":\"https:\/\/www.article-marketing.eu\/comunicati\/#\/schema\/person\/44372e4d4d0fa797b18e03ed1ace9017\",\"name\":\"Redazione Comunicati Stampa\",\"image\":{\"@type\":\"ImageObject\",\"inLanguage\":\"it-IT\",\"@id\":\"https:\/\/www.article-marketing.eu\/comunicati\/#\/schema\/person\/image\/\",\"url\":\"https:\/\/secure.gravatar.com\/avatar\/50e5c6421d3072f42e7ace803501602c60d75233d34e29fd05feb91c8760b792?s=96&d=mm&r=g\",\"contentUrl\":\"https:\/\/secure.gravatar.com\/avatar\/50e5c6421d3072f42e7ace803501602c60d75233d34e29fd05feb91c8760b792?s=96&d=mm&r=g\",\"caption\":\"Redazione Comunicati Stampa\"},\"url\":\"https:\/\/www.article-marketing.eu\/comunicati\/author\/redazione-comunicati-stampa\/\"}]}<\/script>\n<!-- \/ Yoast SEO plugin. -->","yoast_head_json":{"title":"CESSIONE DEL QUINTO PER DIPENDENTI DEL GRUPPO ENI - Article Marketing","robots":{"index":"index","follow":"follow","max-snippet":"max-snippet:-1","max-image-preview":"max-image-preview:large","max-video-preview":"max-video-preview:-1"},"canonical":"https:\/\/www.article-marketing.eu\/comunicati\/economia-e-lavoro\/attivita-commerciali\/cessione-del-quinto-per-dipendenti-del-gruppo-eni\/","og_locale":"it_IT","og_type":"article","og_title":"CESSIONE DEL QUINTO PER DIPENDENTI DEL GRUPPO ENI - Article Marketing","og_description":"In questo modo i dipendenti del Gruppo Eni potranno avere condizioni agevolate, come un tasso d'interesse migliore rispetto a quello stabilito per le aziende private medio\/piccole. Inoltre c'\u00e8 la possibilit\u00e0 di far richiesta di un prestito con cessione del quinto anche con bassa anzianit\u00e0 di servizio senza dover trovarsi a sottostare al rapporto tra montante e TFR.","og_url":"https:\/\/www.article-marketing.eu\/comunicati\/economia-e-lavoro\/attivita-commerciali\/cessione-del-quinto-per-dipendenti-del-gruppo-eni\/","og_site_name":"Article Marketing","article_published_time":"2009-11-13T14:56:05+00:00","article_modified_time":"2018-07-10T03:26:53+00:00","author":"Redazione Comunicati Stampa","twitter_card":"summary_large_image","twitter_misc":{"Scritto da":"Redazione Comunicati Stampa","Tempo di lettura stimato":"2 minuti"},"schema":{"@context":"https:\/\/schema.org","@graph":[{"@type":"Article","@id":"https:\/\/www.article-marketing.eu\/comunicati\/economia-e-lavoro\/attivita-commerciali\/cessione-del-quinto-per-dipendenti-del-gruppo-eni\/#article","isPartOf":{"@id":"https:\/\/www.article-marketing.eu\/comunicati\/economia-e-lavoro\/attivita-commerciali\/cessione-del-quinto-per-dipendenti-del-gruppo-eni\/"},"author":{"name":"Redazione Comunicati Stampa","@id":"https:\/\/www.article-marketing.eu\/comunicati\/#\/schema\/person\/44372e4d4d0fa797b18e03ed1ace9017"},"headline":"CESSIONE DEL QUINTO PER DIPENDENTI DEL GRUPPO ENI","datePublished":"2009-11-13T14:56:05+00:00","dateModified":"2018-07-10T03:26:53+00:00","mainEntityOfPage":{"@id":"https:\/\/www.article-marketing.eu\/comunicati\/economia-e-lavoro\/attivita-commerciali\/cessione-del-quinto-per-dipendenti-del-gruppo-eni\/"},"wordCount":363,"commentCount":0,"keywords":["cessione","dipendenti","finanziamenti","inpdap","prestiti"],"articleSection":["Attivit\u00e0 Commerciali"],"inLanguage":"it-IT","potentialAction":[{"@type":"CommentAction","name":"Comment","target":["https:\/\/www.article-marketing.eu\/comunicati\/economia-e-lavoro\/attivita-commerciali\/cessione-del-quinto-per-dipendenti-del-gruppo-eni\/#respond"]}]},{"@type":"WebPage","@id":"https:\/\/www.article-marketing.eu\/comunicati\/economia-e-lavoro\/attivita-commerciali\/cessione-del-quinto-per-dipendenti-del-gruppo-eni\/","url":"https:\/\/www.article-marketing.eu\/comunicati\/economia-e-lavoro\/attivita-commerciali\/cessione-del-quinto-per-dipendenti-del-gruppo-eni\/","name":"CESSIONE DEL QUINTO PER DIPENDENTI DEL GRUPPO ENI - Article Marketing","isPartOf":{"@id":"https:\/\/www.article-marketing.eu\/comunicati\/#website"},"datePublished":"2009-11-13T14:56:05+00:00","dateModified":"2018-07-10T03:26:53+00:00","author":{"@id":"https:\/\/www.article-marketing.eu\/comunicati\/#\/schema\/person\/44372e4d4d0fa797b18e03ed1ace9017"},"breadcrumb":{"@id":"https:\/\/www.article-marketing.eu\/comunicati\/economia-e-lavoro\/attivita-commerciali\/cessione-del-quinto-per-dipendenti-del-gruppo-eni\/#breadcrumb"},"inLanguage":"it-IT","potentialAction":[{"@type":"ReadAction","target":["https:\/\/www.article-marketing.eu\/comunicati\/economia-e-lavoro\/attivita-commerciali\/cessione-del-quinto-per-dipendenti-del-gruppo-eni\/"]}]},{"@type":"BreadcrumbList","@id":"https:\/\/www.article-marketing.eu\/comunicati\/economia-e-lavoro\/attivita-commerciali\/cessione-del-quinto-per-dipendenti-del-gruppo-eni\/#breadcrumb","itemListElement":[{"@type":"ListItem","position":1,"name":"Home","item":"https:\/\/www.article-marketing.eu\/comunicati\/"},{"@type":"ListItem","position":2,"name":"CESSIONE DEL QUINTO PER DIPENDENTI DEL GRUPPO ENI"}]},{"@type":"WebSite","@id":"https:\/\/www.article-marketing.eu\/comunicati\/#website","url":"https:\/\/www.article-marketing.eu\/comunicati\/","name":"Article Marketing","description":"article marketing &amp; press release","potentialAction":[{"@type":"SearchAction","target":{"@type":"EntryPoint","urlTemplate":"https:\/\/www.article-marketing.eu\/comunicati\/?s={search_term_string}"},"query-input":{"@type":"PropertyValueSpecification","valueRequired":true,"valueName":"search_term_string"}}],"inLanguage":"it-IT"},{"@type":"Person","@id":"https:\/\/www.article-marketing.eu\/comunicati\/#\/schema\/person\/44372e4d4d0fa797b18e03ed1ace9017","name":"Redazione Comunicati Stampa","image":{"@type":"ImageObject","inLanguage":"it-IT","@id":"https:\/\/www.article-marketing.eu\/comunicati\/#\/schema\/person\/image\/","url":"https:\/\/secure.gravatar.com\/avatar\/50e5c6421d3072f42e7ace803501602c60d75233d34e29fd05feb91c8760b792?s=96&d=mm&r=g","contentUrl":"https:\/\/secure.gravatar.com\/avatar\/50e5c6421d3072f42e7ace803501602c60d75233d34e29fd05feb91c8760b792?s=96&d=mm&r=g","caption":"Redazione Comunicati Stampa"},"url":"https:\/\/www.article-marketing.eu\/comunicati\/author\/redazione-comunicati-stampa\/"}]}},"_links":{"self":[{"href":"https:\/\/www.article-marketing.eu\/comunicati\/wp-json\/wp\/v2\/posts\/3333","targetHints":{"allow":["GET"]}}],"collection":[{"href":"https:\/\/www.article-marketing.eu\/comunicati\/wp-json\/wp\/v2\/posts"}],"about":[{"href":"https:\/\/www.article-marketing.eu\/comunicati\/wp-json\/wp\/v2\/types\/post"}],"author":[{"embeddable":true,"href":"https:\/\/www.article-marketing.eu\/comunicati\/wp-json\/wp\/v2\/users\/10"}],"replies":[{"embeddable":true,"href":"https:\/\/www.article-marketing.eu\/comunicati\/wp-json\/wp\/v2\/comments?post=3333"}],"version-history":[{"count":2,"href":"https:\/\/www.article-marketing.eu\/comunicati\/wp-json\/wp\/v2\/posts\/3333\/revisions"}],"predecessor-version":[{"id":61542,"href":"https:\/\/www.article-marketing.eu\/comunicati\/wp-json\/wp\/v2\/posts\/3333\/revisions\/61542"}],"wp:attachment":[{"href":"https:\/\/www.article-marketing.eu\/comunicati\/wp-json\/wp\/v2\/media?parent=3333"}],"wp:term":[{"taxonomy":"category","embeddable":true,"href":"https:\/\/www.article-marketing.eu\/comunicati\/wp-json\/wp\/v2\/categories?post=3333"},{"taxonomy":"post_tag","embeddable":true,"href":"https:\/\/www.article-marketing.eu\/comunicati\/wp-json\/wp\/v2\/tags?post=3333"}],"curies":[{"name":"wp","href":"https:\/\/api.w.org\/{rel}","templated":true}]}}