{"id":3334,"date":"2009-11-13T16:25:22","date_gmt":"2009-11-13T15:25:22","guid":{"rendered":"http:\/\/www.article-marketing.eu\/comunicati\/senza-categoria\/storie-di-auto-classiche-e-modelli-bmw\/"},"modified":"2018-07-10T05:26:54","modified_gmt":"2018-07-10T03:26:54","slug":"storie-di-auto-classiche-e-modelli-bmw","status":"publish","type":"post","link":"https:\/\/www.article-marketing.eu\/comunicati\/motori\/auto\/storie-di-auto-classiche-e-modelli-bmw\/","title":{"rendered":"Storie di auto classiche e modelli &#8211; BMW"},"content":{"rendered":"<p style=\"text-align: center;\"><br class=\"Apple-interchange-newline\" \/><\/p>\n<p style=\"text-align: center;\">&nbsp;<\/p>\n<p><strong>BMW<\/strong><\/p>\n<p><strong>Storia<\/strong>Le origine della societ\u00e0 risalgono al 1913, quando un bavarese di nome Kark Rapp inizi\u00f3 un commercio di motori per aerei a Monaco di Baviera, con il nome Rapp Motoren Werke. Nel 1917 Rapp diede le dimissioni e la societ\u00e0, guidata da un ingegnere austriaco di nome Franz-Joseph Popp, cambi\u00f3 il suo nome in Bayerische Motoren Werke. Nello stesso anno, il capo ingegnere Max Friz disegn\u00f3 il primo motore per aerei, un modello a sei cilindri che cre\u00f3 una forte domanda per i motori BMW. Quando il Trattato di Versailles del 1919 proib\u00ed alla Germania di produrre aerei e motori per aerei, la BMW convert\u00ed la produzione verso i freni ad aria compressa per vagoni ferroviari. Nel 1923 Friz svilupp\u00f3 la prima motocicletta della societ\u00e0, il modello R32, che vinse diversi records mondiali di velocit\u00e0 per motociclette durante quasi tutti gli anni trenta.Nel 1928 la societ\u00e0 fece la sua entrata nel business delle automobili grazie all&#8217;acquisizione della Fahrzeugwerke Eisenach, un produttore di piccole auto con sede ad Eisenach, in Germania. Negli anni trenta la BMW inizi\u00f3 la produzione di una linea di auto da turismo di maggiori dimensioni e di auto sportive, introducendo nel 1936 il modello 328 che ebbe un grandissimo successo tra le auto sportive.&nbsp;Con la fine della seconda guerra mondiale nel 1945, le forze alleate smantellarono molte delle principali fabbriche della societ\u00e0. La BMW in quegli anni produceva utensili per cucine e giardini, prima di presentare al mercato tedesco nel 1948 un nuovo modello di motocicletta, molto economico. La societ\u00e0 ritorn\u00f3 alla produzione di auto nel 1950 ma le vendite furono scarse. Nel 1960 la fortuna della societ\u00e0 inizi\u00f3 finalmente a girare. La societ\u00e0 decise di concentrare i propri sforzi sulle auto berline sportive e auto da turismo compatte e inizi\u00f3 a competere con la Mercedes Benz nel segmento del lusso in Europa e negli Stati Uniti. Le vendite negli Stati Uniti raggiunsero un picco nel 1986 ma scesero poi in modo molto consistente a causa della concorrenza di due nuovi modelli di auto di lusso: la Lexus prodotta dalla Toyota&nbsp;Motor e l&#8217;Infiniti prodotta dalla Nissan Motor.&nbsp;Con la caduta del muro di Berlino nel 1989 la vendita di auto in Europa conobbe un vero e proprio boom e per la prima volta, nel 1992, la BMW super\u00f3 nelle vendite europee la Mercedes Benz.Nel 1990 la BMW aveva formato una joint venture con la Rolls Royce PLC, una societ\u00e0 aerospaziale britannica, per la produzione di motori per i business jets. Nel 1992 costru\u00ed la prima fabbrica negli Stati Uniti, a Spartanburg. Nel 1994 BMW acquist\u00f3 l&#8217;80% della Rover Group, produttore britannico di auto di piccole dimensione e di lusso,&nbsp;e della Land Rover, dalla British Aerospace PLC. L&#8217;acquisizione, dal valore di 1.2 milioni di dollari, valse a BMW l&#8217;entrata in nuovi mercati.&nbsp;<\/p>\n","protected":false},"excerpt":{"rendered":"<p>Le origine della societ\u00e0 risalgono al 1913, quando un bavarese di nome Kark Rapp inizi\u00f3 un commercio di motori per aerei a Monaco di Baviera, con il nome Rapp Motoren Werke. Nel 1917 Rapp diede le dimissioni e la societ\u00e0, guidata da un ingegnere austriaco di nome Franz-Joseph Popp, cambi\u00f3 il suo nome in Bayerische Motoren Werke.<\/p>\n","protected":false},"author":10,"featured_media":0,"comment_status":"open","ping_status":"open","sticky":false,"template":"","format":"standard","meta":{"cybocfi_hide_featured_image":"","footnotes":""},"categories":[352],"tags":[5617,10189,1845,170],"class_list":["post-3334","post","type-post","status-publish","format-standard","hentry","category-auto","tag-auto-depoca","tag-autodepocaclub-it","tag-bmw","tag-storia"],"yoast_head":"<!-- This site is optimized with the Yoast SEO plugin v27.0 - https:\/\/yoast.com\/product\/yoast-seo-wordpress\/ -->\n<title>Storie di auto classiche e modelli - BMW - Article Marketing<\/title>\n<meta name=\"robots\" content=\"index, follow, max-snippet:-1, max-image-preview:large, max-video-preview:-1\" \/>\n<link rel=\"canonical\" href=\"https:\/\/www.article-marketing.eu\/comunicati\/motori\/auto\/storie-di-auto-classiche-e-modelli-bmw\/\" \/>\n<meta property=\"og:locale\" content=\"it_IT\" \/>\n<meta property=\"og:type\" content=\"article\" \/>\n<meta property=\"og:title\" content=\"Storie di auto classiche e modelli - BMW - Article Marketing\" \/>\n<meta property=\"og:description\" content=\"Le origine della societ\u00e0 risalgono al 1913, quando un bavarese di nome Kark Rapp inizi\u00f3 un commercio di motori per aerei a Monaco di Baviera, con il nome Rapp Motoren Werke. Nel 1917 Rapp diede le dimissioni e la societ\u00e0, guidata da un ingegnere austriaco di nome Franz-Joseph Popp, cambi\u00f3 il suo nome in Bayerische Motoren Werke.\" \/>\n<meta property=\"og:url\" content=\"https:\/\/www.article-marketing.eu\/comunicati\/motori\/auto\/storie-di-auto-classiche-e-modelli-bmw\/\" \/>\n<meta property=\"og:site_name\" content=\"Article Marketing\" \/>\n<meta property=\"article:published_time\" content=\"2009-11-13T15:25:22+00:00\" \/>\n<meta property=\"article:modified_time\" content=\"2018-07-10T03:26:54+00:00\" \/>\n<meta name=\"author\" content=\"Redazione Comunicati Stampa\" \/>\n<meta name=\"twitter:card\" content=\"summary_large_image\" \/>\n<meta name=\"twitter:label1\" content=\"Scritto da\" \/>\n\t<meta name=\"twitter:data1\" content=\"Redazione Comunicati Stampa\" \/>\n\t<meta name=\"twitter:label2\" content=\"Tempo di lettura stimato\" \/>\n\t<meta name=\"twitter:data2\" content=\"2 minuti\" \/>\n<script type=\"application\/ld+json\" class=\"yoast-schema-graph\">{\"@context\":\"https:\/\/schema.org\",\"@graph\":[{\"@type\":\"Article\",\"@id\":\"https:\/\/www.article-marketing.eu\/comunicati\/motori\/auto\/storie-di-auto-classiche-e-modelli-bmw\/#article\",\"isPartOf\":{\"@id\":\"https:\/\/www.article-marketing.eu\/comunicati\/motori\/auto\/storie-di-auto-classiche-e-modelli-bmw\/\"},\"author\":{\"name\":\"Redazione Comunicati Stampa\",\"@id\":\"https:\/\/www.article-marketing.eu\/comunicati\/#\/schema\/person\/44372e4d4d0fa797b18e03ed1ace9017\"},\"headline\":\"Storie di auto classiche e modelli &#8211; BMW\",\"datePublished\":\"2009-11-13T15:25:22+00:00\",\"dateModified\":\"2018-07-10T03:26:54+00:00\",\"mainEntityOfPage\":{\"@id\":\"https:\/\/www.article-marketing.eu\/comunicati\/motori\/auto\/storie-di-auto-classiche-e-modelli-bmw\/\"},\"wordCount\":466,\"commentCount\":0,\"keywords\":[\"auto d'epoca\",\"autodepocaclub.it\",\"bmw\",\"storia\"],\"articleSection\":[\"Auto\"],\"inLanguage\":\"it-IT\",\"potentialAction\":[{\"@type\":\"CommentAction\",\"name\":\"Comment\",\"target\":[\"https:\/\/www.article-marketing.eu\/comunicati\/motori\/auto\/storie-di-auto-classiche-e-modelli-bmw\/#respond\"]}]},{\"@type\":\"WebPage\",\"@id\":\"https:\/\/www.article-marketing.eu\/comunicati\/motori\/auto\/storie-di-auto-classiche-e-modelli-bmw\/\",\"url\":\"https:\/\/www.article-marketing.eu\/comunicati\/motori\/auto\/storie-di-auto-classiche-e-modelli-bmw\/\",\"name\":\"Storie di auto classiche e modelli - BMW - Article Marketing\",\"isPartOf\":{\"@id\":\"https:\/\/www.article-marketing.eu\/comunicati\/#website\"},\"datePublished\":\"2009-11-13T15:25:22+00:00\",\"dateModified\":\"2018-07-10T03:26:54+00:00\",\"author\":{\"@id\":\"https:\/\/www.article-marketing.eu\/comunicati\/#\/schema\/person\/44372e4d4d0fa797b18e03ed1ace9017\"},\"breadcrumb\":{\"@id\":\"https:\/\/www.article-marketing.eu\/comunicati\/motori\/auto\/storie-di-auto-classiche-e-modelli-bmw\/#breadcrumb\"},\"inLanguage\":\"it-IT\",\"potentialAction\":[{\"@type\":\"ReadAction\",\"target\":[\"https:\/\/www.article-marketing.eu\/comunicati\/motori\/auto\/storie-di-auto-classiche-e-modelli-bmw\/\"]}]},{\"@type\":\"BreadcrumbList\",\"@id\":\"https:\/\/www.article-marketing.eu\/comunicati\/motori\/auto\/storie-di-auto-classiche-e-modelli-bmw\/#breadcrumb\",\"itemListElement\":[{\"@type\":\"ListItem\",\"position\":1,\"name\":\"Home\",\"item\":\"https:\/\/www.article-marketing.eu\/comunicati\/\"},{\"@type\":\"ListItem\",\"position\":2,\"name\":\"Storie di auto classiche e modelli &#8211; BMW\"}]},{\"@type\":\"WebSite\",\"@id\":\"https:\/\/www.article-marketing.eu\/comunicati\/#website\",\"url\":\"https:\/\/www.article-marketing.eu\/comunicati\/\",\"name\":\"Article Marketing\",\"description\":\"article marketing &amp; press release\",\"potentialAction\":[{\"@type\":\"SearchAction\",\"target\":{\"@type\":\"EntryPoint\",\"urlTemplate\":\"https:\/\/www.article-marketing.eu\/comunicati\/?s={search_term_string}\"},\"query-input\":{\"@type\":\"PropertyValueSpecification\",\"valueRequired\":true,\"valueName\":\"search_term_string\"}}],\"inLanguage\":\"it-IT\"},{\"@type\":\"Person\",\"@id\":\"https:\/\/www.article-marketing.eu\/comunicati\/#\/schema\/person\/44372e4d4d0fa797b18e03ed1ace9017\",\"name\":\"Redazione Comunicati Stampa\",\"image\":{\"@type\":\"ImageObject\",\"inLanguage\":\"it-IT\",\"@id\":\"https:\/\/www.article-marketing.eu\/comunicati\/#\/schema\/person\/image\/\",\"url\":\"https:\/\/secure.gravatar.com\/avatar\/50e5c6421d3072f42e7ace803501602c60d75233d34e29fd05feb91c8760b792?s=96&d=mm&r=g\",\"contentUrl\":\"https:\/\/secure.gravatar.com\/avatar\/50e5c6421d3072f42e7ace803501602c60d75233d34e29fd05feb91c8760b792?s=96&d=mm&r=g\",\"caption\":\"Redazione Comunicati Stampa\"},\"url\":\"https:\/\/www.article-marketing.eu\/comunicati\/author\/redazione-comunicati-stampa\/\"}]}<\/script>\n<!-- \/ Yoast SEO plugin. -->","yoast_head_json":{"title":"Storie di auto classiche e modelli - BMW - Article Marketing","robots":{"index":"index","follow":"follow","max-snippet":"max-snippet:-1","max-image-preview":"max-image-preview:large","max-video-preview":"max-video-preview:-1"},"canonical":"https:\/\/www.article-marketing.eu\/comunicati\/motori\/auto\/storie-di-auto-classiche-e-modelli-bmw\/","og_locale":"it_IT","og_type":"article","og_title":"Storie di auto classiche e modelli - BMW - Article Marketing","og_description":"Le origine della societ\u00e0 risalgono al 1913, quando un bavarese di nome Kark Rapp inizi\u00f3 un commercio di motori per aerei a Monaco di Baviera, con il nome Rapp Motoren Werke. Nel 1917 Rapp diede le dimissioni e la societ\u00e0, guidata da un ingegnere austriaco di nome Franz-Joseph Popp, cambi\u00f3 il suo nome in Bayerische Motoren Werke.","og_url":"https:\/\/www.article-marketing.eu\/comunicati\/motori\/auto\/storie-di-auto-classiche-e-modelli-bmw\/","og_site_name":"Article Marketing","article_published_time":"2009-11-13T15:25:22+00:00","article_modified_time":"2018-07-10T03:26:54+00:00","author":"Redazione Comunicati Stampa","twitter_card":"summary_large_image","twitter_misc":{"Scritto da":"Redazione Comunicati Stampa","Tempo di lettura stimato":"2 minuti"},"schema":{"@context":"https:\/\/schema.org","@graph":[{"@type":"Article","@id":"https:\/\/www.article-marketing.eu\/comunicati\/motori\/auto\/storie-di-auto-classiche-e-modelli-bmw\/#article","isPartOf":{"@id":"https:\/\/www.article-marketing.eu\/comunicati\/motori\/auto\/storie-di-auto-classiche-e-modelli-bmw\/"},"author":{"name":"Redazione Comunicati Stampa","@id":"https:\/\/www.article-marketing.eu\/comunicati\/#\/schema\/person\/44372e4d4d0fa797b18e03ed1ace9017"},"headline":"Storie di auto classiche e modelli &#8211; BMW","datePublished":"2009-11-13T15:25:22+00:00","dateModified":"2018-07-10T03:26:54+00:00","mainEntityOfPage":{"@id":"https:\/\/www.article-marketing.eu\/comunicati\/motori\/auto\/storie-di-auto-classiche-e-modelli-bmw\/"},"wordCount":466,"commentCount":0,"keywords":["auto d'epoca","autodepocaclub.it","bmw","storia"],"articleSection":["Auto"],"inLanguage":"it-IT","potentialAction":[{"@type":"CommentAction","name":"Comment","target":["https:\/\/www.article-marketing.eu\/comunicati\/motori\/auto\/storie-di-auto-classiche-e-modelli-bmw\/#respond"]}]},{"@type":"WebPage","@id":"https:\/\/www.article-marketing.eu\/comunicati\/motori\/auto\/storie-di-auto-classiche-e-modelli-bmw\/","url":"https:\/\/www.article-marketing.eu\/comunicati\/motori\/auto\/storie-di-auto-classiche-e-modelli-bmw\/","name":"Storie di auto classiche e modelli - BMW - Article Marketing","isPartOf":{"@id":"https:\/\/www.article-marketing.eu\/comunicati\/#website"},"datePublished":"2009-11-13T15:25:22+00:00","dateModified":"2018-07-10T03:26:54+00:00","author":{"@id":"https:\/\/www.article-marketing.eu\/comunicati\/#\/schema\/person\/44372e4d4d0fa797b18e03ed1ace9017"},"breadcrumb":{"@id":"https:\/\/www.article-marketing.eu\/comunicati\/motori\/auto\/storie-di-auto-classiche-e-modelli-bmw\/#breadcrumb"},"inLanguage":"it-IT","potentialAction":[{"@type":"ReadAction","target":["https:\/\/www.article-marketing.eu\/comunicati\/motori\/auto\/storie-di-auto-classiche-e-modelli-bmw\/"]}]},{"@type":"BreadcrumbList","@id":"https:\/\/www.article-marketing.eu\/comunicati\/motori\/auto\/storie-di-auto-classiche-e-modelli-bmw\/#breadcrumb","itemListElement":[{"@type":"ListItem","position":1,"name":"Home","item":"https:\/\/www.article-marketing.eu\/comunicati\/"},{"@type":"ListItem","position":2,"name":"Storie di auto classiche e modelli &#8211; BMW"}]},{"@type":"WebSite","@id":"https:\/\/www.article-marketing.eu\/comunicati\/#website","url":"https:\/\/www.article-marketing.eu\/comunicati\/","name":"Article Marketing","description":"article marketing &amp; press release","potentialAction":[{"@type":"SearchAction","target":{"@type":"EntryPoint","urlTemplate":"https:\/\/www.article-marketing.eu\/comunicati\/?s={search_term_string}"},"query-input":{"@type":"PropertyValueSpecification","valueRequired":true,"valueName":"search_term_string"}}],"inLanguage":"it-IT"},{"@type":"Person","@id":"https:\/\/www.article-marketing.eu\/comunicati\/#\/schema\/person\/44372e4d4d0fa797b18e03ed1ace9017","name":"Redazione Comunicati Stampa","image":{"@type":"ImageObject","inLanguage":"it-IT","@id":"https:\/\/www.article-marketing.eu\/comunicati\/#\/schema\/person\/image\/","url":"https:\/\/secure.gravatar.com\/avatar\/50e5c6421d3072f42e7ace803501602c60d75233d34e29fd05feb91c8760b792?s=96&d=mm&r=g","contentUrl":"https:\/\/secure.gravatar.com\/avatar\/50e5c6421d3072f42e7ace803501602c60d75233d34e29fd05feb91c8760b792?s=96&d=mm&r=g","caption":"Redazione Comunicati Stampa"},"url":"https:\/\/www.article-marketing.eu\/comunicati\/author\/redazione-comunicati-stampa\/"}]}},"_links":{"self":[{"href":"https:\/\/www.article-marketing.eu\/comunicati\/wp-json\/wp\/v2\/posts\/3334","targetHints":{"allow":["GET"]}}],"collection":[{"href":"https:\/\/www.article-marketing.eu\/comunicati\/wp-json\/wp\/v2\/posts"}],"about":[{"href":"https:\/\/www.article-marketing.eu\/comunicati\/wp-json\/wp\/v2\/types\/post"}],"author":[{"embeddable":true,"href":"https:\/\/www.article-marketing.eu\/comunicati\/wp-json\/wp\/v2\/users\/10"}],"replies":[{"embeddable":true,"href":"https:\/\/www.article-marketing.eu\/comunicati\/wp-json\/wp\/v2\/comments?post=3334"}],"version-history":[{"count":3,"href":"https:\/\/www.article-marketing.eu\/comunicati\/wp-json\/wp\/v2\/posts\/3334\/revisions"}],"predecessor-version":[{"id":61543,"href":"https:\/\/www.article-marketing.eu\/comunicati\/wp-json\/wp\/v2\/posts\/3334\/revisions\/61543"}],"wp:attachment":[{"href":"https:\/\/www.article-marketing.eu\/comunicati\/wp-json\/wp\/v2\/media?parent=3334"}],"wp:term":[{"taxonomy":"category","embeddable":true,"href":"https:\/\/www.article-marketing.eu\/comunicati\/wp-json\/wp\/v2\/categories?post=3334"},{"taxonomy":"post_tag","embeddable":true,"href":"https:\/\/www.article-marketing.eu\/comunicati\/wp-json\/wp\/v2\/tags?post=3334"}],"curies":[{"name":"wp","href":"https:\/\/api.w.org\/{rel}","templated":true}]}}