{"id":3337,"date":"2009-11-13T18:28:18","date_gmt":"2009-11-13T17:28:18","guid":{"rendered":"http:\/\/www.article-marketing.eu\/comunicati\/senza-categoria\/sfogliando-il-natale-esposizione-internazionale-darte-contemporanea\/"},"modified":"2009-11-13T18:28:18","modified_gmt":"2009-11-13T17:28:18","slug":"sfogliando-il-natale-esposizione-internazionale-darte-contemporanea","status":"publish","type":"post","link":"https:\/\/www.article-marketing.eu\/comunicati\/comunicati-stampa\/eventi\/sfogliando-il-natale-esposizione-internazionale-darte-contemporanea\/","title":{"rendered":"Sfogliando il Natale Esposizione Internazionale d\u2019Arte Contemporanea"},"content":{"rendered":"<p align=\"center\" class=\" \" style=\"TEXT-ALIGN: center\"><strong>SFOGLIANDO IL NATALE<\/strong><\/p>\n<p align=\"center\" class=\" \" style=\"TEXT-ALIGN: center\">&nbsp;<\/p>\n<p align=\"right\" class=\" \" style=\"TEXT-ALIGN: right\"><strong>Esposizione Internazionale d\u2019Arte Contemporanea<\/strong><\/p>\n<p align=\"right\" class=\" \" style=\"TEXT-ALIGN: right; LINE-HEIGHT: 150%\">Opening: Venerd\u00ec 20 novembre ore 18<\/p>\n<p align=\"right\" class=\" \" style=\"TEXT-ALIGN: right\">In mostra fino al 30 novembre 2009<\/p>\n<p align=\"right\" class=\" \" style=\"TEXT-ALIGN: right\"><em>Ingresso libero<\/em><\/p>\n<p align=\"right\" class=\" \" style=\"TEXT-ALIGN: right\">Orario di visita: <\/p>\n<p align=\"right\" class=\" \" style=\"TEXT-ALIGN: right\">da marted\u00ec a venerd\u00ec dalle ore 16:00 alle 19:00;<\/p>\n<p align=\"right\" class=\" \" style=\"TEXT-ALIGN: right\">sabato dalle 10 alle 12<\/p>\n<p align=\"right\" class=\" \" style=\"TEXT-ALIGN: right\"><strong>Curatrice: Sabrina Falzone<\/strong><\/p>\n<p align=\"right\" class=\" \" style=\"TEXT-ALIGN: right\"><strong>Presso: Galleria Il Borgo <\/strong><\/p>\n<p class=\" \">&nbsp;<\/p>\n<p align=\"center\" class=\" \" style=\"TEXT-ALIGN: center\"><strong>Artisti finalisti: <\/strong><\/p>\n<p align=\"center\" class=\" \" style=\"TEXT-ALIGN: center\">&nbsp;<\/p>\n<p align=\"center\" class=\" \" style=\"TEXT-ALIGN: center\"><strong>Irene Brandt<\/strong>, <strong>Giusy Fossati, Marialuisa Sabato, Renato Luparia, Rosalba Panzieri, Nadia Presotto, Albina Dealessi, Giorgetti,<\/strong> <strong>Barbara Romano, Marzia Cabano, Paola Cenedese, Gabriella Maddalena Macidi<\/strong><\/p>\n<p class=\" \" style=\"TEXT-ALIGN: justify\">&nbsp;<\/p>\n<p class=\" \" style=\"TEXT-ALIGN: justify\">&nbsp;<\/p>\n<p class=\" \" style=\"TEXT-ALIGN: justify; LINE-HEIGHT: 150%; MARGIN: 0cm 8.5pt 0pt 0cm\">La Galleria Il<strong> Borgo <\/strong>ha indetto il Concorso Mostra Internazionale d&#8217;Arte &quot;<em>Sfogliando il Natale<\/em>&quot;<strong> <\/strong>con &nbsp;l\u2019obiettivo di promuovere le espressioni artistiche legate all\u2019iconografia del Natale, trovando un suggestivo connubio tra la poesia e le arti visive.<\/p>\n<p class=\" \" style=\"TEXT-ALIGN: justify; LINE-HEIGHT: 150%; MARGIN: 0cm 8.5pt 0pt 0cm\">Il critico e storico dell\u2019arte <strong>Sabrina Falzone<\/strong> ha cos\u00ec selezionato validi artisti italiani e stranieri da proporre alla casa editrice italiana Minuto d\u2019Arco per la serie Libellula Edizioni che ha pubblicato la raccolta di poesie natalizie, intitolata &quot;<em>Sfogliando il Natale<\/em>&quot;. <\/p>\n<p class=\" \" style=\"TEXT-ALIGN: justify; LINE-HEIGHT: 150%; MARGIN: 0cm 8.5pt 0pt 0cm\">Al progetto editoriale \u00e8 affiancata un\u2019esposizione internazionale d\u2019arte contemporanea dall\u2019omonimo titolo visitabile <strong>dal 20 al 30 novembre 2009 <\/strong>presso la Galleria Il Borgo, ubicata in uno dei quartieri pi\u00f9 esclusivi di Milano in pieno centro cittadino, a due passi dai Navigli e da Porta Ticinese.<\/p>\n<p class=\" \" style=\"TEXT-ALIGN: justify; LINE-HEIGHT: 150%; MARGIN: 0cm 8.5pt 0pt 0cm\">Il concorso suggerisce nuove riflessioni e interpretazioni tematiche connesse al Natale, prestando particolare attenzione a differenti realt\u00e0 artistiche e all\u2019impiego di tecniche e stili eterogenei che partono dal figurativo fino all\u2019astrazione segnica.<\/p>\n<p class=\" \" style=\"TEXT-ALIGN: justify; LINE-HEIGHT: 150%; MARGIN: 0cm 8.5pt 0pt 0cm\">Dopo un complesso lavoro di valutazione delle opere concorrenti sono stati ammessi alla finale nove artisti su trenta per la sezione di arti figurative: <strong>Giusy Fossati, Marialuisa Sabato, Renato Luparia, Rosalba Panzieri, Nadia Presotto, Albina Dealessi, Giorgetti,<\/strong> <strong>Barbara Romano<\/strong> e <strong>Irene Brandt<\/strong>, mentre per la sezione poesia sono stati menzionati esclusivamente cinque scrittori, tra cui <strong>Marzia Cabano, Paola Cenedese, Gabriella Maddalena Macidi<\/strong> e ancora una volta <strong>Rosalba Panzieri<\/strong> e <strong>Giusy Fossati<\/strong>, personalit\u00e0 che hanno mostrato una particolare completezza espressiva.<\/p>\n<p class=\" \" style=\"TEXT-ALIGN: justify; LINE-HEIGHT: 150%; MARGIN: 0cm 8.5pt 0pt 0cm\">Dalle opere concorrenti \u00e8 emerso un inaspettato ancoramento alla tradizione storico-artistica dedicata al Natale tale da suggellare nell\u2019espressione figurativa le motivazioni intrinseche della creativit\u00e0 contemporanea. Questo aspetto denota un grande legame con la storia e le proprie origini.<\/p>\n<p class=\" \" style=\"TEXT-ALIGN: justify; LINE-HEIGHT: 150%; MARGIN: 0cm 8.5pt 0pt 0cm\">Il vincitore del concorso \u201cSfogliando il Natale\u201d \u00e8 Giorgetti, autore messinese a cui la casa editrice Libellula Edizioni ha dedicato la copertina della raccolta natalizia in quanto ha saputo cogliere con moderna sensibilit\u00e0 e novit\u00e0 esecutiva profonde considerazioni sul significato dell\u2019esistenza umana &nbsp;afferente al tema del Natale; Giorgetti raggiunge l\u2019obbiettivo introspettivo attraverso la purezza dell\u2019astrazione e l\u2019originalit\u00e0 dell\u2019up\/down, riecheggiando la tradizione novecentista legata a Mark Rothko. La duplice lettura dell\u2019opera \u201cGiallo e Blu\u201d consente la relazione con lo stato d\u2019animo dello spettatore, che diviene protagonista dell\u2019atto creativo nella scelta del verso di lettura.<\/p>\n<p class=\" \" style=\"TEXT-ALIGN: justify; LINE-HEIGHT: 150%; MARGIN: 0cm 8.5pt 0pt 0cm\">Al secondo posto figura Albina Dealessi dal Piemonte in concorso con l\u2019opera \u201cNascere\u201d, che \u00e8 stata in grado di fondere il tema dell\u2019origine con la luce, affiorante da uno sfondo pi\u00f9 cupo; il gioco cromatico ha, infatti, veicolato il messaggio dell\u2019opera d\u2019arte, non pi\u00f9 affidato alla rappresentazione naturalistica dell\u2019immagine.<\/p>\n<p class=\" \" style=\"TEXT-ALIGN: justify; LINE-HEIGHT: 150%; MARGIN: 0cm 8.5pt 0pt 0cm\">La terza posizione \u00e8 stata assegnata a Rosalba Panzieri e Giusy Fossati in ex aequo per l\u2019espressivit\u00e0 eclettica manifestata sia attraverso la scrittura, sia con l\u2019arte pittorica.<\/p>\n<p class=\" \" style=\"TEXT-ALIGN: justify; LINE-HEIGHT: 150%; MARGIN: 0cm 8.5pt 0pt 0cm\">Al quarto posto si sono classificati Renato Luparia e Nadia Presotto: il primo ha saputo creare un\u2019aulica atmosfera natalizia mediante l\u2019esperienza professionale della fotografia, la seconda ha puntato sulla figurazione di un efficace scorcio urbano immerso in un\u2019atmosfera di ghiaccio, allusione ai rigidi inverni.<\/p>\n<p class=\" \" style=\"TEXT-ALIGN: justify; LINE-HEIGHT: 150%; MARGIN: 0cm 8.5pt 0pt 0cm\">La quinta classificata \u00e8 Marialuisa Sabato che scalfisce la tela con una gestualit\u00e0 impavida, sicura ed emozionale. Infine, una menzione di merito da parte della critica va anche all\u2019ambientazione naif di Irene Brandt e ai suggestivi paesaggi invernali di Barbara Romano divisi tra nostalgia e ricordi. <\/p>\n<p class=\" \">&nbsp;<\/p>\n<p class=\" \">&nbsp;<\/p>\n<p class=\" \">&nbsp;<\/p>\n<p class=\" \">&nbsp;<\/p>\n<p class=\" \"><strong>Presso: <\/strong>Galleria Il Borgo<\/p>\n<p class=\" \">Corso San Gottardo 14, 20136 Milano <\/p>\n<p class=\" \"><strong>Info:<\/strong> info@sabrinafalzone.info &#8211;<strong> <\/strong>www.sabrinafalzone.info<\/p>\n<p class=\" \">&nbsp;<\/p>\n<p class=\" \">&nbsp;<\/p>\n<p class=\" \">&nbsp;<\/p>\n","protected":false},"excerpt":{"rendered":"<p>Esposizione Internazionale d\u2019Arte Contemporanea<br \/>\nOpening: Venerd\u00ec 20 novembre ore 18<br \/>\nIn mostra fino al 30 novembre 2009<br \/>\nIngresso libero<br \/>\nOrario di visita:<br \/>\nda marted\u00ec a venerd\u00ec dalle ore 16:00 alle 19:00;<br \/>\nsabato dalle 10 alle 12<br \/>\nCuratrice: Sabrina Falzone<br \/>\nPresso: Galleria Il Borgo<\/p>\n","protected":false},"author":10,"featured_media":0,"comment_status":"open","ping_status":"open","sticky":false,"template":"","format":"standard","meta":{"cybocfi_hide_featured_image":"","footnotes":""},"categories":[388],"tags":[10557,10558,8576],"class_list":["post-3337","post","type-post","status-publish","format-standard","hentry","category-eventi","tag-20-novembre","tag-ore-18","tag-sabrina-falzone"],"yoast_head":"<!-- This site is optimized with the Yoast SEO plugin v27.0 - https:\/\/yoast.com\/product\/yoast-seo-wordpress\/ -->\n<title>Sfogliando il Natale Esposizione Internazionale d\u2019Arte Contemporanea - Article Marketing<\/title>\n<meta name=\"robots\" content=\"index, follow, max-snippet:-1, max-image-preview:large, max-video-preview:-1\" \/>\n<link rel=\"canonical\" href=\"https:\/\/www.article-marketing.eu\/comunicati\/comunicati-stampa\/eventi\/sfogliando-il-natale-esposizione-internazionale-darte-contemporanea\/\" \/>\n<meta property=\"og:locale\" content=\"it_IT\" \/>\n<meta property=\"og:type\" content=\"article\" \/>\n<meta property=\"og:title\" content=\"Sfogliando il Natale Esposizione Internazionale d\u2019Arte Contemporanea - Article Marketing\" \/>\n<meta property=\"og:description\" content=\"Esposizione Internazionale d\u2019Arte Contemporanea Opening: Venerd\u00ec 20 novembre ore 18 In mostra fino al 30 novembre 2009 Ingresso libero Orario di visita: da marted\u00ec a venerd\u00ec dalle ore 16:00 alle 19:00; sabato dalle 10 alle 12 Curatrice: Sabrina Falzone Presso: Galleria Il Borgo\" \/>\n<meta property=\"og:url\" content=\"https:\/\/www.article-marketing.eu\/comunicati\/comunicati-stampa\/eventi\/sfogliando-il-natale-esposizione-internazionale-darte-contemporanea\/\" \/>\n<meta property=\"og:site_name\" content=\"Article Marketing\" \/>\n<meta property=\"article:published_time\" content=\"2009-11-13T17:28:18+00:00\" \/>\n<meta name=\"author\" content=\"Redazione Comunicati Stampa\" \/>\n<meta name=\"twitter:card\" content=\"summary_large_image\" \/>\n<meta name=\"twitter:label1\" content=\"Scritto da\" \/>\n\t<meta name=\"twitter:data1\" content=\"Redazione Comunicati Stampa\" \/>\n\t<meta name=\"twitter:label2\" content=\"Tempo di lettura stimato\" \/>\n\t<meta name=\"twitter:data2\" content=\"3 minuti\" \/>\n<script type=\"application\/ld+json\" class=\"yoast-schema-graph\">{\"@context\":\"https:\/\/schema.org\",\"@graph\":[{\"@type\":\"Article\",\"@id\":\"https:\/\/www.article-marketing.eu\/comunicati\/comunicati-stampa\/eventi\/sfogliando-il-natale-esposizione-internazionale-darte-contemporanea\/#article\",\"isPartOf\":{\"@id\":\"https:\/\/www.article-marketing.eu\/comunicati\/comunicati-stampa\/eventi\/sfogliando-il-natale-esposizione-internazionale-darte-contemporanea\/\"},\"author\":{\"name\":\"Redazione Comunicati Stampa\",\"@id\":\"https:\/\/www.article-marketing.eu\/comunicati\/#\/schema\/person\/44372e4d4d0fa797b18e03ed1ace9017\"},\"headline\":\"Sfogliando il Natale Esposizione Internazionale d\u2019Arte Contemporanea\",\"datePublished\":\"2009-11-13T17:28:18+00:00\",\"mainEntityOfPage\":{\"@id\":\"https:\/\/www.article-marketing.eu\/comunicati\/comunicati-stampa\/eventi\/sfogliando-il-natale-esposizione-internazionale-darte-contemporanea\/\"},\"wordCount\":657,\"commentCount\":0,\"keywords\":[\"20 novembre\",\"ore 18\",\"sabrina falzone\"],\"articleSection\":[\"Eventi\"],\"inLanguage\":\"it-IT\",\"potentialAction\":[{\"@type\":\"CommentAction\",\"name\":\"Comment\",\"target\":[\"https:\/\/www.article-marketing.eu\/comunicati\/comunicati-stampa\/eventi\/sfogliando-il-natale-esposizione-internazionale-darte-contemporanea\/#respond\"]}]},{\"@type\":\"WebPage\",\"@id\":\"https:\/\/www.article-marketing.eu\/comunicati\/comunicati-stampa\/eventi\/sfogliando-il-natale-esposizione-internazionale-darte-contemporanea\/\",\"url\":\"https:\/\/www.article-marketing.eu\/comunicati\/comunicati-stampa\/eventi\/sfogliando-il-natale-esposizione-internazionale-darte-contemporanea\/\",\"name\":\"Sfogliando il Natale Esposizione Internazionale d\u2019Arte Contemporanea - Article Marketing\",\"isPartOf\":{\"@id\":\"https:\/\/www.article-marketing.eu\/comunicati\/#website\"},\"datePublished\":\"2009-11-13T17:28:18+00:00\",\"author\":{\"@id\":\"https:\/\/www.article-marketing.eu\/comunicati\/#\/schema\/person\/44372e4d4d0fa797b18e03ed1ace9017\"},\"breadcrumb\":{\"@id\":\"https:\/\/www.article-marketing.eu\/comunicati\/comunicati-stampa\/eventi\/sfogliando-il-natale-esposizione-internazionale-darte-contemporanea\/#breadcrumb\"},\"inLanguage\":\"it-IT\",\"potentialAction\":[{\"@type\":\"ReadAction\",\"target\":[\"https:\/\/www.article-marketing.eu\/comunicati\/comunicati-stampa\/eventi\/sfogliando-il-natale-esposizione-internazionale-darte-contemporanea\/\"]}]},{\"@type\":\"BreadcrumbList\",\"@id\":\"https:\/\/www.article-marketing.eu\/comunicati\/comunicati-stampa\/eventi\/sfogliando-il-natale-esposizione-internazionale-darte-contemporanea\/#breadcrumb\",\"itemListElement\":[{\"@type\":\"ListItem\",\"position\":1,\"name\":\"Home\",\"item\":\"https:\/\/www.article-marketing.eu\/comunicati\/\"},{\"@type\":\"ListItem\",\"position\":2,\"name\":\"Sfogliando il Natale Esposizione Internazionale d\u2019Arte Contemporanea\"}]},{\"@type\":\"WebSite\",\"@id\":\"https:\/\/www.article-marketing.eu\/comunicati\/#website\",\"url\":\"https:\/\/www.article-marketing.eu\/comunicati\/\",\"name\":\"Article Marketing\",\"description\":\"article marketing &amp; press release\",\"potentialAction\":[{\"@type\":\"SearchAction\",\"target\":{\"@type\":\"EntryPoint\",\"urlTemplate\":\"https:\/\/www.article-marketing.eu\/comunicati\/?s={search_term_string}\"},\"query-input\":{\"@type\":\"PropertyValueSpecification\",\"valueRequired\":true,\"valueName\":\"search_term_string\"}}],\"inLanguage\":\"it-IT\"},{\"@type\":\"Person\",\"@id\":\"https:\/\/www.article-marketing.eu\/comunicati\/#\/schema\/person\/44372e4d4d0fa797b18e03ed1ace9017\",\"name\":\"Redazione Comunicati Stampa\",\"image\":{\"@type\":\"ImageObject\",\"inLanguage\":\"it-IT\",\"@id\":\"https:\/\/www.article-marketing.eu\/comunicati\/#\/schema\/person\/image\/\",\"url\":\"https:\/\/secure.gravatar.com\/avatar\/50e5c6421d3072f42e7ace803501602c60d75233d34e29fd05feb91c8760b792?s=96&d=mm&r=g\",\"contentUrl\":\"https:\/\/secure.gravatar.com\/avatar\/50e5c6421d3072f42e7ace803501602c60d75233d34e29fd05feb91c8760b792?s=96&d=mm&r=g\",\"caption\":\"Redazione Comunicati Stampa\"},\"url\":\"https:\/\/www.article-marketing.eu\/comunicati\/author\/redazione-comunicati-stampa\/\"}]}<\/script>\n<!-- \/ Yoast SEO plugin. -->","yoast_head_json":{"title":"Sfogliando il Natale Esposizione Internazionale d\u2019Arte Contemporanea - Article Marketing","robots":{"index":"index","follow":"follow","max-snippet":"max-snippet:-1","max-image-preview":"max-image-preview:large","max-video-preview":"max-video-preview:-1"},"canonical":"https:\/\/www.article-marketing.eu\/comunicati\/comunicati-stampa\/eventi\/sfogliando-il-natale-esposizione-internazionale-darte-contemporanea\/","og_locale":"it_IT","og_type":"article","og_title":"Sfogliando il Natale Esposizione Internazionale d\u2019Arte Contemporanea - Article Marketing","og_description":"Esposizione Internazionale d\u2019Arte Contemporanea Opening: Venerd\u00ec 20 novembre ore 18 In mostra fino al 30 novembre 2009 Ingresso libero Orario di visita: da marted\u00ec a venerd\u00ec dalle ore 16:00 alle 19:00; sabato dalle 10 alle 12 Curatrice: Sabrina Falzone Presso: Galleria Il Borgo","og_url":"https:\/\/www.article-marketing.eu\/comunicati\/comunicati-stampa\/eventi\/sfogliando-il-natale-esposizione-internazionale-darte-contemporanea\/","og_site_name":"Article Marketing","article_published_time":"2009-11-13T17:28:18+00:00","author":"Redazione Comunicati Stampa","twitter_card":"summary_large_image","twitter_misc":{"Scritto da":"Redazione Comunicati Stampa","Tempo di lettura stimato":"3 minuti"},"schema":{"@context":"https:\/\/schema.org","@graph":[{"@type":"Article","@id":"https:\/\/www.article-marketing.eu\/comunicati\/comunicati-stampa\/eventi\/sfogliando-il-natale-esposizione-internazionale-darte-contemporanea\/#article","isPartOf":{"@id":"https:\/\/www.article-marketing.eu\/comunicati\/comunicati-stampa\/eventi\/sfogliando-il-natale-esposizione-internazionale-darte-contemporanea\/"},"author":{"name":"Redazione Comunicati Stampa","@id":"https:\/\/www.article-marketing.eu\/comunicati\/#\/schema\/person\/44372e4d4d0fa797b18e03ed1ace9017"},"headline":"Sfogliando il Natale Esposizione Internazionale d\u2019Arte Contemporanea","datePublished":"2009-11-13T17:28:18+00:00","mainEntityOfPage":{"@id":"https:\/\/www.article-marketing.eu\/comunicati\/comunicati-stampa\/eventi\/sfogliando-il-natale-esposizione-internazionale-darte-contemporanea\/"},"wordCount":657,"commentCount":0,"keywords":["20 novembre","ore 18","sabrina falzone"],"articleSection":["Eventi"],"inLanguage":"it-IT","potentialAction":[{"@type":"CommentAction","name":"Comment","target":["https:\/\/www.article-marketing.eu\/comunicati\/comunicati-stampa\/eventi\/sfogliando-il-natale-esposizione-internazionale-darte-contemporanea\/#respond"]}]},{"@type":"WebPage","@id":"https:\/\/www.article-marketing.eu\/comunicati\/comunicati-stampa\/eventi\/sfogliando-il-natale-esposizione-internazionale-darte-contemporanea\/","url":"https:\/\/www.article-marketing.eu\/comunicati\/comunicati-stampa\/eventi\/sfogliando-il-natale-esposizione-internazionale-darte-contemporanea\/","name":"Sfogliando il Natale Esposizione Internazionale d\u2019Arte Contemporanea - Article Marketing","isPartOf":{"@id":"https:\/\/www.article-marketing.eu\/comunicati\/#website"},"datePublished":"2009-11-13T17:28:18+00:00","author":{"@id":"https:\/\/www.article-marketing.eu\/comunicati\/#\/schema\/person\/44372e4d4d0fa797b18e03ed1ace9017"},"breadcrumb":{"@id":"https:\/\/www.article-marketing.eu\/comunicati\/comunicati-stampa\/eventi\/sfogliando-il-natale-esposizione-internazionale-darte-contemporanea\/#breadcrumb"},"inLanguage":"it-IT","potentialAction":[{"@type":"ReadAction","target":["https:\/\/www.article-marketing.eu\/comunicati\/comunicati-stampa\/eventi\/sfogliando-il-natale-esposizione-internazionale-darte-contemporanea\/"]}]},{"@type":"BreadcrumbList","@id":"https:\/\/www.article-marketing.eu\/comunicati\/comunicati-stampa\/eventi\/sfogliando-il-natale-esposizione-internazionale-darte-contemporanea\/#breadcrumb","itemListElement":[{"@type":"ListItem","position":1,"name":"Home","item":"https:\/\/www.article-marketing.eu\/comunicati\/"},{"@type":"ListItem","position":2,"name":"Sfogliando il Natale Esposizione Internazionale d\u2019Arte Contemporanea"}]},{"@type":"WebSite","@id":"https:\/\/www.article-marketing.eu\/comunicati\/#website","url":"https:\/\/www.article-marketing.eu\/comunicati\/","name":"Article Marketing","description":"article marketing &amp; press release","potentialAction":[{"@type":"SearchAction","target":{"@type":"EntryPoint","urlTemplate":"https:\/\/www.article-marketing.eu\/comunicati\/?s={search_term_string}"},"query-input":{"@type":"PropertyValueSpecification","valueRequired":true,"valueName":"search_term_string"}}],"inLanguage":"it-IT"},{"@type":"Person","@id":"https:\/\/www.article-marketing.eu\/comunicati\/#\/schema\/person\/44372e4d4d0fa797b18e03ed1ace9017","name":"Redazione Comunicati Stampa","image":{"@type":"ImageObject","inLanguage":"it-IT","@id":"https:\/\/www.article-marketing.eu\/comunicati\/#\/schema\/person\/image\/","url":"https:\/\/secure.gravatar.com\/avatar\/50e5c6421d3072f42e7ace803501602c60d75233d34e29fd05feb91c8760b792?s=96&d=mm&r=g","contentUrl":"https:\/\/secure.gravatar.com\/avatar\/50e5c6421d3072f42e7ace803501602c60d75233d34e29fd05feb91c8760b792?s=96&d=mm&r=g","caption":"Redazione Comunicati Stampa"},"url":"https:\/\/www.article-marketing.eu\/comunicati\/author\/redazione-comunicati-stampa\/"}]}},"_links":{"self":[{"href":"https:\/\/www.article-marketing.eu\/comunicati\/wp-json\/wp\/v2\/posts\/3337","targetHints":{"allow":["GET"]}}],"collection":[{"href":"https:\/\/www.article-marketing.eu\/comunicati\/wp-json\/wp\/v2\/posts"}],"about":[{"href":"https:\/\/www.article-marketing.eu\/comunicati\/wp-json\/wp\/v2\/types\/post"}],"author":[{"embeddable":true,"href":"https:\/\/www.article-marketing.eu\/comunicati\/wp-json\/wp\/v2\/users\/10"}],"replies":[{"embeddable":true,"href":"https:\/\/www.article-marketing.eu\/comunicati\/wp-json\/wp\/v2\/comments?post=3337"}],"version-history":[{"count":0,"href":"https:\/\/www.article-marketing.eu\/comunicati\/wp-json\/wp\/v2\/posts\/3337\/revisions"}],"wp:attachment":[{"href":"https:\/\/www.article-marketing.eu\/comunicati\/wp-json\/wp\/v2\/media?parent=3337"}],"wp:term":[{"taxonomy":"category","embeddable":true,"href":"https:\/\/www.article-marketing.eu\/comunicati\/wp-json\/wp\/v2\/categories?post=3337"},{"taxonomy":"post_tag","embeddable":true,"href":"https:\/\/www.article-marketing.eu\/comunicati\/wp-json\/wp\/v2\/tags?post=3337"}],"curies":[{"name":"wp","href":"https:\/\/api.w.org\/{rel}","templated":true}]}}