{"id":3350,"date":"2009-11-16T15:45:16","date_gmt":"2009-11-16T14:45:16","guid":{"rendered":"http:\/\/www.article-marketing.eu\/comunicati\/senza-categoria\/meridiana-eurofly-offre-un-nuovo-collegamento-tra-bari-e-linate\/"},"modified":"2009-11-16T15:45:16","modified_gmt":"2009-11-16T14:45:16","slug":"meridiana-eurofly-offre-un-nuovo-collegamento-tra-bari-e-linate","status":"publish","type":"post","link":"https:\/\/www.article-marketing.eu\/comunicati\/viaggi-e-vacanze\/voli\/meridiana-eurofly-offre-un-nuovo-collegamento-tra-bari-e-linate\/","title":{"rendered":"Meridiana-Eurofly offre un nuovo collegamento tra Bari e Linate"},"content":{"rendered":"<p>Dal 18 dicembre Meridiana-Eurofly inaugura un nuovo collegamento fra Milano Linate e il capoluogo pugliese, che attualmente \u00e8 collegato dalla Compagnia anche con Venezia.<\/p>\n<p>Grazie a questo nuovo volo diretto e giornaliero si creano nuove opportunit\u00e0: si parte da Milano Linate alle 09.55 e si atterra a <strong>Bari alle 11.25<\/strong>, mentre dalla <em>\u201cporta del levante\u201d<\/em> si parte alle 17.50 per raggiungere Linate alle 19.20 (nel periodo fra il 26 dicembre e il 9 gennaio l\u2019orario di partenza \u00e8 12.15, con arrivo a Milano alle 13.45).<\/p>\n<p>Le tariffe per l\u2019inaugurazione del volo, mai operato prima da Meridiana-Eurofly, partono da <strong>38 euro<\/strong> <a href=\"http:\/\/www.meridiana.it\/offers\/offers_results.aspx?APT1=BRI&amp;APT2=LIN&amp;%20%20LANGUAGE=IT&amp;GROUP_CALENDAR=0\">da Bari<\/a> e <strong>41 euro<\/strong> da Linate (<em>one way<\/em> tutto incluso) e sono gi\u00e0 disponibili sul sito www.meridiana.com, telefonando al Call Center <strong>89 29 28<\/strong>, oppure presso la propria agenzia di fiducia collegata con il sistema WTS &#8211; Web Trade System &#8211; offerto da Same Italy, GSA del Gruppo Meridiana.<\/p>\n<p>Il Gruppo Meridiana ha avviato, lo scorso 25 ottobre un collegamento fra <strong>Bari<\/strong> e <strong>Venezia<\/strong> che opera il Luned\u00ec, Mercoled\u00ec, Venerd\u00ec e Domenica, in vendita a tariffe che partono da <strong>18 euro<\/strong> per il mese di gennaio, febbraio e marzo, mentre per il mese di novembre e dicembre presentano una buona disponibilit\u00e0 a meno di <strong>50 euro<\/strong> (<em>one way<\/em> tutto incluso), molto interessanti per le imminenti vacanze e ponti festivi.<\/p>\n<p>Bari, luogo avanzato del dialogo Mediterraneo grazie alla laboriosit\u00e0 della sua economia e alle moderne infrastrutture, con questi nuovi collegamenti accorcia le distanze con citt\u00e0 strategiche come Milano e Venezia.<\/p>\n<p>&nbsp;<\/p>\n<p align=\"justify\"><strong>Meridiana<\/strong>, originariamente Alisarda, fu costituita il 29 marzo 1963 per iniziativa di S.A. il Principe Aga Khan, con lo scopo iniziale di favorire lo sviluppo dell&#8217;attivit\u00e0 turistica in Costa Smeralda, nella Sardegna nord-orientale, fino ad allora servita solo via mare.<\/p>\n<p>Meridiana \u00e8 nata nel 1963, nel dicembre 2006 ha acquisito una quota del 29,95% della Compagnia Eurofly, oggi salita al 60,73%. <\/p>\n<p align=\"justify\">La base principale della compagnia aerea Meridiana \u00e8 Olbia \u2013 Aeroporto Costa Smeralda \u2013 con hubs a Catania, Firenze e Verona. Nel 2007 ha trasportato oltre 4.6 milioni di persone, e tuttora il sito web della compagnia \u00e8 il secondo pi\u00f9 visitato nel mercato italiano e il primo per crescita. <\/p>\n<p><strong>Meridiana S.p.A<\/strong> controlla un Gruppo che vede al suo interno le seguenti partecipazioni: <br \/><strong>Geasar<\/strong> &#8211; Societ\u00e0 di gestione dell\u2019aeroporto Olbia Costa Smeralda &#8211; 79,79%; <br \/><strong>Wokita.com<\/strong> &#8211; tour operator &#8211; 50%; <br \/><strong>Same Italy<\/strong> &#8211; Societ\u00e0 di commercializzazione del network dei voli Meridiana ed Eurofly &#8211; 50%; <br \/><strong>ADF Firenze di Aeroporto<\/strong> &#8211; societ\u00e0 di gestione dell\u2019aeroporto di Firenze &#8211; 15%; <br \/><strong>Eurofly<\/strong> &#8211; Compagnia aerea italiana &#8211; 60,73%.<\/p>\n<p align=\"justify\"><strong>Eurofly<\/strong> \u00e8 nata diciannove anni fa e da quel lontano 1989 di strada ne ha fatta tanta, apportando numerosi cambiamenti sia per quanto riguarda la gestione dell&#8217;azienda sia per la sua flotta, la cui et\u00e0 media oggi \u00e8 di circa 5 anni, sempre alla ricerca di un prodotto migliore volto a soddisfare il pi\u00f9 possibile le esigenze dei suoi clienti.<\/p>\n<p>Oggi Eurofly \u00e8 il vettore italiano leader nel segmento leisure ed \u00e8 tra i primi 5 vettori (Fonte: Annuario ENAC 2006).<\/p>\n<p>La nostra missione: <strong>essere la compagnia aerea delle vacanze<\/strong>. Vogliamo che Eurofly sia riconosciuta come la compagnia aerea delle vacanze per eccellenza. Vogliamo essere la scelta pi\u00f9 naturale di Tour Operator, Agenzie Viaggi, e Passeggeri.<\/p>\n<p>Desideriamo offrire ai nostri passeggeri la migliore accoglienza possibile mirando, in ogni circostanza, a proporre servizi sempre pi\u00f9 personalizzati, flessibili e in linea con le loro pi\u00f9 diverse esigenze. <\/p>\n<p>Questo grazie ad una flotta di aerei tra le pi\u00f9 giovani in Italia e ad un <strong>sempre miglior rapporto qualit\u00e0-prezzo<\/strong> per i voli diretti verso i luoghi di vacanza senza fastidiosi scali e cambi di aeromobile. Il nostro fine \u00e8 far provare a chi vola con noi, per un breve, medio o lungo tratto, quello che solo una vacanza da sogno \u00e8 in grado di trasmettere pienamente: un sentimento di piacere e di libert\u00e0.<\/p>\n","protected":false},"excerpt":{"rendered":"<p>La Compagnia incrementa l\u2019offerta di voli da Bari: un nuovo volo quotidiano per Milano Linate si aggiunge al volo per Venezia.<\/p>\n","protected":false},"author":10,"featured_media":0,"comment_status":"open","ping_status":"open","sticky":false,"template":"","format":"standard","meta":{"cybocfi_hide_featured_image":"","footnotes":""},"categories":[1616],"tags":[8728,5748,5747,10590,6355,10592,1358,508,5751,10591],"class_list":["post-3350","post","type-post","status-publish","format-standard","hentry","category-voli","tag-bari","tag-eurofly","tag-meridiana","tag-milano-linate","tag-offerte-voli","tag-same-italy","tag-venezia","tag-voli","tag-volo","tag-wts"],"yoast_head":"<!-- This site is optimized with the Yoast SEO plugin v27.0 - https:\/\/yoast.com\/product\/yoast-seo-wordpress\/ -->\n<title>Meridiana-Eurofly offre un nuovo collegamento tra Bari e Linate - Article Marketing<\/title>\n<meta name=\"robots\" content=\"index, follow, max-snippet:-1, max-image-preview:large, max-video-preview:-1\" \/>\n<link rel=\"canonical\" href=\"https:\/\/www.article-marketing.eu\/comunicati\/viaggi-e-vacanze\/voli\/meridiana-eurofly-offre-un-nuovo-collegamento-tra-bari-e-linate\/\" \/>\n<meta property=\"og:locale\" content=\"it_IT\" \/>\n<meta property=\"og:type\" content=\"article\" \/>\n<meta property=\"og:title\" content=\"Meridiana-Eurofly offre un nuovo collegamento tra Bari e Linate - Article Marketing\" \/>\n<meta property=\"og:description\" content=\"La Compagnia incrementa l\u2019offerta di voli da Bari: un nuovo volo quotidiano per Milano Linate si aggiunge al volo per Venezia.\" \/>\n<meta property=\"og:url\" content=\"https:\/\/www.article-marketing.eu\/comunicati\/viaggi-e-vacanze\/voli\/meridiana-eurofly-offre-un-nuovo-collegamento-tra-bari-e-linate\/\" \/>\n<meta property=\"og:site_name\" content=\"Article Marketing\" \/>\n<meta property=\"article:published_time\" content=\"2009-11-16T14:45:16+00:00\" \/>\n<meta name=\"author\" content=\"Redazione Comunicati Stampa\" \/>\n<meta name=\"twitter:card\" content=\"summary_large_image\" \/>\n<meta name=\"twitter:label1\" content=\"Scritto da\" \/>\n\t<meta name=\"twitter:data1\" content=\"Redazione Comunicati Stampa\" \/>\n\t<meta name=\"twitter:label2\" content=\"Tempo di lettura stimato\" \/>\n\t<meta name=\"twitter:data2\" content=\"3 minuti\" \/>\n<script type=\"application\/ld+json\" class=\"yoast-schema-graph\">{\"@context\":\"https:\/\/schema.org\",\"@graph\":[{\"@type\":\"Article\",\"@id\":\"https:\/\/www.article-marketing.eu\/comunicati\/viaggi-e-vacanze\/voli\/meridiana-eurofly-offre-un-nuovo-collegamento-tra-bari-e-linate\/#article\",\"isPartOf\":{\"@id\":\"https:\/\/www.article-marketing.eu\/comunicati\/viaggi-e-vacanze\/voli\/meridiana-eurofly-offre-un-nuovo-collegamento-tra-bari-e-linate\/\"},\"author\":{\"name\":\"Redazione Comunicati Stampa\",\"@id\":\"https:\/\/www.article-marketing.eu\/comunicati\/#\/schema\/person\/44372e4d4d0fa797b18e03ed1ace9017\"},\"headline\":\"Meridiana-Eurofly offre un nuovo collegamento tra Bari e Linate\",\"datePublished\":\"2009-11-16T14:45:16+00:00\",\"mainEntityOfPage\":{\"@id\":\"https:\/\/www.article-marketing.eu\/comunicati\/viaggi-e-vacanze\/voli\/meridiana-eurofly-offre-un-nuovo-collegamento-tra-bari-e-linate\/\"},\"wordCount\":619,\"commentCount\":0,\"keywords\":[\"bari\",\"eurofly\",\"meridiana\",\"milano linate\",\"offerte voli.\",\"same italy\",\"venezia\",\"voli\",\"volo\",\"wts\"],\"articleSection\":[\"Voli\"],\"inLanguage\":\"it-IT\",\"potentialAction\":[{\"@type\":\"CommentAction\",\"name\":\"Comment\",\"target\":[\"https:\/\/www.article-marketing.eu\/comunicati\/viaggi-e-vacanze\/voli\/meridiana-eurofly-offre-un-nuovo-collegamento-tra-bari-e-linate\/#respond\"]}]},{\"@type\":\"WebPage\",\"@id\":\"https:\/\/www.article-marketing.eu\/comunicati\/viaggi-e-vacanze\/voli\/meridiana-eurofly-offre-un-nuovo-collegamento-tra-bari-e-linate\/\",\"url\":\"https:\/\/www.article-marketing.eu\/comunicati\/viaggi-e-vacanze\/voli\/meridiana-eurofly-offre-un-nuovo-collegamento-tra-bari-e-linate\/\",\"name\":\"Meridiana-Eurofly offre un nuovo collegamento tra Bari e Linate - Article Marketing\",\"isPartOf\":{\"@id\":\"https:\/\/www.article-marketing.eu\/comunicati\/#website\"},\"datePublished\":\"2009-11-16T14:45:16+00:00\",\"author\":{\"@id\":\"https:\/\/www.article-marketing.eu\/comunicati\/#\/schema\/person\/44372e4d4d0fa797b18e03ed1ace9017\"},\"breadcrumb\":{\"@id\":\"https:\/\/www.article-marketing.eu\/comunicati\/viaggi-e-vacanze\/voli\/meridiana-eurofly-offre-un-nuovo-collegamento-tra-bari-e-linate\/#breadcrumb\"},\"inLanguage\":\"it-IT\",\"potentialAction\":[{\"@type\":\"ReadAction\",\"target\":[\"https:\/\/www.article-marketing.eu\/comunicati\/viaggi-e-vacanze\/voli\/meridiana-eurofly-offre-un-nuovo-collegamento-tra-bari-e-linate\/\"]}]},{\"@type\":\"BreadcrumbList\",\"@id\":\"https:\/\/www.article-marketing.eu\/comunicati\/viaggi-e-vacanze\/voli\/meridiana-eurofly-offre-un-nuovo-collegamento-tra-bari-e-linate\/#breadcrumb\",\"itemListElement\":[{\"@type\":\"ListItem\",\"position\":1,\"name\":\"Home\",\"item\":\"https:\/\/www.article-marketing.eu\/comunicati\/\"},{\"@type\":\"ListItem\",\"position\":2,\"name\":\"Meridiana-Eurofly offre un nuovo collegamento tra Bari e Linate\"}]},{\"@type\":\"WebSite\",\"@id\":\"https:\/\/www.article-marketing.eu\/comunicati\/#website\",\"url\":\"https:\/\/www.article-marketing.eu\/comunicati\/\",\"name\":\"Article Marketing\",\"description\":\"article marketing &amp; press release\",\"potentialAction\":[{\"@type\":\"SearchAction\",\"target\":{\"@type\":\"EntryPoint\",\"urlTemplate\":\"https:\/\/www.article-marketing.eu\/comunicati\/?s={search_term_string}\"},\"query-input\":{\"@type\":\"PropertyValueSpecification\",\"valueRequired\":true,\"valueName\":\"search_term_string\"}}],\"inLanguage\":\"it-IT\"},{\"@type\":\"Person\",\"@id\":\"https:\/\/www.article-marketing.eu\/comunicati\/#\/schema\/person\/44372e4d4d0fa797b18e03ed1ace9017\",\"name\":\"Redazione Comunicati Stampa\",\"image\":{\"@type\":\"ImageObject\",\"inLanguage\":\"it-IT\",\"@id\":\"https:\/\/www.article-marketing.eu\/comunicati\/#\/schema\/person\/image\/\",\"url\":\"https:\/\/secure.gravatar.com\/avatar\/50e5c6421d3072f42e7ace803501602c60d75233d34e29fd05feb91c8760b792?s=96&d=mm&r=g\",\"contentUrl\":\"https:\/\/secure.gravatar.com\/avatar\/50e5c6421d3072f42e7ace803501602c60d75233d34e29fd05feb91c8760b792?s=96&d=mm&r=g\",\"caption\":\"Redazione Comunicati Stampa\"},\"url\":\"https:\/\/www.article-marketing.eu\/comunicati\/author\/redazione-comunicati-stampa\/\"}]}<\/script>\n<!-- \/ Yoast SEO plugin. -->","yoast_head_json":{"title":"Meridiana-Eurofly offre un nuovo collegamento tra Bari e Linate - Article Marketing","robots":{"index":"index","follow":"follow","max-snippet":"max-snippet:-1","max-image-preview":"max-image-preview:large","max-video-preview":"max-video-preview:-1"},"canonical":"https:\/\/www.article-marketing.eu\/comunicati\/viaggi-e-vacanze\/voli\/meridiana-eurofly-offre-un-nuovo-collegamento-tra-bari-e-linate\/","og_locale":"it_IT","og_type":"article","og_title":"Meridiana-Eurofly offre un nuovo collegamento tra Bari e Linate - Article Marketing","og_description":"La Compagnia incrementa l\u2019offerta di voli da Bari: un nuovo volo quotidiano per Milano Linate si aggiunge al volo per Venezia.","og_url":"https:\/\/www.article-marketing.eu\/comunicati\/viaggi-e-vacanze\/voli\/meridiana-eurofly-offre-un-nuovo-collegamento-tra-bari-e-linate\/","og_site_name":"Article Marketing","article_published_time":"2009-11-16T14:45:16+00:00","author":"Redazione Comunicati Stampa","twitter_card":"summary_large_image","twitter_misc":{"Scritto da":"Redazione Comunicati Stampa","Tempo di lettura stimato":"3 minuti"},"schema":{"@context":"https:\/\/schema.org","@graph":[{"@type":"Article","@id":"https:\/\/www.article-marketing.eu\/comunicati\/viaggi-e-vacanze\/voli\/meridiana-eurofly-offre-un-nuovo-collegamento-tra-bari-e-linate\/#article","isPartOf":{"@id":"https:\/\/www.article-marketing.eu\/comunicati\/viaggi-e-vacanze\/voli\/meridiana-eurofly-offre-un-nuovo-collegamento-tra-bari-e-linate\/"},"author":{"name":"Redazione Comunicati Stampa","@id":"https:\/\/www.article-marketing.eu\/comunicati\/#\/schema\/person\/44372e4d4d0fa797b18e03ed1ace9017"},"headline":"Meridiana-Eurofly offre un nuovo collegamento tra Bari e Linate","datePublished":"2009-11-16T14:45:16+00:00","mainEntityOfPage":{"@id":"https:\/\/www.article-marketing.eu\/comunicati\/viaggi-e-vacanze\/voli\/meridiana-eurofly-offre-un-nuovo-collegamento-tra-bari-e-linate\/"},"wordCount":619,"commentCount":0,"keywords":["bari","eurofly","meridiana","milano linate","offerte voli.","same italy","venezia","voli","volo","wts"],"articleSection":["Voli"],"inLanguage":"it-IT","potentialAction":[{"@type":"CommentAction","name":"Comment","target":["https:\/\/www.article-marketing.eu\/comunicati\/viaggi-e-vacanze\/voli\/meridiana-eurofly-offre-un-nuovo-collegamento-tra-bari-e-linate\/#respond"]}]},{"@type":"WebPage","@id":"https:\/\/www.article-marketing.eu\/comunicati\/viaggi-e-vacanze\/voli\/meridiana-eurofly-offre-un-nuovo-collegamento-tra-bari-e-linate\/","url":"https:\/\/www.article-marketing.eu\/comunicati\/viaggi-e-vacanze\/voli\/meridiana-eurofly-offre-un-nuovo-collegamento-tra-bari-e-linate\/","name":"Meridiana-Eurofly offre un nuovo collegamento tra Bari e Linate - Article Marketing","isPartOf":{"@id":"https:\/\/www.article-marketing.eu\/comunicati\/#website"},"datePublished":"2009-11-16T14:45:16+00:00","author":{"@id":"https:\/\/www.article-marketing.eu\/comunicati\/#\/schema\/person\/44372e4d4d0fa797b18e03ed1ace9017"},"breadcrumb":{"@id":"https:\/\/www.article-marketing.eu\/comunicati\/viaggi-e-vacanze\/voli\/meridiana-eurofly-offre-un-nuovo-collegamento-tra-bari-e-linate\/#breadcrumb"},"inLanguage":"it-IT","potentialAction":[{"@type":"ReadAction","target":["https:\/\/www.article-marketing.eu\/comunicati\/viaggi-e-vacanze\/voli\/meridiana-eurofly-offre-un-nuovo-collegamento-tra-bari-e-linate\/"]}]},{"@type":"BreadcrumbList","@id":"https:\/\/www.article-marketing.eu\/comunicati\/viaggi-e-vacanze\/voli\/meridiana-eurofly-offre-un-nuovo-collegamento-tra-bari-e-linate\/#breadcrumb","itemListElement":[{"@type":"ListItem","position":1,"name":"Home","item":"https:\/\/www.article-marketing.eu\/comunicati\/"},{"@type":"ListItem","position":2,"name":"Meridiana-Eurofly offre un nuovo collegamento tra Bari e Linate"}]},{"@type":"WebSite","@id":"https:\/\/www.article-marketing.eu\/comunicati\/#website","url":"https:\/\/www.article-marketing.eu\/comunicati\/","name":"Article Marketing","description":"article marketing &amp; press release","potentialAction":[{"@type":"SearchAction","target":{"@type":"EntryPoint","urlTemplate":"https:\/\/www.article-marketing.eu\/comunicati\/?s={search_term_string}"},"query-input":{"@type":"PropertyValueSpecification","valueRequired":true,"valueName":"search_term_string"}}],"inLanguage":"it-IT"},{"@type":"Person","@id":"https:\/\/www.article-marketing.eu\/comunicati\/#\/schema\/person\/44372e4d4d0fa797b18e03ed1ace9017","name":"Redazione Comunicati Stampa","image":{"@type":"ImageObject","inLanguage":"it-IT","@id":"https:\/\/www.article-marketing.eu\/comunicati\/#\/schema\/person\/image\/","url":"https:\/\/secure.gravatar.com\/avatar\/50e5c6421d3072f42e7ace803501602c60d75233d34e29fd05feb91c8760b792?s=96&d=mm&r=g","contentUrl":"https:\/\/secure.gravatar.com\/avatar\/50e5c6421d3072f42e7ace803501602c60d75233d34e29fd05feb91c8760b792?s=96&d=mm&r=g","caption":"Redazione Comunicati Stampa"},"url":"https:\/\/www.article-marketing.eu\/comunicati\/author\/redazione-comunicati-stampa\/"}]}},"_links":{"self":[{"href":"https:\/\/www.article-marketing.eu\/comunicati\/wp-json\/wp\/v2\/posts\/3350","targetHints":{"allow":["GET"]}}],"collection":[{"href":"https:\/\/www.article-marketing.eu\/comunicati\/wp-json\/wp\/v2\/posts"}],"about":[{"href":"https:\/\/www.article-marketing.eu\/comunicati\/wp-json\/wp\/v2\/types\/post"}],"author":[{"embeddable":true,"href":"https:\/\/www.article-marketing.eu\/comunicati\/wp-json\/wp\/v2\/users\/10"}],"replies":[{"embeddable":true,"href":"https:\/\/www.article-marketing.eu\/comunicati\/wp-json\/wp\/v2\/comments?post=3350"}],"version-history":[{"count":0,"href":"https:\/\/www.article-marketing.eu\/comunicati\/wp-json\/wp\/v2\/posts\/3350\/revisions"}],"wp:attachment":[{"href":"https:\/\/www.article-marketing.eu\/comunicati\/wp-json\/wp\/v2\/media?parent=3350"}],"wp:term":[{"taxonomy":"category","embeddable":true,"href":"https:\/\/www.article-marketing.eu\/comunicati\/wp-json\/wp\/v2\/categories?post=3350"},{"taxonomy":"post_tag","embeddable":true,"href":"https:\/\/www.article-marketing.eu\/comunicati\/wp-json\/wp\/v2\/tags?post=3350"}],"curies":[{"name":"wp","href":"https:\/\/api.w.org\/{rel}","templated":true}]}}