{"id":3377,"date":"2009-11-17T19:12:26","date_gmt":"2009-11-17T18:12:26","guid":{"rendered":"http:\/\/www.article-marketing.eu\/comunicati\/senza-categoria\/lo-sguardo-fotografico-di-marina-gavazzi-sulla-birmania-al-caffe-giubbe-rosse-di-firenze\/"},"modified":"2018-07-10T05:26:59","modified_gmt":"2018-07-10T03:26:59","slug":"lo-sguardo-fotografico-di-marina-gavazzi-sulla-birmania-al-caffe-giubbe-rosse-di-firenze","status":"publish","type":"post","link":"https:\/\/www.article-marketing.eu\/comunicati\/arte-e-cultura\/lo-sguardo-fotografico-di-marina-gavazzi-sulla-birmania-al-caffe-giubbe-rosse-di-firenze\/","title":{"rendered":"Lo sguardo fotografico di Marina Gavazzi sulla Birmania al Caff\u00e8 Giubbe Rosse di Firenze"},"content":{"rendered":"<p>In questa mostra sono raccolte alcune istantanee della fotografa <a href=\"http:\/\/www.marinagavazzi.com\">Marina Gavazzi<\/a> (www.marinagavazzi.com), dedicate alla variegata realt\u00e0 della Birmania. I suoi ricordi divengono il commento pi\u00f9 pertinente e pregnante a quel \u2018viaggio\u2019 di immagini che ci conduce a scoprire o riscoprire una realt\u00e0 a noi lontana, troppo spesso banalizzata nel luogo comune della pubblicit\u00e0 turistica, per farla propria e patrimonio dell\u2019anima.<br \/>\nOggetto della mostra fiorentina \u00e8 una serie di foto risalenti al 2006, che ritraggono, come si \u00e8 detto, suggestivi aspetti della Birmania, dal 1989 Myanmar, attualmente, come tristemente si sa, sotto il rigido regime militare di Than Shwe.<br \/> <br \/>\nUn percorso fotografico che ci parla e ci racconta di un Popolo pacifico e colto, ricco di una molteplicit\u00e0 di etnie, di una terra rutilante di colori, ricolma di storia e contraddistinta da immensi paesaggi, da volti di bambini e vecchi, dalle semplici cose del quotidiano, dalla sacralit\u00e0 di gesti senza tempo di monaci e monache. <br \/>\nUna lettura della Birmania, quella che ci d\u00e0 la Gavazzi, che tiene presente, insieme, la profondit\u00e0 e la razionalit\u00e0 della storia e l\u2019estemporanea irrazionalit\u00e0 delle sensazioni, la durezza del vivere gramo e l\u2019ascetica ed imperturbabile religiosit\u00e0 alla ricerca di una Luce assoluta. Fotografie che ci restituiscono uno scenario diverso e non scontato rispetto a quello proposto dai mass media, attraverso momenti semplici e coinvolgenti, avvolti di un\u2019ineffabile sacralit\u00e0 anche nell\u2019atto pi\u00f9 comunemente quotidiano.<br \/>\nLe sue fotografie vogliono essere, comunque e sempre, impressioni interiori che arrivano al cuore delle emozioni. La Gavazzi immortala l\u2019istante irripetibile cos\u00ec come mai pi\u00f9 si verificher\u00e0. I suoi paesaggi ed i particolari rimandano ad equilibri interiori ed universali, dove tutto parla della vastit\u00e0 del Cosmo e dell\u2019uomo. Un viaggio interiore attraverso realt\u00e0 e paesi lontani per giungere ad un\u2019autocoscienza etica e sociale. <br \/>\nLo scatto \u2013 profondamente meditato e mai \u2018casuale\u2019, sebbene colto nella sua casualit\u00e0 \u2013 ci restituisce un \u2018frammento\u2019 di realt\u00e0 cos\u00ec come lei vuole che sia da noi veduta, trasmettendoci la stessa emozione sua in quell\u2019istante. I colori fanno emergere monumenti vetusti, oggetti di culto, riflessi e persone; controluce sapienti, colori saturi o diafani, pieni sempre di pathos, natura rutilante di luci e di cromie esotiche. Al di l\u00e0 dei paesaggi, per\u00f2, sono soprattutto i suoi rammentati ritratti ad affascinare e coinvolgere, ritratti dove sempre emergono i connotati psicologici non solo dei singoli individui, ma dell\u2019intera collettivit\u00e0, di tutto un popolo. <br \/><strong>Giampaolo Trotta<\/strong><\/p>\n<p>Il caff\u00e9 &quot;<strong>Giubbe Rosse<\/strong>&quot; venne fondato nel 1897 dai fratelli Reininghaus, che ne avevano fatto il punto di riferimento della numerosa comunit\u00e0 tedesca fiorentina. Secondo la moda del tempo i proprietari vestivano i camerieri con \u2018giubbe\u2019 rosse, all&#8217;uso viennese e da questo deriv\u00f2 il suo nome. Dal 1913 il locale divenne la sede fissa dei futuristi fiorentini, luogo di incontro per letterati e per artisti italiani e stranieri. Ancora oggi il caff\u00e9 letterario \u00e8 interamente coperto da foto, disegni e memorie dei suoi celebri frequentatori. In tale contesto trova collocazione la mostra della fotografa milanese Marina Gavazzi.<\/p>\n<p><strong>Marina Gavazzi<\/strong><br \/><strong><em>Birmania. Volti e colori di un Popolo<\/em><\/strong><br \/>FIRENZE, Caff\u00e9 Storico Letterario Giubbe Rosse<br \/>1 &#8211; 18 dicembre 2009<br \/>Tutti i giorni<\/p>\n<p>Inaugurazione:<br \/>marted\u00ec 1 dicembre 2009, ore 17.30<\/p>\n<p>Informazioni:<br \/><strong>Giubbe Rosse<\/strong>, Firenze<br \/>Tel.: 055 212280<br \/>www.giubberosse.it<\/p>\n<p><strong>Marina Gavazzi<\/strong><br \/>marina@marinagavazzi.com<br \/>www.marinagavazzi.com<\/p>\n<p>Pubblicazione comunicati stampa internet<br \/>Maleva srl<br \/>www.maleva.it\/marketing\/<br \/>fabrizio.pivari (at) maleva.it<\/p>\n","protected":false},"excerpt":{"rendered":"<p>La Birmania presentata in una serie di immagini dalla fotografa Marina Gavazzi allo storico Caff\u00e8 Giubbe Rosse a Firenze dal 1\u00b0 al 18 Dicembre 2009.<\/p>\n","protected":false},"author":10,"featured_media":0,"comment_status":"open","ping_status":"open","sticky":false,"template":"","format":"standard","meta":{"cybocfi_hide_featured_image":"","footnotes":""},"categories":[27],"tags":[],"class_list":["post-3377","post","type-post","status-publish","format-standard","hentry","category-arte-e-cultura"],"yoast_head":"<!-- This site is optimized with the Yoast SEO plugin v27.0 - https:\/\/yoast.com\/product\/yoast-seo-wordpress\/ -->\n<title>Lo sguardo fotografico di Marina Gavazzi sulla Birmania al Caff\u00e8 Giubbe Rosse di Firenze - Article Marketing<\/title>\n<meta name=\"robots\" content=\"index, follow, max-snippet:-1, max-image-preview:large, max-video-preview:-1\" \/>\n<link rel=\"canonical\" href=\"https:\/\/www.article-marketing.eu\/comunicati\/arte-e-cultura\/lo-sguardo-fotografico-di-marina-gavazzi-sulla-birmania-al-caffe-giubbe-rosse-di-firenze\/\" \/>\n<meta property=\"og:locale\" content=\"it_IT\" \/>\n<meta property=\"og:type\" content=\"article\" \/>\n<meta property=\"og:title\" content=\"Lo sguardo fotografico di Marina Gavazzi sulla Birmania al Caff\u00e8 Giubbe Rosse di Firenze - Article Marketing\" \/>\n<meta property=\"og:description\" content=\"La Birmania presentata in una serie di immagini dalla fotografa Marina Gavazzi allo storico Caff\u00e8 Giubbe Rosse a Firenze dal 1\u00b0 al 18 Dicembre 2009.\" \/>\n<meta property=\"og:url\" content=\"https:\/\/www.article-marketing.eu\/comunicati\/arte-e-cultura\/lo-sguardo-fotografico-di-marina-gavazzi-sulla-birmania-al-caffe-giubbe-rosse-di-firenze\/\" \/>\n<meta property=\"og:site_name\" content=\"Article Marketing\" \/>\n<meta property=\"article:published_time\" content=\"2009-11-17T18:12:26+00:00\" \/>\n<meta property=\"article:modified_time\" content=\"2018-07-10T03:26:59+00:00\" \/>\n<meta name=\"author\" content=\"Redazione Comunicati Stampa\" \/>\n<meta name=\"twitter:card\" content=\"summary_large_image\" \/>\n<meta name=\"twitter:label1\" content=\"Scritto da\" \/>\n\t<meta name=\"twitter:data1\" content=\"Redazione Comunicati Stampa\" \/>\n\t<meta name=\"twitter:label2\" content=\"Tempo di lettura stimato\" \/>\n\t<meta name=\"twitter:data2\" content=\"3 minuti\" \/>\n<script type=\"application\/ld+json\" class=\"yoast-schema-graph\">{\"@context\":\"https:\/\/schema.org\",\"@graph\":[{\"@type\":\"Article\",\"@id\":\"https:\/\/www.article-marketing.eu\/comunicati\/arte-e-cultura\/lo-sguardo-fotografico-di-marina-gavazzi-sulla-birmania-al-caffe-giubbe-rosse-di-firenze\/#article\",\"isPartOf\":{\"@id\":\"https:\/\/www.article-marketing.eu\/comunicati\/arte-e-cultura\/lo-sguardo-fotografico-di-marina-gavazzi-sulla-birmania-al-caffe-giubbe-rosse-di-firenze\/\"},\"author\":{\"name\":\"Redazione Comunicati Stampa\",\"@id\":\"https:\/\/www.article-marketing.eu\/comunicati\/#\/schema\/person\/44372e4d4d0fa797b18e03ed1ace9017\"},\"headline\":\"Lo sguardo fotografico di Marina Gavazzi sulla Birmania al Caff\u00e8 Giubbe Rosse di Firenze\",\"datePublished\":\"2009-11-17T18:12:26+00:00\",\"dateModified\":\"2018-07-10T03:26:59+00:00\",\"mainEntityOfPage\":{\"@id\":\"https:\/\/www.article-marketing.eu\/comunicati\/arte-e-cultura\/lo-sguardo-fotografico-di-marina-gavazzi-sulla-birmania-al-caffe-giubbe-rosse-di-firenze\/\"},\"wordCount\":560,\"commentCount\":0,\"articleSection\":[\"Arte e cultura\"],\"inLanguage\":\"it-IT\",\"potentialAction\":[{\"@type\":\"CommentAction\",\"name\":\"Comment\",\"target\":[\"https:\/\/www.article-marketing.eu\/comunicati\/arte-e-cultura\/lo-sguardo-fotografico-di-marina-gavazzi-sulla-birmania-al-caffe-giubbe-rosse-di-firenze\/#respond\"]}]},{\"@type\":\"WebPage\",\"@id\":\"https:\/\/www.article-marketing.eu\/comunicati\/arte-e-cultura\/lo-sguardo-fotografico-di-marina-gavazzi-sulla-birmania-al-caffe-giubbe-rosse-di-firenze\/\",\"url\":\"https:\/\/www.article-marketing.eu\/comunicati\/arte-e-cultura\/lo-sguardo-fotografico-di-marina-gavazzi-sulla-birmania-al-caffe-giubbe-rosse-di-firenze\/\",\"name\":\"Lo sguardo fotografico di Marina Gavazzi sulla Birmania al Caff\u00e8 Giubbe Rosse di Firenze - Article Marketing\",\"isPartOf\":{\"@id\":\"https:\/\/www.article-marketing.eu\/comunicati\/#website\"},\"datePublished\":\"2009-11-17T18:12:26+00:00\",\"dateModified\":\"2018-07-10T03:26:59+00:00\",\"author\":{\"@id\":\"https:\/\/www.article-marketing.eu\/comunicati\/#\/schema\/person\/44372e4d4d0fa797b18e03ed1ace9017\"},\"breadcrumb\":{\"@id\":\"https:\/\/www.article-marketing.eu\/comunicati\/arte-e-cultura\/lo-sguardo-fotografico-di-marina-gavazzi-sulla-birmania-al-caffe-giubbe-rosse-di-firenze\/#breadcrumb\"},\"inLanguage\":\"it-IT\",\"potentialAction\":[{\"@type\":\"ReadAction\",\"target\":[\"https:\/\/www.article-marketing.eu\/comunicati\/arte-e-cultura\/lo-sguardo-fotografico-di-marina-gavazzi-sulla-birmania-al-caffe-giubbe-rosse-di-firenze\/\"]}]},{\"@type\":\"BreadcrumbList\",\"@id\":\"https:\/\/www.article-marketing.eu\/comunicati\/arte-e-cultura\/lo-sguardo-fotografico-di-marina-gavazzi-sulla-birmania-al-caffe-giubbe-rosse-di-firenze\/#breadcrumb\",\"itemListElement\":[{\"@type\":\"ListItem\",\"position\":1,\"name\":\"Home\",\"item\":\"https:\/\/www.article-marketing.eu\/comunicati\/\"},{\"@type\":\"ListItem\",\"position\":2,\"name\":\"Lo sguardo fotografico di Marina Gavazzi sulla Birmania al Caff\u00e8 Giubbe Rosse di Firenze\"}]},{\"@type\":\"WebSite\",\"@id\":\"https:\/\/www.article-marketing.eu\/comunicati\/#website\",\"url\":\"https:\/\/www.article-marketing.eu\/comunicati\/\",\"name\":\"Article Marketing\",\"description\":\"article marketing &amp; press release\",\"potentialAction\":[{\"@type\":\"SearchAction\",\"target\":{\"@type\":\"EntryPoint\",\"urlTemplate\":\"https:\/\/www.article-marketing.eu\/comunicati\/?s={search_term_string}\"},\"query-input\":{\"@type\":\"PropertyValueSpecification\",\"valueRequired\":true,\"valueName\":\"search_term_string\"}}],\"inLanguage\":\"it-IT\"},{\"@type\":\"Person\",\"@id\":\"https:\/\/www.article-marketing.eu\/comunicati\/#\/schema\/person\/44372e4d4d0fa797b18e03ed1ace9017\",\"name\":\"Redazione Comunicati Stampa\",\"image\":{\"@type\":\"ImageObject\",\"inLanguage\":\"it-IT\",\"@id\":\"https:\/\/www.article-marketing.eu\/comunicati\/#\/schema\/person\/image\/\",\"url\":\"https:\/\/secure.gravatar.com\/avatar\/50e5c6421d3072f42e7ace803501602c60d75233d34e29fd05feb91c8760b792?s=96&d=mm&r=g\",\"contentUrl\":\"https:\/\/secure.gravatar.com\/avatar\/50e5c6421d3072f42e7ace803501602c60d75233d34e29fd05feb91c8760b792?s=96&d=mm&r=g\",\"caption\":\"Redazione Comunicati Stampa\"},\"url\":\"https:\/\/www.article-marketing.eu\/comunicati\/author\/redazione-comunicati-stampa\/\"}]}<\/script>\n<!-- \/ Yoast SEO plugin. -->","yoast_head_json":{"title":"Lo sguardo fotografico di Marina Gavazzi sulla Birmania al Caff\u00e8 Giubbe Rosse di Firenze - Article Marketing","robots":{"index":"index","follow":"follow","max-snippet":"max-snippet:-1","max-image-preview":"max-image-preview:large","max-video-preview":"max-video-preview:-1"},"canonical":"https:\/\/www.article-marketing.eu\/comunicati\/arte-e-cultura\/lo-sguardo-fotografico-di-marina-gavazzi-sulla-birmania-al-caffe-giubbe-rosse-di-firenze\/","og_locale":"it_IT","og_type":"article","og_title":"Lo sguardo fotografico di Marina Gavazzi sulla Birmania al Caff\u00e8 Giubbe Rosse di Firenze - Article Marketing","og_description":"La Birmania presentata in una serie di immagini dalla fotografa Marina Gavazzi allo storico Caff\u00e8 Giubbe Rosse a Firenze dal 1\u00b0 al 18 Dicembre 2009.","og_url":"https:\/\/www.article-marketing.eu\/comunicati\/arte-e-cultura\/lo-sguardo-fotografico-di-marina-gavazzi-sulla-birmania-al-caffe-giubbe-rosse-di-firenze\/","og_site_name":"Article Marketing","article_published_time":"2009-11-17T18:12:26+00:00","article_modified_time":"2018-07-10T03:26:59+00:00","author":"Redazione Comunicati Stampa","twitter_card":"summary_large_image","twitter_misc":{"Scritto da":"Redazione Comunicati Stampa","Tempo di lettura stimato":"3 minuti"},"schema":{"@context":"https:\/\/schema.org","@graph":[{"@type":"Article","@id":"https:\/\/www.article-marketing.eu\/comunicati\/arte-e-cultura\/lo-sguardo-fotografico-di-marina-gavazzi-sulla-birmania-al-caffe-giubbe-rosse-di-firenze\/#article","isPartOf":{"@id":"https:\/\/www.article-marketing.eu\/comunicati\/arte-e-cultura\/lo-sguardo-fotografico-di-marina-gavazzi-sulla-birmania-al-caffe-giubbe-rosse-di-firenze\/"},"author":{"name":"Redazione Comunicati Stampa","@id":"https:\/\/www.article-marketing.eu\/comunicati\/#\/schema\/person\/44372e4d4d0fa797b18e03ed1ace9017"},"headline":"Lo sguardo fotografico di Marina Gavazzi sulla Birmania al Caff\u00e8 Giubbe Rosse di Firenze","datePublished":"2009-11-17T18:12:26+00:00","dateModified":"2018-07-10T03:26:59+00:00","mainEntityOfPage":{"@id":"https:\/\/www.article-marketing.eu\/comunicati\/arte-e-cultura\/lo-sguardo-fotografico-di-marina-gavazzi-sulla-birmania-al-caffe-giubbe-rosse-di-firenze\/"},"wordCount":560,"commentCount":0,"articleSection":["Arte e cultura"],"inLanguage":"it-IT","potentialAction":[{"@type":"CommentAction","name":"Comment","target":["https:\/\/www.article-marketing.eu\/comunicati\/arte-e-cultura\/lo-sguardo-fotografico-di-marina-gavazzi-sulla-birmania-al-caffe-giubbe-rosse-di-firenze\/#respond"]}]},{"@type":"WebPage","@id":"https:\/\/www.article-marketing.eu\/comunicati\/arte-e-cultura\/lo-sguardo-fotografico-di-marina-gavazzi-sulla-birmania-al-caffe-giubbe-rosse-di-firenze\/","url":"https:\/\/www.article-marketing.eu\/comunicati\/arte-e-cultura\/lo-sguardo-fotografico-di-marina-gavazzi-sulla-birmania-al-caffe-giubbe-rosse-di-firenze\/","name":"Lo sguardo fotografico di Marina Gavazzi sulla Birmania al Caff\u00e8 Giubbe Rosse di Firenze - Article Marketing","isPartOf":{"@id":"https:\/\/www.article-marketing.eu\/comunicati\/#website"},"datePublished":"2009-11-17T18:12:26+00:00","dateModified":"2018-07-10T03:26:59+00:00","author":{"@id":"https:\/\/www.article-marketing.eu\/comunicati\/#\/schema\/person\/44372e4d4d0fa797b18e03ed1ace9017"},"breadcrumb":{"@id":"https:\/\/www.article-marketing.eu\/comunicati\/arte-e-cultura\/lo-sguardo-fotografico-di-marina-gavazzi-sulla-birmania-al-caffe-giubbe-rosse-di-firenze\/#breadcrumb"},"inLanguage":"it-IT","potentialAction":[{"@type":"ReadAction","target":["https:\/\/www.article-marketing.eu\/comunicati\/arte-e-cultura\/lo-sguardo-fotografico-di-marina-gavazzi-sulla-birmania-al-caffe-giubbe-rosse-di-firenze\/"]}]},{"@type":"BreadcrumbList","@id":"https:\/\/www.article-marketing.eu\/comunicati\/arte-e-cultura\/lo-sguardo-fotografico-di-marina-gavazzi-sulla-birmania-al-caffe-giubbe-rosse-di-firenze\/#breadcrumb","itemListElement":[{"@type":"ListItem","position":1,"name":"Home","item":"https:\/\/www.article-marketing.eu\/comunicati\/"},{"@type":"ListItem","position":2,"name":"Lo sguardo fotografico di Marina Gavazzi sulla Birmania al Caff\u00e8 Giubbe Rosse di Firenze"}]},{"@type":"WebSite","@id":"https:\/\/www.article-marketing.eu\/comunicati\/#website","url":"https:\/\/www.article-marketing.eu\/comunicati\/","name":"Article Marketing","description":"article marketing &amp; press release","potentialAction":[{"@type":"SearchAction","target":{"@type":"EntryPoint","urlTemplate":"https:\/\/www.article-marketing.eu\/comunicati\/?s={search_term_string}"},"query-input":{"@type":"PropertyValueSpecification","valueRequired":true,"valueName":"search_term_string"}}],"inLanguage":"it-IT"},{"@type":"Person","@id":"https:\/\/www.article-marketing.eu\/comunicati\/#\/schema\/person\/44372e4d4d0fa797b18e03ed1ace9017","name":"Redazione Comunicati Stampa","image":{"@type":"ImageObject","inLanguage":"it-IT","@id":"https:\/\/www.article-marketing.eu\/comunicati\/#\/schema\/person\/image\/","url":"https:\/\/secure.gravatar.com\/avatar\/50e5c6421d3072f42e7ace803501602c60d75233d34e29fd05feb91c8760b792?s=96&d=mm&r=g","contentUrl":"https:\/\/secure.gravatar.com\/avatar\/50e5c6421d3072f42e7ace803501602c60d75233d34e29fd05feb91c8760b792?s=96&d=mm&r=g","caption":"Redazione Comunicati Stampa"},"url":"https:\/\/www.article-marketing.eu\/comunicati\/author\/redazione-comunicati-stampa\/"}]}},"_links":{"self":[{"href":"https:\/\/www.article-marketing.eu\/comunicati\/wp-json\/wp\/v2\/posts\/3377","targetHints":{"allow":["GET"]}}],"collection":[{"href":"https:\/\/www.article-marketing.eu\/comunicati\/wp-json\/wp\/v2\/posts"}],"about":[{"href":"https:\/\/www.article-marketing.eu\/comunicati\/wp-json\/wp\/v2\/types\/post"}],"author":[{"embeddable":true,"href":"https:\/\/www.article-marketing.eu\/comunicati\/wp-json\/wp\/v2\/users\/10"}],"replies":[{"embeddable":true,"href":"https:\/\/www.article-marketing.eu\/comunicati\/wp-json\/wp\/v2\/comments?post=3377"}],"version-history":[{"count":2,"href":"https:\/\/www.article-marketing.eu\/comunicati\/wp-json\/wp\/v2\/posts\/3377\/revisions"}],"predecessor-version":[{"id":61546,"href":"https:\/\/www.article-marketing.eu\/comunicati\/wp-json\/wp\/v2\/posts\/3377\/revisions\/61546"}],"wp:attachment":[{"href":"https:\/\/www.article-marketing.eu\/comunicati\/wp-json\/wp\/v2\/media?parent=3377"}],"wp:term":[{"taxonomy":"category","embeddable":true,"href":"https:\/\/www.article-marketing.eu\/comunicati\/wp-json\/wp\/v2\/categories?post=3377"},{"taxonomy":"post_tag","embeddable":true,"href":"https:\/\/www.article-marketing.eu\/comunicati\/wp-json\/wp\/v2\/tags?post=3377"}],"curies":[{"name":"wp","href":"https:\/\/api.w.org\/{rel}","templated":true}]}}