{"id":3422,"date":"2009-11-22T13:34:16","date_gmt":"2009-11-22T12:34:16","guid":{"rendered":"http:\/\/www.article-marketing.eu\/comunicati\/senza-categoria\/una-denuncia-in-solidarieta-ai-boscimani-del-kalahari-e-ai-popoli-indigeni-e-tribali-tra-la-perduta-gentedi-raffaella-milandri\/"},"modified":"2009-11-22T13:34:16","modified_gmt":"2009-11-22T12:34:16","slug":"una-denuncia-in-solidarieta-ai-boscimani-del-kalahari-e-ai-popoli-indigeni-e-tribali-tra-la-perduta-gentedi-raffaella-milandri","status":"publish","type":"post","link":"https:\/\/www.article-marketing.eu\/comunicati\/ambiente\/tutela-e-denunce\/una-denuncia-in-solidarieta-ai-boscimani-del-kalahari-e-ai-popoli-indigeni-e-tribali-tra-la-perduta-gentedi-raffaella-milandri\/","title":{"rendered":"UNA DENUNCIA IN SOLIDARIETA\u2019 AI BOSCIMANI DEL KALAHARI E AI POPOLI INDIGENI E TRIBALI: \u201cTRA LA PERDUTA GENTE\u201dDI RAFFAELLA MILANDRI"},"content":{"rendered":"<p>\u201cTra la perduta gente \u201c<\/p>\n<p style=\"margin-bottom: 0.0001pt; line-height: normal;\" class=\"MsoNormal\">\u00e8 la nuova emozionante mostra-proiezione della fotografa e viaggiatrice<br \/>\nin solitaria&nbsp; Raffaella Milandri. <\/p>\n<p style=\"margin-bottom: 0.0001pt; line-height: normal;\" class=\"MsoNormal\">Si terr\u00e0 il 13 dicembre alle ore 16.00 presso l\u2019Auditorium Comunale di<br \/>\nSan Benedetto del Tronto. \u201cE\u2019 un reportage video-fotografico, una importante<br \/>\ntestimonianza raccolta in Botswana&nbsp; che \u00e8<br \/>\nun tributo di solidariet\u00e0 al popolo dei Boscimani del Kalahari e a tutti i<br \/>\npopoli indigeni. Con \u201cTra la perduta gente\u201d &nbsp;si vuole anche sensibilizzare l\u2019opinione<br \/>\npubblica e il Parlamento Italiano a favore della ratifica dell\u2019Italia alla ILO<br \/>\n169\u201d dice l\u2019autrice. <\/p>\n<p style=\"margin-bottom: 0.0001pt; line-height: normal;\" class=\"MsoNormal\">Questo reportage, corredato da una intervista-denuncia sulla situazione<br \/>\ndei Boscimani, \u00e8 articolato dantescamente in tre sezioni di foto: immagini della<br \/>\nterra ancestrale dei Boscimani nella sua bellezza (Paradiso), il villaggio dei<br \/>\nBoscimani nel Kalahari con problemi di sopravvivenza (Purgatorio) ,ed infine uno<br \/>\ndei campi di deportazione(Inferno). <\/p>\n<p style=\"margin-bottom: 0.0001pt; line-height: normal;\" class=\"MsoNormal\">\u201cDurante la mia &nbsp;intervista &nbsp;&nbsp;la<br \/>\ndonna boscimane, mentre racconta le vicissitudini del suo popolo, &nbsp;indica sempre l\u00e0, un punto lontano, dove vuole<br \/>\ntornare: \u00e8 la sua terra ancestrale, il deserto del Kalahari\u201d dice la Milandri,<br \/>\ne aggiunge:<\/p>\n<p style=\"margin-bottom: 0.0001pt; line-height: normal;\" class=\"MsoNormal\">\u201cIl titolo ha significato duplice: la gente perduta sono i Boscimani,<br \/>\ndispersi e smarriti nella loro identit\u00e0; ma in senso dantesco sono anche i<br \/>\nGoverni e le multinazionali, quando usano un &nbsp;potere crudele contro popoli inermi\u201d<\/p>\n<p style=\"margin-bottom: 0.0001pt; line-height: normal;\" class=\"MsoNormal\">LA STORIA DEI BOSCIMANI DEL KALAHARI<\/p>\n<p style=\"margin-bottom: 0.0001pt; line-height: normal;\" class=\"MsoNormal\">I boscimani sono uno dei popoli pi\u00f9 antichi della terra: da oltre<br \/>\n30.000 anni hanno vissuto nel deserto del Kalahari.<br \/>\nLa Central Game Reserve of Kalahari, in<br \/>\nBotswana, \u00e8 infatti stata creata nel 1961<br \/>\nper proteggere il loro territorio e la loro cultura, basata sulla caccia e su<br \/>\nuna vita in armonia con la natura. Ma dal 1997 \u00e8 iniziata una vera odissea per<br \/>\nquesto antico popolo, dopo la scoperta di ricche miniere di diamanti nel loro<br \/>\ndeserto. Uomini, donne, bambini, anziani &nbsp;portati via con la forza su camion, villaggi<br \/>\nsmantellati, scuola e ambulatorio medico chiusi, e per finire distrutte le<br \/>\nriserve d\u2019acqua e chiusi i pozzi d\u2019acqua.<\/p>\n<p style=\"margin-bottom: 0.0001pt; line-height: normal;\" class=\"MsoNormal\">Dopo diverse deportazioni, oggi &nbsp;nella<br \/>\nriserva sono rimasti solo 300 Boscimani, tutti gli altri sono in campi di<br \/>\nreinsediamento. Questi 300 Boscimani hanno enormi problemi di sopravvivenza e<br \/>\nuna vita durissima : il Governo proibisce loro di andare a caccia, e vengono<br \/>\narrestati se lo fanno; il Governo proibisce loro di usare &nbsp;i pozzi d\u2019acqua, &nbsp;e sono costretti a raccogliere l\u2019acqua da<br \/>\npozzanghere nella sabbia&nbsp; e da radici. proibisce<br \/>\ndi&nbsp; La loro vita \u00e8 durissima.<\/p>\n<p style=\"margin-bottom: 0.0001pt; line-height: normal;\" class=\"MsoNormal\">\u201cHo visitato il villaggio nel deserto, dopo aver donato loro zucchero,<br \/>\nlatte, the e tabacco, prendo una tanica d&#8217;acqua dall&#8217;auto e la poso in terra,<br \/>\nin mezzo al cerchio della gente del villaggio, seduta all&#8217;ombra di uno dei rari<br \/>\nalberi. E subito, con un ordine gerarchico e familiare che a me \u00e8 oscuro,<br \/>\nappaiono tazze di latta che vengono riempite e svuotate lentamente, in silenzio<br \/>\nreligioso. Ora comprendo appieno cosa significa l&#8217;acqua nel deserto. Lo vedo<br \/>\nnei loro occhi, nei loro visi&nbsp;<br \/>\nimpolverati e nelle labbra aride. Chiedo ad una ragazzina che parla un<br \/>\npo&#8217; di inglese dove si trova l&#8217;acqua, e lei alza il braccio indicando l&#8217;ovest:<br \/>\nlontano, lontano&#8230;.Le donne lavano i panni in bacinelle con un dito d&#8217;acqua<br \/>\ndensa e scura. Gli unici pozzi d&#8217;acqua vicini (30 km circa) sono stati chiusi e<br \/>\nnon hanno il permesso di scavarne di nuovi.\u201d racconta la Milandri.&nbsp; <\/p>\n<p style=\"margin-bottom: 0.0001pt; line-height: normal;\" class=\"MsoNormal\">Oggi, mentre i &nbsp;Boscimani nel<br \/>\ndeserto lottano per la sopravvivenza, le migliaia che si trovano <\/p>\n<p style=\"margin-bottom: 0.0001pt; line-height: normal;\" class=\"MsoNormal\">&nbsp;nei campi di reinsediamento &nbsp;sono vittime di alcolismo, HIV, depressione.<br \/>\nLa loro unica ed antica cultura rischia di scomparire per sempre.&nbsp; Stanno perdendo la loro identit\u00e0 e ancora<br \/>\naspettano perch\u00e9 vengano riconosciuti i loro &nbsp;diritti umani.<\/p>\n<p style=\"margin-bottom: 0.0001pt; line-height: normal;\" class=\"MsoNormal\">Nel &nbsp;2006 i Boscimani hanno vinto<br \/>\nuna \u2013lunghissima- causa nei confronti del Governo del Botswana, ottenendo il<br \/>\ndiritto a vivere nelle loro terre,&nbsp; a &nbsp;&nbsp;usare i<br \/>\npozzi d\u2019acqua e a poter cacciare per il loro fabbisogno alimentare; ma dopo la<br \/>\nsentenza &nbsp;nulla \u00e8 cambiato.&nbsp; Ogni volta che hanno provato a tornare alla<br \/>\nloro terra, li hanno costretti a tornare nei campi di reinsediamento.<\/p>\n<p style=\"margin-bottom: 0.0001pt; line-height: normal;\" class=\"MsoNormal\">E\u2019 del 12 novembre 2009 una notizia riportata dal quotidiano canadese<br \/>\nGlobe and Mail :<\/p>\n<p style=\"margin-bottom: 0.0001pt; line-height: normal;\" class=\"MsoNormal\">una donna Boscimane, ad un posto di controllo, guarda la immagine<br \/>\nappesa del Presidente del Botswana Ian Kama e dice quello che per lei \u00e8 un<br \/>\ncomplimento:&nbsp; \u201csembra un Boscimane\u201d . Il<br \/>\ncommento viene ritenuto un insulto e la donna viene portata alla stazione di<br \/>\npolizia, segregata per un giorno e una notte, e costretta a pagare una multa. &nbsp;L\u2019appello della Milandri:<\/p>\n<p style=\"margin-bottom: 0.0001pt; line-height: normal;\" class=\"MsoNormal\">\u201cE\u2019 urgente intervenire subito, la gente boscimane \u00e8 davvero disperata,<br \/>\nnon ce la fa pi\u00f9. Parte del materiale della mia mostra-proiezione \u00e8 gi\u00e0 stato<br \/>\ninviato, insieme ad una documentazione, al Commissariato per l\u2019eliminazione<br \/>\ndelle Discriminazioni Razziali dell\u2019ONU. Il Segretario in carica mi ha<br \/>\nconfermato che la questione dei Boscimani verr\u00e0 esaminata entro i primi mesi<br \/>\ndel 2010. Speriamo bene\u201d<\/p>\n<p style=\"margin-bottom: 0.0001pt; line-height: normal;\" class=\"MsoNormal\">I POPOLI INDIGENI E LA ILO 169<\/p>\n<p style=\"margin-bottom: 0.0001pt; line-height: normal;\" class=\"MsoNormal\">Il caso dei Boscimani \u00e8, purtroppo, una goccia nel mare delle<br \/>\ndiscriminazioni, violenze, soprusi a cui sono stati assoggettati i popoli indigeni<br \/>\ne tribali: i nativi americani(dagli Apache agli Inuit), gli aborigeni<br \/>\naustraliani, i maori neozelandesi, gli indios sudamericani, i pigmei africani,<br \/>\ne tanti-troppi-altri.<\/p>\n<p style=\"margin-bottom: 0.0001pt; line-height: normal;\" class=\"MsoNormal\">Circa 300 milioni di persone nel mondo sono accomunate da questo<br \/>\ndestino: &nbsp;culture e societ\u00e0 cos\u00ec speciali<br \/>\nche dovrebbero essere Patrimonio dell\u2019Umanit\u00e0, stili di vita semplici a<br \/>\ncontatto con la natura .<\/p>\n<p style=\"margin-bottom: 0.0001pt; line-height: normal;\" class=\"MsoNormal\">Da parte loro, solo la richiesta di essere lasciati nelle loro terre ed<br \/>\nessere riconosciuti come esseri umani, con i loro diritti; da parte di Governi<br \/>\ne multinazionali, l\u2019avidit\u00e0 senza scrupoli di appropriarsi di terreni dove si<br \/>\ntrovano ricchezze : diamanti, uranio, oro, petrolio, foreste.<\/p>\n<p style=\"margin-bottom: 0.0001pt; line-height: normal;\" class=\"MsoNormal\">\u201c Non guardiamo a questi popoli con simpatia solo nei film e nei<br \/>\ndocumentari dove si raccontano le loro storie: sono esseri umani, reali, che<br \/>\nsoffrono. &nbsp;Ho visto la stessa sofferenza<br \/>\ne smarrimento negli occhi degli Inuit in Alaska, degli Apache negli Stati<br \/>\nUniti, degli Aborigeni in Australia, dei Boscimani in Botswana. Sono stata<br \/>\ntestimone di crudeli episodi di razzismo e ho visto ovunque trattamenti davvero<br \/>\ndisumani per questi popoli che hanno la sola colpa di essere semplici e<br \/>\ngenuini. E che rischiano l\u2019estinzione\u201d dice Raffaella Milandri<\/p>\n<p style=\"margin-bottom: 0.0001pt; line-height: normal;\" class=\"MsoNormal\">L\u2019appello e il messaggio della mostra \u201cTra la perduta gente\u201d \u00e8 quello<br \/>\ndi sostenere e caldeggiare la ratifica dell\u2019Italia alla ILO 169, che \u00e8 una<br \/>\nconvenzione internazionale in supporto dei popoli indigeni e tribali.<\/p>\n<p style=\"margin-bottom: 0.0001pt; line-height: normal;\" class=\"MsoNormal\">\u201c Per L\u2019Italia , che fa gi\u00e0 parte della ILO, agenzia delll\u2019ONU, &nbsp;dal 1919, si tratta di una ratifica che non ha<br \/>\neffetti sulla realt\u00e0 nazionale. E\u2019 solo un gesto di solidariet\u00e0 che aiuta<br \/>\nquesti popoli ad essere riconosciuti nella loro dignit\u00e0. Su Facebook abbiamo<br \/>\nformato un gruppo che conta ad oggi circa 2000 iscritti, con lo scopo di<br \/>\nsollecitare il Ministro Frattini a questa ratifica.\u201d<\/p>\n<p style=\"margin-bottom: 0.0001pt; line-height: normal;\" class=\"MsoNormal\">L\u2019iniziativa della Milandri ha trovato terreno fertile a questa<br \/>\ncampagna a San Benedetto del Tronto, dove il Consiglio Comunale \u2013motore il<br \/>\npartito dei Verdi-ha infatti recentemente &nbsp;approvato la mozione per la ratifica dell\u2019Italia<br \/>\nalla ILO 169, che verr\u00e0 cos\u00ec spedita alla Presidenza della Repubblica e &nbsp;del Consiglio, e ai Ministeri competenti. &nbsp;L\u2019Assessore alle Politiche Ambientali, Paolo<br \/>\nCanducci, promuove la mostra.<\/p>\n<p>&nbsp;<a href=\"http:\/\/www.telegiornaliste.com\/donne.htm\">http:\/\/www.telegiornaliste.com\/donne.htm<\/a> <\/p>\n<p style=\"margin-bottom: 0.0001pt; line-height: normal;\" class=\"MsoNormal\">&nbsp;<\/p>\n<p style=\"margin-bottom: 0.0001pt; line-height: normal;\" class=\"MsoNormal\">&nbsp;<\/p>\n","protected":false},"excerpt":{"rendered":"<p>\u201cHo visto la stessa sofferenza e smarrimento negli occhi degli Inuit in Alaska, degli Apache negli Stati Uniti, degli Aborigeni in Australia, dei Boscimani in Botswana. Questi popoli che hanno la sola colpa di essere semplici e genuini. E che rischiano l\u2019estinzione\u201d dice Raffaella Milandri<\/p>\n","protected":false},"author":10,"featured_media":0,"comment_status":"open","ping_status":"open","sticky":false,"template":"","format":"standard","meta":{"cybocfi_hide_featured_image":"","footnotes":""},"categories":[47],"tags":[10818,56,1141,10832,10816,8461,10817,10833,3164,10819,2952,10809,318,10815,10813,10814,10829,630,10828,10821,1000,10830,10825,10827,10835,10811,2966,10822,10826,10834,10831,10823,10812,10820,10824,10810],"class_list":["post-3422","post","type-post","status-publish","format-standard","hentry","category-tutela-e-denunce","tag-aborigeni","tag-acqua","tag-apache","tag-auditorium","tag-boscimani","tag-botswana","tag-bushmen","tag-dantesco","tag-diritti-umani","tag-eschimesi","tag-facebook","tag-fotografa","tag-fotografia","tag-governo-italiano","tag-ilo","tag-ilo-169","tag-inuit","tag-italia","tag-kalahari","tag-ministro-frattini","tag-mostra","tag-mostra-proiezione","tag-mozione","tag-onu","tag-paolo-canducci","tag-popoli-indigeni","tag-raffaella-milandri","tag-ratifica","tag-razziali","tag-razzismo","tag-san-benedetto-del-tronto","tag-tra-la-perduta-gente","tag-tribali","tag-uguaglianza","tag-verdi","tag-viaggiatrice-solitaria"],"yoast_head":"<!-- This site is optimized with the Yoast SEO plugin v27.0 - https:\/\/yoast.com\/product\/yoast-seo-wordpress\/ -->\n<title>UNA DENUNCIA IN SOLIDARIETA\u2019 AI BOSCIMANI DEL KALAHARI E AI POPOLI INDIGENI E TRIBALI: \u201cTRA LA PERDUTA GENTE\u201dDI RAFFAELLA MILANDRI - Article Marketing<\/title>\n<meta name=\"robots\" content=\"index, follow, max-snippet:-1, max-image-preview:large, max-video-preview:-1\" \/>\n<link rel=\"canonical\" href=\"https:\/\/www.article-marketing.eu\/comunicati\/ambiente\/tutela-e-denunce\/una-denuncia-in-solidarieta-ai-boscimani-del-kalahari-e-ai-popoli-indigeni-e-tribali-tra-la-perduta-gentedi-raffaella-milandri\/\" \/>\n<meta property=\"og:locale\" content=\"it_IT\" \/>\n<meta property=\"og:type\" content=\"article\" \/>\n<meta property=\"og:title\" content=\"UNA DENUNCIA IN SOLIDARIETA\u2019 AI BOSCIMANI DEL KALAHARI E AI POPOLI INDIGENI E TRIBALI: \u201cTRA LA PERDUTA GENTE\u201dDI RAFFAELLA MILANDRI - Article Marketing\" \/>\n<meta property=\"og:description\" content=\"\u201cHo visto la stessa sofferenza e smarrimento negli occhi degli Inuit in Alaska, degli Apache negli Stati Uniti, degli Aborigeni in Australia, dei Boscimani in Botswana. Questi popoli che hanno la sola colpa di essere semplici e genuini. E che rischiano l\u2019estinzione\u201d dice Raffaella Milandri\" \/>\n<meta property=\"og:url\" content=\"https:\/\/www.article-marketing.eu\/comunicati\/ambiente\/tutela-e-denunce\/una-denuncia-in-solidarieta-ai-boscimani-del-kalahari-e-ai-popoli-indigeni-e-tribali-tra-la-perduta-gentedi-raffaella-milandri\/\" \/>\n<meta property=\"og:site_name\" content=\"Article Marketing\" \/>\n<meta property=\"article:published_time\" content=\"2009-11-22T12:34:16+00:00\" \/>\n<meta name=\"author\" content=\"Redazione Comunicati Stampa\" \/>\n<meta name=\"twitter:card\" content=\"summary_large_image\" \/>\n<meta name=\"twitter:label1\" content=\"Scritto da\" \/>\n\t<meta name=\"twitter:data1\" content=\"Redazione Comunicati Stampa\" \/>\n\t<meta name=\"twitter:label2\" content=\"Tempo di lettura stimato\" \/>\n\t<meta name=\"twitter:data2\" content=\"6 minuti\" \/>\n<script type=\"application\/ld+json\" class=\"yoast-schema-graph\">{\"@context\":\"https:\/\/schema.org\",\"@graph\":[{\"@type\":\"Article\",\"@id\":\"https:\/\/www.article-marketing.eu\/comunicati\/ambiente\/tutela-e-denunce\/una-denuncia-in-solidarieta-ai-boscimani-del-kalahari-e-ai-popoli-indigeni-e-tribali-tra-la-perduta-gentedi-raffaella-milandri\/#article\",\"isPartOf\":{\"@id\":\"https:\/\/www.article-marketing.eu\/comunicati\/ambiente\/tutela-e-denunce\/una-denuncia-in-solidarieta-ai-boscimani-del-kalahari-e-ai-popoli-indigeni-e-tribali-tra-la-perduta-gentedi-raffaella-milandri\/\"},\"author\":{\"name\":\"Redazione Comunicati Stampa\",\"@id\":\"https:\/\/www.article-marketing.eu\/comunicati\/#\/schema\/person\/44372e4d4d0fa797b18e03ed1ace9017\"},\"headline\":\"UNA DENUNCIA IN SOLIDARIETA\u2019 AI BOSCIMANI DEL KALAHARI E AI POPOLI INDIGENI E TRIBALI: \u201cTRA LA PERDUTA GENTE\u201dDI RAFFAELLA MILANDRI\",\"datePublished\":\"2009-11-22T12:34:16+00:00\",\"mainEntityOfPage\":{\"@id\":\"https:\/\/www.article-marketing.eu\/comunicati\/ambiente\/tutela-e-denunce\/una-denuncia-in-solidarieta-ai-boscimani-del-kalahari-e-ai-popoli-indigeni-e-tribali-tra-la-perduta-gentedi-raffaella-milandri\/\"},\"wordCount\":1213,\"commentCount\":0,\"keywords\":[\"aborigeni\",\"acqua\",\"apache\",\"auditorium\",\"boscimani\",\"botswana\",\"bushmen\",\"dantesco\",\"diritti umani\",\"eschimesi\",\"facebook\",\"fotografa\",\"fotografia\",\"governo italiano\",\"ILO\",\"ILO 169\",\"inuit\",\"Italia\",\"kalahari\",\"ministro frattini\",\"Mostra\",\"mostra-proiezione\",\"mozione\",\"onu\",\"Paolo Canducci\",\"popoli indigeni\",\"raffaella milandri\",\"ratifica\",\"razziali\",\"razzismo\",\"san benedetto del tronto\",\"tra la perduta gente\",\"tribali\",\"uguaglianza\",\"verdi\",\"viaggiatrice solitaria\"],\"articleSection\":[\"Tutela e denunce\"],\"inLanguage\":\"it-IT\",\"potentialAction\":[{\"@type\":\"CommentAction\",\"name\":\"Comment\",\"target\":[\"https:\/\/www.article-marketing.eu\/comunicati\/ambiente\/tutela-e-denunce\/una-denuncia-in-solidarieta-ai-boscimani-del-kalahari-e-ai-popoli-indigeni-e-tribali-tra-la-perduta-gentedi-raffaella-milandri\/#respond\"]}]},{\"@type\":\"WebPage\",\"@id\":\"https:\/\/www.article-marketing.eu\/comunicati\/ambiente\/tutela-e-denunce\/una-denuncia-in-solidarieta-ai-boscimani-del-kalahari-e-ai-popoli-indigeni-e-tribali-tra-la-perduta-gentedi-raffaella-milandri\/\",\"url\":\"https:\/\/www.article-marketing.eu\/comunicati\/ambiente\/tutela-e-denunce\/una-denuncia-in-solidarieta-ai-boscimani-del-kalahari-e-ai-popoli-indigeni-e-tribali-tra-la-perduta-gentedi-raffaella-milandri\/\",\"name\":\"UNA DENUNCIA IN SOLIDARIETA\u2019 AI BOSCIMANI DEL KALAHARI E AI POPOLI INDIGENI E TRIBALI: \u201cTRA LA PERDUTA GENTE\u201dDI RAFFAELLA MILANDRI - Article Marketing\",\"isPartOf\":{\"@id\":\"https:\/\/www.article-marketing.eu\/comunicati\/#website\"},\"datePublished\":\"2009-11-22T12:34:16+00:00\",\"author\":{\"@id\":\"https:\/\/www.article-marketing.eu\/comunicati\/#\/schema\/person\/44372e4d4d0fa797b18e03ed1ace9017\"},\"breadcrumb\":{\"@id\":\"https:\/\/www.article-marketing.eu\/comunicati\/ambiente\/tutela-e-denunce\/una-denuncia-in-solidarieta-ai-boscimani-del-kalahari-e-ai-popoli-indigeni-e-tribali-tra-la-perduta-gentedi-raffaella-milandri\/#breadcrumb\"},\"inLanguage\":\"it-IT\",\"potentialAction\":[{\"@type\":\"ReadAction\",\"target\":[\"https:\/\/www.article-marketing.eu\/comunicati\/ambiente\/tutela-e-denunce\/una-denuncia-in-solidarieta-ai-boscimani-del-kalahari-e-ai-popoli-indigeni-e-tribali-tra-la-perduta-gentedi-raffaella-milandri\/\"]}]},{\"@type\":\"BreadcrumbList\",\"@id\":\"https:\/\/www.article-marketing.eu\/comunicati\/ambiente\/tutela-e-denunce\/una-denuncia-in-solidarieta-ai-boscimani-del-kalahari-e-ai-popoli-indigeni-e-tribali-tra-la-perduta-gentedi-raffaella-milandri\/#breadcrumb\",\"itemListElement\":[{\"@type\":\"ListItem\",\"position\":1,\"name\":\"Home\",\"item\":\"https:\/\/www.article-marketing.eu\/comunicati\/\"},{\"@type\":\"ListItem\",\"position\":2,\"name\":\"UNA DENUNCIA IN SOLIDARIETA\u2019 AI BOSCIMANI DEL KALAHARI E AI POPOLI INDIGENI E TRIBALI: \u201cTRA LA PERDUTA GENTE\u201dDI RAFFAELLA MILANDRI\"}]},{\"@type\":\"WebSite\",\"@id\":\"https:\/\/www.article-marketing.eu\/comunicati\/#website\",\"url\":\"https:\/\/www.article-marketing.eu\/comunicati\/\",\"name\":\"Article Marketing\",\"description\":\"article marketing &amp; press release\",\"potentialAction\":[{\"@type\":\"SearchAction\",\"target\":{\"@type\":\"EntryPoint\",\"urlTemplate\":\"https:\/\/www.article-marketing.eu\/comunicati\/?s={search_term_string}\"},\"query-input\":{\"@type\":\"PropertyValueSpecification\",\"valueRequired\":true,\"valueName\":\"search_term_string\"}}],\"inLanguage\":\"it-IT\"},{\"@type\":\"Person\",\"@id\":\"https:\/\/www.article-marketing.eu\/comunicati\/#\/schema\/person\/44372e4d4d0fa797b18e03ed1ace9017\",\"name\":\"Redazione Comunicati Stampa\",\"image\":{\"@type\":\"ImageObject\",\"inLanguage\":\"it-IT\",\"@id\":\"https:\/\/www.article-marketing.eu\/comunicati\/#\/schema\/person\/image\/\",\"url\":\"https:\/\/secure.gravatar.com\/avatar\/50e5c6421d3072f42e7ace803501602c60d75233d34e29fd05feb91c8760b792?s=96&d=mm&r=g\",\"contentUrl\":\"https:\/\/secure.gravatar.com\/avatar\/50e5c6421d3072f42e7ace803501602c60d75233d34e29fd05feb91c8760b792?s=96&d=mm&r=g\",\"caption\":\"Redazione Comunicati Stampa\"},\"url\":\"https:\/\/www.article-marketing.eu\/comunicati\/author\/redazione-comunicati-stampa\/\"}]}<\/script>\n<!-- \/ Yoast SEO plugin. -->","yoast_head_json":{"title":"UNA DENUNCIA IN SOLIDARIETA\u2019 AI BOSCIMANI DEL KALAHARI E AI POPOLI INDIGENI E TRIBALI: \u201cTRA LA PERDUTA GENTE\u201dDI RAFFAELLA MILANDRI - Article Marketing","robots":{"index":"index","follow":"follow","max-snippet":"max-snippet:-1","max-image-preview":"max-image-preview:large","max-video-preview":"max-video-preview:-1"},"canonical":"https:\/\/www.article-marketing.eu\/comunicati\/ambiente\/tutela-e-denunce\/una-denuncia-in-solidarieta-ai-boscimani-del-kalahari-e-ai-popoli-indigeni-e-tribali-tra-la-perduta-gentedi-raffaella-milandri\/","og_locale":"it_IT","og_type":"article","og_title":"UNA DENUNCIA IN SOLIDARIETA\u2019 AI BOSCIMANI DEL KALAHARI E AI POPOLI INDIGENI E TRIBALI: \u201cTRA LA PERDUTA GENTE\u201dDI RAFFAELLA MILANDRI - Article Marketing","og_description":"\u201cHo visto la stessa sofferenza e smarrimento negli occhi degli Inuit in Alaska, degli Apache negli Stati Uniti, degli Aborigeni in Australia, dei Boscimani in Botswana. Questi popoli che hanno la sola colpa di essere semplici e genuini. E che rischiano l\u2019estinzione\u201d dice Raffaella Milandri","og_url":"https:\/\/www.article-marketing.eu\/comunicati\/ambiente\/tutela-e-denunce\/una-denuncia-in-solidarieta-ai-boscimani-del-kalahari-e-ai-popoli-indigeni-e-tribali-tra-la-perduta-gentedi-raffaella-milandri\/","og_site_name":"Article Marketing","article_published_time":"2009-11-22T12:34:16+00:00","author":"Redazione Comunicati Stampa","twitter_card":"summary_large_image","twitter_misc":{"Scritto da":"Redazione Comunicati Stampa","Tempo di lettura stimato":"6 minuti"},"schema":{"@context":"https:\/\/schema.org","@graph":[{"@type":"Article","@id":"https:\/\/www.article-marketing.eu\/comunicati\/ambiente\/tutela-e-denunce\/una-denuncia-in-solidarieta-ai-boscimani-del-kalahari-e-ai-popoli-indigeni-e-tribali-tra-la-perduta-gentedi-raffaella-milandri\/#article","isPartOf":{"@id":"https:\/\/www.article-marketing.eu\/comunicati\/ambiente\/tutela-e-denunce\/una-denuncia-in-solidarieta-ai-boscimani-del-kalahari-e-ai-popoli-indigeni-e-tribali-tra-la-perduta-gentedi-raffaella-milandri\/"},"author":{"name":"Redazione Comunicati Stampa","@id":"https:\/\/www.article-marketing.eu\/comunicati\/#\/schema\/person\/44372e4d4d0fa797b18e03ed1ace9017"},"headline":"UNA DENUNCIA IN SOLIDARIETA\u2019 AI BOSCIMANI DEL KALAHARI E AI POPOLI INDIGENI E TRIBALI: \u201cTRA LA PERDUTA GENTE\u201dDI RAFFAELLA MILANDRI","datePublished":"2009-11-22T12:34:16+00:00","mainEntityOfPage":{"@id":"https:\/\/www.article-marketing.eu\/comunicati\/ambiente\/tutela-e-denunce\/una-denuncia-in-solidarieta-ai-boscimani-del-kalahari-e-ai-popoli-indigeni-e-tribali-tra-la-perduta-gentedi-raffaella-milandri\/"},"wordCount":1213,"commentCount":0,"keywords":["aborigeni","acqua","apache","auditorium","boscimani","botswana","bushmen","dantesco","diritti umani","eschimesi","facebook","fotografa","fotografia","governo italiano","ILO","ILO 169","inuit","Italia","kalahari","ministro frattini","Mostra","mostra-proiezione","mozione","onu","Paolo Canducci","popoli indigeni","raffaella milandri","ratifica","razziali","razzismo","san benedetto del tronto","tra la perduta gente","tribali","uguaglianza","verdi","viaggiatrice solitaria"],"articleSection":["Tutela e denunce"],"inLanguage":"it-IT","potentialAction":[{"@type":"CommentAction","name":"Comment","target":["https:\/\/www.article-marketing.eu\/comunicati\/ambiente\/tutela-e-denunce\/una-denuncia-in-solidarieta-ai-boscimani-del-kalahari-e-ai-popoli-indigeni-e-tribali-tra-la-perduta-gentedi-raffaella-milandri\/#respond"]}]},{"@type":"WebPage","@id":"https:\/\/www.article-marketing.eu\/comunicati\/ambiente\/tutela-e-denunce\/una-denuncia-in-solidarieta-ai-boscimani-del-kalahari-e-ai-popoli-indigeni-e-tribali-tra-la-perduta-gentedi-raffaella-milandri\/","url":"https:\/\/www.article-marketing.eu\/comunicati\/ambiente\/tutela-e-denunce\/una-denuncia-in-solidarieta-ai-boscimani-del-kalahari-e-ai-popoli-indigeni-e-tribali-tra-la-perduta-gentedi-raffaella-milandri\/","name":"UNA DENUNCIA IN SOLIDARIETA\u2019 AI BOSCIMANI DEL KALAHARI E AI POPOLI INDIGENI E TRIBALI: \u201cTRA LA PERDUTA GENTE\u201dDI RAFFAELLA MILANDRI - Article Marketing","isPartOf":{"@id":"https:\/\/www.article-marketing.eu\/comunicati\/#website"},"datePublished":"2009-11-22T12:34:16+00:00","author":{"@id":"https:\/\/www.article-marketing.eu\/comunicati\/#\/schema\/person\/44372e4d4d0fa797b18e03ed1ace9017"},"breadcrumb":{"@id":"https:\/\/www.article-marketing.eu\/comunicati\/ambiente\/tutela-e-denunce\/una-denuncia-in-solidarieta-ai-boscimani-del-kalahari-e-ai-popoli-indigeni-e-tribali-tra-la-perduta-gentedi-raffaella-milandri\/#breadcrumb"},"inLanguage":"it-IT","potentialAction":[{"@type":"ReadAction","target":["https:\/\/www.article-marketing.eu\/comunicati\/ambiente\/tutela-e-denunce\/una-denuncia-in-solidarieta-ai-boscimani-del-kalahari-e-ai-popoli-indigeni-e-tribali-tra-la-perduta-gentedi-raffaella-milandri\/"]}]},{"@type":"BreadcrumbList","@id":"https:\/\/www.article-marketing.eu\/comunicati\/ambiente\/tutela-e-denunce\/una-denuncia-in-solidarieta-ai-boscimani-del-kalahari-e-ai-popoli-indigeni-e-tribali-tra-la-perduta-gentedi-raffaella-milandri\/#breadcrumb","itemListElement":[{"@type":"ListItem","position":1,"name":"Home","item":"https:\/\/www.article-marketing.eu\/comunicati\/"},{"@type":"ListItem","position":2,"name":"UNA DENUNCIA IN SOLIDARIETA\u2019 AI BOSCIMANI DEL KALAHARI E AI POPOLI INDIGENI E TRIBALI: \u201cTRA LA PERDUTA GENTE\u201dDI RAFFAELLA MILANDRI"}]},{"@type":"WebSite","@id":"https:\/\/www.article-marketing.eu\/comunicati\/#website","url":"https:\/\/www.article-marketing.eu\/comunicati\/","name":"Article Marketing","description":"article marketing &amp; press release","potentialAction":[{"@type":"SearchAction","target":{"@type":"EntryPoint","urlTemplate":"https:\/\/www.article-marketing.eu\/comunicati\/?s={search_term_string}"},"query-input":{"@type":"PropertyValueSpecification","valueRequired":true,"valueName":"search_term_string"}}],"inLanguage":"it-IT"},{"@type":"Person","@id":"https:\/\/www.article-marketing.eu\/comunicati\/#\/schema\/person\/44372e4d4d0fa797b18e03ed1ace9017","name":"Redazione Comunicati Stampa","image":{"@type":"ImageObject","inLanguage":"it-IT","@id":"https:\/\/www.article-marketing.eu\/comunicati\/#\/schema\/person\/image\/","url":"https:\/\/secure.gravatar.com\/avatar\/50e5c6421d3072f42e7ace803501602c60d75233d34e29fd05feb91c8760b792?s=96&d=mm&r=g","contentUrl":"https:\/\/secure.gravatar.com\/avatar\/50e5c6421d3072f42e7ace803501602c60d75233d34e29fd05feb91c8760b792?s=96&d=mm&r=g","caption":"Redazione Comunicati Stampa"},"url":"https:\/\/www.article-marketing.eu\/comunicati\/author\/redazione-comunicati-stampa\/"}]}},"_links":{"self":[{"href":"https:\/\/www.article-marketing.eu\/comunicati\/wp-json\/wp\/v2\/posts\/3422","targetHints":{"allow":["GET"]}}],"collection":[{"href":"https:\/\/www.article-marketing.eu\/comunicati\/wp-json\/wp\/v2\/posts"}],"about":[{"href":"https:\/\/www.article-marketing.eu\/comunicati\/wp-json\/wp\/v2\/types\/post"}],"author":[{"embeddable":true,"href":"https:\/\/www.article-marketing.eu\/comunicati\/wp-json\/wp\/v2\/users\/10"}],"replies":[{"embeddable":true,"href":"https:\/\/www.article-marketing.eu\/comunicati\/wp-json\/wp\/v2\/comments?post=3422"}],"version-history":[{"count":0,"href":"https:\/\/www.article-marketing.eu\/comunicati\/wp-json\/wp\/v2\/posts\/3422\/revisions"}],"wp:attachment":[{"href":"https:\/\/www.article-marketing.eu\/comunicati\/wp-json\/wp\/v2\/media?parent=3422"}],"wp:term":[{"taxonomy":"category","embeddable":true,"href":"https:\/\/www.article-marketing.eu\/comunicati\/wp-json\/wp\/v2\/categories?post=3422"},{"taxonomy":"post_tag","embeddable":true,"href":"https:\/\/www.article-marketing.eu\/comunicati\/wp-json\/wp\/v2\/tags?post=3422"}],"curies":[{"name":"wp","href":"https:\/\/api.w.org\/{rel}","templated":true}]}}