{"id":3424,"date":"2009-11-23T10:17:18","date_gmt":"2009-11-23T09:17:18","guid":{"rendered":"http:\/\/www.article-marketing.eu\/comunicati\/senza-categoria\/project-malawi-e-teatro-alla-scala-anteprima-della-carmen-per-i-giovani\/"},"modified":"2009-11-23T10:17:18","modified_gmt":"2009-11-23T09:17:18","slug":"project-malawi-e-teatro-alla-scala-anteprima-della-carmen-per-i-giovani","status":"publish","type":"post","link":"https:\/\/www.article-marketing.eu\/comunicati\/arte-e-cultura\/teatro\/project-malawi-e-teatro-alla-scala-anteprima-della-carmen-per-i-giovani\/","title":{"rendered":"Project Malawi e Teatro alla Scala &#8211; Anteprima della Carmen per i giovani"},"content":{"rendered":"<p><strong><\/strong><\/p>\n<p style=\"text-align: justify;\" class=\"MsoNormal\"><strong>Concorso<br \/>\nProject Malawi: in palio 30 biglietti per l&#8217;anteprima del 4 dicembre per i<br \/>\nragazzi under 30<em><\/em><\/strong><\/p>\n<p style=\"text-align: justify;\"><em>Milano, 23 novembre 2009<\/em> &#8211; Anche quest\u2019anno il Teatro alla Scala inaugura la nuova<br \/>\nStagione, in anticipo sulla data tradizionale, con un\u2019anteprima del tutto inedita,<br \/>\nriservata ai giovani. <\/p>\n<p style=\"text-align: justify;\">Il 4 dicembre,<br \/>\neccezionalmente per un pubblico fino a 30 anni, sar\u00e0 rappresentato la \u201cCarmen\u201d<br \/>\ndi Bizet \u2013 diretta da Daniel Barenboim per la regia di Emma Dante &#8211; &nbsp;con il cast del 7 dicembre: un modo di<br \/>\navvicinare sempre pi\u00f9 il teatro simbolo dell\u2019Opera lirica al pubblico del<br \/>\nfuturo, una testimonianza concreta di fiducia nelle nuove generazioni.<\/p>\n<p style=\"text-align: justify;\" class=\"MsoNormal\">La<br \/>\nserata \u00e8 resa ancor pi\u00f9 straordinaria perch\u00e9 anche quest\u2019anno il Teatro alla<br \/>\nScala si unisce a Project Malawi attraverso il progetto \u201cLaScalaUNDER30\u201d. \u00c9<br \/>\nsignificativo che il pi\u00f9 &nbsp;importante<br \/>\nteatro lirico del mondo riconosca la valenza di un progetto sociale rivolto<br \/>\nalla giovane popolazione africana, nel momento in cui promuove la crescita<br \/>\nculturale delle nuove generazioni italiane ed europee.<\/p>\n<p style=\"text-align: justify;\" class=\"MsoNormal\">&nbsp;<\/p>\n<p style=\"margin: 0cm 0cm 0.0001pt; text-align: justify;\"><strong>Quest\u2019anno Project<br \/>\nMalawi mette a disposizione 30 biglietti per l\u2019anteprima del 4 dicembre che<br \/>\npossono essere <u>vinti<\/u> partecipando gi\u00e0 da oggi al concorso sul sito <a href=\"http:\/\/www.projectmalawi.it\/\">www.projectmalawi.it<\/a><\/strong><\/p>\n<p style=\"text-align: justify;\" class=\"MsoNormal\">Per<br \/>\naggiudicarsi uno dei 30 biglietti messi a disposizione basta rispondere ad<br \/>\nalcune domande sull\u2019iniziativa umanitaria e partecipare cos\u00ec all\u2019estrazione<br \/>\nfinale che avverr\u00e0 il 2 dicembre <\/p>\n<p style=\"text-align: justify;\" class=\"MsoNormal\">&nbsp;<\/p>\n<p style=\"text-align: justify;\" class=\"MsoNormal\">Un\u2019anteprima<br \/>\nspeciale, dunque, per una platea di giovani che ha dimostrato gi\u00e0 l\u2019anno scorso<br \/>\nun indiscusso gradimento all\u2019iniziativa e una profonda sensibilit\u00e0 sociale.<\/p>\n<p style=\"text-align: justify;\" class=\"MsoNormal\">Una<br \/>\nparte degli introiti di \u201cLaScalaUNDER30\u201d sono infatti devoluti a Project<br \/>\nMalawi, il programma di lungo periodo che dal 2005 Intesa Sanpaolo e Fondazione<br \/>\nCariplo &#8211; in accordo con il Governo del Malawi, attraverso l\u2019attivit\u00e0 della<br \/>\nComunit\u00e0 di Sant\u2019Egidio, di Save the Children, del CISP e delle organizzazioni<br \/>\nscoutistiche del Malawi &#8211; sostengono per contribuire allo sviluppo di uno<br \/>\ndei&nbsp; paesi pi\u00f9 poveri del mondo e<br \/>\nmaggiormente afflitti dall\u2019epidemia di AIDS: l&#8217;aspettativa media di vita \u00e8 tra<br \/>\nle pi\u00f9 basse di tutta l&#8217;Africa, il 15% della popolazione \u00e8 sieropositiva e 11<br \/>\nbambini su 100 nascono contagiati. L\u2019obiettivo \u00e8 contribuire al rilancio<br \/>\neconomico e sociale del Malawi attraverso un approccio strutturale e sinergico,<br \/>\ninvestendo risorse finanziarie e umane nei diversi settori di emergenza del<br \/>\nPaese e creando strutture che possano rimanere e crescere nel territorio. <\/p>\n","protected":false},"excerpt":{"rendered":"<p>Concorso Project Malawi: in palio 30 biglietti per l&#8217;anteprima del 4 dicembre per i ragazzi under 30<br \/>\nAnche quest\u2019anno il Teatro alla Scala inaugura la nuova Stagione con un\u2019anteprima del tutto inedita riservata ai giovani.<\/p>\n","protected":false},"author":10,"featured_media":0,"comment_status":"open","ping_status":"open","sticky":false,"template":"","format":"standard","meta":{"cybocfi_hide_featured_image":"","footnotes":""},"categories":[1467],"tags":[],"class_list":["post-3424","post","type-post","status-publish","format-standard","hentry","category-teatro"],"yoast_head":"<!-- This site is optimized with the Yoast SEO plugin v27.0 - https:\/\/yoast.com\/product\/yoast-seo-wordpress\/ -->\n<title>Project Malawi e Teatro alla Scala - Anteprima della Carmen per i giovani - Article Marketing<\/title>\n<meta name=\"robots\" content=\"index, follow, max-snippet:-1, max-image-preview:large, max-video-preview:-1\" \/>\n<link rel=\"canonical\" href=\"https:\/\/www.article-marketing.eu\/comunicati\/arte-e-cultura\/teatro\/project-malawi-e-teatro-alla-scala-anteprima-della-carmen-per-i-giovani\/\" \/>\n<meta property=\"og:locale\" content=\"it_IT\" \/>\n<meta property=\"og:type\" content=\"article\" \/>\n<meta property=\"og:title\" content=\"Project Malawi e Teatro alla Scala - Anteprima della Carmen per i giovani - Article Marketing\" \/>\n<meta property=\"og:description\" content=\"Concorso Project Malawi: in palio 30 biglietti per l&#039;anteprima del 4 dicembre per i ragazzi under 30 Anche quest\u2019anno il Teatro alla Scala inaugura la nuova Stagione con un\u2019anteprima del tutto inedita riservata ai giovani.\" \/>\n<meta property=\"og:url\" content=\"https:\/\/www.article-marketing.eu\/comunicati\/arte-e-cultura\/teatro\/project-malawi-e-teatro-alla-scala-anteprima-della-carmen-per-i-giovani\/\" \/>\n<meta property=\"og:site_name\" content=\"Article Marketing\" \/>\n<meta property=\"article:published_time\" content=\"2009-11-23T09:17:18+00:00\" \/>\n<meta name=\"author\" content=\"Redazione Comunicati Stampa\" \/>\n<meta name=\"twitter:card\" content=\"summary_large_image\" \/>\n<meta name=\"twitter:label1\" content=\"Scritto da\" \/>\n\t<meta name=\"twitter:data1\" content=\"Redazione Comunicati Stampa\" \/>\n\t<meta name=\"twitter:label2\" content=\"Tempo di lettura stimato\" \/>\n\t<meta name=\"twitter:data2\" content=\"2 minuti\" \/>\n<script type=\"application\/ld+json\" class=\"yoast-schema-graph\">{\"@context\":\"https:\/\/schema.org\",\"@graph\":[{\"@type\":\"Article\",\"@id\":\"https:\/\/www.article-marketing.eu\/comunicati\/arte-e-cultura\/teatro\/project-malawi-e-teatro-alla-scala-anteprima-della-carmen-per-i-giovani\/#article\",\"isPartOf\":{\"@id\":\"https:\/\/www.article-marketing.eu\/comunicati\/arte-e-cultura\/teatro\/project-malawi-e-teatro-alla-scala-anteprima-della-carmen-per-i-giovani\/\"},\"author\":{\"name\":\"Redazione Comunicati Stampa\",\"@id\":\"https:\/\/www.article-marketing.eu\/comunicati\/#\/schema\/person\/44372e4d4d0fa797b18e03ed1ace9017\"},\"headline\":\"Project Malawi e Teatro alla Scala &#8211; Anteprima della Carmen per i giovani\",\"datePublished\":\"2009-11-23T09:17:18+00:00\",\"mainEntityOfPage\":{\"@id\":\"https:\/\/www.article-marketing.eu\/comunicati\/arte-e-cultura\/teatro\/project-malawi-e-teatro-alla-scala-anteprima-della-carmen-per-i-giovani\/\"},\"wordCount\":384,\"commentCount\":0,\"articleSection\":[\"Teatro\"],\"inLanguage\":\"it-IT\",\"potentialAction\":[{\"@type\":\"CommentAction\",\"name\":\"Comment\",\"target\":[\"https:\/\/www.article-marketing.eu\/comunicati\/arte-e-cultura\/teatro\/project-malawi-e-teatro-alla-scala-anteprima-della-carmen-per-i-giovani\/#respond\"]}]},{\"@type\":\"WebPage\",\"@id\":\"https:\/\/www.article-marketing.eu\/comunicati\/arte-e-cultura\/teatro\/project-malawi-e-teatro-alla-scala-anteprima-della-carmen-per-i-giovani\/\",\"url\":\"https:\/\/www.article-marketing.eu\/comunicati\/arte-e-cultura\/teatro\/project-malawi-e-teatro-alla-scala-anteprima-della-carmen-per-i-giovani\/\",\"name\":\"Project Malawi e Teatro alla Scala - Anteprima della Carmen per i giovani - Article Marketing\",\"isPartOf\":{\"@id\":\"https:\/\/www.article-marketing.eu\/comunicati\/#website\"},\"datePublished\":\"2009-11-23T09:17:18+00:00\",\"author\":{\"@id\":\"https:\/\/www.article-marketing.eu\/comunicati\/#\/schema\/person\/44372e4d4d0fa797b18e03ed1ace9017\"},\"breadcrumb\":{\"@id\":\"https:\/\/www.article-marketing.eu\/comunicati\/arte-e-cultura\/teatro\/project-malawi-e-teatro-alla-scala-anteprima-della-carmen-per-i-giovani\/#breadcrumb\"},\"inLanguage\":\"it-IT\",\"potentialAction\":[{\"@type\":\"ReadAction\",\"target\":[\"https:\/\/www.article-marketing.eu\/comunicati\/arte-e-cultura\/teatro\/project-malawi-e-teatro-alla-scala-anteprima-della-carmen-per-i-giovani\/\"]}]},{\"@type\":\"BreadcrumbList\",\"@id\":\"https:\/\/www.article-marketing.eu\/comunicati\/arte-e-cultura\/teatro\/project-malawi-e-teatro-alla-scala-anteprima-della-carmen-per-i-giovani\/#breadcrumb\",\"itemListElement\":[{\"@type\":\"ListItem\",\"position\":1,\"name\":\"Home\",\"item\":\"https:\/\/www.article-marketing.eu\/comunicati\/\"},{\"@type\":\"ListItem\",\"position\":2,\"name\":\"Project Malawi e Teatro alla Scala &#8211; Anteprima della Carmen per i giovani\"}]},{\"@type\":\"WebSite\",\"@id\":\"https:\/\/www.article-marketing.eu\/comunicati\/#website\",\"url\":\"https:\/\/www.article-marketing.eu\/comunicati\/\",\"name\":\"Article Marketing\",\"description\":\"article marketing &amp; press release\",\"potentialAction\":[{\"@type\":\"SearchAction\",\"target\":{\"@type\":\"EntryPoint\",\"urlTemplate\":\"https:\/\/www.article-marketing.eu\/comunicati\/?s={search_term_string}\"},\"query-input\":{\"@type\":\"PropertyValueSpecification\",\"valueRequired\":true,\"valueName\":\"search_term_string\"}}],\"inLanguage\":\"it-IT\"},{\"@type\":\"Person\",\"@id\":\"https:\/\/www.article-marketing.eu\/comunicati\/#\/schema\/person\/44372e4d4d0fa797b18e03ed1ace9017\",\"name\":\"Redazione Comunicati Stampa\",\"image\":{\"@type\":\"ImageObject\",\"inLanguage\":\"it-IT\",\"@id\":\"https:\/\/www.article-marketing.eu\/comunicati\/#\/schema\/person\/image\/\",\"url\":\"https:\/\/secure.gravatar.com\/avatar\/50e5c6421d3072f42e7ace803501602c60d75233d34e29fd05feb91c8760b792?s=96&d=mm&r=g\",\"contentUrl\":\"https:\/\/secure.gravatar.com\/avatar\/50e5c6421d3072f42e7ace803501602c60d75233d34e29fd05feb91c8760b792?s=96&d=mm&r=g\",\"caption\":\"Redazione Comunicati Stampa\"},\"url\":\"https:\/\/www.article-marketing.eu\/comunicati\/author\/redazione-comunicati-stampa\/\"}]}<\/script>\n<!-- \/ Yoast SEO plugin. -->","yoast_head_json":{"title":"Project Malawi e Teatro alla Scala - Anteprima della Carmen per i giovani - Article Marketing","robots":{"index":"index","follow":"follow","max-snippet":"max-snippet:-1","max-image-preview":"max-image-preview:large","max-video-preview":"max-video-preview:-1"},"canonical":"https:\/\/www.article-marketing.eu\/comunicati\/arte-e-cultura\/teatro\/project-malawi-e-teatro-alla-scala-anteprima-della-carmen-per-i-giovani\/","og_locale":"it_IT","og_type":"article","og_title":"Project Malawi e Teatro alla Scala - Anteprima della Carmen per i giovani - Article Marketing","og_description":"Concorso Project Malawi: in palio 30 biglietti per l'anteprima del 4 dicembre per i ragazzi under 30 Anche quest\u2019anno il Teatro alla Scala inaugura la nuova Stagione con un\u2019anteprima del tutto inedita riservata ai giovani.","og_url":"https:\/\/www.article-marketing.eu\/comunicati\/arte-e-cultura\/teatro\/project-malawi-e-teatro-alla-scala-anteprima-della-carmen-per-i-giovani\/","og_site_name":"Article Marketing","article_published_time":"2009-11-23T09:17:18+00:00","author":"Redazione Comunicati Stampa","twitter_card":"summary_large_image","twitter_misc":{"Scritto da":"Redazione Comunicati Stampa","Tempo di lettura stimato":"2 minuti"},"schema":{"@context":"https:\/\/schema.org","@graph":[{"@type":"Article","@id":"https:\/\/www.article-marketing.eu\/comunicati\/arte-e-cultura\/teatro\/project-malawi-e-teatro-alla-scala-anteprima-della-carmen-per-i-giovani\/#article","isPartOf":{"@id":"https:\/\/www.article-marketing.eu\/comunicati\/arte-e-cultura\/teatro\/project-malawi-e-teatro-alla-scala-anteprima-della-carmen-per-i-giovani\/"},"author":{"name":"Redazione Comunicati Stampa","@id":"https:\/\/www.article-marketing.eu\/comunicati\/#\/schema\/person\/44372e4d4d0fa797b18e03ed1ace9017"},"headline":"Project Malawi e Teatro alla Scala &#8211; Anteprima della Carmen per i giovani","datePublished":"2009-11-23T09:17:18+00:00","mainEntityOfPage":{"@id":"https:\/\/www.article-marketing.eu\/comunicati\/arte-e-cultura\/teatro\/project-malawi-e-teatro-alla-scala-anteprima-della-carmen-per-i-giovani\/"},"wordCount":384,"commentCount":0,"articleSection":["Teatro"],"inLanguage":"it-IT","potentialAction":[{"@type":"CommentAction","name":"Comment","target":["https:\/\/www.article-marketing.eu\/comunicati\/arte-e-cultura\/teatro\/project-malawi-e-teatro-alla-scala-anteprima-della-carmen-per-i-giovani\/#respond"]}]},{"@type":"WebPage","@id":"https:\/\/www.article-marketing.eu\/comunicati\/arte-e-cultura\/teatro\/project-malawi-e-teatro-alla-scala-anteprima-della-carmen-per-i-giovani\/","url":"https:\/\/www.article-marketing.eu\/comunicati\/arte-e-cultura\/teatro\/project-malawi-e-teatro-alla-scala-anteprima-della-carmen-per-i-giovani\/","name":"Project Malawi e Teatro alla Scala - Anteprima della Carmen per i giovani - Article Marketing","isPartOf":{"@id":"https:\/\/www.article-marketing.eu\/comunicati\/#website"},"datePublished":"2009-11-23T09:17:18+00:00","author":{"@id":"https:\/\/www.article-marketing.eu\/comunicati\/#\/schema\/person\/44372e4d4d0fa797b18e03ed1ace9017"},"breadcrumb":{"@id":"https:\/\/www.article-marketing.eu\/comunicati\/arte-e-cultura\/teatro\/project-malawi-e-teatro-alla-scala-anteprima-della-carmen-per-i-giovani\/#breadcrumb"},"inLanguage":"it-IT","potentialAction":[{"@type":"ReadAction","target":["https:\/\/www.article-marketing.eu\/comunicati\/arte-e-cultura\/teatro\/project-malawi-e-teatro-alla-scala-anteprima-della-carmen-per-i-giovani\/"]}]},{"@type":"BreadcrumbList","@id":"https:\/\/www.article-marketing.eu\/comunicati\/arte-e-cultura\/teatro\/project-malawi-e-teatro-alla-scala-anteprima-della-carmen-per-i-giovani\/#breadcrumb","itemListElement":[{"@type":"ListItem","position":1,"name":"Home","item":"https:\/\/www.article-marketing.eu\/comunicati\/"},{"@type":"ListItem","position":2,"name":"Project Malawi e Teatro alla Scala &#8211; Anteprima della Carmen per i giovani"}]},{"@type":"WebSite","@id":"https:\/\/www.article-marketing.eu\/comunicati\/#website","url":"https:\/\/www.article-marketing.eu\/comunicati\/","name":"Article Marketing","description":"article marketing &amp; press release","potentialAction":[{"@type":"SearchAction","target":{"@type":"EntryPoint","urlTemplate":"https:\/\/www.article-marketing.eu\/comunicati\/?s={search_term_string}"},"query-input":{"@type":"PropertyValueSpecification","valueRequired":true,"valueName":"search_term_string"}}],"inLanguage":"it-IT"},{"@type":"Person","@id":"https:\/\/www.article-marketing.eu\/comunicati\/#\/schema\/person\/44372e4d4d0fa797b18e03ed1ace9017","name":"Redazione Comunicati Stampa","image":{"@type":"ImageObject","inLanguage":"it-IT","@id":"https:\/\/www.article-marketing.eu\/comunicati\/#\/schema\/person\/image\/","url":"https:\/\/secure.gravatar.com\/avatar\/50e5c6421d3072f42e7ace803501602c60d75233d34e29fd05feb91c8760b792?s=96&d=mm&r=g","contentUrl":"https:\/\/secure.gravatar.com\/avatar\/50e5c6421d3072f42e7ace803501602c60d75233d34e29fd05feb91c8760b792?s=96&d=mm&r=g","caption":"Redazione Comunicati Stampa"},"url":"https:\/\/www.article-marketing.eu\/comunicati\/author\/redazione-comunicati-stampa\/"}]}},"_links":{"self":[{"href":"https:\/\/www.article-marketing.eu\/comunicati\/wp-json\/wp\/v2\/posts\/3424","targetHints":{"allow":["GET"]}}],"collection":[{"href":"https:\/\/www.article-marketing.eu\/comunicati\/wp-json\/wp\/v2\/posts"}],"about":[{"href":"https:\/\/www.article-marketing.eu\/comunicati\/wp-json\/wp\/v2\/types\/post"}],"author":[{"embeddable":true,"href":"https:\/\/www.article-marketing.eu\/comunicati\/wp-json\/wp\/v2\/users\/10"}],"replies":[{"embeddable":true,"href":"https:\/\/www.article-marketing.eu\/comunicati\/wp-json\/wp\/v2\/comments?post=3424"}],"version-history":[{"count":0,"href":"https:\/\/www.article-marketing.eu\/comunicati\/wp-json\/wp\/v2\/posts\/3424\/revisions"}],"wp:attachment":[{"href":"https:\/\/www.article-marketing.eu\/comunicati\/wp-json\/wp\/v2\/media?parent=3424"}],"wp:term":[{"taxonomy":"category","embeddable":true,"href":"https:\/\/www.article-marketing.eu\/comunicati\/wp-json\/wp\/v2\/categories?post=3424"},{"taxonomy":"post_tag","embeddable":true,"href":"https:\/\/www.article-marketing.eu\/comunicati\/wp-json\/wp\/v2\/tags?post=3424"}],"curies":[{"name":"wp","href":"https:\/\/api.w.org\/{rel}","templated":true}]}}