{"id":3461,"date":"2009-11-25T18:20:14","date_gmt":"2009-11-25T17:20:14","guid":{"rendered":"http:\/\/www.article-marketing.eu\/comunicati\/senza-categoria\/natale-in-contea-a-castro-nel-salento\/"},"modified":"2018-07-10T05:27:20","modified_gmt":"2018-07-10T03:27:20","slug":"natale-in-contea-a-castro-nel-salento","status":"publish","type":"post","link":"https:\/\/www.article-marketing.eu\/comunicati\/arte-e-cultura\/natale-in-contea-a-castro-nel-salento\/","title":{"rendered":"Natale in Contea a Castro, nel Salento"},"content":{"rendered":"<p style=\"text-align: justify;\" mce_style=\"text-align: justify;\">Manca meno di un mese al Santo Natale e gi\u00e0 si respira aria di festa. Piazze addobbate con luminarie; persone in fermento per comprare i primi regali; presepi ed alberi pronti come ogni anno.<br \/> <em><strong>Storia di una notte d&#8217;inverno, in una citt\u00e0 medievale nel meridione d&#8217;Italia. Questo potrebbe essere il titolo di ci\u00f2 che sta per avvenire a Castro in occasione delle festivit\u00e0 natalizie<\/strong><\/em> .<\/p>\n<p style=\"text-align: justify;\" mce_style=\"text-align: justify;\">Qui infatti fervono i preparativi per la II Edizione del  <strong>Natale in contea<\/strong> , <strong>rappresentazione Storico Medievale della Nativit\u00e0.<\/strong><\/p>\n<p style=\"text-align: justify;\" mce_style=\"text-align: justify;\">Partecipano alla realizzazione dell&#8217;evento: l&#8217;Amministrazione Comunale, la Pro loco, i Figli di Minerva, il Gruppo Antonio, i Malarazza, il Gruppo Fratres, il Gruppo del Porto 2000, l&#8217;A.C.R., l&#8217;A.N.M.I. <\/p>\n<p style=\"text-align: justify;\" mce_style=\"text-align: justify;\">Il <strong>Presepe Vivente<\/strong> \u00e8 ambientato nell&#8217;anno 1480 all&#8217;interno del <strong>Borgo Medievale di Castro<\/strong>. Si potr\u00e0 ammirare cos\u00ec la citt\u00e0 in epoca medievale protetta da una cinta muraria e composta da diverse casupole che si affacciano sulle tortuose vie animate da galline e maiali.<br \/>Lungo il percorso incontrerete il falegname, il ciabattino, il vasaio, il fabbro fino a raggiungere l&#8217;osteria in cui si beve e si gioca a dadi.<br \/>Ci si imbatter\u00e0 anche in un <strong>matrimonio dell&#8217;epoca<\/strong> o in una <strong>scena di condanna a morte per stregoneria<\/strong>.<\/p>\n<p style=\"text-align: justify;\" mce_style=\"text-align: justify;\"><strong>Il percorso terminer\u00e0 con la scena della Nativit\u00e0<\/strong>: Maria e Giuseppe si recheranno verso la grotta di Betlemme e l\u00ec nascer\u00e0 Ges\u00f9.<br \/>Non mancheranno <strong>i Magi<\/strong> che, con i loro doni, giungeranno alla Culla per dare il benvenuto al Messia.<\/p>\n<p style=\"text-align: justify;\" mce_style=\"text-align: justify;\">Tutto \u00e8 curato nei minimi dettagli come i costumi artigianali realizzati con ago e filo.<br \/>E&#8217; un evento davvero emozionante e da vivere.<br \/>L<strong>&#8216;obiettivo<\/strong> del  Natale in Contea  \u00e8 la creazione di un momento di aggregazione sociale che produca effetti di promozione religiosa, culturale, storica e turistica.<\/p>\n<p style=\"text-align: justify;\" mce_style=\"text-align: justify;\">Potrete assistere alle rappresentazioni nei giorni 25-26 dicembre 2009; 1-3-6 gennaio 2010 dalle 17.00 alle 21.00. <a mce_href=\"http:\/\/www.nataleincontea.it\/\" target=\"_blank\" href=\"http:\/\/www.nataleincontea.it\/\" title=\"Sito ufficiale di Natale in Contea\">Visita il sito ufficiale<\/a>.<\/p>\n<p style=\"text-align: justify;\" mce_style=\"text-align: justify;\">Per non perdere questo fantastico appuntamento potrete alloggiare presso il bed and breakfast a Castro: Il Giardino.<\/p>\n<p style=\"text-align: justify;\" mce_style=\"text-align: justify;\">Affrettatevi e prenotate il vostro soggiorno per trascorrere un Natale diverso.<\/p>\n","protected":false},"excerpt":{"rendered":"<p>Vuoi trascorrere un Natale in pace ed armonia&#8217; A Castro fervono i preparativi per Natale in Contea. Verr\u00e0 rappresentato un presepe vivente ambientato nel 1480<\/p>\n","protected":false},"author":10,"featured_media":0,"comment_status":"open","ping_status":"open","sticky":false,"template":"","format":"standard","meta":{"cybocfi_hide_featured_image":"","footnotes":""},"categories":[27],"tags":[],"class_list":["post-3461","post","type-post","status-publish","format-standard","hentry","category-arte-e-cultura"],"yoast_head":"<!-- This site is optimized with the Yoast SEO plugin v27.0 - https:\/\/yoast.com\/product\/yoast-seo-wordpress\/ -->\n<title>Natale in Contea a Castro, nel Salento - Article Marketing<\/title>\n<meta name=\"robots\" content=\"index, follow, max-snippet:-1, max-image-preview:large, max-video-preview:-1\" \/>\n<link rel=\"canonical\" href=\"https:\/\/www.article-marketing.eu\/comunicati\/arte-e-cultura\/natale-in-contea-a-castro-nel-salento\/\" \/>\n<meta property=\"og:locale\" content=\"it_IT\" \/>\n<meta property=\"og:type\" content=\"article\" \/>\n<meta property=\"og:title\" content=\"Natale in Contea a Castro, nel Salento - Article Marketing\" \/>\n<meta property=\"og:description\" content=\"Vuoi trascorrere un Natale in pace ed armonia&#039; A Castro fervono i preparativi per Natale in Contea. Verr\u00e0 rappresentato un presepe vivente ambientato nel 1480\" \/>\n<meta property=\"og:url\" content=\"https:\/\/www.article-marketing.eu\/comunicati\/arte-e-cultura\/natale-in-contea-a-castro-nel-salento\/\" \/>\n<meta property=\"og:site_name\" content=\"Article Marketing\" \/>\n<meta property=\"article:published_time\" content=\"2009-11-25T17:20:14+00:00\" \/>\n<meta property=\"article:modified_time\" content=\"2018-07-10T03:27:20+00:00\" \/>\n<meta name=\"author\" content=\"Redazione Comunicati Stampa\" \/>\n<meta name=\"twitter:card\" content=\"summary_large_image\" \/>\n<meta name=\"twitter:label1\" content=\"Scritto da\" \/>\n\t<meta name=\"twitter:data1\" content=\"Redazione Comunicati Stampa\" \/>\n\t<meta name=\"twitter:label2\" content=\"Tempo di lettura stimato\" \/>\n\t<meta name=\"twitter:data2\" content=\"2 minuti\" \/>\n<script type=\"application\/ld+json\" class=\"yoast-schema-graph\">{\"@context\":\"https:\/\/schema.org\",\"@graph\":[{\"@type\":\"Article\",\"@id\":\"https:\/\/www.article-marketing.eu\/comunicati\/arte-e-cultura\/natale-in-contea-a-castro-nel-salento\/#article\",\"isPartOf\":{\"@id\":\"https:\/\/www.article-marketing.eu\/comunicati\/arte-e-cultura\/natale-in-contea-a-castro-nel-salento\/\"},\"author\":{\"name\":\"Redazione Comunicati Stampa\",\"@id\":\"https:\/\/www.article-marketing.eu\/comunicati\/#\/schema\/person\/44372e4d4d0fa797b18e03ed1ace9017\"},\"headline\":\"Natale in Contea a Castro, nel Salento\",\"datePublished\":\"2009-11-25T17:20:14+00:00\",\"dateModified\":\"2018-07-10T03:27:20+00:00\",\"mainEntityOfPage\":{\"@id\":\"https:\/\/www.article-marketing.eu\/comunicati\/arte-e-cultura\/natale-in-contea-a-castro-nel-salento\/\"},\"wordCount\":335,\"commentCount\":0,\"articleSection\":[\"Arte e cultura\"],\"inLanguage\":\"it-IT\",\"potentialAction\":[{\"@type\":\"CommentAction\",\"name\":\"Comment\",\"target\":[\"https:\/\/www.article-marketing.eu\/comunicati\/arte-e-cultura\/natale-in-contea-a-castro-nel-salento\/#respond\"]}]},{\"@type\":\"WebPage\",\"@id\":\"https:\/\/www.article-marketing.eu\/comunicati\/arte-e-cultura\/natale-in-contea-a-castro-nel-salento\/\",\"url\":\"https:\/\/www.article-marketing.eu\/comunicati\/arte-e-cultura\/natale-in-contea-a-castro-nel-salento\/\",\"name\":\"Natale in Contea a Castro, nel Salento - Article Marketing\",\"isPartOf\":{\"@id\":\"https:\/\/www.article-marketing.eu\/comunicati\/#website\"},\"datePublished\":\"2009-11-25T17:20:14+00:00\",\"dateModified\":\"2018-07-10T03:27:20+00:00\",\"author\":{\"@id\":\"https:\/\/www.article-marketing.eu\/comunicati\/#\/schema\/person\/44372e4d4d0fa797b18e03ed1ace9017\"},\"breadcrumb\":{\"@id\":\"https:\/\/www.article-marketing.eu\/comunicati\/arte-e-cultura\/natale-in-contea-a-castro-nel-salento\/#breadcrumb\"},\"inLanguage\":\"it-IT\",\"potentialAction\":[{\"@type\":\"ReadAction\",\"target\":[\"https:\/\/www.article-marketing.eu\/comunicati\/arte-e-cultura\/natale-in-contea-a-castro-nel-salento\/\"]}]},{\"@type\":\"BreadcrumbList\",\"@id\":\"https:\/\/www.article-marketing.eu\/comunicati\/arte-e-cultura\/natale-in-contea-a-castro-nel-salento\/#breadcrumb\",\"itemListElement\":[{\"@type\":\"ListItem\",\"position\":1,\"name\":\"Home\",\"item\":\"https:\/\/www.article-marketing.eu\/comunicati\/\"},{\"@type\":\"ListItem\",\"position\":2,\"name\":\"Natale in Contea a Castro, nel Salento\"}]},{\"@type\":\"WebSite\",\"@id\":\"https:\/\/www.article-marketing.eu\/comunicati\/#website\",\"url\":\"https:\/\/www.article-marketing.eu\/comunicati\/\",\"name\":\"Article Marketing\",\"description\":\"article marketing &amp; press release\",\"potentialAction\":[{\"@type\":\"SearchAction\",\"target\":{\"@type\":\"EntryPoint\",\"urlTemplate\":\"https:\/\/www.article-marketing.eu\/comunicati\/?s={search_term_string}\"},\"query-input\":{\"@type\":\"PropertyValueSpecification\",\"valueRequired\":true,\"valueName\":\"search_term_string\"}}],\"inLanguage\":\"it-IT\"},{\"@type\":\"Person\",\"@id\":\"https:\/\/www.article-marketing.eu\/comunicati\/#\/schema\/person\/44372e4d4d0fa797b18e03ed1ace9017\",\"name\":\"Redazione Comunicati Stampa\",\"image\":{\"@type\":\"ImageObject\",\"inLanguage\":\"it-IT\",\"@id\":\"https:\/\/www.article-marketing.eu\/comunicati\/#\/schema\/person\/image\/\",\"url\":\"https:\/\/secure.gravatar.com\/avatar\/50e5c6421d3072f42e7ace803501602c60d75233d34e29fd05feb91c8760b792?s=96&d=mm&r=g\",\"contentUrl\":\"https:\/\/secure.gravatar.com\/avatar\/50e5c6421d3072f42e7ace803501602c60d75233d34e29fd05feb91c8760b792?s=96&d=mm&r=g\",\"caption\":\"Redazione Comunicati Stampa\"},\"url\":\"https:\/\/www.article-marketing.eu\/comunicati\/author\/redazione-comunicati-stampa\/\"}]}<\/script>\n<!-- \/ Yoast SEO plugin. -->","yoast_head_json":{"title":"Natale in Contea a Castro, nel Salento - Article Marketing","robots":{"index":"index","follow":"follow","max-snippet":"max-snippet:-1","max-image-preview":"max-image-preview:large","max-video-preview":"max-video-preview:-1"},"canonical":"https:\/\/www.article-marketing.eu\/comunicati\/arte-e-cultura\/natale-in-contea-a-castro-nel-salento\/","og_locale":"it_IT","og_type":"article","og_title":"Natale in Contea a Castro, nel Salento - Article Marketing","og_description":"Vuoi trascorrere un Natale in pace ed armonia' A Castro fervono i preparativi per Natale in Contea. Verr\u00e0 rappresentato un presepe vivente ambientato nel 1480","og_url":"https:\/\/www.article-marketing.eu\/comunicati\/arte-e-cultura\/natale-in-contea-a-castro-nel-salento\/","og_site_name":"Article Marketing","article_published_time":"2009-11-25T17:20:14+00:00","article_modified_time":"2018-07-10T03:27:20+00:00","author":"Redazione Comunicati Stampa","twitter_card":"summary_large_image","twitter_misc":{"Scritto da":"Redazione Comunicati Stampa","Tempo di lettura stimato":"2 minuti"},"schema":{"@context":"https:\/\/schema.org","@graph":[{"@type":"Article","@id":"https:\/\/www.article-marketing.eu\/comunicati\/arte-e-cultura\/natale-in-contea-a-castro-nel-salento\/#article","isPartOf":{"@id":"https:\/\/www.article-marketing.eu\/comunicati\/arte-e-cultura\/natale-in-contea-a-castro-nel-salento\/"},"author":{"name":"Redazione Comunicati Stampa","@id":"https:\/\/www.article-marketing.eu\/comunicati\/#\/schema\/person\/44372e4d4d0fa797b18e03ed1ace9017"},"headline":"Natale in Contea a Castro, nel Salento","datePublished":"2009-11-25T17:20:14+00:00","dateModified":"2018-07-10T03:27:20+00:00","mainEntityOfPage":{"@id":"https:\/\/www.article-marketing.eu\/comunicati\/arte-e-cultura\/natale-in-contea-a-castro-nel-salento\/"},"wordCount":335,"commentCount":0,"articleSection":["Arte e cultura"],"inLanguage":"it-IT","potentialAction":[{"@type":"CommentAction","name":"Comment","target":["https:\/\/www.article-marketing.eu\/comunicati\/arte-e-cultura\/natale-in-contea-a-castro-nel-salento\/#respond"]}]},{"@type":"WebPage","@id":"https:\/\/www.article-marketing.eu\/comunicati\/arte-e-cultura\/natale-in-contea-a-castro-nel-salento\/","url":"https:\/\/www.article-marketing.eu\/comunicati\/arte-e-cultura\/natale-in-contea-a-castro-nel-salento\/","name":"Natale in Contea a Castro, nel Salento - Article Marketing","isPartOf":{"@id":"https:\/\/www.article-marketing.eu\/comunicati\/#website"},"datePublished":"2009-11-25T17:20:14+00:00","dateModified":"2018-07-10T03:27:20+00:00","author":{"@id":"https:\/\/www.article-marketing.eu\/comunicati\/#\/schema\/person\/44372e4d4d0fa797b18e03ed1ace9017"},"breadcrumb":{"@id":"https:\/\/www.article-marketing.eu\/comunicati\/arte-e-cultura\/natale-in-contea-a-castro-nel-salento\/#breadcrumb"},"inLanguage":"it-IT","potentialAction":[{"@type":"ReadAction","target":["https:\/\/www.article-marketing.eu\/comunicati\/arte-e-cultura\/natale-in-contea-a-castro-nel-salento\/"]}]},{"@type":"BreadcrumbList","@id":"https:\/\/www.article-marketing.eu\/comunicati\/arte-e-cultura\/natale-in-contea-a-castro-nel-salento\/#breadcrumb","itemListElement":[{"@type":"ListItem","position":1,"name":"Home","item":"https:\/\/www.article-marketing.eu\/comunicati\/"},{"@type":"ListItem","position":2,"name":"Natale in Contea a Castro, nel Salento"}]},{"@type":"WebSite","@id":"https:\/\/www.article-marketing.eu\/comunicati\/#website","url":"https:\/\/www.article-marketing.eu\/comunicati\/","name":"Article Marketing","description":"article marketing &amp; press release","potentialAction":[{"@type":"SearchAction","target":{"@type":"EntryPoint","urlTemplate":"https:\/\/www.article-marketing.eu\/comunicati\/?s={search_term_string}"},"query-input":{"@type":"PropertyValueSpecification","valueRequired":true,"valueName":"search_term_string"}}],"inLanguage":"it-IT"},{"@type":"Person","@id":"https:\/\/www.article-marketing.eu\/comunicati\/#\/schema\/person\/44372e4d4d0fa797b18e03ed1ace9017","name":"Redazione Comunicati Stampa","image":{"@type":"ImageObject","inLanguage":"it-IT","@id":"https:\/\/www.article-marketing.eu\/comunicati\/#\/schema\/person\/image\/","url":"https:\/\/secure.gravatar.com\/avatar\/50e5c6421d3072f42e7ace803501602c60d75233d34e29fd05feb91c8760b792?s=96&d=mm&r=g","contentUrl":"https:\/\/secure.gravatar.com\/avatar\/50e5c6421d3072f42e7ace803501602c60d75233d34e29fd05feb91c8760b792?s=96&d=mm&r=g","caption":"Redazione Comunicati Stampa"},"url":"https:\/\/www.article-marketing.eu\/comunicati\/author\/redazione-comunicati-stampa\/"}]}},"_links":{"self":[{"href":"https:\/\/www.article-marketing.eu\/comunicati\/wp-json\/wp\/v2\/posts\/3461","targetHints":{"allow":["GET"]}}],"collection":[{"href":"https:\/\/www.article-marketing.eu\/comunicati\/wp-json\/wp\/v2\/posts"}],"about":[{"href":"https:\/\/www.article-marketing.eu\/comunicati\/wp-json\/wp\/v2\/types\/post"}],"author":[{"embeddable":true,"href":"https:\/\/www.article-marketing.eu\/comunicati\/wp-json\/wp\/v2\/users\/10"}],"replies":[{"embeddable":true,"href":"https:\/\/www.article-marketing.eu\/comunicati\/wp-json\/wp\/v2\/comments?post=3461"}],"version-history":[{"count":3,"href":"https:\/\/www.article-marketing.eu\/comunicati\/wp-json\/wp\/v2\/posts\/3461\/revisions"}],"predecessor-version":[{"id":61566,"href":"https:\/\/www.article-marketing.eu\/comunicati\/wp-json\/wp\/v2\/posts\/3461\/revisions\/61566"}],"wp:attachment":[{"href":"https:\/\/www.article-marketing.eu\/comunicati\/wp-json\/wp\/v2\/media?parent=3461"}],"wp:term":[{"taxonomy":"category","embeddable":true,"href":"https:\/\/www.article-marketing.eu\/comunicati\/wp-json\/wp\/v2\/categories?post=3461"},{"taxonomy":"post_tag","embeddable":true,"href":"https:\/\/www.article-marketing.eu\/comunicati\/wp-json\/wp\/v2\/tags?post=3461"}],"curies":[{"name":"wp","href":"https:\/\/api.w.org\/{rel}","templated":true}]}}