{"id":3470,"date":"2009-11-26T11:30:05","date_gmt":"2009-11-26T10:30:05","guid":{"rendered":"http:\/\/www.article-marketing.eu\/comunicati\/senza-categoria\/giorgiotave-e-francesco-tinti-al-convegno-seo-forum-gt-parlano-di-social\/"},"modified":"2009-11-26T11:30:05","modified_gmt":"2009-11-26T10:30:05","slug":"giorgiotave-e-francesco-tinti-al-convegno-seo-forum-gt-parlano-di-social","status":"publish","type":"post","link":"https:\/\/www.article-marketing.eu\/comunicati\/comunicati-stampa\/eventi\/giorgiotave-e-francesco-tinti-al-convegno-seo-forum-gt-parlano-di-social\/","title":{"rendered":"Giorgiotave e Francesco Tinti al Convegno SEO Forum GT parlano di Social"},"content":{"rendered":"<p>4\u00b0 CONVEGNO NAZIONALE FORUM GT SEO<\/p>\n<p>TAVERNITI E TINTI APPROFONDISCONO IL CANALE<\/p>\n<p>&quot;LINK \u2013 SOCIAL NETWORK \u2013 LINK POPULARITY&quot;<\/p>\n<p>Andr\u00e0 in scena a Riccione, nei giorni 5 e 6 Dicembre 2009, il pi\u00f9 grande e prestigioso evento di livello nazionale dedicato all\u2019universo del Web Marketing e del SEO: il 4\u00b0 Convegno Nazionale SEO \/ SEM del Forum GT.<\/p>\n<p>Grandi professionisti ed esperti di questa realt\u00e0 in continua evoluzione, si susseguiranno nell\u2019ambito del convegno, e daranno vita ad approfondimenti unici nel loro genere, sui quali sar\u00e0 inoltre possibile dibattere nell\u2019ambito delle due Tavole Rotonde previste dall\u2019organizzazione.<\/p>\n<p>Patrocinato dal Ministero dello Sviluppo Economico e dalla Regione Emilia Romagna, il 4\u00b0 Convegno Nazionale SEO \/ SEM del Forum GT rappresenter\u00e0 una manifestazione alquanto imponente, come testimoniato dalla programmazione stessa: quattordici interventi, oltre sedici ore di approfondimenti su Web Marketing e SEO.<\/p>\n<p>E soprattutto un nome: quello di Giorgio Taverniti, cuore pulsante del Convegno GT e ideatore della comunit\u00e0 di Giorgiotave.it, la quale conta oggi quasi 60mila persone, le quali si confrontano quotidianamente.<\/p>\n<p>Proprio Giorgio Taverniti, in concerto con Francesco Tinti&nbsp;\u2013 altro esperto di Web Marketing \u2013&nbsp;dar\u00e0 vita, nella mattinata del 5 Dicembre (ore 12.30 \u2013 13.30), ad un interessante intervento intitolato \u201cLink nei social networks, Google Social Search e link popularity\u201d.<\/p>\n<p>Nell\u2019arco dell\u2019approfondimento, la cui moderazione sar\u00e0 affidata a Nicola Briani (ComputerVar Net), verr\u00e0 cos\u00ec analizzato come il Trust di un profilo, e quindi la sua credibilit\u00e0 e la considerazione di cui lo stesso gode sul web, collegato ai link che appaiono quotidianamente sui Social Network, possa influire su quella che viene definita \u201clink popularity\u201d.<\/p>\n<p>Naturalmente, quello di Giorgio Taverniti e Francesco Tinti sar\u00e0 solo uno degli interventi previsti in questa due giorni di Convegno GT. La programmazione completa, comunque, \u00e8 consultabile interamente su&nbsp;<a mce_href=\"http:\/\/www.convegnogt.it\/iscriviti\/\" href=\"http:\/\/www.convegnogt.it\/iscriviti\/\">convegnogt.it<\/a>, portale ufficiale dell\u2019evento.<\/p>\n","protected":false},"excerpt":{"rendered":"<p>4\u00b0 CONVEGNO NAZIONALE FORUM GT SEO<\/p>\n<p>TAVERNITI E TINTI APPROFONDISCONO IL CANALE<\/p>\n<p>&#8220;LINK \u2013 SOCIAL NETWORK \u2013 LINK POPULARITY&#8221;<\/p>\n","protected":false},"author":10,"featured_media":0,"comment_status":"open","ping_status":"open","sticky":false,"template":"","format":"standard","meta":{"cybocfi_hide_featured_image":"","footnotes":""},"categories":[388],"tags":[949,2577],"class_list":["post-3470","post","type-post","status-publish","format-standard","hentry","category-eventi","tag-seo","tag-social-network"],"yoast_head":"<!-- This site is optimized with the Yoast SEO plugin v27.0 - https:\/\/yoast.com\/product\/yoast-seo-wordpress\/ -->\n<title>Giorgiotave e Francesco Tinti al Convegno SEO Forum GT parlano di Social - Article Marketing<\/title>\n<meta name=\"robots\" content=\"index, follow, max-snippet:-1, max-image-preview:large, max-video-preview:-1\" \/>\n<link rel=\"canonical\" href=\"https:\/\/www.article-marketing.eu\/comunicati\/comunicati-stampa\/eventi\/giorgiotave-e-francesco-tinti-al-convegno-seo-forum-gt-parlano-di-social\/\" \/>\n<meta property=\"og:locale\" content=\"it_IT\" \/>\n<meta property=\"og:type\" content=\"article\" \/>\n<meta property=\"og:title\" content=\"Giorgiotave e Francesco Tinti al Convegno SEO Forum GT parlano di Social - Article Marketing\" \/>\n<meta property=\"og:description\" content=\"4\u00b0 CONVEGNO NAZIONALE FORUM GT SEO TAVERNITI E TINTI APPROFONDISCONO IL CANALE &quot;LINK \u2013 SOCIAL NETWORK \u2013 LINK POPULARITY&quot;\" \/>\n<meta property=\"og:url\" content=\"https:\/\/www.article-marketing.eu\/comunicati\/comunicati-stampa\/eventi\/giorgiotave-e-francesco-tinti-al-convegno-seo-forum-gt-parlano-di-social\/\" \/>\n<meta property=\"og:site_name\" content=\"Article Marketing\" \/>\n<meta property=\"article:published_time\" content=\"2009-11-26T10:30:05+00:00\" \/>\n<meta name=\"author\" content=\"Redazione Comunicati Stampa\" \/>\n<meta name=\"twitter:card\" content=\"summary_large_image\" \/>\n<meta name=\"twitter:label1\" content=\"Scritto da\" \/>\n\t<meta name=\"twitter:data1\" content=\"Redazione Comunicati Stampa\" \/>\n\t<meta name=\"twitter:label2\" content=\"Tempo di lettura stimato\" \/>\n\t<meta name=\"twitter:data2\" content=\"1 minuto\" \/>\n<script type=\"application\/ld+json\" class=\"yoast-schema-graph\">{\"@context\":\"https:\/\/schema.org\",\"@graph\":[{\"@type\":\"Article\",\"@id\":\"https:\/\/www.article-marketing.eu\/comunicati\/comunicati-stampa\/eventi\/giorgiotave-e-francesco-tinti-al-convegno-seo-forum-gt-parlano-di-social\/#article\",\"isPartOf\":{\"@id\":\"https:\/\/www.article-marketing.eu\/comunicati\/comunicati-stampa\/eventi\/giorgiotave-e-francesco-tinti-al-convegno-seo-forum-gt-parlano-di-social\/\"},\"author\":{\"name\":\"Redazione Comunicati Stampa\",\"@id\":\"https:\/\/www.article-marketing.eu\/comunicati\/#\/schema\/person\/44372e4d4d0fa797b18e03ed1ace9017\"},\"headline\":\"Giorgiotave e Francesco Tinti al Convegno SEO Forum GT parlano di Social\",\"datePublished\":\"2009-11-26T10:30:05+00:00\",\"mainEntityOfPage\":{\"@id\":\"https:\/\/www.article-marketing.eu\/comunicati\/comunicati-stampa\/eventi\/giorgiotave-e-francesco-tinti-al-convegno-seo-forum-gt-parlano-di-social\/\"},\"wordCount\":306,\"commentCount\":0,\"keywords\":[\"SEO\",\"social network\"],\"articleSection\":[\"Eventi\"],\"inLanguage\":\"it-IT\",\"potentialAction\":[{\"@type\":\"CommentAction\",\"name\":\"Comment\",\"target\":[\"https:\/\/www.article-marketing.eu\/comunicati\/comunicati-stampa\/eventi\/giorgiotave-e-francesco-tinti-al-convegno-seo-forum-gt-parlano-di-social\/#respond\"]}]},{\"@type\":\"WebPage\",\"@id\":\"https:\/\/www.article-marketing.eu\/comunicati\/comunicati-stampa\/eventi\/giorgiotave-e-francesco-tinti-al-convegno-seo-forum-gt-parlano-di-social\/\",\"url\":\"https:\/\/www.article-marketing.eu\/comunicati\/comunicati-stampa\/eventi\/giorgiotave-e-francesco-tinti-al-convegno-seo-forum-gt-parlano-di-social\/\",\"name\":\"Giorgiotave e Francesco Tinti al Convegno SEO Forum GT parlano di Social - Article Marketing\",\"isPartOf\":{\"@id\":\"https:\/\/www.article-marketing.eu\/comunicati\/#website\"},\"datePublished\":\"2009-11-26T10:30:05+00:00\",\"author\":{\"@id\":\"https:\/\/www.article-marketing.eu\/comunicati\/#\/schema\/person\/44372e4d4d0fa797b18e03ed1ace9017\"},\"breadcrumb\":{\"@id\":\"https:\/\/www.article-marketing.eu\/comunicati\/comunicati-stampa\/eventi\/giorgiotave-e-francesco-tinti-al-convegno-seo-forum-gt-parlano-di-social\/#breadcrumb\"},\"inLanguage\":\"it-IT\",\"potentialAction\":[{\"@type\":\"ReadAction\",\"target\":[\"https:\/\/www.article-marketing.eu\/comunicati\/comunicati-stampa\/eventi\/giorgiotave-e-francesco-tinti-al-convegno-seo-forum-gt-parlano-di-social\/\"]}]},{\"@type\":\"BreadcrumbList\",\"@id\":\"https:\/\/www.article-marketing.eu\/comunicati\/comunicati-stampa\/eventi\/giorgiotave-e-francesco-tinti-al-convegno-seo-forum-gt-parlano-di-social\/#breadcrumb\",\"itemListElement\":[{\"@type\":\"ListItem\",\"position\":1,\"name\":\"Home\",\"item\":\"https:\/\/www.article-marketing.eu\/comunicati\/\"},{\"@type\":\"ListItem\",\"position\":2,\"name\":\"Giorgiotave e Francesco Tinti al Convegno SEO Forum GT parlano di Social\"}]},{\"@type\":\"WebSite\",\"@id\":\"https:\/\/www.article-marketing.eu\/comunicati\/#website\",\"url\":\"https:\/\/www.article-marketing.eu\/comunicati\/\",\"name\":\"Article Marketing\",\"description\":\"article marketing &amp; press release\",\"potentialAction\":[{\"@type\":\"SearchAction\",\"target\":{\"@type\":\"EntryPoint\",\"urlTemplate\":\"https:\/\/www.article-marketing.eu\/comunicati\/?s={search_term_string}\"},\"query-input\":{\"@type\":\"PropertyValueSpecification\",\"valueRequired\":true,\"valueName\":\"search_term_string\"}}],\"inLanguage\":\"it-IT\"},{\"@type\":\"Person\",\"@id\":\"https:\/\/www.article-marketing.eu\/comunicati\/#\/schema\/person\/44372e4d4d0fa797b18e03ed1ace9017\",\"name\":\"Redazione Comunicati Stampa\",\"image\":{\"@type\":\"ImageObject\",\"inLanguage\":\"it-IT\",\"@id\":\"https:\/\/www.article-marketing.eu\/comunicati\/#\/schema\/person\/image\/\",\"url\":\"https:\/\/secure.gravatar.com\/avatar\/50e5c6421d3072f42e7ace803501602c60d75233d34e29fd05feb91c8760b792?s=96&d=mm&r=g\",\"contentUrl\":\"https:\/\/secure.gravatar.com\/avatar\/50e5c6421d3072f42e7ace803501602c60d75233d34e29fd05feb91c8760b792?s=96&d=mm&r=g\",\"caption\":\"Redazione Comunicati Stampa\"},\"url\":\"https:\/\/www.article-marketing.eu\/comunicati\/author\/redazione-comunicati-stampa\/\"}]}<\/script>\n<!-- \/ Yoast SEO plugin. -->","yoast_head_json":{"title":"Giorgiotave e Francesco Tinti al Convegno SEO Forum GT parlano di Social - Article Marketing","robots":{"index":"index","follow":"follow","max-snippet":"max-snippet:-1","max-image-preview":"max-image-preview:large","max-video-preview":"max-video-preview:-1"},"canonical":"https:\/\/www.article-marketing.eu\/comunicati\/comunicati-stampa\/eventi\/giorgiotave-e-francesco-tinti-al-convegno-seo-forum-gt-parlano-di-social\/","og_locale":"it_IT","og_type":"article","og_title":"Giorgiotave e Francesco Tinti al Convegno SEO Forum GT parlano di Social - Article Marketing","og_description":"4\u00b0 CONVEGNO NAZIONALE FORUM GT SEO TAVERNITI E TINTI APPROFONDISCONO IL CANALE \"LINK \u2013 SOCIAL NETWORK \u2013 LINK POPULARITY\"","og_url":"https:\/\/www.article-marketing.eu\/comunicati\/comunicati-stampa\/eventi\/giorgiotave-e-francesco-tinti-al-convegno-seo-forum-gt-parlano-di-social\/","og_site_name":"Article Marketing","article_published_time":"2009-11-26T10:30:05+00:00","author":"Redazione Comunicati Stampa","twitter_card":"summary_large_image","twitter_misc":{"Scritto da":"Redazione Comunicati Stampa","Tempo di lettura stimato":"1 minuto"},"schema":{"@context":"https:\/\/schema.org","@graph":[{"@type":"Article","@id":"https:\/\/www.article-marketing.eu\/comunicati\/comunicati-stampa\/eventi\/giorgiotave-e-francesco-tinti-al-convegno-seo-forum-gt-parlano-di-social\/#article","isPartOf":{"@id":"https:\/\/www.article-marketing.eu\/comunicati\/comunicati-stampa\/eventi\/giorgiotave-e-francesco-tinti-al-convegno-seo-forum-gt-parlano-di-social\/"},"author":{"name":"Redazione Comunicati Stampa","@id":"https:\/\/www.article-marketing.eu\/comunicati\/#\/schema\/person\/44372e4d4d0fa797b18e03ed1ace9017"},"headline":"Giorgiotave e Francesco Tinti al Convegno SEO Forum GT parlano di Social","datePublished":"2009-11-26T10:30:05+00:00","mainEntityOfPage":{"@id":"https:\/\/www.article-marketing.eu\/comunicati\/comunicati-stampa\/eventi\/giorgiotave-e-francesco-tinti-al-convegno-seo-forum-gt-parlano-di-social\/"},"wordCount":306,"commentCount":0,"keywords":["SEO","social network"],"articleSection":["Eventi"],"inLanguage":"it-IT","potentialAction":[{"@type":"CommentAction","name":"Comment","target":["https:\/\/www.article-marketing.eu\/comunicati\/comunicati-stampa\/eventi\/giorgiotave-e-francesco-tinti-al-convegno-seo-forum-gt-parlano-di-social\/#respond"]}]},{"@type":"WebPage","@id":"https:\/\/www.article-marketing.eu\/comunicati\/comunicati-stampa\/eventi\/giorgiotave-e-francesco-tinti-al-convegno-seo-forum-gt-parlano-di-social\/","url":"https:\/\/www.article-marketing.eu\/comunicati\/comunicati-stampa\/eventi\/giorgiotave-e-francesco-tinti-al-convegno-seo-forum-gt-parlano-di-social\/","name":"Giorgiotave e Francesco Tinti al Convegno SEO Forum GT parlano di Social - Article Marketing","isPartOf":{"@id":"https:\/\/www.article-marketing.eu\/comunicati\/#website"},"datePublished":"2009-11-26T10:30:05+00:00","author":{"@id":"https:\/\/www.article-marketing.eu\/comunicati\/#\/schema\/person\/44372e4d4d0fa797b18e03ed1ace9017"},"breadcrumb":{"@id":"https:\/\/www.article-marketing.eu\/comunicati\/comunicati-stampa\/eventi\/giorgiotave-e-francesco-tinti-al-convegno-seo-forum-gt-parlano-di-social\/#breadcrumb"},"inLanguage":"it-IT","potentialAction":[{"@type":"ReadAction","target":["https:\/\/www.article-marketing.eu\/comunicati\/comunicati-stampa\/eventi\/giorgiotave-e-francesco-tinti-al-convegno-seo-forum-gt-parlano-di-social\/"]}]},{"@type":"BreadcrumbList","@id":"https:\/\/www.article-marketing.eu\/comunicati\/comunicati-stampa\/eventi\/giorgiotave-e-francesco-tinti-al-convegno-seo-forum-gt-parlano-di-social\/#breadcrumb","itemListElement":[{"@type":"ListItem","position":1,"name":"Home","item":"https:\/\/www.article-marketing.eu\/comunicati\/"},{"@type":"ListItem","position":2,"name":"Giorgiotave e Francesco Tinti al Convegno SEO Forum GT parlano di Social"}]},{"@type":"WebSite","@id":"https:\/\/www.article-marketing.eu\/comunicati\/#website","url":"https:\/\/www.article-marketing.eu\/comunicati\/","name":"Article Marketing","description":"article marketing &amp; press release","potentialAction":[{"@type":"SearchAction","target":{"@type":"EntryPoint","urlTemplate":"https:\/\/www.article-marketing.eu\/comunicati\/?s={search_term_string}"},"query-input":{"@type":"PropertyValueSpecification","valueRequired":true,"valueName":"search_term_string"}}],"inLanguage":"it-IT"},{"@type":"Person","@id":"https:\/\/www.article-marketing.eu\/comunicati\/#\/schema\/person\/44372e4d4d0fa797b18e03ed1ace9017","name":"Redazione Comunicati Stampa","image":{"@type":"ImageObject","inLanguage":"it-IT","@id":"https:\/\/www.article-marketing.eu\/comunicati\/#\/schema\/person\/image\/","url":"https:\/\/secure.gravatar.com\/avatar\/50e5c6421d3072f42e7ace803501602c60d75233d34e29fd05feb91c8760b792?s=96&d=mm&r=g","contentUrl":"https:\/\/secure.gravatar.com\/avatar\/50e5c6421d3072f42e7ace803501602c60d75233d34e29fd05feb91c8760b792?s=96&d=mm&r=g","caption":"Redazione Comunicati Stampa"},"url":"https:\/\/www.article-marketing.eu\/comunicati\/author\/redazione-comunicati-stampa\/"}]}},"_links":{"self":[{"href":"https:\/\/www.article-marketing.eu\/comunicati\/wp-json\/wp\/v2\/posts\/3470","targetHints":{"allow":["GET"]}}],"collection":[{"href":"https:\/\/www.article-marketing.eu\/comunicati\/wp-json\/wp\/v2\/posts"}],"about":[{"href":"https:\/\/www.article-marketing.eu\/comunicati\/wp-json\/wp\/v2\/types\/post"}],"author":[{"embeddable":true,"href":"https:\/\/www.article-marketing.eu\/comunicati\/wp-json\/wp\/v2\/users\/10"}],"replies":[{"embeddable":true,"href":"https:\/\/www.article-marketing.eu\/comunicati\/wp-json\/wp\/v2\/comments?post=3470"}],"version-history":[{"count":0,"href":"https:\/\/www.article-marketing.eu\/comunicati\/wp-json\/wp\/v2\/posts\/3470\/revisions"}],"wp:attachment":[{"href":"https:\/\/www.article-marketing.eu\/comunicati\/wp-json\/wp\/v2\/media?parent=3470"}],"wp:term":[{"taxonomy":"category","embeddable":true,"href":"https:\/\/www.article-marketing.eu\/comunicati\/wp-json\/wp\/v2\/categories?post=3470"},{"taxonomy":"post_tag","embeddable":true,"href":"https:\/\/www.article-marketing.eu\/comunicati\/wp-json\/wp\/v2\/tags?post=3470"}],"curies":[{"name":"wp","href":"https:\/\/api.w.org\/{rel}","templated":true}]}}