{"id":34723,"date":"2013-05-22T15:33:11","date_gmt":"2013-05-22T13:33:11","guid":{"rendered":"http:\/\/www.article-marketing.eu\/comunicati\/senza-categoria\/perunoinpi%252525252525c3%252525252525b9-%252525252525c2%252525252525a9-ad-ivrea-la-musica-%252525252525c3%252525252525a8-a%25252525252580csocialea%25252525252580%2525252525259d\/"},"modified":"2020-08-10T01:15:39","modified_gmt":"2020-08-09T23:15:39","slug":"perunoinpi%252525252525c3%252525252525b9-%252525252525c2%252525252525a9-ad-ivrea-la-musica-%252525252525c3%252525252525a8-a%25252525252580csocialea%25252525252580%2525252525259d","status":"publish","type":"post","link":"https:\/\/www.article-marketing.eu\/comunicati\/arte-e-cultura\/musica\/perunoinpi%252525252525c3%252525252525b9-%252525252525c2%252525252525a9-ad-ivrea-la-musica-%252525252525c3%252525252525a8-a%25252525252580csocialea%25252525252580%2525252525259d\/","title":{"rendered":"PerUnoInPi\u00f9 \u00a9 &#8211; Ad Ivrea la musica \u00e8 \u201csociale\u201d"},"content":{"rendered":"<p><em><img decoding=\"async\" src=\"https:\/\/www.facebook.com\/pages\/Perunoinpi%C3%B9\/155390571292587?ref=hl\" border=\"0\" \/>L&rsquo;Assessorato al Commercio e Turismo e l&rsquo;Assessorato alle Politiche Sociali di Ivrea patrocinano un progetto che sostiene concretamente il tessuto sociale territoriale attraverso la musica.<\/em> <em><\/em>22\/05\/2013 &#8211; E&rsquo; andato in stampa il disco di un gruppo di musicisti e autori canavesani che, incontratisi durante Ivrea in Musica 2012, sono riusciti a realizzare un&rsquo;impresa unica per il territorio: creare, produrre e distribuire una canzone che promuova il contesto cittadino e sostenga concretamente il tessuto sociale locale.<\/p>\n<p> Davide Gherzi, Alice Visconti, Adriana Maria Quaglia, Nicola De Stefano, Stefano Benedetto, Paolo Romeo, Gianni Romagnolo, Voix Qui Dansent, Nick Mantoan, Veronica Perego hanno registrato voce e musica di &ldquo;PerUnoInPi&ugrave;&copy; &#8211; C&rsquo;&egrave; bisogno di te!&rdquo; tra marzo e aprile 2013 da Rabel Studio di Diego Zanetto mettendo a disposizione, a titolo gratuito, le loro capacit&agrave; artistiche per raccogliere fondi da destinare al progetto &ldquo;Borsa Amica&rdquo; promosso dal Consorzio IN.RE.TE. in collaborazione con Caritas Diocesana , Consorzio Copernico e Societ&agrave; Canavesana Servizi.<\/p>\n<p> &ldquo;Borsa Amica&rdquo; &egrave; un programma di sviluppo economico-solidale che si propone sia di limitare lo smaltimento delle eccedenze prodotte dalla distribuzione alimentare, contribuendo alla diminuzione dei rifiuti in discarica, sia di garantire una spesa settimanale a persone e famiglie in situazione di seria difficolt&agrave; economica, creando occupazione per chi &egrave; escluso dal mondo del lavoro. Un programma che si concretizza nella fornitura di una borsa spesa settimanale, fatta di prodotti freschi e a lunga conservazione, a chi risiede nel territorio del Consorzio IN.RE.TE. e ha un I.S.E.E. compreso tra 0 &euro; e 4.000 &euro;.<\/p>\n<p> Davide Gherzi e Adriana M. Quaglia, ideatori di &ldquo;PerUnoInPi&ugrave;&copy; &#8211; C&rsquo;&egrave; bisogno di te!&rdquo; , e tutti gli artisti coinvolti hanno scelto &ldquo;Borsa Amica&rdquo; per raccontare e sostenere concretamente l&rsquo;Ivrea positiva e le sue eccellenze e hanno trovato altrettanti testimoni di un territorio capace di essere cuore e motore creativo di un nuovo modello di sviluppo sociale. <\/p>\n<p> La realizzazione delle prime 1000 copie del CD &egrave; stata, infatti, possibile grazie al contributo di Vincenzo Ceratti, eporediese, in memoria di suo padre Giovanni mentre i gadget promozionali sono stati offerti da Coolshop dell&rsquo;ing. Mattia Pontacolone, giovane realt&agrave; imprenditoriale torinese molto attenta alle tematiche sociali, e da Roberta Liberale, fotografa canavesana attiva in ambito di divulgazione sociale. L&rsquo;iniziativa sar&agrave; inoltre documentata a livello video grazie al sostegno di Gabriele D. Tomasin e di Rete Canavese.<\/p>\n<p> I fondi raccolti dalla distribuzione del disco e dei gadget promozionali contribuiranno ad alimentare &ldquo;Borsa Amica&rdquo; e a preparare tante pi&ugrave; borse spesa quanti pi&ugrave; saranno i fan di &ldquo;PerUnoInPi&ugrave;&copy; &#8211; C&rsquo;&egrave; bisogno di te!&rdquo;<\/p>\n<p> Il progetto sar&agrave; presentato il 2 giugno 2013 durante il Concerto per la Festa della Repubblica &ldquo;Dalla Musica all&rsquo;Uomo&rdquo;, nell&rsquo;ambito della Rassegna &ldquo;Palcoscenico sotto le Stelle&rdquo; a cura dell&rsquo;Assessorato alle Politiche Giovanili.<\/p>\n","protected":false},"excerpt":{"rendered":"<p>L\u2019Assessorato al Commercio e Turismo e l\u2019Assessorato alle Politiche Sociali di Ivrea patrocinano un progetto che sostiene concretamente il tessuto sociale territoriale attraverso la musica. &#8220;Per Uno In Pi\u00f9-C&#8217;\u00e9 Bisogno di Te&#8221;, il disco di un gruppo di musicisti e autori canavesani, sosterr\u00e0 concretamente il progetto Borsa Amica del Consorzio IN.RE.TE. I fondi raccolti dalla distribuzione del disco e dei gadget contribuiranno a preparare borse spesa settimanali per le famiglie canavesane in grave difficolt\u00e0 economica.<\/p>\n","protected":false},"author":10,"featured_media":0,"comment_status":"open","ping_status":"open","sticky":false,"template":"","format":"standard","meta":{"cybocfi_hide_featured_image":"","footnotes":""},"categories":[42],"tags":[42970,42969,42968,42965,42964,45,42966,13723,5484,42967],"class_list":["post-34723","post","type-post","status-publish","format-standard","hentry","category-musica","tag-artisti-insieme","tag-borsa-amica","tag-canzone","tag-davide-gherzi","tag-ivrea","tag-musica","tag-per-uno-in-piu","tag-sociale","tag-solidarieta","tag-sviluppo-territoriale"],"yoast_head":"<!-- This site is optimized with the Yoast SEO plugin v27.0 - https:\/\/yoast.com\/product\/yoast-seo-wordpress\/ -->\n<title>PerUnoInPi\u00f9 \u00a9 - Ad Ivrea la musica \u00e8 \u201csociale\u201d - Article Marketing<\/title>\n<meta name=\"robots\" content=\"index, follow, max-snippet:-1, max-image-preview:large, max-video-preview:-1\" \/>\n<link rel=\"canonical\" href=\"https:\/\/www.article-marketing.eu\/comunicati\/arte-e-cultura\/musica\/perunoinpi%2525252525c3%2525252525b9-%2525252525c2%2525252525a9-ad-ivrea-la-musica-%2525252525c3%2525252525a8-a%252525252580csocialea%252525252580%25252525259d\/\" \/>\n<meta property=\"og:locale\" content=\"it_IT\" \/>\n<meta property=\"og:type\" content=\"article\" \/>\n<meta property=\"og:title\" content=\"PerUnoInPi\u00f9 \u00a9 - Ad Ivrea la musica \u00e8 \u201csociale\u201d - Article Marketing\" \/>\n<meta property=\"og:description\" content=\"L\u2019Assessorato al Commercio e Turismo e l\u2019Assessorato alle Politiche Sociali di Ivrea patrocinano un progetto che sostiene concretamente il tessuto sociale territoriale attraverso la musica. &quot;Per Uno In Pi\u00f9-C&#039;\u00e9 Bisogno di Te&quot;, il disco di un gruppo di musicisti e autori canavesani, sosterr\u00e0 concretamente il progetto Borsa Amica del Consorzio IN.RE.TE. I fondi raccolti dalla distribuzione del disco e dei gadget contribuiranno a preparare borse spesa settimanali per le famiglie canavesane in grave difficolt\u00e0 economica.\" \/>\n<meta property=\"og:url\" content=\"https:\/\/www.article-marketing.eu\/comunicati\/arte-e-cultura\/musica\/perunoinpi%2525252525c3%2525252525b9-%2525252525c2%2525252525a9-ad-ivrea-la-musica-%2525252525c3%2525252525a8-a%252525252580csocialea%252525252580%25252525259d\/\" \/>\n<meta property=\"og:site_name\" content=\"Article Marketing\" \/>\n<meta property=\"article:published_time\" content=\"2013-05-22T13:33:11+00:00\" \/>\n<meta property=\"article:modified_time\" content=\"2020-08-09T23:15:39+00:00\" \/>\n<meta property=\"og:image\" content=\"https:\/\/www.facebook.com\/pages\/Perunoinpi%C3%B9\/155390571292587?ref=hl\" \/>\n<meta name=\"author\" content=\"Redazione Comunicati Stampa\" \/>\n<meta name=\"twitter:card\" content=\"summary_large_image\" \/>\n<meta name=\"twitter:label1\" content=\"Scritto da\" \/>\n\t<meta name=\"twitter:data1\" content=\"Redazione Comunicati Stampa\" \/>\n\t<meta name=\"twitter:label2\" content=\"Tempo di lettura stimato\" \/>\n\t<meta name=\"twitter:data2\" content=\"3 minuti\" \/>\n<script type=\"application\/ld+json\" class=\"yoast-schema-graph\">{\"@context\":\"https:\/\/schema.org\",\"@graph\":[{\"@type\":\"Article\",\"@id\":\"https:\/\/www.article-marketing.eu\/comunicati\/arte-e-cultura\/musica\/perunoinpi%252525252525c3%252525252525b9-%252525252525c2%252525252525a9-ad-ivrea-la-musica-%252525252525c3%252525252525a8-a%25252525252580csocialea%25252525252580%2525252525259d\/#article\",\"isPartOf\":{\"@id\":\"https:\/\/www.article-marketing.eu\/comunicati\/arte-e-cultura\/musica\/perunoinpi%252525252525c3%252525252525b9-%252525252525c2%252525252525a9-ad-ivrea-la-musica-%252525252525c3%252525252525a8-a%25252525252580csocialea%25252525252580%2525252525259d\/\"},\"author\":{\"name\":\"Redazione Comunicati Stampa\",\"@id\":\"https:\/\/www.article-marketing.eu\/comunicati\/#\/schema\/person\/44372e4d4d0fa797b18e03ed1ace9017\"},\"headline\":\"PerUnoInPi\u00f9 \u00a9 &#8211; Ad Ivrea la musica \u00e8 \u201csociale\u201d\",\"datePublished\":\"2013-05-22T13:33:11+00:00\",\"dateModified\":\"2020-08-09T23:15:39+00:00\",\"mainEntityOfPage\":{\"@id\":\"https:\/\/www.article-marketing.eu\/comunicati\/arte-e-cultura\/musica\/perunoinpi%252525252525c3%252525252525b9-%252525252525c2%252525252525a9-ad-ivrea-la-musica-%252525252525c3%252525252525a8-a%25252525252580csocialea%25252525252580%2525252525259d\/\"},\"wordCount\":511,\"commentCount\":0,\"image\":{\"@id\":\"https:\/\/www.article-marketing.eu\/comunicati\/arte-e-cultura\/musica\/perunoinpi%252525252525c3%252525252525b9-%252525252525c2%252525252525a9-ad-ivrea-la-musica-%252525252525c3%252525252525a8-a%25252525252580csocialea%25252525252580%2525252525259d\/#primaryimage\"},\"thumbnailUrl\":\"https:\/\/www.facebook.com\/pages\/Perunoinpi%C3%B9\/155390571292587?ref=hl\",\"keywords\":[\"artisti insieme\",\"borsa amica\",\"canzone\",\"davide gherzi\",\"ivrea\",\"musica\",\"per uno in pi\u00f9\",\"sociale\",\"solidariet\u00e0\",\"sviluppo territoriale\"],\"articleSection\":[\"Musica\"],\"inLanguage\":\"it-IT\",\"potentialAction\":[{\"@type\":\"CommentAction\",\"name\":\"Comment\",\"target\":[\"https:\/\/www.article-marketing.eu\/comunicati\/arte-e-cultura\/musica\/perunoinpi%252525252525c3%252525252525b9-%252525252525c2%252525252525a9-ad-ivrea-la-musica-%252525252525c3%252525252525a8-a%25252525252580csocialea%25252525252580%2525252525259d\/#respond\"]}]},{\"@type\":\"WebPage\",\"@id\":\"https:\/\/www.article-marketing.eu\/comunicati\/arte-e-cultura\/musica\/perunoinpi%252525252525c3%252525252525b9-%252525252525c2%252525252525a9-ad-ivrea-la-musica-%252525252525c3%252525252525a8-a%25252525252580csocialea%25252525252580%2525252525259d\/\",\"url\":\"https:\/\/www.article-marketing.eu\/comunicati\/arte-e-cultura\/musica\/perunoinpi%252525252525c3%252525252525b9-%252525252525c2%252525252525a9-ad-ivrea-la-musica-%252525252525c3%252525252525a8-a%25252525252580csocialea%25252525252580%2525252525259d\/\",\"name\":\"PerUnoInPi\u00f9 \u00a9 - Ad Ivrea la musica \u00e8 \u201csociale\u201d - Article Marketing\",\"isPartOf\":{\"@id\":\"https:\/\/www.article-marketing.eu\/comunicati\/#website\"},\"primaryImageOfPage\":{\"@id\":\"https:\/\/www.article-marketing.eu\/comunicati\/arte-e-cultura\/musica\/perunoinpi%252525252525c3%252525252525b9-%252525252525c2%252525252525a9-ad-ivrea-la-musica-%252525252525c3%252525252525a8-a%25252525252580csocialea%25252525252580%2525252525259d\/#primaryimage\"},\"image\":{\"@id\":\"https:\/\/www.article-marketing.eu\/comunicati\/arte-e-cultura\/musica\/perunoinpi%252525252525c3%252525252525b9-%252525252525c2%252525252525a9-ad-ivrea-la-musica-%252525252525c3%252525252525a8-a%25252525252580csocialea%25252525252580%2525252525259d\/#primaryimage\"},\"thumbnailUrl\":\"https:\/\/www.facebook.com\/pages\/Perunoinpi%C3%B9\/155390571292587?ref=hl\",\"datePublished\":\"2013-05-22T13:33:11+00:00\",\"dateModified\":\"2020-08-09T23:15:39+00:00\",\"author\":{\"@id\":\"https:\/\/www.article-marketing.eu\/comunicati\/#\/schema\/person\/44372e4d4d0fa797b18e03ed1ace9017\"},\"breadcrumb\":{\"@id\":\"https:\/\/www.article-marketing.eu\/comunicati\/arte-e-cultura\/musica\/perunoinpi%252525252525c3%252525252525b9-%252525252525c2%252525252525a9-ad-ivrea-la-musica-%252525252525c3%252525252525a8-a%25252525252580csocialea%25252525252580%2525252525259d\/#breadcrumb\"},\"inLanguage\":\"it-IT\",\"potentialAction\":[{\"@type\":\"ReadAction\",\"target\":[\"https:\/\/www.article-marketing.eu\/comunicati\/arte-e-cultura\/musica\/perunoinpi%252525252525c3%252525252525b9-%252525252525c2%252525252525a9-ad-ivrea-la-musica-%252525252525c3%252525252525a8-a%25252525252580csocialea%25252525252580%2525252525259d\/\"]}]},{\"@type\":\"ImageObject\",\"inLanguage\":\"it-IT\",\"@id\":\"https:\/\/www.article-marketing.eu\/comunicati\/arte-e-cultura\/musica\/perunoinpi%252525252525c3%252525252525b9-%252525252525c2%252525252525a9-ad-ivrea-la-musica-%252525252525c3%252525252525a8-a%25252525252580csocialea%25252525252580%2525252525259d\/#primaryimage\",\"url\":\"https:\/\/www.facebook.com\/pages\/Perunoinpi%C3%B9\/155390571292587?ref=hl\",\"contentUrl\":\"https:\/\/www.facebook.com\/pages\/Perunoinpi%C3%B9\/155390571292587?ref=hl\"},{\"@type\":\"BreadcrumbList\",\"@id\":\"https:\/\/www.article-marketing.eu\/comunicati\/arte-e-cultura\/musica\/perunoinpi%252525252525c3%252525252525b9-%252525252525c2%252525252525a9-ad-ivrea-la-musica-%252525252525c3%252525252525a8-a%25252525252580csocialea%25252525252580%2525252525259d\/#breadcrumb\",\"itemListElement\":[{\"@type\":\"ListItem\",\"position\":1,\"name\":\"Home\",\"item\":\"https:\/\/www.article-marketing.eu\/comunicati\/\"},{\"@type\":\"ListItem\",\"position\":2,\"name\":\"PerUnoInPi\u00f9 \u00a9 &#8211; Ad Ivrea la musica \u00e8 \u201csociale\u201d\"}]},{\"@type\":\"WebSite\",\"@id\":\"https:\/\/www.article-marketing.eu\/comunicati\/#website\",\"url\":\"https:\/\/www.article-marketing.eu\/comunicati\/\",\"name\":\"Article Marketing\",\"description\":\"article marketing &amp; press release\",\"potentialAction\":[{\"@type\":\"SearchAction\",\"target\":{\"@type\":\"EntryPoint\",\"urlTemplate\":\"https:\/\/www.article-marketing.eu\/comunicati\/?s={search_term_string}\"},\"query-input\":{\"@type\":\"PropertyValueSpecification\",\"valueRequired\":true,\"valueName\":\"search_term_string\"}}],\"inLanguage\":\"it-IT\"},{\"@type\":\"Person\",\"@id\":\"https:\/\/www.article-marketing.eu\/comunicati\/#\/schema\/person\/44372e4d4d0fa797b18e03ed1ace9017\",\"name\":\"Redazione Comunicati Stampa\",\"image\":{\"@type\":\"ImageObject\",\"inLanguage\":\"it-IT\",\"@id\":\"https:\/\/www.article-marketing.eu\/comunicati\/#\/schema\/person\/image\/\",\"url\":\"https:\/\/secure.gravatar.com\/avatar\/50e5c6421d3072f42e7ace803501602c60d75233d34e29fd05feb91c8760b792?s=96&d=mm&r=g\",\"contentUrl\":\"https:\/\/secure.gravatar.com\/avatar\/50e5c6421d3072f42e7ace803501602c60d75233d34e29fd05feb91c8760b792?s=96&d=mm&r=g\",\"caption\":\"Redazione Comunicati Stampa\"},\"url\":\"https:\/\/www.article-marketing.eu\/comunicati\/author\/redazione-comunicati-stampa\/\"}]}<\/script>\n<!-- \/ Yoast SEO plugin. -->","yoast_head_json":{"title":"PerUnoInPi\u00f9 \u00a9 - Ad Ivrea la musica \u00e8 \u201csociale\u201d - Article Marketing","robots":{"index":"index","follow":"follow","max-snippet":"max-snippet:-1","max-image-preview":"max-image-preview:large","max-video-preview":"max-video-preview:-1"},"canonical":"https:\/\/www.article-marketing.eu\/comunicati\/arte-e-cultura\/musica\/perunoinpi%2525252525c3%2525252525b9-%2525252525c2%2525252525a9-ad-ivrea-la-musica-%2525252525c3%2525252525a8-a%252525252580csocialea%252525252580%25252525259d\/","og_locale":"it_IT","og_type":"article","og_title":"PerUnoInPi\u00f9 \u00a9 - Ad Ivrea la musica \u00e8 \u201csociale\u201d - Article Marketing","og_description":"L\u2019Assessorato al Commercio e Turismo e l\u2019Assessorato alle Politiche Sociali di Ivrea patrocinano un progetto che sostiene concretamente il tessuto sociale territoriale attraverso la musica. \"Per Uno In Pi\u00f9-C'\u00e9 Bisogno di Te\", il disco di un gruppo di musicisti e autori canavesani, sosterr\u00e0 concretamente il progetto Borsa Amica del Consorzio IN.RE.TE. I fondi raccolti dalla distribuzione del disco e dei gadget contribuiranno a preparare borse spesa settimanali per le famiglie canavesane in grave difficolt\u00e0 economica.","og_url":"https:\/\/www.article-marketing.eu\/comunicati\/arte-e-cultura\/musica\/perunoinpi%2525252525c3%2525252525b9-%2525252525c2%2525252525a9-ad-ivrea-la-musica-%2525252525c3%2525252525a8-a%252525252580csocialea%252525252580%25252525259d\/","og_site_name":"Article Marketing","article_published_time":"2013-05-22T13:33:11+00:00","article_modified_time":"2020-08-09T23:15:39+00:00","og_image":[{"url":"https:\/\/www.facebook.com\/pages\/Perunoinpi%C3%B9\/155390571292587?ref=hl","type":"","width":"","height":""}],"author":"Redazione Comunicati Stampa","twitter_card":"summary_large_image","twitter_misc":{"Scritto da":"Redazione Comunicati Stampa","Tempo di lettura stimato":"3 minuti"},"schema":{"@context":"https:\/\/schema.org","@graph":[{"@type":"Article","@id":"https:\/\/www.article-marketing.eu\/comunicati\/arte-e-cultura\/musica\/perunoinpi%252525252525c3%252525252525b9-%252525252525c2%252525252525a9-ad-ivrea-la-musica-%252525252525c3%252525252525a8-a%25252525252580csocialea%25252525252580%2525252525259d\/#article","isPartOf":{"@id":"https:\/\/www.article-marketing.eu\/comunicati\/arte-e-cultura\/musica\/perunoinpi%252525252525c3%252525252525b9-%252525252525c2%252525252525a9-ad-ivrea-la-musica-%252525252525c3%252525252525a8-a%25252525252580csocialea%25252525252580%2525252525259d\/"},"author":{"name":"Redazione Comunicati Stampa","@id":"https:\/\/www.article-marketing.eu\/comunicati\/#\/schema\/person\/44372e4d4d0fa797b18e03ed1ace9017"},"headline":"PerUnoInPi\u00f9 \u00a9 &#8211; Ad Ivrea la musica \u00e8 \u201csociale\u201d","datePublished":"2013-05-22T13:33:11+00:00","dateModified":"2020-08-09T23:15:39+00:00","mainEntityOfPage":{"@id":"https:\/\/www.article-marketing.eu\/comunicati\/arte-e-cultura\/musica\/perunoinpi%252525252525c3%252525252525b9-%252525252525c2%252525252525a9-ad-ivrea-la-musica-%252525252525c3%252525252525a8-a%25252525252580csocialea%25252525252580%2525252525259d\/"},"wordCount":511,"commentCount":0,"image":{"@id":"https:\/\/www.article-marketing.eu\/comunicati\/arte-e-cultura\/musica\/perunoinpi%252525252525c3%252525252525b9-%252525252525c2%252525252525a9-ad-ivrea-la-musica-%252525252525c3%252525252525a8-a%25252525252580csocialea%25252525252580%2525252525259d\/#primaryimage"},"thumbnailUrl":"https:\/\/www.facebook.com\/pages\/Perunoinpi%C3%B9\/155390571292587?ref=hl","keywords":["artisti insieme","borsa amica","canzone","davide gherzi","ivrea","musica","per uno in pi\u00f9","sociale","solidariet\u00e0","sviluppo territoriale"],"articleSection":["Musica"],"inLanguage":"it-IT","potentialAction":[{"@type":"CommentAction","name":"Comment","target":["https:\/\/www.article-marketing.eu\/comunicati\/arte-e-cultura\/musica\/perunoinpi%252525252525c3%252525252525b9-%252525252525c2%252525252525a9-ad-ivrea-la-musica-%252525252525c3%252525252525a8-a%25252525252580csocialea%25252525252580%2525252525259d\/#respond"]}]},{"@type":"WebPage","@id":"https:\/\/www.article-marketing.eu\/comunicati\/arte-e-cultura\/musica\/perunoinpi%252525252525c3%252525252525b9-%252525252525c2%252525252525a9-ad-ivrea-la-musica-%252525252525c3%252525252525a8-a%25252525252580csocialea%25252525252580%2525252525259d\/","url":"https:\/\/www.article-marketing.eu\/comunicati\/arte-e-cultura\/musica\/perunoinpi%252525252525c3%252525252525b9-%252525252525c2%252525252525a9-ad-ivrea-la-musica-%252525252525c3%252525252525a8-a%25252525252580csocialea%25252525252580%2525252525259d\/","name":"PerUnoInPi\u00f9 \u00a9 - Ad Ivrea la musica \u00e8 \u201csociale\u201d - Article Marketing","isPartOf":{"@id":"https:\/\/www.article-marketing.eu\/comunicati\/#website"},"primaryImageOfPage":{"@id":"https:\/\/www.article-marketing.eu\/comunicati\/arte-e-cultura\/musica\/perunoinpi%252525252525c3%252525252525b9-%252525252525c2%252525252525a9-ad-ivrea-la-musica-%252525252525c3%252525252525a8-a%25252525252580csocialea%25252525252580%2525252525259d\/#primaryimage"},"image":{"@id":"https:\/\/www.article-marketing.eu\/comunicati\/arte-e-cultura\/musica\/perunoinpi%252525252525c3%252525252525b9-%252525252525c2%252525252525a9-ad-ivrea-la-musica-%252525252525c3%252525252525a8-a%25252525252580csocialea%25252525252580%2525252525259d\/#primaryimage"},"thumbnailUrl":"https:\/\/www.facebook.com\/pages\/Perunoinpi%C3%B9\/155390571292587?ref=hl","datePublished":"2013-05-22T13:33:11+00:00","dateModified":"2020-08-09T23:15:39+00:00","author":{"@id":"https:\/\/www.article-marketing.eu\/comunicati\/#\/schema\/person\/44372e4d4d0fa797b18e03ed1ace9017"},"breadcrumb":{"@id":"https:\/\/www.article-marketing.eu\/comunicati\/arte-e-cultura\/musica\/perunoinpi%252525252525c3%252525252525b9-%252525252525c2%252525252525a9-ad-ivrea-la-musica-%252525252525c3%252525252525a8-a%25252525252580csocialea%25252525252580%2525252525259d\/#breadcrumb"},"inLanguage":"it-IT","potentialAction":[{"@type":"ReadAction","target":["https:\/\/www.article-marketing.eu\/comunicati\/arte-e-cultura\/musica\/perunoinpi%252525252525c3%252525252525b9-%252525252525c2%252525252525a9-ad-ivrea-la-musica-%252525252525c3%252525252525a8-a%25252525252580csocialea%25252525252580%2525252525259d\/"]}]},{"@type":"ImageObject","inLanguage":"it-IT","@id":"https:\/\/www.article-marketing.eu\/comunicati\/arte-e-cultura\/musica\/perunoinpi%252525252525c3%252525252525b9-%252525252525c2%252525252525a9-ad-ivrea-la-musica-%252525252525c3%252525252525a8-a%25252525252580csocialea%25252525252580%2525252525259d\/#primaryimage","url":"https:\/\/www.facebook.com\/pages\/Perunoinpi%C3%B9\/155390571292587?ref=hl","contentUrl":"https:\/\/www.facebook.com\/pages\/Perunoinpi%C3%B9\/155390571292587?ref=hl"},{"@type":"BreadcrumbList","@id":"https:\/\/www.article-marketing.eu\/comunicati\/arte-e-cultura\/musica\/perunoinpi%252525252525c3%252525252525b9-%252525252525c2%252525252525a9-ad-ivrea-la-musica-%252525252525c3%252525252525a8-a%25252525252580csocialea%25252525252580%2525252525259d\/#breadcrumb","itemListElement":[{"@type":"ListItem","position":1,"name":"Home","item":"https:\/\/www.article-marketing.eu\/comunicati\/"},{"@type":"ListItem","position":2,"name":"PerUnoInPi\u00f9 \u00a9 &#8211; Ad Ivrea la musica \u00e8 \u201csociale\u201d"}]},{"@type":"WebSite","@id":"https:\/\/www.article-marketing.eu\/comunicati\/#website","url":"https:\/\/www.article-marketing.eu\/comunicati\/","name":"Article Marketing","description":"article marketing &amp; press release","potentialAction":[{"@type":"SearchAction","target":{"@type":"EntryPoint","urlTemplate":"https:\/\/www.article-marketing.eu\/comunicati\/?s={search_term_string}"},"query-input":{"@type":"PropertyValueSpecification","valueRequired":true,"valueName":"search_term_string"}}],"inLanguage":"it-IT"},{"@type":"Person","@id":"https:\/\/www.article-marketing.eu\/comunicati\/#\/schema\/person\/44372e4d4d0fa797b18e03ed1ace9017","name":"Redazione Comunicati Stampa","image":{"@type":"ImageObject","inLanguage":"it-IT","@id":"https:\/\/www.article-marketing.eu\/comunicati\/#\/schema\/person\/image\/","url":"https:\/\/secure.gravatar.com\/avatar\/50e5c6421d3072f42e7ace803501602c60d75233d34e29fd05feb91c8760b792?s=96&d=mm&r=g","contentUrl":"https:\/\/secure.gravatar.com\/avatar\/50e5c6421d3072f42e7ace803501602c60d75233d34e29fd05feb91c8760b792?s=96&d=mm&r=g","caption":"Redazione Comunicati Stampa"},"url":"https:\/\/www.article-marketing.eu\/comunicati\/author\/redazione-comunicati-stampa\/"}]}},"_links":{"self":[{"href":"https:\/\/www.article-marketing.eu\/comunicati\/wp-json\/wp\/v2\/posts\/34723","targetHints":{"allow":["GET"]}}],"collection":[{"href":"https:\/\/www.article-marketing.eu\/comunicati\/wp-json\/wp\/v2\/posts"}],"about":[{"href":"https:\/\/www.article-marketing.eu\/comunicati\/wp-json\/wp\/v2\/types\/post"}],"author":[{"embeddable":true,"href":"https:\/\/www.article-marketing.eu\/comunicati\/wp-json\/wp\/v2\/users\/10"}],"replies":[{"embeddable":true,"href":"https:\/\/www.article-marketing.eu\/comunicati\/wp-json\/wp\/v2\/comments?post=34723"}],"version-history":[{"count":1,"href":"https:\/\/www.article-marketing.eu\/comunicati\/wp-json\/wp\/v2\/posts\/34723\/revisions"}],"predecessor-version":[{"id":67078,"href":"https:\/\/www.article-marketing.eu\/comunicati\/wp-json\/wp\/v2\/posts\/34723\/revisions\/67078"}],"wp:attachment":[{"href":"https:\/\/www.article-marketing.eu\/comunicati\/wp-json\/wp\/v2\/media?parent=34723"}],"wp:term":[{"taxonomy":"category","embeddable":true,"href":"https:\/\/www.article-marketing.eu\/comunicati\/wp-json\/wp\/v2\/categories?post=34723"},{"taxonomy":"post_tag","embeddable":true,"href":"https:\/\/www.article-marketing.eu\/comunicati\/wp-json\/wp\/v2\/tags?post=34723"}],"curies":[{"name":"wp","href":"https:\/\/api.w.org\/{rel}","templated":true}]}}