{"id":3476,"date":"2009-11-26T22:15:01","date_gmt":"2009-11-26T21:15:01","guid":{"rendered":"http:\/\/www.article-marketing.eu\/comunicati\/senza-categoria\/tra-sogno-e-sublime\/"},"modified":"2009-11-26T22:15:01","modified_gmt":"2009-11-26T21:15:01","slug":"tra-sogno-e-sublime","status":"publish","type":"post","link":"https:\/\/www.article-marketing.eu\/comunicati\/arte-e-cultura\/tra-sogno-e-sublime\/","title":{"rendered":"Tra      Sogno      e      Sublime"},"content":{"rendered":"<p class=\" \" style=\"TEXT-ALIGN: justify\"><em>Il 27 novembre&nbsp; inaugura a <strong>Villa Niscemi <\/strong>&nbsp;prestigiosa Sede di Rappresentanza&nbsp; del Sindaco di Palermo Avv. <strong>Diego Cammarata<\/strong> la personale del Maestro Avolese <strong>Rosario Arizza<\/strong>&nbsp; intitolata <strong>\u201c<\/strong><strong><u>Tra Sogno e Sublime\u201d<\/u><\/strong><u>.<\/u> Presentata dal Critico e Storico dell\u2019arte <strong>Joan Abell\u00f2<\/strong> e dal poeta <strong>Nino Muccio<\/strong>, patrocinata dal <strong>Comune di Palermo<\/strong>, curata da <strong>Reno Marchese<\/strong> e organizzata <strong>dall\u2019Associazione Artistica Culturale Maestri D\u2019Arte<\/strong>, presenta oltre 30 opere di grande, medio e piccolo formato.<\/em><\/p>\n<p align=\"left\" class=\" \" style=\"TEXT-ALIGN: left\"><strong><em>Rosario Arizza, \u201c<\/em>ancora una volta a Palermo\u201d si distingue per le sue doti innovative.<em> Del suo lavoro quotidiano sono numerosi i commenti della critica specializzata e del giornalismo culturale. Come le critiche di Juan Manuel Bonet, in sintonia con il valore della pittura che \u00e8 tornato a imporsi negli ultimi anni. Arizza, da sempre \u00e8 stato fedele alla pittura, fedelt\u00e0 che negli anni 70, con un chiaro predominio di pratiche artistiche oggettuali, acquisisce una grande volont\u00e0 ideologica. Bisogna dire che, nonostante la cos\u00ec tanto menzionata morte della pittura, in Italia si svilupp\u00f2 nel decenio successivo la corrente artistica denominata Transavanguardia. Cio\u00e8 che la pittura, come tutti gli esseri felici e benedetti, ha resistito sempre alla morte, bench\u00e8 negli anni 20 sia stata assassinata da Joan Mir\u00f3, e in questo panorama Arizza non sembra essere solo.&nbsp;La Transavanguardia fece sbarcare la pittura italiana contemporanea nelle grandi collezioni americane, trasmettendo in sintesi, una revitalizzazione dell\u2019espressionismo figurativo e un rinnovato interesse per l\u2019uomo, la natura e tutto ci\u00f2 che lo circonda. C\u2019\u00e8 un cambio o un rinnovamento constante, che spesso non rappresentano la stessa cosa, nella pittura di Arizza. Diciamo che nel suo discorso o decorso pittorico, sarebbe pi\u00f9 vicino a un Baselitz o a un Lupertz che a un Palladino.&nbsp;In definitiva, il pittore oggi protagonista \u00e8 un pittore adulto, ma giovane nel suo lavoro, una proposta in pieno processo di autocorrezione e sperimentazione, e che l\u2019esposizione presentata ora a Palermo riflette questo cambio constante degli ultimi anni.&nbsp;Usando frasi gi\u00e0 scritte,&nbsp; Arizza arricchisce l\u2019arte del prossimo futuro. Mostra antologica che ci narra il percorso dell\u2019Artista che per la sua particolarit\u00e0 attira e stimola lo spettatore. <\/em><\/strong><\/p>\n<p align=\"left\" class=\" \" style=\"TEXT-ALIGN: left\"><strong><em>La mostra sar\u00e0 aperta al pubblico fino al 3 dicembre 2009.<\/p>\n<p><\/em><\/strong><\/p>\n<p align=\"left\" class=\" \" style=\"TEXT-ALIGN: left\"><strong><em>Si ringrazia :<\/em><\/strong><\/p>\n<p align=\"left\" class=\" \" style=\"TEXT-ALIGN: left\"><strong><em>Il Comune di Palermo e il Sindaco Avv. Diego Cammarata;<\/em><\/strong><\/p>\n<p align=\"left\" class=\" \" style=\"TEXT-ALIGN: left\"><strong><em>Toro Assicurazioni Agenzia Generale Palermo Cavour;<\/p>\n<p><\/em><\/strong><\/p>\n<p class=\" \" style=\"TEXT-ALIGN: justify\"><strong><em>&nbsp;<\/em><\/strong><\/p>\n<p class=\" \"><em>Per informazioni : Ass. Art. Cult. Maestri D\u2019Arte \u2013 via Fricano,33 \u2013 90011 Bagheria (PA)<br \/>Tel. 349 3744896 e mail : maestridarte@gmail.com<\/em><\/p>\n","protected":false},"excerpt":{"rendered":"<p>Il 27 novembre  inaugura a Villa Niscemi  prestigiosa Sede di Rappresentanza  del Sindaco di Palermo Avv. Diego Cammarata la personale del Maestro Avolese Rosario Arizza  intitolata \u201cTra Sogno e Sublime\u201d. Presentata dal Critico e Storico dell\u2019arte Joan Abell\u00f2 e dal poeta Nino Muccio, patrocinata dal Comune di Palermo, curata da Reno Marchese e organizzata dall\u2019Associazione Artistica Culturale Maestri D\u2019Arte, presenta oltre 30 opere di grande, medio e piccolo formato.<\/p>\n","protected":false},"author":10,"featured_media":0,"comment_status":"open","ping_status":"open","sticky":false,"template":"","format":"standard","meta":{"cybocfi_hide_featured_image":"","footnotes":""},"categories":[27],"tags":[171,4810,1000,7566,1001,10973,10974],"class_list":["post-3476","post","type-post","status-publish","format-standard","hentry","category-arte-e-cultura","tag-arte","tag-maestri-darte","tag-mostra","tag-opere-darte","tag-pittura","tag-rosario-arizza","tag-tra-sognoe-sublime"],"yoast_head":"<!-- This site is optimized with the Yoast SEO plugin v27.0 - https:\/\/yoast.com\/product\/yoast-seo-wordpress\/ -->\n<title>Tra   Sogno   e   Sublime - Article Marketing<\/title>\n<meta name=\"robots\" content=\"index, follow, max-snippet:-1, max-image-preview:large, max-video-preview:-1\" \/>\n<link rel=\"canonical\" href=\"https:\/\/www.article-marketing.eu\/comunicati\/arte-e-cultura\/tra-sogno-e-sublime\/\" \/>\n<meta property=\"og:locale\" content=\"it_IT\" \/>\n<meta property=\"og:type\" content=\"article\" \/>\n<meta property=\"og:title\" content=\"Tra   Sogno   e   Sublime - Article Marketing\" \/>\n<meta property=\"og:description\" content=\"Il 27 novembre inaugura a Villa Niscemi prestigiosa Sede di Rappresentanza del Sindaco di Palermo Avv. Diego Cammarata la personale del Maestro Avolese Rosario Arizza intitolata \u201cTra Sogno e Sublime\u201d. Presentata dal Critico e Storico dell\u2019arte Joan Abell\u00f2 e dal poeta Nino Muccio, patrocinata dal Comune di Palermo, curata da Reno Marchese e organizzata dall\u2019Associazione Artistica Culturale Maestri D\u2019Arte, presenta oltre 30 opere di grande, medio e piccolo formato.\" \/>\n<meta property=\"og:url\" content=\"https:\/\/www.article-marketing.eu\/comunicati\/arte-e-cultura\/tra-sogno-e-sublime\/\" \/>\n<meta property=\"og:site_name\" content=\"Article Marketing\" \/>\n<meta property=\"article:published_time\" content=\"2009-11-26T21:15:01+00:00\" \/>\n<meta name=\"author\" content=\"Redazione Comunicati Stampa\" \/>\n<meta name=\"twitter:card\" content=\"summary_large_image\" \/>\n<meta name=\"twitter:label1\" content=\"Scritto da\" \/>\n\t<meta name=\"twitter:data1\" content=\"Redazione Comunicati Stampa\" \/>\n\t<meta name=\"twitter:label2\" content=\"Tempo di lettura stimato\" \/>\n\t<meta name=\"twitter:data2\" content=\"2 minuti\" \/>\n<script type=\"application\/ld+json\" class=\"yoast-schema-graph\">{\"@context\":\"https:\/\/schema.org\",\"@graph\":[{\"@type\":\"Article\",\"@id\":\"https:\/\/www.article-marketing.eu\/comunicati\/arte-e-cultura\/tra-sogno-e-sublime\/#article\",\"isPartOf\":{\"@id\":\"https:\/\/www.article-marketing.eu\/comunicati\/arte-e-cultura\/tra-sogno-e-sublime\/\"},\"author\":{\"name\":\"Redazione Comunicati Stampa\",\"@id\":\"https:\/\/www.article-marketing.eu\/comunicati\/#\/schema\/person\/44372e4d4d0fa797b18e03ed1ace9017\"},\"headline\":\"Tra Sogno e Sublime\",\"datePublished\":\"2009-11-26T21:15:01+00:00\",\"mainEntityOfPage\":{\"@id\":\"https:\/\/www.article-marketing.eu\/comunicati\/arte-e-cultura\/tra-sogno-e-sublime\/\"},\"wordCount\":402,\"commentCount\":0,\"keywords\":[\"arte\",\"maestri d'arte\",\"Mostra\",\"opere d'arte\",\"pittura\",\"Rosario Arizza\",\"Tra sognoe sublime\"],\"articleSection\":[\"Arte e cultura\"],\"inLanguage\":\"it-IT\",\"potentialAction\":[{\"@type\":\"CommentAction\",\"name\":\"Comment\",\"target\":[\"https:\/\/www.article-marketing.eu\/comunicati\/arte-e-cultura\/tra-sogno-e-sublime\/#respond\"]}]},{\"@type\":\"WebPage\",\"@id\":\"https:\/\/www.article-marketing.eu\/comunicati\/arte-e-cultura\/tra-sogno-e-sublime\/\",\"url\":\"https:\/\/www.article-marketing.eu\/comunicati\/arte-e-cultura\/tra-sogno-e-sublime\/\",\"name\":\"Tra Sogno e Sublime - Article Marketing\",\"isPartOf\":{\"@id\":\"https:\/\/www.article-marketing.eu\/comunicati\/#website\"},\"datePublished\":\"2009-11-26T21:15:01+00:00\",\"author\":{\"@id\":\"https:\/\/www.article-marketing.eu\/comunicati\/#\/schema\/person\/44372e4d4d0fa797b18e03ed1ace9017\"},\"breadcrumb\":{\"@id\":\"https:\/\/www.article-marketing.eu\/comunicati\/arte-e-cultura\/tra-sogno-e-sublime\/#breadcrumb\"},\"inLanguage\":\"it-IT\",\"potentialAction\":[{\"@type\":\"ReadAction\",\"target\":[\"https:\/\/www.article-marketing.eu\/comunicati\/arte-e-cultura\/tra-sogno-e-sublime\/\"]}]},{\"@type\":\"BreadcrumbList\",\"@id\":\"https:\/\/www.article-marketing.eu\/comunicati\/arte-e-cultura\/tra-sogno-e-sublime\/#breadcrumb\",\"itemListElement\":[{\"@type\":\"ListItem\",\"position\":1,\"name\":\"Home\",\"item\":\"https:\/\/www.article-marketing.eu\/comunicati\/\"},{\"@type\":\"ListItem\",\"position\":2,\"name\":\"Tra Sogno e Sublime\"}]},{\"@type\":\"WebSite\",\"@id\":\"https:\/\/www.article-marketing.eu\/comunicati\/#website\",\"url\":\"https:\/\/www.article-marketing.eu\/comunicati\/\",\"name\":\"Article Marketing\",\"description\":\"article marketing &amp; press release\",\"potentialAction\":[{\"@type\":\"SearchAction\",\"target\":{\"@type\":\"EntryPoint\",\"urlTemplate\":\"https:\/\/www.article-marketing.eu\/comunicati\/?s={search_term_string}\"},\"query-input\":{\"@type\":\"PropertyValueSpecification\",\"valueRequired\":true,\"valueName\":\"search_term_string\"}}],\"inLanguage\":\"it-IT\"},{\"@type\":\"Person\",\"@id\":\"https:\/\/www.article-marketing.eu\/comunicati\/#\/schema\/person\/44372e4d4d0fa797b18e03ed1ace9017\",\"name\":\"Redazione Comunicati Stampa\",\"image\":{\"@type\":\"ImageObject\",\"inLanguage\":\"it-IT\",\"@id\":\"https:\/\/www.article-marketing.eu\/comunicati\/#\/schema\/person\/image\/\",\"url\":\"https:\/\/secure.gravatar.com\/avatar\/50e5c6421d3072f42e7ace803501602c60d75233d34e29fd05feb91c8760b792?s=96&d=mm&r=g\",\"contentUrl\":\"https:\/\/secure.gravatar.com\/avatar\/50e5c6421d3072f42e7ace803501602c60d75233d34e29fd05feb91c8760b792?s=96&d=mm&r=g\",\"caption\":\"Redazione Comunicati Stampa\"},\"url\":\"https:\/\/www.article-marketing.eu\/comunicati\/author\/redazione-comunicati-stampa\/\"}]}<\/script>\n<!-- \/ Yoast SEO plugin. -->","yoast_head_json":{"title":"Tra   Sogno   e   Sublime - Article Marketing","robots":{"index":"index","follow":"follow","max-snippet":"max-snippet:-1","max-image-preview":"max-image-preview:large","max-video-preview":"max-video-preview:-1"},"canonical":"https:\/\/www.article-marketing.eu\/comunicati\/arte-e-cultura\/tra-sogno-e-sublime\/","og_locale":"it_IT","og_type":"article","og_title":"Tra   Sogno   e   Sublime - Article Marketing","og_description":"Il 27 novembre inaugura a Villa Niscemi prestigiosa Sede di Rappresentanza del Sindaco di Palermo Avv. Diego Cammarata la personale del Maestro Avolese Rosario Arizza intitolata \u201cTra Sogno e Sublime\u201d. Presentata dal Critico e Storico dell\u2019arte Joan Abell\u00f2 e dal poeta Nino Muccio, patrocinata dal Comune di Palermo, curata da Reno Marchese e organizzata dall\u2019Associazione Artistica Culturale Maestri D\u2019Arte, presenta oltre 30 opere di grande, medio e piccolo formato.","og_url":"https:\/\/www.article-marketing.eu\/comunicati\/arte-e-cultura\/tra-sogno-e-sublime\/","og_site_name":"Article Marketing","article_published_time":"2009-11-26T21:15:01+00:00","author":"Redazione Comunicati Stampa","twitter_card":"summary_large_image","twitter_misc":{"Scritto da":"Redazione Comunicati Stampa","Tempo di lettura stimato":"2 minuti"},"schema":{"@context":"https:\/\/schema.org","@graph":[{"@type":"Article","@id":"https:\/\/www.article-marketing.eu\/comunicati\/arte-e-cultura\/tra-sogno-e-sublime\/#article","isPartOf":{"@id":"https:\/\/www.article-marketing.eu\/comunicati\/arte-e-cultura\/tra-sogno-e-sublime\/"},"author":{"name":"Redazione Comunicati Stampa","@id":"https:\/\/www.article-marketing.eu\/comunicati\/#\/schema\/person\/44372e4d4d0fa797b18e03ed1ace9017"},"headline":"Tra Sogno e Sublime","datePublished":"2009-11-26T21:15:01+00:00","mainEntityOfPage":{"@id":"https:\/\/www.article-marketing.eu\/comunicati\/arte-e-cultura\/tra-sogno-e-sublime\/"},"wordCount":402,"commentCount":0,"keywords":["arte","maestri d'arte","Mostra","opere d'arte","pittura","Rosario Arizza","Tra sognoe sublime"],"articleSection":["Arte e cultura"],"inLanguage":"it-IT","potentialAction":[{"@type":"CommentAction","name":"Comment","target":["https:\/\/www.article-marketing.eu\/comunicati\/arte-e-cultura\/tra-sogno-e-sublime\/#respond"]}]},{"@type":"WebPage","@id":"https:\/\/www.article-marketing.eu\/comunicati\/arte-e-cultura\/tra-sogno-e-sublime\/","url":"https:\/\/www.article-marketing.eu\/comunicati\/arte-e-cultura\/tra-sogno-e-sublime\/","name":"Tra Sogno e Sublime - Article Marketing","isPartOf":{"@id":"https:\/\/www.article-marketing.eu\/comunicati\/#website"},"datePublished":"2009-11-26T21:15:01+00:00","author":{"@id":"https:\/\/www.article-marketing.eu\/comunicati\/#\/schema\/person\/44372e4d4d0fa797b18e03ed1ace9017"},"breadcrumb":{"@id":"https:\/\/www.article-marketing.eu\/comunicati\/arte-e-cultura\/tra-sogno-e-sublime\/#breadcrumb"},"inLanguage":"it-IT","potentialAction":[{"@type":"ReadAction","target":["https:\/\/www.article-marketing.eu\/comunicati\/arte-e-cultura\/tra-sogno-e-sublime\/"]}]},{"@type":"BreadcrumbList","@id":"https:\/\/www.article-marketing.eu\/comunicati\/arte-e-cultura\/tra-sogno-e-sublime\/#breadcrumb","itemListElement":[{"@type":"ListItem","position":1,"name":"Home","item":"https:\/\/www.article-marketing.eu\/comunicati\/"},{"@type":"ListItem","position":2,"name":"Tra Sogno e Sublime"}]},{"@type":"WebSite","@id":"https:\/\/www.article-marketing.eu\/comunicati\/#website","url":"https:\/\/www.article-marketing.eu\/comunicati\/","name":"Article Marketing","description":"article marketing &amp; press release","potentialAction":[{"@type":"SearchAction","target":{"@type":"EntryPoint","urlTemplate":"https:\/\/www.article-marketing.eu\/comunicati\/?s={search_term_string}"},"query-input":{"@type":"PropertyValueSpecification","valueRequired":true,"valueName":"search_term_string"}}],"inLanguage":"it-IT"},{"@type":"Person","@id":"https:\/\/www.article-marketing.eu\/comunicati\/#\/schema\/person\/44372e4d4d0fa797b18e03ed1ace9017","name":"Redazione Comunicati Stampa","image":{"@type":"ImageObject","inLanguage":"it-IT","@id":"https:\/\/www.article-marketing.eu\/comunicati\/#\/schema\/person\/image\/","url":"https:\/\/secure.gravatar.com\/avatar\/50e5c6421d3072f42e7ace803501602c60d75233d34e29fd05feb91c8760b792?s=96&d=mm&r=g","contentUrl":"https:\/\/secure.gravatar.com\/avatar\/50e5c6421d3072f42e7ace803501602c60d75233d34e29fd05feb91c8760b792?s=96&d=mm&r=g","caption":"Redazione Comunicati Stampa"},"url":"https:\/\/www.article-marketing.eu\/comunicati\/author\/redazione-comunicati-stampa\/"}]}},"_links":{"self":[{"href":"https:\/\/www.article-marketing.eu\/comunicati\/wp-json\/wp\/v2\/posts\/3476","targetHints":{"allow":["GET"]}}],"collection":[{"href":"https:\/\/www.article-marketing.eu\/comunicati\/wp-json\/wp\/v2\/posts"}],"about":[{"href":"https:\/\/www.article-marketing.eu\/comunicati\/wp-json\/wp\/v2\/types\/post"}],"author":[{"embeddable":true,"href":"https:\/\/www.article-marketing.eu\/comunicati\/wp-json\/wp\/v2\/users\/10"}],"replies":[{"embeddable":true,"href":"https:\/\/www.article-marketing.eu\/comunicati\/wp-json\/wp\/v2\/comments?post=3476"}],"version-history":[{"count":0,"href":"https:\/\/www.article-marketing.eu\/comunicati\/wp-json\/wp\/v2\/posts\/3476\/revisions"}],"wp:attachment":[{"href":"https:\/\/www.article-marketing.eu\/comunicati\/wp-json\/wp\/v2\/media?parent=3476"}],"wp:term":[{"taxonomy":"category","embeddable":true,"href":"https:\/\/www.article-marketing.eu\/comunicati\/wp-json\/wp\/v2\/categories?post=3476"},{"taxonomy":"post_tag","embeddable":true,"href":"https:\/\/www.article-marketing.eu\/comunicati\/wp-json\/wp\/v2\/tags?post=3476"}],"curies":[{"name":"wp","href":"https:\/\/api.w.org\/{rel}","templated":true}]}}