{"id":3478,"date":"2009-11-27T14:24:11","date_gmt":"2009-11-27T13:24:11","guid":{"rendered":"http:\/\/www.article-marketing.eu\/comunicati\/senza-categoria\/secondo-contest-fotografico-la-venaria-reale-facebook-official-fan-page-le-residenze-reali-del-piemonte\/"},"modified":"2009-11-27T14:24:11","modified_gmt":"2009-11-27T13:24:11","slug":"secondo-contest-fotografico-la-venaria-reale-facebook-official-fan-page-le-residenze-reali-del-piemonte","status":"publish","type":"post","link":"https:\/\/www.article-marketing.eu\/comunicati\/arte-e-cultura\/secondo-contest-fotografico-la-venaria-reale-facebook-official-fan-page-le-residenze-reali-del-piemonte\/","title":{"rendered":"Secondo Contest fotografico La Venaria Reale Facebook official fan page \u2013 \u201cLe Residenze Reali del Piemonte\u201d"},"content":{"rendered":"<p>La fan page ufficiale de La Venaria Reale ha lanciato il <strong>II concorso fotografico <\/strong>rivolto ai propri iscritti. Il tema del contest sono l<strong>e Residenze Reali del Piemonte<\/strong><br \/>\n(Reggia di Venaria esclusa, poich\u00e9 \u00e8 gi\u00e0 stata oggetto del precedente<br \/>\nconcorso): Castello de La Mandria, Palazzo Reale, Palazzo Madama,<br \/>\nPalazzo Carignano, Museo Egizio, Castello del Valentino, Villa della<br \/>\nRegina, Basilica di Superga, Castello Ducale di Agli\u00e8, Castello di<br \/>\nRivoli, Castello di Racconigi, Castello di Moncalieri, Palazzina di<br \/>\nCaccia di Stupinigi, Castello di Govone, Castello di Pollenzo, Castello<br \/>\nCertosa Reale di Casotto.<br \/>\nI fan dovranno dunque allegare sulla fan page scatti che ritraggano queste 16 meraviglie architettoniche, dando loro un titolo.<br \/>\nDopo il successo del <strong>I Contest<\/strong><br \/>\n(oltre 60 le immagini inviate dai fan, molte delle quali di ottima<br \/>\nqualit\u00e0), lo staff della fan page si augura di ripetere la positiva<br \/>\nesperienza, coinvolgendo e favorendo la partecipazione degli utenti.<br \/>\nUna giuria interna valuter\u00e0 le immagini pervenute. Le <strong>prime 5 classificate<\/strong> verranno pubblicate <strong>sull\u2019album ufficiale<\/strong> delle<strong> Residenze Reali del Piemonte<\/strong> su<strong> Flickr<\/strong>. Inoltre, da tali immagini verranno ricavati dei <strong>wallpaper<\/strong>, inseriti <strong>sul sito ufficiale delle Residenze Reali del Piemonte<\/strong> nella <strong>sezione \u201cWallpaper\u201d<\/strong>, dalla quale saranno scaricabili in diversi formati.<br \/>\nIl concorso terminer\u00e0 l\u2019 <strong>8 dicembre 2009<\/strong>.<br \/>\nI fan potranno influire sull&#8217;esito della valutazione utilizzando il<br \/>\ncomando &quot;Mi piace&quot;, in corrispondenza della foto prescelta.<br \/>\n<strong>La fan page ufficiale La Venaria Reale<\/strong> sta rapidamente raggiungendo quota <strong>2.000 fan<\/strong>, ed i suoi <strong>trend di crescita<\/strong> (relativi a numero di fan, interazioni, qualit\u00e0 dei post) continuano ad essere <strong>incoraggianti<\/strong>.<br \/>\nTra le <strong>ultime novit\u00e0<\/strong>, la creazione di un profilo sull\u2019aggregatore di social network e siti web 2.0 <strong>FriendFeed<\/strong>, sul quale verranno pubblicati <strong>in tempo reale tutti gli aggiornamenti dal network digitale La Venaria Reale<\/strong> (sito<strong> Residenze Reali del Piemonte<\/strong>, fan page su <strong>Facebook<\/strong>, canale su <strong>YouTube<\/strong>, Blog su<strong> Blogger<\/strong>, profilo su <strong>Twitter<\/strong>, album su <strong>Flickr<\/strong>).<\/p>\n<p><strong>Fan page su Facebook<\/strong>: <a mce_href=\"http:\/\/www.facebook.com\/pages\/Venaria-Reale-Italy\/La-Venaria-Reale\/110791226579\" href=\"http:\/\/www.facebook.com\/pages\/Venaria-Reale-Italy\/La-Venaria-Reale\/110791226579\">http:\/\/www.facebook.com\/pages\/Venaria-Reale-Italy\/La-Venaria-Reale\/110791226579 <\/a><br \/>\n<strong>Sito ufficiale Residenze Reali del Piemonte: <\/strong>www.residenzerealidelpiemonte.it <br \/>\n<strong>Album ufficiale delle Residenze Reali del Piemonte: <\/strong><br \/>\nhttp:\/\/www.flickr.com\/photos\/residenzerealidelpiemonte\/<br \/>\n<strong>Canale su YouTube: <\/strong>http:\/\/www.youtube.com\/user\/LaVenariaRealeWebTv<br \/>\n<strong>Profilo La Venaria Reale \u2013 Reggia di Venaria su Twitter:<\/strong> http:\/\/twitter.com\/LaVenariaReale<br \/>\n<strong>Blog su Blogger:<\/strong> http:\/\/residenzerealidelpiemonte.blogspot.com<br \/>\n<strong>Profilo La Venaria Reale \u2013 Reggia di Venaria su FriendFeed: <\/strong>http:\/\/friendfeed.com\/lavenariareale<br mce_bogus=\"1\" \/><\/p>\n","protected":false},"excerpt":{"rendered":"<p>Al via il secondo contest fotografico della Venaria Reale lanciato dalla fan page su Facebook.<\/p>\n","protected":false},"author":10,"featured_media":0,"comment_status":"open","ping_status":"open","sticky":false,"template":"","format":"standard","meta":{"cybocfi_hide_featured_image":"","footnotes":""},"categories":[27],"tags":[8145,8139,8138,8137,8144,8148,10508,8159,8157,8161,8156,8146,8147,8153,10317,1000,8149,8154,8136,8152,8150,8155,8158,8142,8143,8140,8151,8141,2555,8162,8160,4429],"class_list":["post-3478","post","type-post","status-publish","format-standard","hentry","category-arte-e-cultura","tag-abilita-cesellatoria","tag-arte-orafa-italiana","tag-corte-sabauda","tag-diademi-gioielli-reali","tag-galleria-grande","tag-giacomo-grosso","tag-gran-ballo","tag-habits","tag-italian-goldsmithery-art","tag-items","tag-jewelleries","tag-madonna-oropa","tag-magnificenza-corte","tag-maria-jose-savoia","tag-marina","tag-mostra","tag-pietro-canonica","tag-real-casa","tag-reggia-venaria","tag-regina-margherita","tag-riccardo-mazza","tag-royal-diadems","tag-sabaudas-court","tag-santuario-oropa","tag-snodo-garoviano","tag-stefano-papi","tag-tableaux-vivants","tag-tomaso-ricardi","tag-torino","tag-touristic-tour","tag-traditions","tag-venaria-reale"],"yoast_head":"<!-- This site is optimized with the Yoast SEO plugin v27.0 - https:\/\/yoast.com\/product\/yoast-seo-wordpress\/ -->\n<title>Secondo Contest fotografico La Venaria Reale Facebook official fan page \u2013 \u201cLe Residenze Reali del Piemonte\u201d - Article Marketing<\/title>\n<meta name=\"robots\" content=\"index, follow, max-snippet:-1, max-image-preview:large, max-video-preview:-1\" \/>\n<link rel=\"canonical\" href=\"https:\/\/www.article-marketing.eu\/comunicati\/arte-e-cultura\/secondo-contest-fotografico-la-venaria-reale-facebook-official-fan-page-le-residenze-reali-del-piemonte\/\" \/>\n<meta property=\"og:locale\" content=\"it_IT\" \/>\n<meta property=\"og:type\" content=\"article\" \/>\n<meta property=\"og:title\" content=\"Secondo Contest fotografico La Venaria Reale Facebook official fan page \u2013 \u201cLe Residenze Reali del Piemonte\u201d - Article Marketing\" \/>\n<meta property=\"og:description\" content=\"Al via il secondo contest fotografico della Venaria Reale lanciato dalla fan page su Facebook.\" \/>\n<meta property=\"og:url\" content=\"https:\/\/www.article-marketing.eu\/comunicati\/arte-e-cultura\/secondo-contest-fotografico-la-venaria-reale-facebook-official-fan-page-le-residenze-reali-del-piemonte\/\" \/>\n<meta property=\"og:site_name\" content=\"Article Marketing\" \/>\n<meta property=\"article:published_time\" content=\"2009-11-27T13:24:11+00:00\" \/>\n<meta name=\"author\" content=\"Redazione Comunicati Stampa\" \/>\n<meta name=\"twitter:card\" content=\"summary_large_image\" \/>\n<meta name=\"twitter:label1\" content=\"Scritto da\" \/>\n\t<meta name=\"twitter:data1\" content=\"Redazione Comunicati Stampa\" \/>\n\t<meta name=\"twitter:label2\" content=\"Tempo di lettura stimato\" \/>\n\t<meta name=\"twitter:data2\" content=\"2 minuti\" \/>\n<script type=\"application\/ld+json\" class=\"yoast-schema-graph\">{\"@context\":\"https:\/\/schema.org\",\"@graph\":[{\"@type\":\"Article\",\"@id\":\"https:\/\/www.article-marketing.eu\/comunicati\/arte-e-cultura\/secondo-contest-fotografico-la-venaria-reale-facebook-official-fan-page-le-residenze-reali-del-piemonte\/#article\",\"isPartOf\":{\"@id\":\"https:\/\/www.article-marketing.eu\/comunicati\/arte-e-cultura\/secondo-contest-fotografico-la-venaria-reale-facebook-official-fan-page-le-residenze-reali-del-piemonte\/\"},\"author\":{\"name\":\"Redazione Comunicati Stampa\",\"@id\":\"https:\/\/www.article-marketing.eu\/comunicati\/#\/schema\/person\/44372e4d4d0fa797b18e03ed1ace9017\"},\"headline\":\"Secondo Contest fotografico La Venaria Reale Facebook official fan page \u2013 \u201cLe Residenze Reali del Piemonte\u201d\",\"datePublished\":\"2009-11-27T13:24:11+00:00\",\"mainEntityOfPage\":{\"@id\":\"https:\/\/www.article-marketing.eu\/comunicati\/arte-e-cultura\/secondo-contest-fotografico-la-venaria-reale-facebook-official-fan-page-le-residenze-reali-del-piemonte\/\"},\"wordCount\":393,\"commentCount\":0,\"keywords\":[\"abilit\u00e0 cesellatoria\",\"arte orafa italiana\",\"corte sabauda\",\"diademi gioielli reali\",\"galleria grande\",\"giacomo grosso\",\"gran ballo\",\"habits\",\"italian goldsmithery art\",\"items\",\"jewelleries\",\"madonna oropa\",\"magnificenza corte\",\"maria jos\u00e8 savoia\",\"marina\",\"Mostra\",\"pietro canonica\",\"real casa\",\"reggia venaria\",\"regina margherita\",\"riccardo mazza\",\"royal diadems\",\"sabauda's court\",\"santuario oropa\",\"snodo garoviano\",\"stefano papi\",\"tableaux vivants\",\"tomaso ricardi\",\"Torino\",\"touristic tour\",\"traditions\",\"venaria reale\"],\"articleSection\":[\"Arte e cultura\"],\"inLanguage\":\"it-IT\",\"potentialAction\":[{\"@type\":\"CommentAction\",\"name\":\"Comment\",\"target\":[\"https:\/\/www.article-marketing.eu\/comunicati\/arte-e-cultura\/secondo-contest-fotografico-la-venaria-reale-facebook-official-fan-page-le-residenze-reali-del-piemonte\/#respond\"]}]},{\"@type\":\"WebPage\",\"@id\":\"https:\/\/www.article-marketing.eu\/comunicati\/arte-e-cultura\/secondo-contest-fotografico-la-venaria-reale-facebook-official-fan-page-le-residenze-reali-del-piemonte\/\",\"url\":\"https:\/\/www.article-marketing.eu\/comunicati\/arte-e-cultura\/secondo-contest-fotografico-la-venaria-reale-facebook-official-fan-page-le-residenze-reali-del-piemonte\/\",\"name\":\"Secondo Contest fotografico La Venaria Reale Facebook official fan page \u2013 \u201cLe Residenze Reali del Piemonte\u201d - Article Marketing\",\"isPartOf\":{\"@id\":\"https:\/\/www.article-marketing.eu\/comunicati\/#website\"},\"datePublished\":\"2009-11-27T13:24:11+00:00\",\"author\":{\"@id\":\"https:\/\/www.article-marketing.eu\/comunicati\/#\/schema\/person\/44372e4d4d0fa797b18e03ed1ace9017\"},\"breadcrumb\":{\"@id\":\"https:\/\/www.article-marketing.eu\/comunicati\/arte-e-cultura\/secondo-contest-fotografico-la-venaria-reale-facebook-official-fan-page-le-residenze-reali-del-piemonte\/#breadcrumb\"},\"inLanguage\":\"it-IT\",\"potentialAction\":[{\"@type\":\"ReadAction\",\"target\":[\"https:\/\/www.article-marketing.eu\/comunicati\/arte-e-cultura\/secondo-contest-fotografico-la-venaria-reale-facebook-official-fan-page-le-residenze-reali-del-piemonte\/\"]}]},{\"@type\":\"BreadcrumbList\",\"@id\":\"https:\/\/www.article-marketing.eu\/comunicati\/arte-e-cultura\/secondo-contest-fotografico-la-venaria-reale-facebook-official-fan-page-le-residenze-reali-del-piemonte\/#breadcrumb\",\"itemListElement\":[{\"@type\":\"ListItem\",\"position\":1,\"name\":\"Home\",\"item\":\"https:\/\/www.article-marketing.eu\/comunicati\/\"},{\"@type\":\"ListItem\",\"position\":2,\"name\":\"Secondo Contest fotografico La Venaria Reale Facebook official fan page \u2013 \u201cLe Residenze Reali del Piemonte\u201d\"}]},{\"@type\":\"WebSite\",\"@id\":\"https:\/\/www.article-marketing.eu\/comunicati\/#website\",\"url\":\"https:\/\/www.article-marketing.eu\/comunicati\/\",\"name\":\"Article Marketing\",\"description\":\"article marketing &amp; press release\",\"potentialAction\":[{\"@type\":\"SearchAction\",\"target\":{\"@type\":\"EntryPoint\",\"urlTemplate\":\"https:\/\/www.article-marketing.eu\/comunicati\/?s={search_term_string}\"},\"query-input\":{\"@type\":\"PropertyValueSpecification\",\"valueRequired\":true,\"valueName\":\"search_term_string\"}}],\"inLanguage\":\"it-IT\"},{\"@type\":\"Person\",\"@id\":\"https:\/\/www.article-marketing.eu\/comunicati\/#\/schema\/person\/44372e4d4d0fa797b18e03ed1ace9017\",\"name\":\"Redazione Comunicati Stampa\",\"image\":{\"@type\":\"ImageObject\",\"inLanguage\":\"it-IT\",\"@id\":\"https:\/\/www.article-marketing.eu\/comunicati\/#\/schema\/person\/image\/\",\"url\":\"https:\/\/secure.gravatar.com\/avatar\/50e5c6421d3072f42e7ace803501602c60d75233d34e29fd05feb91c8760b792?s=96&d=mm&r=g\",\"contentUrl\":\"https:\/\/secure.gravatar.com\/avatar\/50e5c6421d3072f42e7ace803501602c60d75233d34e29fd05feb91c8760b792?s=96&d=mm&r=g\",\"caption\":\"Redazione Comunicati Stampa\"},\"url\":\"https:\/\/www.article-marketing.eu\/comunicati\/author\/redazione-comunicati-stampa\/\"}]}<\/script>\n<!-- \/ Yoast SEO plugin. -->","yoast_head_json":{"title":"Secondo Contest fotografico La Venaria Reale Facebook official fan page \u2013 \u201cLe Residenze Reali del Piemonte\u201d - Article Marketing","robots":{"index":"index","follow":"follow","max-snippet":"max-snippet:-1","max-image-preview":"max-image-preview:large","max-video-preview":"max-video-preview:-1"},"canonical":"https:\/\/www.article-marketing.eu\/comunicati\/arte-e-cultura\/secondo-contest-fotografico-la-venaria-reale-facebook-official-fan-page-le-residenze-reali-del-piemonte\/","og_locale":"it_IT","og_type":"article","og_title":"Secondo Contest fotografico La Venaria Reale Facebook official fan page \u2013 \u201cLe Residenze Reali del Piemonte\u201d - Article Marketing","og_description":"Al via il secondo contest fotografico della Venaria Reale lanciato dalla fan page su Facebook.","og_url":"https:\/\/www.article-marketing.eu\/comunicati\/arte-e-cultura\/secondo-contest-fotografico-la-venaria-reale-facebook-official-fan-page-le-residenze-reali-del-piemonte\/","og_site_name":"Article Marketing","article_published_time":"2009-11-27T13:24:11+00:00","author":"Redazione Comunicati Stampa","twitter_card":"summary_large_image","twitter_misc":{"Scritto da":"Redazione Comunicati Stampa","Tempo di lettura stimato":"2 minuti"},"schema":{"@context":"https:\/\/schema.org","@graph":[{"@type":"Article","@id":"https:\/\/www.article-marketing.eu\/comunicati\/arte-e-cultura\/secondo-contest-fotografico-la-venaria-reale-facebook-official-fan-page-le-residenze-reali-del-piemonte\/#article","isPartOf":{"@id":"https:\/\/www.article-marketing.eu\/comunicati\/arte-e-cultura\/secondo-contest-fotografico-la-venaria-reale-facebook-official-fan-page-le-residenze-reali-del-piemonte\/"},"author":{"name":"Redazione Comunicati Stampa","@id":"https:\/\/www.article-marketing.eu\/comunicati\/#\/schema\/person\/44372e4d4d0fa797b18e03ed1ace9017"},"headline":"Secondo Contest fotografico La Venaria Reale Facebook official fan page \u2013 \u201cLe Residenze Reali del Piemonte\u201d","datePublished":"2009-11-27T13:24:11+00:00","mainEntityOfPage":{"@id":"https:\/\/www.article-marketing.eu\/comunicati\/arte-e-cultura\/secondo-contest-fotografico-la-venaria-reale-facebook-official-fan-page-le-residenze-reali-del-piemonte\/"},"wordCount":393,"commentCount":0,"keywords":["abilit\u00e0 cesellatoria","arte orafa italiana","corte sabauda","diademi gioielli reali","galleria grande","giacomo grosso","gran ballo","habits","italian goldsmithery art","items","jewelleries","madonna oropa","magnificenza corte","maria jos\u00e8 savoia","marina","Mostra","pietro canonica","real casa","reggia venaria","regina margherita","riccardo mazza","royal diadems","sabauda's court","santuario oropa","snodo garoviano","stefano papi","tableaux vivants","tomaso ricardi","Torino","touristic tour","traditions","venaria reale"],"articleSection":["Arte e cultura"],"inLanguage":"it-IT","potentialAction":[{"@type":"CommentAction","name":"Comment","target":["https:\/\/www.article-marketing.eu\/comunicati\/arte-e-cultura\/secondo-contest-fotografico-la-venaria-reale-facebook-official-fan-page-le-residenze-reali-del-piemonte\/#respond"]}]},{"@type":"WebPage","@id":"https:\/\/www.article-marketing.eu\/comunicati\/arte-e-cultura\/secondo-contest-fotografico-la-venaria-reale-facebook-official-fan-page-le-residenze-reali-del-piemonte\/","url":"https:\/\/www.article-marketing.eu\/comunicati\/arte-e-cultura\/secondo-contest-fotografico-la-venaria-reale-facebook-official-fan-page-le-residenze-reali-del-piemonte\/","name":"Secondo Contest fotografico La Venaria Reale Facebook official fan page \u2013 \u201cLe Residenze Reali del Piemonte\u201d - Article Marketing","isPartOf":{"@id":"https:\/\/www.article-marketing.eu\/comunicati\/#website"},"datePublished":"2009-11-27T13:24:11+00:00","author":{"@id":"https:\/\/www.article-marketing.eu\/comunicati\/#\/schema\/person\/44372e4d4d0fa797b18e03ed1ace9017"},"breadcrumb":{"@id":"https:\/\/www.article-marketing.eu\/comunicati\/arte-e-cultura\/secondo-contest-fotografico-la-venaria-reale-facebook-official-fan-page-le-residenze-reali-del-piemonte\/#breadcrumb"},"inLanguage":"it-IT","potentialAction":[{"@type":"ReadAction","target":["https:\/\/www.article-marketing.eu\/comunicati\/arte-e-cultura\/secondo-contest-fotografico-la-venaria-reale-facebook-official-fan-page-le-residenze-reali-del-piemonte\/"]}]},{"@type":"BreadcrumbList","@id":"https:\/\/www.article-marketing.eu\/comunicati\/arte-e-cultura\/secondo-contest-fotografico-la-venaria-reale-facebook-official-fan-page-le-residenze-reali-del-piemonte\/#breadcrumb","itemListElement":[{"@type":"ListItem","position":1,"name":"Home","item":"https:\/\/www.article-marketing.eu\/comunicati\/"},{"@type":"ListItem","position":2,"name":"Secondo Contest fotografico La Venaria Reale Facebook official fan page \u2013 \u201cLe Residenze Reali del Piemonte\u201d"}]},{"@type":"WebSite","@id":"https:\/\/www.article-marketing.eu\/comunicati\/#website","url":"https:\/\/www.article-marketing.eu\/comunicati\/","name":"Article Marketing","description":"article marketing &amp; press release","potentialAction":[{"@type":"SearchAction","target":{"@type":"EntryPoint","urlTemplate":"https:\/\/www.article-marketing.eu\/comunicati\/?s={search_term_string}"},"query-input":{"@type":"PropertyValueSpecification","valueRequired":true,"valueName":"search_term_string"}}],"inLanguage":"it-IT"},{"@type":"Person","@id":"https:\/\/www.article-marketing.eu\/comunicati\/#\/schema\/person\/44372e4d4d0fa797b18e03ed1ace9017","name":"Redazione Comunicati Stampa","image":{"@type":"ImageObject","inLanguage":"it-IT","@id":"https:\/\/www.article-marketing.eu\/comunicati\/#\/schema\/person\/image\/","url":"https:\/\/secure.gravatar.com\/avatar\/50e5c6421d3072f42e7ace803501602c60d75233d34e29fd05feb91c8760b792?s=96&d=mm&r=g","contentUrl":"https:\/\/secure.gravatar.com\/avatar\/50e5c6421d3072f42e7ace803501602c60d75233d34e29fd05feb91c8760b792?s=96&d=mm&r=g","caption":"Redazione Comunicati Stampa"},"url":"https:\/\/www.article-marketing.eu\/comunicati\/author\/redazione-comunicati-stampa\/"}]}},"_links":{"self":[{"href":"https:\/\/www.article-marketing.eu\/comunicati\/wp-json\/wp\/v2\/posts\/3478","targetHints":{"allow":["GET"]}}],"collection":[{"href":"https:\/\/www.article-marketing.eu\/comunicati\/wp-json\/wp\/v2\/posts"}],"about":[{"href":"https:\/\/www.article-marketing.eu\/comunicati\/wp-json\/wp\/v2\/types\/post"}],"author":[{"embeddable":true,"href":"https:\/\/www.article-marketing.eu\/comunicati\/wp-json\/wp\/v2\/users\/10"}],"replies":[{"embeddable":true,"href":"https:\/\/www.article-marketing.eu\/comunicati\/wp-json\/wp\/v2\/comments?post=3478"}],"version-history":[{"count":0,"href":"https:\/\/www.article-marketing.eu\/comunicati\/wp-json\/wp\/v2\/posts\/3478\/revisions"}],"wp:attachment":[{"href":"https:\/\/www.article-marketing.eu\/comunicati\/wp-json\/wp\/v2\/media?parent=3478"}],"wp:term":[{"taxonomy":"category","embeddable":true,"href":"https:\/\/www.article-marketing.eu\/comunicati\/wp-json\/wp\/v2\/categories?post=3478"},{"taxonomy":"post_tag","embeddable":true,"href":"https:\/\/www.article-marketing.eu\/comunicati\/wp-json\/wp\/v2\/tags?post=3478"}],"curies":[{"name":"wp","href":"https:\/\/api.w.org\/{rel}","templated":true}]}}