{"id":3484,"date":"2009-11-27T11:32:35","date_gmt":"2009-11-27T10:32:35","guid":{"rendered":"http:\/\/www.article-marketing.eu\/comunicati\/senza-categoria\/emergenza-regali-di-natale-il-periodo-piu-frenetico-dei-giorni-pre-natalizi\/"},"modified":"2009-11-27T11:32:35","modified_gmt":"2009-11-27T10:32:35","slug":"emergenza-regali-di-natale-il-periodo-piu-frenetico-dei-giorni-pre-natalizi","status":"publish","type":"post","link":"https:\/\/www.article-marketing.eu\/comunicati\/arte-e-cultura\/emergenza-regali-di-natale-il-periodo-piu-frenetico-dei-giorni-pre-natalizi\/","title":{"rendered":"\u201cEmergenza regali di natale\u201d: il periodo pi\u00f9 frenetico dei giorni pre-natalizi."},"content":{"rendered":"<p class=\"MsoNormal\">Siamo ormai agli sgoccioli di Novembre e con la fine del<br \/>\nmese coincide anche il periodo pi\u00f9 frenetico dei giorni pre-natalizi. Potremmo definire<br \/>\nquesta fase dell\u2019anno \u201cperiodo rosso\u201d, non solo per l\u2019ovvio richiamo al colore<br \/>\ndi tale festivit\u00e0 ma soprattutto perch\u00e9 il colore rosso ben si addice a<br \/>\ndenotare uno stato di \u201cemergenza\u201d, pi\u00f9 precisamente \u201cemergenza <a href=\"http:\/\/www.fotoregali.com\/\">regali<\/a> di Natale\u201d. Sebbene le festivit\u00e0<br \/>\nnatalizie siano un momento di piacevole ritrovo con le persone pi\u00f9 care \u00e8 anche<br \/>\nvero, non lo si pu\u00f2 negare, che soprattutto nella fase dei preparativi siamo<br \/>\nimmersi nel caos pi\u00f9 totale e il problema pi\u00f9 grosso \u00e8 certamente quello dei regali<br \/>\ndi Natale. Tra le mille idee regalo possibili quelle con cui si va pi\u00f9 sul<br \/>\nsicuro sono quelle relative al rinnovo del guardaroba o dell\u2019arredamento:<br \/>\nt-shirt, felpe, borse, borselli, cuscini ornamentali, lampade e tante altre<br \/>\nancora. Certo, per\u00f2, non \u00e8 facile riuscire a trovare tra queste un\u2019idea regalo<br \/>\nche sia al contempo utile ma non banale; vorremmo qualcosa di unico e di<br \/>\noriginale e la risposta non la troveremo di certo tra gli scaffali dei soliti<br \/>\nnegozi o dei centri commerciali. \u00c8 noto a tutti ormai che le idee per i regali,<br \/>\ndi Natale e non, pi\u00f9 originali \u00e8 possibile trovarle solo su internet e tra i<br \/>\ntanti siti disponibili quelli che potrebbero fare al caso nostro sono i siti<br \/>\nche si occupano di stampe serigrafiche. Tramite questi siti, professionali e<br \/>\naltamente competenti, possiamo confezionare regali s\u00ec utili, come una t-shirt o<br \/>\nuna&nbsp; borsa, ma allo stesso tempo dargli<br \/>\nun tocco in pi\u00f9 grazie alle moderne tecniche di stampa su tela.<\/p>\n<p class=\"MsoNormal\">Le stampe su tela si realizzano con tecniche specifiche e<br \/>\nall\u2019avanguardia permettendo di apporre su qualsiasi tipo di tessuto immagini<br \/>\ndai colori sgargianti e vividi come fossero quelli di un quadro.<\/p>\n<p class=\"MsoNormal\">Immaginate l\u2019effetto di una t-shirt con su la stampa di un<br \/>\nquadro di Van Gogh o di una tela-canvas decorativa su cui vi sia stampata una<br \/>\nfoto divertente che riporti alla memoria un momento speciale per noi e per la<br \/>\npersona a cui lo andiamo a regalare. Chiunque ricevesse un regalo<br \/>\ndi Natale artigianale come questi non potrebbe che esserne piacevolmente<br \/>\nsorpreso e di certo non rischieremmo di regalare qualcosa di banale o che i<br \/>\nnostri cari hanno gi\u00e0 tra i loro cassetti.<\/p>\n<p class=\"MsoNormal\">&nbsp;La stampa su tela<br \/>\noffre una perfetta alternativa ai soliti regali di Natale, dandoci la<br \/>\npossibilit\u00e0 di personalizzare e rendere unici miriadi di oggetti d\u2019uso comune<br \/>\nche vanno dalle magliette alle tele-canvas. Certo tra le strade delle nostre citt\u00e0<br \/>\nnon \u00e8 facile trovare negozi specializzati in tecniche come quelle della stampa<br \/>\nsu tela, ma per questo baster\u00e0 fare una breve ricerca su internet e con<br \/>\npochissimi click troveremo il sito web che fa per noi.<\/p>\n<p class=\"MsoNormal\">&nbsp;<\/p>\n<p class=\"MsoNormal\"><\/p>\n","protected":false},"excerpt":{"rendered":"<p>Siamo ormai agli sgoccioli di Novembre e con la fine del mese coincide anche il periodo pi\u00f9 frenetico dei giorni pre-natalizi.<\/p>\n","protected":false},"author":10,"featured_media":0,"comment_status":"open","ping_status":"open","sticky":false,"template":"","format":"standard","meta":{"cybocfi_hide_featured_image":"","footnotes":""},"categories":[27],"tags":[10989,296,10990],"class_list":["post-3484","post","type-post","status-publish","format-standard","hentry","category-arte-e-cultura","tag-idee-per-i-regali","tag-regali","tag-regalo-di-natale-artigianale"],"yoast_head":"<!-- This site is optimized with the Yoast SEO plugin v27.0 - https:\/\/yoast.com\/product\/yoast-seo-wordpress\/ -->\n<title>\u201cEmergenza regali di natale\u201d: il periodo pi\u00f9 frenetico dei giorni pre-natalizi. - Article Marketing<\/title>\n<meta name=\"robots\" content=\"index, follow, max-snippet:-1, max-image-preview:large, max-video-preview:-1\" \/>\n<link rel=\"canonical\" href=\"https:\/\/www.article-marketing.eu\/comunicati\/arte-e-cultura\/emergenza-regali-di-natale-il-periodo-piu-frenetico-dei-giorni-pre-natalizi\/\" \/>\n<meta property=\"og:locale\" content=\"it_IT\" \/>\n<meta property=\"og:type\" content=\"article\" \/>\n<meta property=\"og:title\" content=\"\u201cEmergenza regali di natale\u201d: il periodo pi\u00f9 frenetico dei giorni pre-natalizi. - Article Marketing\" \/>\n<meta property=\"og:description\" content=\"Siamo ormai agli sgoccioli di Novembre e con la fine del mese coincide anche il periodo pi\u00f9 frenetico dei giorni pre-natalizi.\" \/>\n<meta property=\"og:url\" content=\"https:\/\/www.article-marketing.eu\/comunicati\/arte-e-cultura\/emergenza-regali-di-natale-il-periodo-piu-frenetico-dei-giorni-pre-natalizi\/\" \/>\n<meta property=\"og:site_name\" content=\"Article Marketing\" \/>\n<meta property=\"article:published_time\" content=\"2009-11-27T10:32:35+00:00\" \/>\n<meta name=\"author\" content=\"Redazione Comunicati Stampa\" \/>\n<meta name=\"twitter:card\" content=\"summary_large_image\" \/>\n<meta name=\"twitter:label1\" content=\"Scritto da\" \/>\n\t<meta name=\"twitter:data1\" content=\"Redazione Comunicati Stampa\" \/>\n\t<meta name=\"twitter:label2\" content=\"Tempo di lettura stimato\" \/>\n\t<meta name=\"twitter:data2\" content=\"2 minuti\" \/>\n<script type=\"application\/ld+json\" class=\"yoast-schema-graph\">{\"@context\":\"https:\/\/schema.org\",\"@graph\":[{\"@type\":\"Article\",\"@id\":\"https:\/\/www.article-marketing.eu\/comunicati\/arte-e-cultura\/emergenza-regali-di-natale-il-periodo-piu-frenetico-dei-giorni-pre-natalizi\/#article\",\"isPartOf\":{\"@id\":\"https:\/\/www.article-marketing.eu\/comunicati\/arte-e-cultura\/emergenza-regali-di-natale-il-periodo-piu-frenetico-dei-giorni-pre-natalizi\/\"},\"author\":{\"name\":\"Redazione Comunicati Stampa\",\"@id\":\"https:\/\/www.article-marketing.eu\/comunicati\/#\/schema\/person\/44372e4d4d0fa797b18e03ed1ace9017\"},\"headline\":\"\u201cEmergenza regali di natale\u201d: il periodo pi\u00f9 frenetico dei giorni pre-natalizi.\",\"datePublished\":\"2009-11-27T10:32:35+00:00\",\"mainEntityOfPage\":{\"@id\":\"https:\/\/www.article-marketing.eu\/comunicati\/arte-e-cultura\/emergenza-regali-di-natale-il-periodo-piu-frenetico-dei-giorni-pre-natalizi\/\"},\"wordCount\":469,\"commentCount\":0,\"keywords\":[\"idee per i regali\",\"regali\",\"regalo di natale artigianale\"],\"articleSection\":[\"Arte e cultura\"],\"inLanguage\":\"it-IT\",\"potentialAction\":[{\"@type\":\"CommentAction\",\"name\":\"Comment\",\"target\":[\"https:\/\/www.article-marketing.eu\/comunicati\/arte-e-cultura\/emergenza-regali-di-natale-il-periodo-piu-frenetico-dei-giorni-pre-natalizi\/#respond\"]}]},{\"@type\":\"WebPage\",\"@id\":\"https:\/\/www.article-marketing.eu\/comunicati\/arte-e-cultura\/emergenza-regali-di-natale-il-periodo-piu-frenetico-dei-giorni-pre-natalizi\/\",\"url\":\"https:\/\/www.article-marketing.eu\/comunicati\/arte-e-cultura\/emergenza-regali-di-natale-il-periodo-piu-frenetico-dei-giorni-pre-natalizi\/\",\"name\":\"\u201cEmergenza regali di natale\u201d: il periodo pi\u00f9 frenetico dei giorni pre-natalizi. - Article Marketing\",\"isPartOf\":{\"@id\":\"https:\/\/www.article-marketing.eu\/comunicati\/#website\"},\"datePublished\":\"2009-11-27T10:32:35+00:00\",\"author\":{\"@id\":\"https:\/\/www.article-marketing.eu\/comunicati\/#\/schema\/person\/44372e4d4d0fa797b18e03ed1ace9017\"},\"breadcrumb\":{\"@id\":\"https:\/\/www.article-marketing.eu\/comunicati\/arte-e-cultura\/emergenza-regali-di-natale-il-periodo-piu-frenetico-dei-giorni-pre-natalizi\/#breadcrumb\"},\"inLanguage\":\"it-IT\",\"potentialAction\":[{\"@type\":\"ReadAction\",\"target\":[\"https:\/\/www.article-marketing.eu\/comunicati\/arte-e-cultura\/emergenza-regali-di-natale-il-periodo-piu-frenetico-dei-giorni-pre-natalizi\/\"]}]},{\"@type\":\"BreadcrumbList\",\"@id\":\"https:\/\/www.article-marketing.eu\/comunicati\/arte-e-cultura\/emergenza-regali-di-natale-il-periodo-piu-frenetico-dei-giorni-pre-natalizi\/#breadcrumb\",\"itemListElement\":[{\"@type\":\"ListItem\",\"position\":1,\"name\":\"Home\",\"item\":\"https:\/\/www.article-marketing.eu\/comunicati\/\"},{\"@type\":\"ListItem\",\"position\":2,\"name\":\"\u201cEmergenza regali di natale\u201d: il periodo pi\u00f9 frenetico dei giorni pre-natalizi.\"}]},{\"@type\":\"WebSite\",\"@id\":\"https:\/\/www.article-marketing.eu\/comunicati\/#website\",\"url\":\"https:\/\/www.article-marketing.eu\/comunicati\/\",\"name\":\"Article Marketing\",\"description\":\"article marketing &amp; press release\",\"potentialAction\":[{\"@type\":\"SearchAction\",\"target\":{\"@type\":\"EntryPoint\",\"urlTemplate\":\"https:\/\/www.article-marketing.eu\/comunicati\/?s={search_term_string}\"},\"query-input\":{\"@type\":\"PropertyValueSpecification\",\"valueRequired\":true,\"valueName\":\"search_term_string\"}}],\"inLanguage\":\"it-IT\"},{\"@type\":\"Person\",\"@id\":\"https:\/\/www.article-marketing.eu\/comunicati\/#\/schema\/person\/44372e4d4d0fa797b18e03ed1ace9017\",\"name\":\"Redazione Comunicati Stampa\",\"image\":{\"@type\":\"ImageObject\",\"inLanguage\":\"it-IT\",\"@id\":\"https:\/\/www.article-marketing.eu\/comunicati\/#\/schema\/person\/image\/\",\"url\":\"https:\/\/secure.gravatar.com\/avatar\/50e5c6421d3072f42e7ace803501602c60d75233d34e29fd05feb91c8760b792?s=96&d=mm&r=g\",\"contentUrl\":\"https:\/\/secure.gravatar.com\/avatar\/50e5c6421d3072f42e7ace803501602c60d75233d34e29fd05feb91c8760b792?s=96&d=mm&r=g\",\"caption\":\"Redazione Comunicati Stampa\"},\"url\":\"https:\/\/www.article-marketing.eu\/comunicati\/author\/redazione-comunicati-stampa\/\"}]}<\/script>\n<!-- \/ Yoast SEO plugin. -->","yoast_head_json":{"title":"\u201cEmergenza regali di natale\u201d: il periodo pi\u00f9 frenetico dei giorni pre-natalizi. - Article Marketing","robots":{"index":"index","follow":"follow","max-snippet":"max-snippet:-1","max-image-preview":"max-image-preview:large","max-video-preview":"max-video-preview:-1"},"canonical":"https:\/\/www.article-marketing.eu\/comunicati\/arte-e-cultura\/emergenza-regali-di-natale-il-periodo-piu-frenetico-dei-giorni-pre-natalizi\/","og_locale":"it_IT","og_type":"article","og_title":"\u201cEmergenza regali di natale\u201d: il periodo pi\u00f9 frenetico dei giorni pre-natalizi. - Article Marketing","og_description":"Siamo ormai agli sgoccioli di Novembre e con la fine del mese coincide anche il periodo pi\u00f9 frenetico dei giorni pre-natalizi.","og_url":"https:\/\/www.article-marketing.eu\/comunicati\/arte-e-cultura\/emergenza-regali-di-natale-il-periodo-piu-frenetico-dei-giorni-pre-natalizi\/","og_site_name":"Article Marketing","article_published_time":"2009-11-27T10:32:35+00:00","author":"Redazione Comunicati Stampa","twitter_card":"summary_large_image","twitter_misc":{"Scritto da":"Redazione Comunicati Stampa","Tempo di lettura stimato":"2 minuti"},"schema":{"@context":"https:\/\/schema.org","@graph":[{"@type":"Article","@id":"https:\/\/www.article-marketing.eu\/comunicati\/arte-e-cultura\/emergenza-regali-di-natale-il-periodo-piu-frenetico-dei-giorni-pre-natalizi\/#article","isPartOf":{"@id":"https:\/\/www.article-marketing.eu\/comunicati\/arte-e-cultura\/emergenza-regali-di-natale-il-periodo-piu-frenetico-dei-giorni-pre-natalizi\/"},"author":{"name":"Redazione Comunicati Stampa","@id":"https:\/\/www.article-marketing.eu\/comunicati\/#\/schema\/person\/44372e4d4d0fa797b18e03ed1ace9017"},"headline":"\u201cEmergenza regali di natale\u201d: il periodo pi\u00f9 frenetico dei giorni pre-natalizi.","datePublished":"2009-11-27T10:32:35+00:00","mainEntityOfPage":{"@id":"https:\/\/www.article-marketing.eu\/comunicati\/arte-e-cultura\/emergenza-regali-di-natale-il-periodo-piu-frenetico-dei-giorni-pre-natalizi\/"},"wordCount":469,"commentCount":0,"keywords":["idee per i regali","regali","regalo di natale artigianale"],"articleSection":["Arte e cultura"],"inLanguage":"it-IT","potentialAction":[{"@type":"CommentAction","name":"Comment","target":["https:\/\/www.article-marketing.eu\/comunicati\/arte-e-cultura\/emergenza-regali-di-natale-il-periodo-piu-frenetico-dei-giorni-pre-natalizi\/#respond"]}]},{"@type":"WebPage","@id":"https:\/\/www.article-marketing.eu\/comunicati\/arte-e-cultura\/emergenza-regali-di-natale-il-periodo-piu-frenetico-dei-giorni-pre-natalizi\/","url":"https:\/\/www.article-marketing.eu\/comunicati\/arte-e-cultura\/emergenza-regali-di-natale-il-periodo-piu-frenetico-dei-giorni-pre-natalizi\/","name":"\u201cEmergenza regali di natale\u201d: il periodo pi\u00f9 frenetico dei giorni pre-natalizi. - Article Marketing","isPartOf":{"@id":"https:\/\/www.article-marketing.eu\/comunicati\/#website"},"datePublished":"2009-11-27T10:32:35+00:00","author":{"@id":"https:\/\/www.article-marketing.eu\/comunicati\/#\/schema\/person\/44372e4d4d0fa797b18e03ed1ace9017"},"breadcrumb":{"@id":"https:\/\/www.article-marketing.eu\/comunicati\/arte-e-cultura\/emergenza-regali-di-natale-il-periodo-piu-frenetico-dei-giorni-pre-natalizi\/#breadcrumb"},"inLanguage":"it-IT","potentialAction":[{"@type":"ReadAction","target":["https:\/\/www.article-marketing.eu\/comunicati\/arte-e-cultura\/emergenza-regali-di-natale-il-periodo-piu-frenetico-dei-giorni-pre-natalizi\/"]}]},{"@type":"BreadcrumbList","@id":"https:\/\/www.article-marketing.eu\/comunicati\/arte-e-cultura\/emergenza-regali-di-natale-il-periodo-piu-frenetico-dei-giorni-pre-natalizi\/#breadcrumb","itemListElement":[{"@type":"ListItem","position":1,"name":"Home","item":"https:\/\/www.article-marketing.eu\/comunicati\/"},{"@type":"ListItem","position":2,"name":"\u201cEmergenza regali di natale\u201d: il periodo pi\u00f9 frenetico dei giorni pre-natalizi."}]},{"@type":"WebSite","@id":"https:\/\/www.article-marketing.eu\/comunicati\/#website","url":"https:\/\/www.article-marketing.eu\/comunicati\/","name":"Article Marketing","description":"article marketing &amp; press release","potentialAction":[{"@type":"SearchAction","target":{"@type":"EntryPoint","urlTemplate":"https:\/\/www.article-marketing.eu\/comunicati\/?s={search_term_string}"},"query-input":{"@type":"PropertyValueSpecification","valueRequired":true,"valueName":"search_term_string"}}],"inLanguage":"it-IT"},{"@type":"Person","@id":"https:\/\/www.article-marketing.eu\/comunicati\/#\/schema\/person\/44372e4d4d0fa797b18e03ed1ace9017","name":"Redazione Comunicati Stampa","image":{"@type":"ImageObject","inLanguage":"it-IT","@id":"https:\/\/www.article-marketing.eu\/comunicati\/#\/schema\/person\/image\/","url":"https:\/\/secure.gravatar.com\/avatar\/50e5c6421d3072f42e7ace803501602c60d75233d34e29fd05feb91c8760b792?s=96&d=mm&r=g","contentUrl":"https:\/\/secure.gravatar.com\/avatar\/50e5c6421d3072f42e7ace803501602c60d75233d34e29fd05feb91c8760b792?s=96&d=mm&r=g","caption":"Redazione Comunicati Stampa"},"url":"https:\/\/www.article-marketing.eu\/comunicati\/author\/redazione-comunicati-stampa\/"}]}},"_links":{"self":[{"href":"https:\/\/www.article-marketing.eu\/comunicati\/wp-json\/wp\/v2\/posts\/3484","targetHints":{"allow":["GET"]}}],"collection":[{"href":"https:\/\/www.article-marketing.eu\/comunicati\/wp-json\/wp\/v2\/posts"}],"about":[{"href":"https:\/\/www.article-marketing.eu\/comunicati\/wp-json\/wp\/v2\/types\/post"}],"author":[{"embeddable":true,"href":"https:\/\/www.article-marketing.eu\/comunicati\/wp-json\/wp\/v2\/users\/10"}],"replies":[{"embeddable":true,"href":"https:\/\/www.article-marketing.eu\/comunicati\/wp-json\/wp\/v2\/comments?post=3484"}],"version-history":[{"count":0,"href":"https:\/\/www.article-marketing.eu\/comunicati\/wp-json\/wp\/v2\/posts\/3484\/revisions"}],"wp:attachment":[{"href":"https:\/\/www.article-marketing.eu\/comunicati\/wp-json\/wp\/v2\/media?parent=3484"}],"wp:term":[{"taxonomy":"category","embeddable":true,"href":"https:\/\/www.article-marketing.eu\/comunicati\/wp-json\/wp\/v2\/categories?post=3484"},{"taxonomy":"post_tag","embeddable":true,"href":"https:\/\/www.article-marketing.eu\/comunicati\/wp-json\/wp\/v2\/tags?post=3484"}],"curies":[{"name":"wp","href":"https:\/\/api.w.org\/{rel}","templated":true}]}}