{"id":3494,"date":"2009-11-29T19:18:10","date_gmt":"2009-11-29T18:18:10","guid":{"rendered":"http:\/\/www.article-marketing.eu\/comunicati\/senza-categoria\/io-e-il-mito-harley-davidson-francesco-belloni-racconta-il-suo-rapporto-lavorativo-e-non-con-il-mondo-harley-davidson\/"},"modified":"2018-07-10T05:27:23","modified_gmt":"2018-07-10T03:27:23","slug":"io-e-il-mito-harley-davidson-francesco-belloni-racconta-il-suo-rapporto-lavorativo-e-non-con-il-mondo-harley-davidson","status":"publish","type":"post","link":"https:\/\/www.article-marketing.eu\/comunicati\/motori\/moto\/io-e-il-mito-harley-davidson-francesco-belloni-racconta-il-suo-rapporto-lavorativo-e-non-con-il-mondo-harley-davidson\/","title":{"rendered":"Io e il mito Harley Davidson. Francesco Belloni racconta il suo rapporto lavorativo e non con il mondo Harley Davidson"},"content":{"rendered":"<p>Ogni mito che si rispetti ha una dote: la capacit\u00e0 di attrarre persone di ogni ordine e grado, nazionalit\u00e0 o professione. Come un canto, il mito viaggia rapido attraverso lo spazio e il tempo, superando ogni barriera e conquistando luoghi e cuori apparentemente molto diversi fra loro. Non fa eccezione il mito delle Harley Davidson, le motociclette nate a Milwaukee, negli USA, nel 1903, e diventate nei loro oltre cento anni di vita un simbolo assoluto di libert\u00e0 e orgoglio \u201con the road\u201d. Una leggenda diffusasi in ognuno dei cinque Continenti, Italia compresa, che trova a Milano un ammiratore speciale. Lui \u00e8 Francesco Belloni, gioielliere lombardo che negli ultimi anni ha lanciato, primo nel nostro Paese, il \u201cdiamante etico\u201d, ovvero il diamante estratto nel rispetto dei diritti e della dignit\u00e0 di uomini e ambiente e, recentemente, l\u2019 \u201coro etico\u201d.<\/p>\n<p>Una passione nata quasi per forza, per deformazione professionale, quando fu letteralmente conquistato dagli <strong>orologi griffati Harley Davidson<\/strong> scoperti in un negozio durante un viaggio in Florida. Tanto da inserirli a pieno titolo nella sua offerta ai clienti. Una sorta di riconoscimento del loro \u201cvalore\u201d al di fuori del tempo, simili a dei veri e propri gioielli.<\/p>\n<p>L\u2019incontro con il mondo Harley Davidson \u00e8 stato davvero un colpo di fulmine? E come sei riuscito a coniugare questa passione con il tuo lavoro?<br \/>Diciamo che, con il lavoro che faccio, ho imparato a essere bravo a riconoscere la preziosit\u00e0 degli oggetti, e non mi riferisco solo al loro lato economico. Quando vidi per la prima volta quegli orologi, percep\u00ec subito il loro valore intrinseco, cio\u00e8 legato non tanto all\u2019oggetto in s\u00e9, quanto all\u2019aura che possedevano. Un aura che, chiaramente, emanava totalmente da quel marchio che \u00e8 diventato, nel tempo, una leggenda. Quel mix di bianco, nero e arancione che sembrava quasi brillare di luce propria. Fino ad allora non mi ero mai avvicinato al mondo Harley Davidson. Quando decisi di inserire gli orologi Harley Davidson by Bulova nell\u2019offerta del mio negozio, iniziai a informarmi e, devo dire, mi si \u00e8 aperto un interom universo.<\/p>\n<p>Un universo che cela a sua volta un vero e proprio culto&#8230;<br \/>Devo dire che il primo impatto con questa realt\u00e0 mi ha davvero stupito. Oltre a leggere qualche libro sull\u2019argomento, per lavoro ho iniziato a essere presente come Gioielleria Belloni in alcuni dei pi\u00f9 importanti raduni di centauri Harley Davidson in Italia, come quello recente di Brescia. E mi sono trovato di fronte a una vera e propria filosofia, un modo di vivere e affrontare la vita. Basta pensare al loro slogan per capirlo: \u201cLive to ride, ride to live&#8230;\u201d, ovvero \u201cVivere per cavalcare una moto, cavalcare una moto per vivere&#8230;\u201d. In una sola frase \u00e8 racchiuso tutto l\u2019orgoglio e la fierezza che significa essere un membro del mondo Harley Davidson, ben rappresentati dall\u2019aquila del marchio. Leggendo la storia di queste moto, mi sono reso conto che questo marchio \u00e8 sempre stato associato ad anedotti a cavallo tra realt\u00e0 e legenda. Per esempio, si narra che la prima motocicletta Harley Davidson costruita nel 1913, dopo essere passata di mano pi\u00f9 volte, fu in grado di percorrere oltre 160mila chilometri senza aver mai sostituito uno dei pezzi originali. Questo a dimostrazione della qualit\u00e0 del prodotto, composto unicamente da pezzi fatti rigorosamente a mano.<br \/>Poi, certamente, il mito \u00e8 stato alimentato anche dai grandi film di successo di Hollywood che hanno legato la leggenda dell\u2019eroe con quello della sua motocicletta. Due su tutti: \u201cIl selvaggio\u201d con Marlon Brando, del 1954, che grazie al suo strepitoso successo diede ufficialmente il via allo stile \u201cfuorilegge\u201d delle moto Harley Davidson; e il film \u201cEasy rider\u201d, del 1969 che, soprattutto negli Stati Uniti, consacr\u00f2 definitivamente il mito presso la societ\u00e0 americana, e non solo. Anche noi italiani, infatti, possiamo vantare un film con protagonista il mito Harley Davidson: sto parlando di \u201cUn americano a Roma\u201d del grande Alberto Sordi che, nei panni di Nando Meniconi, dimostrava il suo puro stile a stelle e strisce guidando una WLA 750, detta \u201cLiberator\u201d.<\/p>\n<p>Quindi il passaggio da mito a oggetto di culto \u00e8 del tutto normale&#8230;<br \/>Assolutamente s\u00ec. Un\u2019altra curiosit\u00e0 che ho scoperto \u00e8 che, incredibilmente direi, la Harley Davidson produce pi\u00f9 profitti con la cessione della licenza sul proprio marchio per la produzione di merchandising composto sia dagli orologi e da veri e propri gioielli come bracciali e anelli in argento o acciaio, sia da accessori di varia natura, che non con la vendita diretta di motociclette. Questo la dice lunga sul valore del marchio. La mia scelta di vendere orologi Harley Davidson by Bulova per uomo e per donna accanto a gioielli e diamanti s\u2019inserisce perfettamente in questa realt\u00e0: per me sono tutti pezzi da collezione di grande valore&#8230;<\/p>\n<p>Pensi di introdurre in futuro altri \u201cpezzi da collezione\u201d griffati Harley Davidson?<br \/>Sono abituato a fare le cose per bene , e questo mi impedisce di fare il passo pi\u00f9 lungo della gamba, ovvero di iniziare una cosa prima di aver perfezionato quella precedente. Ormai sono 4 anni che vendo orologi Harley Davidson per uomo e per donna, e il mio obiettivo \u00e8 sempre stato scegliere i modelli pi\u00f9 belli per offrire il servizio migliore ai miei clienti su due ruote. Neanche a dirlo, i motociclisti Harley Davidson sono dei perfezionisti e non ti lasciano passare nulla&#8230; Loro, cos\u00ec come me, cercano sempre il meglio. Quando avr\u00f2 portato a termine questo processo di continuo affinamento dell\u2019offerta, penser\u00f2 ad ampliare i prodotti griffati Harley Davidson. Non far\u00f2 certo fatica a scegliere, in commercio di gioielli ce ne sono davvero tanti, soprattutto bracciali e anelli.<\/p>\n<p>Un altro tuo grosso impegno \u00e8 quello nel mondo etico. Anche tu, come Harley Davidson, sei stato un pioniere nel lancio dei diamanti e dell\u2019oro etici. E\u2019 possibile trovare altri legami tra questo mondo e quello dei motociclisti del mito americano?<br \/>Cos\u00ec come spesso accade per gli amanti di una leggenda, i centauri Harley Davidson accanto all\u2019orgoglio e alla fierezza possiedono anche un fortissimo senso del gruppo che si coniuga con un grande rispetto per il prossimo. Il senso di gruppo si traduce quasi in automatico in un\u2019attenzione marcata verso le esigenze degli altri e in una solidariet\u00e0 spontanea verso chi \u00e8 pi\u00f9 in difficolt\u00e0. Lo testimoniano le numerose iniziative benefiche e di solidariet\u00e0 organizzate in occasione dei vari motoraduni e fiere Harley Davidson in giro per l\u2019Italia. Inoltre, mi \u00e8 capitato gi\u00e0 diverse volte che un acquirente di miei orologi Harley Davidson abbia acquistato successivamente anche un diamante etico.<strong><br \/><\/strong><\/p>\n","protected":false},"excerpt":{"rendered":"<p>Francesco Belloni racconta il suo rapporto lavorativo e non con il mondo Harley Davidson, di cui vende gli orologi by Bulova per uomo e per donna Un rapporto che va al di l\u00e0 del suo ruolo di gioielliere e che mostra inaspettati legami con il suo impegno etico e il suo modo di vedere la vita.<\/p>\n","protected":false},"author":10,"featured_media":0,"comment_status":"open","ping_status":"open","sticky":false,"template":"","format":"standard","meta":{"cybocfi_hide_featured_image":"","footnotes":""},"categories":[1005],"tags":[11014,11005,11010,4304,11013,10696,1006,2650,170],"class_list":["post-3494","post","type-post","status-publish","format-standard","hentry","category-moto","tag-bulova","tag-diamanti-etici","tag-gioielleria-belloni","tag-gioielli","tag-harley-davidson","tag-intervista","tag-moto","tag-orologi","tag-storia"],"yoast_head":"<!-- This site is optimized with the Yoast SEO plugin v27.0 - https:\/\/yoast.com\/product\/yoast-seo-wordpress\/ -->\n<title>Io e il mito Harley Davidson. Francesco Belloni racconta il suo rapporto lavorativo e non con il mondo Harley Davidson - Article Marketing<\/title>\n<meta name=\"robots\" content=\"index, follow, max-snippet:-1, max-image-preview:large, max-video-preview:-1\" \/>\n<link rel=\"canonical\" href=\"https:\/\/www.article-marketing.eu\/comunicati\/motori\/moto\/io-e-il-mito-harley-davidson-francesco-belloni-racconta-il-suo-rapporto-lavorativo-e-non-con-il-mondo-harley-davidson\/\" \/>\n<meta property=\"og:locale\" content=\"it_IT\" \/>\n<meta property=\"og:type\" content=\"article\" \/>\n<meta property=\"og:title\" content=\"Io e il mito Harley Davidson. Francesco Belloni racconta il suo rapporto lavorativo e non con il mondo Harley Davidson - Article Marketing\" \/>\n<meta property=\"og:description\" content=\"Francesco Belloni racconta il suo rapporto lavorativo e non con il mondo Harley Davidson, di cui vende gli orologi by Bulova per uomo e per donna Un rapporto che va al di l\u00e0 del suo ruolo di gioielliere e che mostra inaspettati legami con il suo impegno etico e il suo modo di vedere la vita.\" \/>\n<meta property=\"og:url\" content=\"https:\/\/www.article-marketing.eu\/comunicati\/motori\/moto\/io-e-il-mito-harley-davidson-francesco-belloni-racconta-il-suo-rapporto-lavorativo-e-non-con-il-mondo-harley-davidson\/\" \/>\n<meta property=\"og:site_name\" content=\"Article Marketing\" \/>\n<meta property=\"article:published_time\" content=\"2009-11-29T18:18:10+00:00\" \/>\n<meta property=\"article:modified_time\" content=\"2018-07-10T03:27:23+00:00\" \/>\n<meta name=\"author\" content=\"Redazione Comunicati Stampa\" \/>\n<meta name=\"twitter:card\" content=\"summary_large_image\" \/>\n<meta name=\"twitter:label1\" content=\"Scritto da\" \/>\n\t<meta name=\"twitter:data1\" content=\"Redazione Comunicati Stampa\" \/>\n\t<meta name=\"twitter:label2\" content=\"Tempo di lettura stimato\" \/>\n\t<meta name=\"twitter:data2\" content=\"5 minuti\" \/>\n<script type=\"application\/ld+json\" class=\"yoast-schema-graph\">{\"@context\":\"https:\/\/schema.org\",\"@graph\":[{\"@type\":\"Article\",\"@id\":\"https:\/\/www.article-marketing.eu\/comunicati\/motori\/moto\/io-e-il-mito-harley-davidson-francesco-belloni-racconta-il-suo-rapporto-lavorativo-e-non-con-il-mondo-harley-davidson\/#article\",\"isPartOf\":{\"@id\":\"https:\/\/www.article-marketing.eu\/comunicati\/motori\/moto\/io-e-il-mito-harley-davidson-francesco-belloni-racconta-il-suo-rapporto-lavorativo-e-non-con-il-mondo-harley-davidson\/\"},\"author\":{\"name\":\"Redazione Comunicati Stampa\",\"@id\":\"https:\/\/www.article-marketing.eu\/comunicati\/#\/schema\/person\/44372e4d4d0fa797b18e03ed1ace9017\"},\"headline\":\"Io e il mito Harley Davidson. Francesco Belloni racconta il suo rapporto lavorativo e non con il mondo Harley Davidson\",\"datePublished\":\"2009-11-29T18:18:10+00:00\",\"dateModified\":\"2018-07-10T03:27:23+00:00\",\"mainEntityOfPage\":{\"@id\":\"https:\/\/www.article-marketing.eu\/comunicati\/motori\/moto\/io-e-il-mito-harley-davidson-francesco-belloni-racconta-il-suo-rapporto-lavorativo-e-non-con-il-mondo-harley-davidson\/\"},\"wordCount\":1093,\"commentCount\":0,\"keywords\":[\"bulova\",\"diamanti etici\",\"gioielleria belloni\",\"gioielli\",\"harley davidson\",\"intervista\",\"moto\",\"orologi\",\"storia\"],\"articleSection\":[\"Moto\"],\"inLanguage\":\"it-IT\",\"potentialAction\":[{\"@type\":\"CommentAction\",\"name\":\"Comment\",\"target\":[\"https:\/\/www.article-marketing.eu\/comunicati\/motori\/moto\/io-e-il-mito-harley-davidson-francesco-belloni-racconta-il-suo-rapporto-lavorativo-e-non-con-il-mondo-harley-davidson\/#respond\"]}]},{\"@type\":\"WebPage\",\"@id\":\"https:\/\/www.article-marketing.eu\/comunicati\/motori\/moto\/io-e-il-mito-harley-davidson-francesco-belloni-racconta-il-suo-rapporto-lavorativo-e-non-con-il-mondo-harley-davidson\/\",\"url\":\"https:\/\/www.article-marketing.eu\/comunicati\/motori\/moto\/io-e-il-mito-harley-davidson-francesco-belloni-racconta-il-suo-rapporto-lavorativo-e-non-con-il-mondo-harley-davidson\/\",\"name\":\"Io e il mito Harley Davidson. Francesco Belloni racconta il suo rapporto lavorativo e non con il mondo Harley Davidson - Article Marketing\",\"isPartOf\":{\"@id\":\"https:\/\/www.article-marketing.eu\/comunicati\/#website\"},\"datePublished\":\"2009-11-29T18:18:10+00:00\",\"dateModified\":\"2018-07-10T03:27:23+00:00\",\"author\":{\"@id\":\"https:\/\/www.article-marketing.eu\/comunicati\/#\/schema\/person\/44372e4d4d0fa797b18e03ed1ace9017\"},\"breadcrumb\":{\"@id\":\"https:\/\/www.article-marketing.eu\/comunicati\/motori\/moto\/io-e-il-mito-harley-davidson-francesco-belloni-racconta-il-suo-rapporto-lavorativo-e-non-con-il-mondo-harley-davidson\/#breadcrumb\"},\"inLanguage\":\"it-IT\",\"potentialAction\":[{\"@type\":\"ReadAction\",\"target\":[\"https:\/\/www.article-marketing.eu\/comunicati\/motori\/moto\/io-e-il-mito-harley-davidson-francesco-belloni-racconta-il-suo-rapporto-lavorativo-e-non-con-il-mondo-harley-davidson\/\"]}]},{\"@type\":\"BreadcrumbList\",\"@id\":\"https:\/\/www.article-marketing.eu\/comunicati\/motori\/moto\/io-e-il-mito-harley-davidson-francesco-belloni-racconta-il-suo-rapporto-lavorativo-e-non-con-il-mondo-harley-davidson\/#breadcrumb\",\"itemListElement\":[{\"@type\":\"ListItem\",\"position\":1,\"name\":\"Home\",\"item\":\"https:\/\/www.article-marketing.eu\/comunicati\/\"},{\"@type\":\"ListItem\",\"position\":2,\"name\":\"Io e il mito Harley Davidson. Francesco Belloni racconta il suo rapporto lavorativo e non con il mondo Harley Davidson\"}]},{\"@type\":\"WebSite\",\"@id\":\"https:\/\/www.article-marketing.eu\/comunicati\/#website\",\"url\":\"https:\/\/www.article-marketing.eu\/comunicati\/\",\"name\":\"Article Marketing\",\"description\":\"article marketing &amp; press release\",\"potentialAction\":[{\"@type\":\"SearchAction\",\"target\":{\"@type\":\"EntryPoint\",\"urlTemplate\":\"https:\/\/www.article-marketing.eu\/comunicati\/?s={search_term_string}\"},\"query-input\":{\"@type\":\"PropertyValueSpecification\",\"valueRequired\":true,\"valueName\":\"search_term_string\"}}],\"inLanguage\":\"it-IT\"},{\"@type\":\"Person\",\"@id\":\"https:\/\/www.article-marketing.eu\/comunicati\/#\/schema\/person\/44372e4d4d0fa797b18e03ed1ace9017\",\"name\":\"Redazione Comunicati Stampa\",\"image\":{\"@type\":\"ImageObject\",\"inLanguage\":\"it-IT\",\"@id\":\"https:\/\/www.article-marketing.eu\/comunicati\/#\/schema\/person\/image\/\",\"url\":\"https:\/\/secure.gravatar.com\/avatar\/50e5c6421d3072f42e7ace803501602c60d75233d34e29fd05feb91c8760b792?s=96&d=mm&r=g\",\"contentUrl\":\"https:\/\/secure.gravatar.com\/avatar\/50e5c6421d3072f42e7ace803501602c60d75233d34e29fd05feb91c8760b792?s=96&d=mm&r=g\",\"caption\":\"Redazione Comunicati Stampa\"},\"url\":\"https:\/\/www.article-marketing.eu\/comunicati\/author\/redazione-comunicati-stampa\/\"}]}<\/script>\n<!-- \/ Yoast SEO plugin. -->","yoast_head_json":{"title":"Io e il mito Harley Davidson. Francesco Belloni racconta il suo rapporto lavorativo e non con il mondo Harley Davidson - Article Marketing","robots":{"index":"index","follow":"follow","max-snippet":"max-snippet:-1","max-image-preview":"max-image-preview:large","max-video-preview":"max-video-preview:-1"},"canonical":"https:\/\/www.article-marketing.eu\/comunicati\/motori\/moto\/io-e-il-mito-harley-davidson-francesco-belloni-racconta-il-suo-rapporto-lavorativo-e-non-con-il-mondo-harley-davidson\/","og_locale":"it_IT","og_type":"article","og_title":"Io e il mito Harley Davidson. Francesco Belloni racconta il suo rapporto lavorativo e non con il mondo Harley Davidson - Article Marketing","og_description":"Francesco Belloni racconta il suo rapporto lavorativo e non con il mondo Harley Davidson, di cui vende gli orologi by Bulova per uomo e per donna Un rapporto che va al di l\u00e0 del suo ruolo di gioielliere e che mostra inaspettati legami con il suo impegno etico e il suo modo di vedere la vita.","og_url":"https:\/\/www.article-marketing.eu\/comunicati\/motori\/moto\/io-e-il-mito-harley-davidson-francesco-belloni-racconta-il-suo-rapporto-lavorativo-e-non-con-il-mondo-harley-davidson\/","og_site_name":"Article Marketing","article_published_time":"2009-11-29T18:18:10+00:00","article_modified_time":"2018-07-10T03:27:23+00:00","author":"Redazione Comunicati Stampa","twitter_card":"summary_large_image","twitter_misc":{"Scritto da":"Redazione Comunicati Stampa","Tempo di lettura stimato":"5 minuti"},"schema":{"@context":"https:\/\/schema.org","@graph":[{"@type":"Article","@id":"https:\/\/www.article-marketing.eu\/comunicati\/motori\/moto\/io-e-il-mito-harley-davidson-francesco-belloni-racconta-il-suo-rapporto-lavorativo-e-non-con-il-mondo-harley-davidson\/#article","isPartOf":{"@id":"https:\/\/www.article-marketing.eu\/comunicati\/motori\/moto\/io-e-il-mito-harley-davidson-francesco-belloni-racconta-il-suo-rapporto-lavorativo-e-non-con-il-mondo-harley-davidson\/"},"author":{"name":"Redazione Comunicati Stampa","@id":"https:\/\/www.article-marketing.eu\/comunicati\/#\/schema\/person\/44372e4d4d0fa797b18e03ed1ace9017"},"headline":"Io e il mito Harley Davidson. Francesco Belloni racconta il suo rapporto lavorativo e non con il mondo Harley Davidson","datePublished":"2009-11-29T18:18:10+00:00","dateModified":"2018-07-10T03:27:23+00:00","mainEntityOfPage":{"@id":"https:\/\/www.article-marketing.eu\/comunicati\/motori\/moto\/io-e-il-mito-harley-davidson-francesco-belloni-racconta-il-suo-rapporto-lavorativo-e-non-con-il-mondo-harley-davidson\/"},"wordCount":1093,"commentCount":0,"keywords":["bulova","diamanti etici","gioielleria belloni","gioielli","harley davidson","intervista","moto","orologi","storia"],"articleSection":["Moto"],"inLanguage":"it-IT","potentialAction":[{"@type":"CommentAction","name":"Comment","target":["https:\/\/www.article-marketing.eu\/comunicati\/motori\/moto\/io-e-il-mito-harley-davidson-francesco-belloni-racconta-il-suo-rapporto-lavorativo-e-non-con-il-mondo-harley-davidson\/#respond"]}]},{"@type":"WebPage","@id":"https:\/\/www.article-marketing.eu\/comunicati\/motori\/moto\/io-e-il-mito-harley-davidson-francesco-belloni-racconta-il-suo-rapporto-lavorativo-e-non-con-il-mondo-harley-davidson\/","url":"https:\/\/www.article-marketing.eu\/comunicati\/motori\/moto\/io-e-il-mito-harley-davidson-francesco-belloni-racconta-il-suo-rapporto-lavorativo-e-non-con-il-mondo-harley-davidson\/","name":"Io e il mito Harley Davidson. Francesco Belloni racconta il suo rapporto lavorativo e non con il mondo Harley Davidson - Article Marketing","isPartOf":{"@id":"https:\/\/www.article-marketing.eu\/comunicati\/#website"},"datePublished":"2009-11-29T18:18:10+00:00","dateModified":"2018-07-10T03:27:23+00:00","author":{"@id":"https:\/\/www.article-marketing.eu\/comunicati\/#\/schema\/person\/44372e4d4d0fa797b18e03ed1ace9017"},"breadcrumb":{"@id":"https:\/\/www.article-marketing.eu\/comunicati\/motori\/moto\/io-e-il-mito-harley-davidson-francesco-belloni-racconta-il-suo-rapporto-lavorativo-e-non-con-il-mondo-harley-davidson\/#breadcrumb"},"inLanguage":"it-IT","potentialAction":[{"@type":"ReadAction","target":["https:\/\/www.article-marketing.eu\/comunicati\/motori\/moto\/io-e-il-mito-harley-davidson-francesco-belloni-racconta-il-suo-rapporto-lavorativo-e-non-con-il-mondo-harley-davidson\/"]}]},{"@type":"BreadcrumbList","@id":"https:\/\/www.article-marketing.eu\/comunicati\/motori\/moto\/io-e-il-mito-harley-davidson-francesco-belloni-racconta-il-suo-rapporto-lavorativo-e-non-con-il-mondo-harley-davidson\/#breadcrumb","itemListElement":[{"@type":"ListItem","position":1,"name":"Home","item":"https:\/\/www.article-marketing.eu\/comunicati\/"},{"@type":"ListItem","position":2,"name":"Io e il mito Harley Davidson. Francesco Belloni racconta il suo rapporto lavorativo e non con il mondo Harley Davidson"}]},{"@type":"WebSite","@id":"https:\/\/www.article-marketing.eu\/comunicati\/#website","url":"https:\/\/www.article-marketing.eu\/comunicati\/","name":"Article Marketing","description":"article marketing &amp; press release","potentialAction":[{"@type":"SearchAction","target":{"@type":"EntryPoint","urlTemplate":"https:\/\/www.article-marketing.eu\/comunicati\/?s={search_term_string}"},"query-input":{"@type":"PropertyValueSpecification","valueRequired":true,"valueName":"search_term_string"}}],"inLanguage":"it-IT"},{"@type":"Person","@id":"https:\/\/www.article-marketing.eu\/comunicati\/#\/schema\/person\/44372e4d4d0fa797b18e03ed1ace9017","name":"Redazione Comunicati Stampa","image":{"@type":"ImageObject","inLanguage":"it-IT","@id":"https:\/\/www.article-marketing.eu\/comunicati\/#\/schema\/person\/image\/","url":"https:\/\/secure.gravatar.com\/avatar\/50e5c6421d3072f42e7ace803501602c60d75233d34e29fd05feb91c8760b792?s=96&d=mm&r=g","contentUrl":"https:\/\/secure.gravatar.com\/avatar\/50e5c6421d3072f42e7ace803501602c60d75233d34e29fd05feb91c8760b792?s=96&d=mm&r=g","caption":"Redazione Comunicati Stampa"},"url":"https:\/\/www.article-marketing.eu\/comunicati\/author\/redazione-comunicati-stampa\/"}]}},"_links":{"self":[{"href":"https:\/\/www.article-marketing.eu\/comunicati\/wp-json\/wp\/v2\/posts\/3494","targetHints":{"allow":["GET"]}}],"collection":[{"href":"https:\/\/www.article-marketing.eu\/comunicati\/wp-json\/wp\/v2\/posts"}],"about":[{"href":"https:\/\/www.article-marketing.eu\/comunicati\/wp-json\/wp\/v2\/types\/post"}],"author":[{"embeddable":true,"href":"https:\/\/www.article-marketing.eu\/comunicati\/wp-json\/wp\/v2\/users\/10"}],"replies":[{"embeddable":true,"href":"https:\/\/www.article-marketing.eu\/comunicati\/wp-json\/wp\/v2\/comments?post=3494"}],"version-history":[{"count":2,"href":"https:\/\/www.article-marketing.eu\/comunicati\/wp-json\/wp\/v2\/posts\/3494\/revisions"}],"predecessor-version":[{"id":61568,"href":"https:\/\/www.article-marketing.eu\/comunicati\/wp-json\/wp\/v2\/posts\/3494\/revisions\/61568"}],"wp:attachment":[{"href":"https:\/\/www.article-marketing.eu\/comunicati\/wp-json\/wp\/v2\/media?parent=3494"}],"wp:term":[{"taxonomy":"category","embeddable":true,"href":"https:\/\/www.article-marketing.eu\/comunicati\/wp-json\/wp\/v2\/categories?post=3494"},{"taxonomy":"post_tag","embeddable":true,"href":"https:\/\/www.article-marketing.eu\/comunicati\/wp-json\/wp\/v2\/tags?post=3494"}],"curies":[{"name":"wp","href":"https:\/\/api.w.org\/{rel}","templated":true}]}}