{"id":34951,"date":"2013-06-02T16:02:12","date_gmt":"2013-06-02T14:02:12","guid":{"rendered":""},"modified":"2013-06-02T16:02:12","modified_gmt":"2013-06-02T14:02:12","slug":"presso-la-uil-campania-convegno-su-a%2525252580ci-fondi-interprofessionali-e-la-certificazione-delle-competenza-nel-settore-sanitarioa%2525252580%252525259d-e-presentazione-dei-risultati-del-piano-for","status":"publish","type":"post","link":"https:\/\/www.article-marketing.eu\/comunicati\/economia-e-lavoro\/presso-la-uil-campania-convegno-su-a%2525252580ci-fondi-interprofessionali-e-la-certificazione-delle-competenza-nel-settore-sanitarioa%2525252580%252525259d-e-presentazione-dei-risultati-del-piano-for\/","title":{"rendered":"Convegno su \u201cI fondi interprofessionali e la certificazione delle competenze&#8221;"},"content":{"rendered":"<p><strong><a href=\"\/uploads\/images\/u_6580\/thumb_bolognese.gif\" class=\"image\"><img decoding=\"async\" src=\"\/uploads\/images\/u_6580\/thumb_bolognese.gif\" border=\"0\" \/><\/a><\/strong>Marted&igrave; 4 giugno, alle 16, presso la sede UIL Campania di Napoli, si parla di formazione continua in sanit&agrave; e delle ruolo dei fondi interprofessionali. <\/p>\n<p>&ldquo;I fondi interprofessionali e la certificazione delle competenze nel settore sanitario&rdquo; &egrave; il titolo del convegno che vuole esaminare questo importante aspetto del settore sanitario in Campania ed in tutt&rsquo;Italia.<\/p>\n<p>Nell&rsquo;evento verranno anche presentati i risultati del Piano formativo &ldquo;Salute +&rdquo; finanziato da Fondimpresa e portato a compimento dal Consorzio Scuola Superiore di Scienze della Salute con il supporto del socio tecnico e provider nazionale ECM Espansione s.r.l.. <\/p>\n<p>Interverranno: Marina Camboni &#8211; Erfap UIL Campania; Maria Ocone &#8211; Direzione Commerciale Espansione s.r.l.; Vincenzo Schiavone &#8211; Presidente Raggruppamento Sanit&agrave; Confindustria Campania; Giuseppe Abagnale &#8211; Presidente Consorzio Scuola Superiore di Scienze della Salute; Andrea Bachrach &#8211; Presidente O.B.R. Campania; Fulvio Bartolo &#8211; Presidente ERFAP UIL Campania; Raffaele Calabr&ograve; &#8211; Consigliere del Presidente della Giunta regionale per i temi attinenti la Sanit&agrave;; Michele Lignola &#8211; Direttore Generale Unione degli Industriali di Napoli; Giovanni Severino &#8211; Presidente Sezione Sanit&agrave; Unione degli Industriali di Napoli. Le conclusioni sono affidate a Sergio Antonio Bolognese &#8211; Amministratore Unico di Espansione s.r.l.<\/p>\n<p>&ldquo;In un quadro generale di evoluzione e flessibilit&agrave; &#8211; dice il responsabile del piano formativo Salute + Sergio Antonio Bolognese &#8211; la leva formativa del personale &egrave; fondamentale per garantire al cittadino prestazioni sanitarie in linea con l&rsquo;evoluzione scientifica e tecnologica. L&rsquo;ECM per&ograve; non pu&ograve; essere lasciato in bal&igrave;a dell&rsquo;autoreferenzialit&agrave; ed &egrave; auspicabile intraprendere un percorso che porti alla certificazione dei professionisti attraverso la definizione e la valutazione delle competenze, dei crediti professionali, della carriera professionale. Nel Piano formativo SALUTE +, finanziato da Fondimpresa, sono state progettate tutte le fasi formative, il metodo, il processo di scelta degli strumenti di valutazione e di definizione degli indicatori di risultato. E&rsquo; uno dei piani finanziati nel settore sanitario da Fondimpresa che ha dato i pi&ugrave; lusinghieri risultati in chiave di monitoraggio dei risultati&rdquo;.<\/p>\n<p>Programma del Convegno <\/p>\n<p>Saluto ed apertura dei lavori<br \/>\nMarina Camboni &#8211; Erfap Uil Campania <\/p>\n<p>Presentazione dei risultati del Piano formativo aziendale &ldquo;Salute +&rdquo; Maria Ocone &#8211; Direzione Commerciale Espansione s.r.l. <\/p>\n<p>&ldquo;I Fondi Interprofessionali e la certificazione delle competenze in Sanit&agrave;&rdquo; &#8211; Confronto tra esperti.<br \/>\nModeratore: Vincenzo Schiavone &#8211; Presidente Raggruppamento Sanit&agrave; Confindustria Campania<br \/>\nContributi:<br \/>\nGiuseppe Abagnale &#8211; Presidente Consorzio Scuola Superiore di Scienze della Salute<br \/>\nAndrea Bachrach &#8211; Presidente O.B.R. Campania<br \/>\nFulvio Bartolo &#8211; Presidente ERFAP UIL Campania<br \/>\nRaffaele Calabr&ograve; &#8211; Consigliere del Presidente della Giunta regionale per i temi attinenti la Sanit&agrave; Michele Lignola &#8211; Direttore Generale Unione degli Industriali di Napoli<br \/>\nGiovanni Severino &#8211; Presidente Sezione Sanit&agrave; Unione degli Industriali di Napoli Conclusioni<br \/>\nSergio Antonio Bolognese &#8211; Amministratore Unico Espansione s.r.l.<\/p>\n","protected":false},"excerpt":{"rendered":"<p>La formazione continua in sanit\u00e0 non pu\u00f2 essere lasciata all&#8217;autoreferenzialit\u00e0, in questo convegno Espansione, nel presentare i risultati del Piano Formativo Salute + evidenza il ruolo dei Fondi interprofessionali nella verifica delle competenze acquisite dagli operatori che frequentano l&#8217;aggiornamento ECM<\/p>\n","protected":false},"author":10,"featured_media":0,"comment_status":"open","ping_status":"open","sticky":false,"template":"","format":"standard","meta":{"cybocfi_hide_featured_image":"","footnotes":""},"categories":[59],"tags":[26485,43185,43182,43183,19404,43184],"class_list":["post-34951","post","type-post","status-publish","format-standard","hentry","category-economia-e-lavoro","tag-ecm","tag-espansione-srl-sergio-antonio-bolognese","tag-fondi-interprofessionali","tag-fondipresa","tag-sanita","tag-uil"],"yoast_head":"<!-- This site is optimized with the Yoast SEO plugin v27.0 - https:\/\/yoast.com\/product\/yoast-seo-wordpress\/ -->\n<title>Convegno su \u201cI fondi interprofessionali e la certificazione delle competenze&quot; - Article Marketing<\/title>\n<meta name=\"robots\" content=\"index, follow, max-snippet:-1, max-image-preview:large, max-video-preview:-1\" \/>\n<link rel=\"canonical\" href=\"https:\/\/www.article-marketing.eu\/comunicati\/economia-e-lavoro\/presso-la-uil-campania-convegno-su-a%25252580ci-fondi-interprofessionali-e-la-certificazione-delle-competenza-nel-settore-sanitarioa%25252580%2525259d-e-presentazione-dei-risultati-del-piano-for\/\" \/>\n<meta property=\"og:locale\" content=\"it_IT\" \/>\n<meta property=\"og:type\" content=\"article\" \/>\n<meta property=\"og:title\" content=\"Convegno su \u201cI fondi interprofessionali e la certificazione delle competenze&quot; - Article Marketing\" \/>\n<meta property=\"og:description\" content=\"La formazione continua in sanit\u00e0 non pu\u00f2 essere lasciata all&#039;autoreferenzialit\u00e0, in questo convegno Espansione, nel presentare i risultati del Piano Formativo Salute + evidenza il ruolo dei Fondi interprofessionali nella verifica delle competenze acquisite dagli operatori che frequentano l&#039;aggiornamento ECM\" \/>\n<meta property=\"og:url\" content=\"https:\/\/www.article-marketing.eu\/comunicati\/economia-e-lavoro\/presso-la-uil-campania-convegno-su-a%25252580ci-fondi-interprofessionali-e-la-certificazione-delle-competenza-nel-settore-sanitarioa%25252580%2525259d-e-presentazione-dei-risultati-del-piano-for\/\" \/>\n<meta property=\"og:site_name\" content=\"Article Marketing\" \/>\n<meta property=\"article:published_time\" content=\"2013-06-02T14:02:12+00:00\" \/>\n<meta property=\"og:image\" content=\"https:\/\/www.article-marketing.eu\/uploads\/images\/u_6580\/thumb_bolognese.gif\" \/>\n<meta name=\"author\" content=\"Redazione Comunicati Stampa\" \/>\n<meta name=\"twitter:card\" content=\"summary_large_image\" \/>\n<meta name=\"twitter:label1\" content=\"Scritto da\" \/>\n\t<meta name=\"twitter:data1\" content=\"Redazione Comunicati Stampa\" \/>\n\t<meta name=\"twitter:label2\" content=\"Tempo di lettura stimato\" \/>\n\t<meta name=\"twitter:data2\" content=\"2 minuti\" \/>\n<script type=\"application\/ld+json\" class=\"yoast-schema-graph\">{\"@context\":\"https:\/\/schema.org\",\"@graph\":[{\"@type\":\"Article\",\"@id\":\"https:\/\/www.article-marketing.eu\/comunicati\/economia-e-lavoro\/presso-la-uil-campania-convegno-su-a%2525252580ci-fondi-interprofessionali-e-la-certificazione-delle-competenza-nel-settore-sanitarioa%2525252580%252525259d-e-presentazione-dei-risultati-del-piano-for\/#article\",\"isPartOf\":{\"@id\":\"https:\/\/www.article-marketing.eu\/comunicati\/economia-e-lavoro\/presso-la-uil-campania-convegno-su-a%2525252580ci-fondi-interprofessionali-e-la-certificazione-delle-competenza-nel-settore-sanitarioa%2525252580%252525259d-e-presentazione-dei-risultati-del-piano-for\/\"},\"author\":{\"name\":\"Redazione Comunicati Stampa\",\"@id\":\"https:\/\/www.article-marketing.eu\/comunicati\/#\/schema\/person\/44372e4d4d0fa797b18e03ed1ace9017\"},\"headline\":\"Convegno su \u201cI fondi interprofessionali e la certificazione delle competenze&#8221;\",\"datePublished\":\"2013-06-02T14:02:12+00:00\",\"mainEntityOfPage\":{\"@id\":\"https:\/\/www.article-marketing.eu\/comunicati\/economia-e-lavoro\/presso-la-uil-campania-convegno-su-a%2525252580ci-fondi-interprofessionali-e-la-certificazione-delle-competenza-nel-settore-sanitarioa%2525252580%252525259d-e-presentazione-dei-risultati-del-piano-for\/\"},\"wordCount\":500,\"commentCount\":0,\"keywords\":[\"ecm\",\"Espansione srl. sergio antonio bolognese\",\"fondi interprofessionali\",\"fondipresa\",\"sanit\u00e0\",\"uil\"],\"articleSection\":[\"Economia e lavoro\"],\"inLanguage\":\"it-IT\",\"potentialAction\":[{\"@type\":\"CommentAction\",\"name\":\"Comment\",\"target\":[\"https:\/\/www.article-marketing.eu\/comunicati\/economia-e-lavoro\/presso-la-uil-campania-convegno-su-a%2525252580ci-fondi-interprofessionali-e-la-certificazione-delle-competenza-nel-settore-sanitarioa%2525252580%252525259d-e-presentazione-dei-risultati-del-piano-for\/#respond\"]}]},{\"@type\":\"WebPage\",\"@id\":\"https:\/\/www.article-marketing.eu\/comunicati\/economia-e-lavoro\/presso-la-uil-campania-convegno-su-a%2525252580ci-fondi-interprofessionali-e-la-certificazione-delle-competenza-nel-settore-sanitarioa%2525252580%252525259d-e-presentazione-dei-risultati-del-piano-for\/\",\"url\":\"https:\/\/www.article-marketing.eu\/comunicati\/economia-e-lavoro\/presso-la-uil-campania-convegno-su-a%2525252580ci-fondi-interprofessionali-e-la-certificazione-delle-competenza-nel-settore-sanitarioa%2525252580%252525259d-e-presentazione-dei-risultati-del-piano-for\/\",\"name\":\"Convegno su \u201cI fondi interprofessionali e la certificazione delle competenze\\\" - Article Marketing\",\"isPartOf\":{\"@id\":\"https:\/\/www.article-marketing.eu\/comunicati\/#website\"},\"datePublished\":\"2013-06-02T14:02:12+00:00\",\"author\":{\"@id\":\"https:\/\/www.article-marketing.eu\/comunicati\/#\/schema\/person\/44372e4d4d0fa797b18e03ed1ace9017\"},\"breadcrumb\":{\"@id\":\"https:\/\/www.article-marketing.eu\/comunicati\/economia-e-lavoro\/presso-la-uil-campania-convegno-su-a%2525252580ci-fondi-interprofessionali-e-la-certificazione-delle-competenza-nel-settore-sanitarioa%2525252580%252525259d-e-presentazione-dei-risultati-del-piano-for\/#breadcrumb\"},\"inLanguage\":\"it-IT\",\"potentialAction\":[{\"@type\":\"ReadAction\",\"target\":[\"https:\/\/www.article-marketing.eu\/comunicati\/economia-e-lavoro\/presso-la-uil-campania-convegno-su-a%2525252580ci-fondi-interprofessionali-e-la-certificazione-delle-competenza-nel-settore-sanitarioa%2525252580%252525259d-e-presentazione-dei-risultati-del-piano-for\/\"]}]},{\"@type\":\"BreadcrumbList\",\"@id\":\"https:\/\/www.article-marketing.eu\/comunicati\/economia-e-lavoro\/presso-la-uil-campania-convegno-su-a%2525252580ci-fondi-interprofessionali-e-la-certificazione-delle-competenza-nel-settore-sanitarioa%2525252580%252525259d-e-presentazione-dei-risultati-del-piano-for\/#breadcrumb\",\"itemListElement\":[{\"@type\":\"ListItem\",\"position\":1,\"name\":\"Home\",\"item\":\"https:\/\/www.article-marketing.eu\/comunicati\/\"},{\"@type\":\"ListItem\",\"position\":2,\"name\":\"Convegno su \u201cI fondi interprofessionali e la certificazione delle competenze&#8221;\"}]},{\"@type\":\"WebSite\",\"@id\":\"https:\/\/www.article-marketing.eu\/comunicati\/#website\",\"url\":\"https:\/\/www.article-marketing.eu\/comunicati\/\",\"name\":\"Article Marketing\",\"description\":\"article marketing &amp; press release\",\"potentialAction\":[{\"@type\":\"SearchAction\",\"target\":{\"@type\":\"EntryPoint\",\"urlTemplate\":\"https:\/\/www.article-marketing.eu\/comunicati\/?s={search_term_string}\"},\"query-input\":{\"@type\":\"PropertyValueSpecification\",\"valueRequired\":true,\"valueName\":\"search_term_string\"}}],\"inLanguage\":\"it-IT\"},{\"@type\":\"Person\",\"@id\":\"https:\/\/www.article-marketing.eu\/comunicati\/#\/schema\/person\/44372e4d4d0fa797b18e03ed1ace9017\",\"name\":\"Redazione Comunicati Stampa\",\"image\":{\"@type\":\"ImageObject\",\"inLanguage\":\"it-IT\",\"@id\":\"https:\/\/www.article-marketing.eu\/comunicati\/#\/schema\/person\/image\/\",\"url\":\"https:\/\/secure.gravatar.com\/avatar\/50e5c6421d3072f42e7ace803501602c60d75233d34e29fd05feb91c8760b792?s=96&d=mm&r=g\",\"contentUrl\":\"https:\/\/secure.gravatar.com\/avatar\/50e5c6421d3072f42e7ace803501602c60d75233d34e29fd05feb91c8760b792?s=96&d=mm&r=g\",\"caption\":\"Redazione Comunicati Stampa\"},\"url\":\"https:\/\/www.article-marketing.eu\/comunicati\/author\/redazione-comunicati-stampa\/\"}]}<\/script>\n<!-- \/ Yoast SEO plugin. -->","yoast_head_json":{"title":"Convegno su \u201cI fondi interprofessionali e la certificazione delle competenze\" - Article Marketing","robots":{"index":"index","follow":"follow","max-snippet":"max-snippet:-1","max-image-preview":"max-image-preview:large","max-video-preview":"max-video-preview:-1"},"canonical":"https:\/\/www.article-marketing.eu\/comunicati\/economia-e-lavoro\/presso-la-uil-campania-convegno-su-a%25252580ci-fondi-interprofessionali-e-la-certificazione-delle-competenza-nel-settore-sanitarioa%25252580%2525259d-e-presentazione-dei-risultati-del-piano-for\/","og_locale":"it_IT","og_type":"article","og_title":"Convegno su \u201cI fondi interprofessionali e la certificazione delle competenze\" - Article Marketing","og_description":"La formazione continua in sanit\u00e0 non pu\u00f2 essere lasciata all'autoreferenzialit\u00e0, in questo convegno Espansione, nel presentare i risultati del Piano Formativo Salute + evidenza il ruolo dei Fondi interprofessionali nella verifica delle competenze acquisite dagli operatori che frequentano l'aggiornamento ECM","og_url":"https:\/\/www.article-marketing.eu\/comunicati\/economia-e-lavoro\/presso-la-uil-campania-convegno-su-a%25252580ci-fondi-interprofessionali-e-la-certificazione-delle-competenza-nel-settore-sanitarioa%25252580%2525259d-e-presentazione-dei-risultati-del-piano-for\/","og_site_name":"Article Marketing","article_published_time":"2013-06-02T14:02:12+00:00","og_image":[{"url":"https:\/\/www.article-marketing.eu\/uploads\/images\/u_6580\/thumb_bolognese.gif","type":"","width":"","height":""}],"author":"Redazione Comunicati Stampa","twitter_card":"summary_large_image","twitter_misc":{"Scritto da":"Redazione Comunicati Stampa","Tempo di lettura stimato":"2 minuti"},"schema":{"@context":"https:\/\/schema.org","@graph":[{"@type":"Article","@id":"https:\/\/www.article-marketing.eu\/comunicati\/economia-e-lavoro\/presso-la-uil-campania-convegno-su-a%2525252580ci-fondi-interprofessionali-e-la-certificazione-delle-competenza-nel-settore-sanitarioa%2525252580%252525259d-e-presentazione-dei-risultati-del-piano-for\/#article","isPartOf":{"@id":"https:\/\/www.article-marketing.eu\/comunicati\/economia-e-lavoro\/presso-la-uil-campania-convegno-su-a%2525252580ci-fondi-interprofessionali-e-la-certificazione-delle-competenza-nel-settore-sanitarioa%2525252580%252525259d-e-presentazione-dei-risultati-del-piano-for\/"},"author":{"name":"Redazione Comunicati Stampa","@id":"https:\/\/www.article-marketing.eu\/comunicati\/#\/schema\/person\/44372e4d4d0fa797b18e03ed1ace9017"},"headline":"Convegno su \u201cI fondi interprofessionali e la certificazione delle competenze&#8221;","datePublished":"2013-06-02T14:02:12+00:00","mainEntityOfPage":{"@id":"https:\/\/www.article-marketing.eu\/comunicati\/economia-e-lavoro\/presso-la-uil-campania-convegno-su-a%2525252580ci-fondi-interprofessionali-e-la-certificazione-delle-competenza-nel-settore-sanitarioa%2525252580%252525259d-e-presentazione-dei-risultati-del-piano-for\/"},"wordCount":500,"commentCount":0,"keywords":["ecm","Espansione srl. sergio antonio bolognese","fondi interprofessionali","fondipresa","sanit\u00e0","uil"],"articleSection":["Economia e lavoro"],"inLanguage":"it-IT","potentialAction":[{"@type":"CommentAction","name":"Comment","target":["https:\/\/www.article-marketing.eu\/comunicati\/economia-e-lavoro\/presso-la-uil-campania-convegno-su-a%2525252580ci-fondi-interprofessionali-e-la-certificazione-delle-competenza-nel-settore-sanitarioa%2525252580%252525259d-e-presentazione-dei-risultati-del-piano-for\/#respond"]}]},{"@type":"WebPage","@id":"https:\/\/www.article-marketing.eu\/comunicati\/economia-e-lavoro\/presso-la-uil-campania-convegno-su-a%2525252580ci-fondi-interprofessionali-e-la-certificazione-delle-competenza-nel-settore-sanitarioa%2525252580%252525259d-e-presentazione-dei-risultati-del-piano-for\/","url":"https:\/\/www.article-marketing.eu\/comunicati\/economia-e-lavoro\/presso-la-uil-campania-convegno-su-a%2525252580ci-fondi-interprofessionali-e-la-certificazione-delle-competenza-nel-settore-sanitarioa%2525252580%252525259d-e-presentazione-dei-risultati-del-piano-for\/","name":"Convegno su \u201cI fondi interprofessionali e la certificazione delle competenze\" - Article Marketing","isPartOf":{"@id":"https:\/\/www.article-marketing.eu\/comunicati\/#website"},"datePublished":"2013-06-02T14:02:12+00:00","author":{"@id":"https:\/\/www.article-marketing.eu\/comunicati\/#\/schema\/person\/44372e4d4d0fa797b18e03ed1ace9017"},"breadcrumb":{"@id":"https:\/\/www.article-marketing.eu\/comunicati\/economia-e-lavoro\/presso-la-uil-campania-convegno-su-a%2525252580ci-fondi-interprofessionali-e-la-certificazione-delle-competenza-nel-settore-sanitarioa%2525252580%252525259d-e-presentazione-dei-risultati-del-piano-for\/#breadcrumb"},"inLanguage":"it-IT","potentialAction":[{"@type":"ReadAction","target":["https:\/\/www.article-marketing.eu\/comunicati\/economia-e-lavoro\/presso-la-uil-campania-convegno-su-a%2525252580ci-fondi-interprofessionali-e-la-certificazione-delle-competenza-nel-settore-sanitarioa%2525252580%252525259d-e-presentazione-dei-risultati-del-piano-for\/"]}]},{"@type":"BreadcrumbList","@id":"https:\/\/www.article-marketing.eu\/comunicati\/economia-e-lavoro\/presso-la-uil-campania-convegno-su-a%2525252580ci-fondi-interprofessionali-e-la-certificazione-delle-competenza-nel-settore-sanitarioa%2525252580%252525259d-e-presentazione-dei-risultati-del-piano-for\/#breadcrumb","itemListElement":[{"@type":"ListItem","position":1,"name":"Home","item":"https:\/\/www.article-marketing.eu\/comunicati\/"},{"@type":"ListItem","position":2,"name":"Convegno su \u201cI fondi interprofessionali e la certificazione delle competenze&#8221;"}]},{"@type":"WebSite","@id":"https:\/\/www.article-marketing.eu\/comunicati\/#website","url":"https:\/\/www.article-marketing.eu\/comunicati\/","name":"Article Marketing","description":"article marketing &amp; press release","potentialAction":[{"@type":"SearchAction","target":{"@type":"EntryPoint","urlTemplate":"https:\/\/www.article-marketing.eu\/comunicati\/?s={search_term_string}"},"query-input":{"@type":"PropertyValueSpecification","valueRequired":true,"valueName":"search_term_string"}}],"inLanguage":"it-IT"},{"@type":"Person","@id":"https:\/\/www.article-marketing.eu\/comunicati\/#\/schema\/person\/44372e4d4d0fa797b18e03ed1ace9017","name":"Redazione Comunicati Stampa","image":{"@type":"ImageObject","inLanguage":"it-IT","@id":"https:\/\/www.article-marketing.eu\/comunicati\/#\/schema\/person\/image\/","url":"https:\/\/secure.gravatar.com\/avatar\/50e5c6421d3072f42e7ace803501602c60d75233d34e29fd05feb91c8760b792?s=96&d=mm&r=g","contentUrl":"https:\/\/secure.gravatar.com\/avatar\/50e5c6421d3072f42e7ace803501602c60d75233d34e29fd05feb91c8760b792?s=96&d=mm&r=g","caption":"Redazione Comunicati Stampa"},"url":"https:\/\/www.article-marketing.eu\/comunicati\/author\/redazione-comunicati-stampa\/"}]}},"_links":{"self":[{"href":"https:\/\/www.article-marketing.eu\/comunicati\/wp-json\/wp\/v2\/posts\/34951","targetHints":{"allow":["GET"]}}],"collection":[{"href":"https:\/\/www.article-marketing.eu\/comunicati\/wp-json\/wp\/v2\/posts"}],"about":[{"href":"https:\/\/www.article-marketing.eu\/comunicati\/wp-json\/wp\/v2\/types\/post"}],"author":[{"embeddable":true,"href":"https:\/\/www.article-marketing.eu\/comunicati\/wp-json\/wp\/v2\/users\/10"}],"replies":[{"embeddable":true,"href":"https:\/\/www.article-marketing.eu\/comunicati\/wp-json\/wp\/v2\/comments?post=34951"}],"version-history":[{"count":0,"href":"https:\/\/www.article-marketing.eu\/comunicati\/wp-json\/wp\/v2\/posts\/34951\/revisions"}],"wp:attachment":[{"href":"https:\/\/www.article-marketing.eu\/comunicati\/wp-json\/wp\/v2\/media?parent=34951"}],"wp:term":[{"taxonomy":"category","embeddable":true,"href":"https:\/\/www.article-marketing.eu\/comunicati\/wp-json\/wp\/v2\/categories?post=34951"},{"taxonomy":"post_tag","embeddable":true,"href":"https:\/\/www.article-marketing.eu\/comunicati\/wp-json\/wp\/v2\/tags?post=34951"}],"curies":[{"name":"wp","href":"https:\/\/api.w.org\/{rel}","templated":true}]}}