{"id":3501,"date":"2009-11-30T10:37:44","date_gmt":"2009-11-30T09:37:44","guid":{"rendered":"http:\/\/www.article-marketing.eu\/comunicati\/senza-categoria\/corri-la-maratona-a-verona-una-delle-piu-belle-citt%e0-ditalia\/"},"modified":"2009-11-30T10:37:44","modified_gmt":"2009-11-30T09:37:44","slug":"corri-la-maratona-a-verona-una-delle-piu-belle-citt%e0-ditalia","status":"publish","type":"post","link":"https:\/\/www.article-marketing.eu\/comunicati\/salute-e-benessere\/sport\/corri-la-maratona-a-verona-una-delle-piu-belle-citt%e0-ditalia\/","title":{"rendered":"Corri la maratona a Verona, una delle pi\u00f9 belle citt\u00e0 d\u2019Italia"},"content":{"rendered":"<p>Verona \u00e8 la citt\u00e0 dell\u2019amore, famosa per il balcone di Giulietta, dove ogni anno coppie di innamorati si recano in pellegrinaggio. Verona \u00e8 citt\u00e0 ricca di arte e storia, con i suoi monumenti e luoghi famosi in tutto il mondo, primo fra tutti l\u2019Arena. Verona \u00e8 citt\u00e0 dalla forte tradizione eno-gastronomica, capace di attirare moltissimi buongustai anche grazie ai suoi prodotti e vini tipici. Se tutto questo non fosse abbastanza, sappiate che in febbraio Verona diventa anche citt\u00e0 dello sport, grazie alla maratona che si svolge per le vie della citt\u00e0. <\/p>\n<p>La maratona di Verona si \u00e8 svolta per la prima volta nella citt\u00e0 scaligera nel 2001, ma in pochi anni ha raggiunto fama e prestigio internazionali: per la Verona maratona 2010, che si svolger\u00e0 domenica 21 febbraio, gli organizzatori si aspettano circa 5000 iscritti, tra cui molti agonisti ma anche molti semplici appassionati di sport e di corsa, che approfittano della manifestazione per trascorrere una giornata particolare, all\u2019insegna dello sport e del divertimento, in una delle citt\u00e0 pi\u00f9 belle d\u2019Italia. Se i podisti pi\u00f9 preparati potranno cimentarsi con le gare pi\u00f9 impegnative, ossia la maratona di 42,195 km e la mezza maratona Verona di 21,097 km, per tutti gli altri sono previste delle valide alternative, capaci di andare incontro alle possibilit\u00e0 di tutti. Le famiglie, ma anche coloro che desiderano semplicemente farsi una corsetta o una passeggiata per le vie della citt\u00e0, potranno partecipare a \u201cFamily Run\u201d, una corsa non competitiva, mentre per gli irriducibili della rotella \u00e8 stata studiata la Roller Half Marathon, un percorso di 35 km da compiersi sui roller. Anche i diversamente abili potranno godersi questa giornata e mettersi alla prova, grazie alla Halfmarathon diversamente abili. <\/p>\n<p>Se avete qualche dubbio in merito alla partecipazione alla maratona (in fondo, di maratone in tutto il mondo ce ne sono parecchie, alcune molto pi\u00f9 famose di quella di Verona), pensate che in una citt\u00e0 meravigliosa come Verona una maratona non potr\u00e0 mai essere \u201csolo\u201d un evento sportivo: il maratona percorso si snoda infatti tra alcuni dei luoghi pi\u00f9 belli della citt\u00e0, e correre in un contesto del genere non pu\u00f2 che far bene all\u2019umore, e quindi anche alla prestazione. Con l\u2019ottava edizione della manifestazione, inoltre, si \u00e8 voluto esagerare: gli ultimi metri della maratona Verona si correranno infatti dentro l\u2019Arena. Il monumento veronese, conosciuto nel mondo anche perch\u00e9 teatro di eventi musicali unici e di un\u2019interessantissima stagione lirica, diventa per l\u2019occasione sede di un\u2019 importante manifestazione sportiva. Provate ad immaginarvi l\u2019ingresso nell\u2019arena, dopo chilometri di fatica e sudore: come novelli gladiatori i maratoneti, ossia i combattenti del giorno, potranno godersi l\u2019ingresso trionfale in una cornice pi\u00f9 che suggestiva, che non potr\u00e0 che dare uno stimolo in pi\u00f9 a concludere la gara nel migliore dei modi per poi ritornare soddisfatti al proprio <a href=\"http:\/\/www.hotelgardeniaverona.it\/\">hotel<\/a>. Anche per questo motivo, tra tutte le maratone Italia che si svolgono nel corso dell\u2019anno, quella di Verona promette di essere una delle pi\u00f9 apprezzate del 2010. <\/p>\n","protected":false},"excerpt":{"rendered":"<p>Anche per quest\u2019anno il calendario Verona si arricchisce di un evento sportivo di tutto rispetto, che si va ad aggiungere agli altri eventi culturali, artistici, fieristici, eno-gastronomici e musicali che hanno reso celebre la citt\u00e0 scaligera.<\/p>\n","protected":false},"author":10,"featured_media":0,"comment_status":"open","ping_status":"open","sticky":false,"template":"","format":"standard","meta":{"cybocfi_hide_featured_image":"","footnotes":""},"categories":[10],"tags":[11021,11023,11022,11024,11020],"class_list":["post-3501","post","type-post","status-publish","format-standard","hentry","category-sport","tag-calendario-verona","tag-maratona-percorso","tag-maratone-italia","tag-mezza-maratona-verona","tag-verona-maratona-2010"],"yoast_head":"<!-- This site is optimized with the Yoast SEO plugin v27.0 - https:\/\/yoast.com\/product\/yoast-seo-wordpress\/ -->\n<title>Corri la maratona a Verona, una delle pi\u00f9 belle citt\u00e0 d\u2019Italia - Article Marketing<\/title>\n<meta name=\"robots\" content=\"index, follow, max-snippet:-1, max-image-preview:large, max-video-preview:-1\" \/>\n<link rel=\"canonical\" href=\"https:\/\/www.article-marketing.eu\/comunicati\/salute-e-benessere\/sport\/corri-la-maratona-a-verona-una-delle-piu-belle-citt?-ditalia\/\" \/>\n<meta property=\"og:locale\" content=\"it_IT\" \/>\n<meta property=\"og:type\" content=\"article\" \/>\n<meta property=\"og:title\" content=\"Corri la maratona a Verona, una delle pi\u00f9 belle citt\u00e0 d\u2019Italia - Article Marketing\" \/>\n<meta property=\"og:description\" content=\"Anche per quest\u2019anno il calendario Verona si arricchisce di un evento sportivo di tutto rispetto, che si va ad aggiungere agli altri eventi culturali, artistici, fieristici, eno-gastronomici e musicali che hanno reso celebre la citt\u00e0 scaligera.\" \/>\n<meta property=\"og:url\" content=\"\" \/>\n<meta property=\"og:site_name\" content=\"Article Marketing\" \/>\n<meta property=\"article:published_time\" content=\"2009-11-30T09:37:44+00:00\" \/>\n<meta name=\"author\" content=\"Redazione Comunicati Stampa\" \/>\n<meta name=\"twitter:card\" content=\"summary_large_image\" \/>\n<meta name=\"twitter:label1\" content=\"Scritto da\" \/>\n\t<meta name=\"twitter:data1\" content=\"Redazione Comunicati Stampa\" \/>\n\t<meta name=\"twitter:label2\" content=\"Tempo di lettura stimato\" \/>\n\t<meta name=\"twitter:data2\" content=\"2 minuti\" \/>\n<script type=\"application\/ld+json\" class=\"yoast-schema-graph\">{\"@context\":\"https:\/\/schema.org\",\"@graph\":[{\"@type\":\"Article\",\"@id\":\"https:\/\/www.article-marketing.eu\/comunicati\/salute-e-benessere\/sport\/corri-la-maratona-a-verona-una-delle-piu-belle-citt%e0-ditalia\/#article\",\"isPartOf\":{\"@id\":\"https:\/\/www.article-marketing.eu\/comunicati\/salute-e-benessere\/sport\/corri-la-maratona-a-verona-una-delle-piu-belle-citt%e0-ditalia\/\"},\"author\":{\"name\":\"Redazione Comunicati Stampa\",\"@id\":\"https:\/\/www.article-marketing.eu\/comunicati\/#\/schema\/person\/44372e4d4d0fa797b18e03ed1ace9017\"},\"headline\":\"Corri la maratona a Verona, una delle pi\u00f9 belle citt\u00e0 d\u2019Italia\",\"datePublished\":\"2009-11-30T09:37:44+00:00\",\"mainEntityOfPage\":{\"@id\":\"https:\/\/www.article-marketing.eu\/comunicati\/salute-e-benessere\/sport\/corri-la-maratona-a-verona-una-delle-piu-belle-citt%e0-ditalia\/\"},\"wordCount\":502,\"commentCount\":0,\"keywords\":[\"calendario Verona\",\"maratona percorso\",\"maratone Italia\",\"mezza maratona Verona\",\"Verona maratona 2010\"],\"articleSection\":[\"Sport\"],\"inLanguage\":\"it-IT\",\"potentialAction\":[{\"@type\":\"CommentAction\",\"name\":\"Comment\",\"target\":[\"https:\/\/www.article-marketing.eu\/comunicati\/salute-e-benessere\/sport\/corri-la-maratona-a-verona-una-delle-piu-belle-citt%e0-ditalia\/#respond\"]}]},{\"@type\":\"WebPage\",\"@id\":\"https:\/\/www.article-marketing.eu\/comunicati\/salute-e-benessere\/sport\/corri-la-maratona-a-verona-una-delle-piu-belle-citt%e0-ditalia\/\",\"url\":\"https:\/\/www.article-marketing.eu\/comunicati\/salute-e-benessere\/sport\/corri-la-maratona-a-verona-una-delle-piu-belle-citt%e0-ditalia\/\",\"name\":\"Corri la maratona a Verona, una delle pi\u00f9 belle citt\u00e0 d\u2019Italia - Article Marketing\",\"isPartOf\":{\"@id\":\"https:\/\/www.article-marketing.eu\/comunicati\/#website\"},\"datePublished\":\"2009-11-30T09:37:44+00:00\",\"author\":{\"@id\":\"https:\/\/www.article-marketing.eu\/comunicati\/#\/schema\/person\/44372e4d4d0fa797b18e03ed1ace9017\"},\"breadcrumb\":{\"@id\":\"https:\/\/www.article-marketing.eu\/comunicati\/salute-e-benessere\/sport\/corri-la-maratona-a-verona-una-delle-piu-belle-citt%e0-ditalia\/#breadcrumb\"},\"inLanguage\":\"it-IT\",\"potentialAction\":[{\"@type\":\"ReadAction\",\"target\":[\"https:\/\/www.article-marketing.eu\/comunicati\/salute-e-benessere\/sport\/corri-la-maratona-a-verona-una-delle-piu-belle-citt%e0-ditalia\/\"]}]},{\"@type\":\"BreadcrumbList\",\"@id\":\"https:\/\/www.article-marketing.eu\/comunicati\/salute-e-benessere\/sport\/corri-la-maratona-a-verona-una-delle-piu-belle-citt%e0-ditalia\/#breadcrumb\",\"itemListElement\":[{\"@type\":\"ListItem\",\"position\":1,\"name\":\"Home\",\"item\":\"https:\/\/www.article-marketing.eu\/comunicati\/\"},{\"@type\":\"ListItem\",\"position\":2,\"name\":\"Corri la maratona a Verona, una delle pi\u00f9 belle citt\u00e0 d\u2019Italia\"}]},{\"@type\":\"WebSite\",\"@id\":\"https:\/\/www.article-marketing.eu\/comunicati\/#website\",\"url\":\"https:\/\/www.article-marketing.eu\/comunicati\/\",\"name\":\"Article Marketing\",\"description\":\"article marketing &amp; press release\",\"potentialAction\":[{\"@type\":\"SearchAction\",\"target\":{\"@type\":\"EntryPoint\",\"urlTemplate\":\"https:\/\/www.article-marketing.eu\/comunicati\/?s={search_term_string}\"},\"query-input\":{\"@type\":\"PropertyValueSpecification\",\"valueRequired\":true,\"valueName\":\"search_term_string\"}}],\"inLanguage\":\"it-IT\"},{\"@type\":\"Person\",\"@id\":\"https:\/\/www.article-marketing.eu\/comunicati\/#\/schema\/person\/44372e4d4d0fa797b18e03ed1ace9017\",\"name\":\"Redazione Comunicati Stampa\",\"image\":{\"@type\":\"ImageObject\",\"inLanguage\":\"it-IT\",\"@id\":\"https:\/\/www.article-marketing.eu\/comunicati\/#\/schema\/person\/image\/\",\"url\":\"https:\/\/secure.gravatar.com\/avatar\/50e5c6421d3072f42e7ace803501602c60d75233d34e29fd05feb91c8760b792?s=96&d=mm&r=g\",\"contentUrl\":\"https:\/\/secure.gravatar.com\/avatar\/50e5c6421d3072f42e7ace803501602c60d75233d34e29fd05feb91c8760b792?s=96&d=mm&r=g\",\"caption\":\"Redazione Comunicati Stampa\"},\"url\":\"https:\/\/www.article-marketing.eu\/comunicati\/author\/redazione-comunicati-stampa\/\"}]}<\/script>\n<!-- \/ Yoast SEO plugin. -->","yoast_head_json":{"title":"Corri la maratona a Verona, una delle pi\u00f9 belle citt\u00e0 d\u2019Italia - Article Marketing","robots":{"index":"index","follow":"follow","max-snippet":"max-snippet:-1","max-image-preview":"max-image-preview:large","max-video-preview":"max-video-preview:-1"},"canonical":"https:\/\/www.article-marketing.eu\/comunicati\/salute-e-benessere\/sport\/corri-la-maratona-a-verona-una-delle-piu-belle-citt?-ditalia\/","og_locale":"it_IT","og_type":"article","og_title":"Corri la maratona a Verona, una delle pi\u00f9 belle citt\u00e0 d\u2019Italia - Article Marketing","og_description":"Anche per quest\u2019anno il calendario Verona si arricchisce di un evento sportivo di tutto rispetto, che si va ad aggiungere agli altri eventi culturali, artistici, fieristici, eno-gastronomici e musicali che hanno reso celebre la citt\u00e0 scaligera.","og_url":"https:\/\/www.article-marketing.eu\/comunicati\/salute-e-benessere\/sport\/corri-la-maratona-a-verona-una-delle-piu-belle-citt?-ditalia\/","og_site_name":"Article Marketing","article_published_time":"2009-11-30T09:37:44+00:00","author":"Redazione Comunicati Stampa","twitter_card":"summary_large_image","twitter_misc":{"Scritto da":"Redazione Comunicati Stampa","Tempo di lettura stimato":"2 minuti"},"schema":{"@context":"https:\/\/schema.org","@graph":[{"@type":"Article","@id":"https:\/\/www.article-marketing.eu\/comunicati\/salute-e-benessere\/sport\/corri-la-maratona-a-verona-una-delle-piu-belle-citt%e0-ditalia\/#article","isPartOf":{"@id":"https:\/\/www.article-marketing.eu\/comunicati\/salute-e-benessere\/sport\/corri-la-maratona-a-verona-una-delle-piu-belle-citt%e0-ditalia\/"},"author":{"name":"Redazione Comunicati Stampa","@id":"https:\/\/www.article-marketing.eu\/comunicati\/#\/schema\/person\/44372e4d4d0fa797b18e03ed1ace9017"},"headline":"Corri la maratona a Verona, una delle pi\u00f9 belle citt\u00e0 d\u2019Italia","datePublished":"2009-11-30T09:37:44+00:00","mainEntityOfPage":{"@id":"https:\/\/www.article-marketing.eu\/comunicati\/salute-e-benessere\/sport\/corri-la-maratona-a-verona-una-delle-piu-belle-citt%e0-ditalia\/"},"wordCount":502,"commentCount":0,"keywords":["calendario Verona","maratona percorso","maratone Italia","mezza maratona Verona","Verona maratona 2010"],"articleSection":["Sport"],"inLanguage":"it-IT","potentialAction":[{"@type":"CommentAction","name":"Comment","target":["https:\/\/www.article-marketing.eu\/comunicati\/salute-e-benessere\/sport\/corri-la-maratona-a-verona-una-delle-piu-belle-citt%e0-ditalia\/#respond"]}]},{"@type":"WebPage","@id":"https:\/\/www.article-marketing.eu\/comunicati\/salute-e-benessere\/sport\/corri-la-maratona-a-verona-una-delle-piu-belle-citt%e0-ditalia\/","url":"https:\/\/www.article-marketing.eu\/comunicati\/salute-e-benessere\/sport\/corri-la-maratona-a-verona-una-delle-piu-belle-citt%e0-ditalia\/","name":"Corri la maratona a Verona, una delle pi\u00f9 belle citt\u00e0 d\u2019Italia - Article Marketing","isPartOf":{"@id":"https:\/\/www.article-marketing.eu\/comunicati\/#website"},"datePublished":"2009-11-30T09:37:44+00:00","author":{"@id":"https:\/\/www.article-marketing.eu\/comunicati\/#\/schema\/person\/44372e4d4d0fa797b18e03ed1ace9017"},"breadcrumb":{"@id":"https:\/\/www.article-marketing.eu\/comunicati\/salute-e-benessere\/sport\/corri-la-maratona-a-verona-una-delle-piu-belle-citt%e0-ditalia\/#breadcrumb"},"inLanguage":"it-IT","potentialAction":[{"@type":"ReadAction","target":["https:\/\/www.article-marketing.eu\/comunicati\/salute-e-benessere\/sport\/corri-la-maratona-a-verona-una-delle-piu-belle-citt%e0-ditalia\/"]}]},{"@type":"BreadcrumbList","@id":"https:\/\/www.article-marketing.eu\/comunicati\/salute-e-benessere\/sport\/corri-la-maratona-a-verona-una-delle-piu-belle-citt%e0-ditalia\/#breadcrumb","itemListElement":[{"@type":"ListItem","position":1,"name":"Home","item":"https:\/\/www.article-marketing.eu\/comunicati\/"},{"@type":"ListItem","position":2,"name":"Corri la maratona a Verona, una delle pi\u00f9 belle citt\u00e0 d\u2019Italia"}]},{"@type":"WebSite","@id":"https:\/\/www.article-marketing.eu\/comunicati\/#website","url":"https:\/\/www.article-marketing.eu\/comunicati\/","name":"Article Marketing","description":"article marketing &amp; press release","potentialAction":[{"@type":"SearchAction","target":{"@type":"EntryPoint","urlTemplate":"https:\/\/www.article-marketing.eu\/comunicati\/?s={search_term_string}"},"query-input":{"@type":"PropertyValueSpecification","valueRequired":true,"valueName":"search_term_string"}}],"inLanguage":"it-IT"},{"@type":"Person","@id":"https:\/\/www.article-marketing.eu\/comunicati\/#\/schema\/person\/44372e4d4d0fa797b18e03ed1ace9017","name":"Redazione Comunicati Stampa","image":{"@type":"ImageObject","inLanguage":"it-IT","@id":"https:\/\/www.article-marketing.eu\/comunicati\/#\/schema\/person\/image\/","url":"https:\/\/secure.gravatar.com\/avatar\/50e5c6421d3072f42e7ace803501602c60d75233d34e29fd05feb91c8760b792?s=96&d=mm&r=g","contentUrl":"https:\/\/secure.gravatar.com\/avatar\/50e5c6421d3072f42e7ace803501602c60d75233d34e29fd05feb91c8760b792?s=96&d=mm&r=g","caption":"Redazione Comunicati Stampa"},"url":"https:\/\/www.article-marketing.eu\/comunicati\/author\/redazione-comunicati-stampa\/"}]}},"_links":{"self":[{"href":"https:\/\/www.article-marketing.eu\/comunicati\/wp-json\/wp\/v2\/posts\/3501","targetHints":{"allow":["GET"]}}],"collection":[{"href":"https:\/\/www.article-marketing.eu\/comunicati\/wp-json\/wp\/v2\/posts"}],"about":[{"href":"https:\/\/www.article-marketing.eu\/comunicati\/wp-json\/wp\/v2\/types\/post"}],"author":[{"embeddable":true,"href":"https:\/\/www.article-marketing.eu\/comunicati\/wp-json\/wp\/v2\/users\/10"}],"replies":[{"embeddable":true,"href":"https:\/\/www.article-marketing.eu\/comunicati\/wp-json\/wp\/v2\/comments?post=3501"}],"version-history":[{"count":0,"href":"https:\/\/www.article-marketing.eu\/comunicati\/wp-json\/wp\/v2\/posts\/3501\/revisions"}],"wp:attachment":[{"href":"https:\/\/www.article-marketing.eu\/comunicati\/wp-json\/wp\/v2\/media?parent=3501"}],"wp:term":[{"taxonomy":"category","embeddable":true,"href":"https:\/\/www.article-marketing.eu\/comunicati\/wp-json\/wp\/v2\/categories?post=3501"},{"taxonomy":"post_tag","embeddable":true,"href":"https:\/\/www.article-marketing.eu\/comunicati\/wp-json\/wp\/v2\/tags?post=3501"}],"curies":[{"name":"wp","href":"https:\/\/api.w.org\/{rel}","templated":true}]}}