{"id":3503,"date":"2009-11-30T13:04:13","date_gmt":"2009-11-30T12:04:13","guid":{"rendered":"http:\/\/www.article-marketing.eu\/comunicati\/senza-categoria\/eventi-invernali-e-arte-a-venezia\/"},"modified":"2009-11-30T13:04:13","modified_gmt":"2009-11-30T12:04:13","slug":"eventi-invernali-e-arte-a-venezia","status":"publish","type":"post","link":"https:\/\/www.article-marketing.eu\/comunicati\/viaggi-e-vacanze\/eventi-invernali-e-arte-a-venezia\/","title":{"rendered":"Eventi invernali e arte a Venezia"},"content":{"rendered":"<p class=\"MsoNormal\">Ovunque in Italia esiste un ricco patrimonio artistico e<br \/>\narchitettonico, una ricchezza enorme, sia per il forte richiamo turistico che<br \/>\ndal punto di vista culturale e dello studio. Venezia \u00e8 una delle citt\u00e0 che<br \/>\nmeglio ha conservato il suo patrimonio, una citt\u00e0 che tuttora si dedica in<br \/>\nmassima parte alla conservazione del suo patrimonio artistico, e soprattutto<br \/>\nalla sua diffusione, con innumerevoli mostre ed esibizioni. La ricchezza di<br \/>\neventi di questa citt\u00e0 \u00e8 testimoniata da numerosissimi eventi, a partire dalla Biennale<br \/>\nfino alle collezioni private, alle mostre organizzate dalle fondazioni italiane<br \/>\ne straniere, e da moltissime &lt;a href=&quot;http:\/\/www.hotelcanalgrande.it\/ita\/offerteSpeciali.asp&quot;&gt;offerte hotel venezia&lt;\/a&gt;. \u00c8<br \/>\ncos\u00ec che ogni mese \u00e8 possibile visitare importanti esibizioni.<\/p>\n<p class=\"MsoNormal\">&nbsp;<\/p>\n<p class=\"MsoNormal\">Una di queste importanti esibizioni \u00e8 quella che si tiene<br \/>\nsull\u2019isola di Torcello, aperta gi\u00e0 dal 29 Agosto e visitabile fino al 10<br \/>\ngennaio intitolata \u201cAlle origini di Venezia. Tra Oriente e Occidente.\u201d La<br \/>\nmostra si tiene al Museo Diocesano e celebra i mille anni di storia della<br \/>\nBasilica di Santa Maria Assunta di Torcello, eretta nel lontano 1008. La luce<br \/>\ndi Bisanzio, il colore di Torcello, l\u2019oro di Venezia. Tre note singolari che<br \/>\ndanno vita ad una mostra eccezionale, per celebrare uno dei principali luoghi<br \/>\ndi pellegrinaggio artistico e culturale degli ultimi secoli. Una mostra \u201cviva\u201d,<br \/>\nche racconta la grande storia dai primi insediamenti lagunari alla fine del<br \/>\nDuecento attraverso gli splendori di quell&#8217;arte che, generatasi a Bisanzio,<br \/>\ntrover\u00e0 nella laguna veneta l\u2019ambiente ideale in cui crescere e svilupparsi,<br \/>\ndando origine a novit\u00e0 di forme ed espressioni che costituiscono, ancora oggi,<br \/>\nla magia di Torcello e il fascino di Venezia.<\/p>\n<p class=\"MsoNormal\">&nbsp;<\/p>\n<p class=\"MsoNormal\">Un altro importantissimo evento, \u00e8 la mostra dedicata a Leonardo<br \/>\nDa Vinci dal titolo \u201cLeonardo \u2013 L\u2019uomo vitruviano fra arte e scienza\u201d. La<br \/>\nmostra ha luogo alle Gallerie dell\u2019Accademia dal 10 ottobre 2009 al 10 gennaio<br \/>\n2010, un\u2019ottima zona per soggiornare in uno degli &lt;a href=&quot;http:\/\/www.hotelcanalgrande.it\/ita\/posizione.asp&quot;&gt;alberghi centro Venezia&lt;\/a&gt;. Il<br \/>\nceleberrimo disegno Uomo Vitruviano di Leonardo da Vinci, diventato ormai<br \/>\nl\u2019icona della civilt\u00e0 occidentale, \u00e8 conservato alle Galleria dell\u2019Accademia<br \/>\nfin dal 1822. Finalmente, dopo sette anni dalla sua ultima esposizione al<br \/>\npubblico verr\u00e0 nuovamente esposto.<\/p>\n<p class=\"MsoNormal\">Una rara occasione per ammirare dal vivo il celeberrimo disegno di<br \/>\nLeonardo da Vinci raffigurante le proporzioni umane secondo i canoni<br \/>\nantropometrici dell\u2019architetto romano Vitruvio Pollio del II secolo d.C., detto<br \/>\nUomo Vitruviano.<\/p>\n<p class=\"MsoNormal\">L\u2019esposizione sar\u00e0 corredata da un apposito apparato didattico,<br \/>\npredisposto anche per disabili visivi, e con applicazioni multimediali.<\/p>\n<p class=\"MsoNormal\">&nbsp;<\/p>\n<p class=\"MsoNormal\">Dobbiamo poi ricordare la mostra intitolata \u201cPendergast in Italia\u201d<br \/>\nche riunisce per la prima volta le opere che l\u2019artista americano Maurice<br \/>\nPrendergast realizz\u00f2 all\u2019indomani di due importanti viaggi in Italia &#8211; il primo<br \/>\nnel 1898, il secondo nel 1911: un corpus che costituisce oggi uno degli esempi<br \/>\npi\u00f9 rappresentativi e illuminanti dell\u2019arte americana. L\u2019esposizione avr\u00e0 luogo<br \/>\npresso la Collezione Peggy Guggenheim dal 10 ottobre al 3 gennaio. <\/p>\n<p class=\"MsoNormal\">&nbsp;<\/p>\n<p class=\"MsoNormal\">Questo \u00e8 solo un assaggio di cosa aspetta il visitatore che<br \/>\nsoggiorni a Venezia per qualche giorno, regalandosi un soggiorno in uno degli &lt;a href=&quot;http:\/\/www.hotelcanalgrande.it\/ita\/servizi.asp&quot;&gt;alberghi 4 stelle Venezia&lt;\/a&gt;. Un<br \/>\ninverno pieno quindi di colori e emozioni.<\/p>\n","protected":false},"excerpt":{"rendered":"<p>Persino chi non \u00e8 mai stato a Venezia sogna prima o poi di visitare questa citt\u00e0 cos\u00ec diversa da ogni altra nel mondo. Una visita che non lascia mai delusi, con le mille sorprese che promette questa citt\u00e0.<\/p>\n","protected":false},"author":10,"featured_media":0,"comment_status":"open","ping_status":"open","sticky":false,"template":"","format":"standard","meta":{"cybocfi_hide_featured_image":"","footnotes":""},"categories":[280],"tags":[11028,11027,8665],"class_list":["post-3503","post","type-post","status-publish","format-standard","hentry","category-viaggi-e-vacanze","tag-alberghi-4-stelle-venezia","tag-alberghi-centro-venezia","tag-offerte-hotel-venezia"],"yoast_head":"<!-- This site is optimized with the Yoast SEO plugin v27.0 - https:\/\/yoast.com\/product\/yoast-seo-wordpress\/ -->\n<title>Eventi invernali e arte a Venezia - Article Marketing<\/title>\n<meta name=\"robots\" content=\"index, follow, max-snippet:-1, max-image-preview:large, max-video-preview:-1\" \/>\n<link rel=\"canonical\" href=\"https:\/\/www.article-marketing.eu\/comunicati\/viaggi-e-vacanze\/eventi-invernali-e-arte-a-venezia\/\" \/>\n<meta property=\"og:locale\" content=\"it_IT\" \/>\n<meta property=\"og:type\" content=\"article\" \/>\n<meta property=\"og:title\" content=\"Eventi invernali e arte a Venezia - Article Marketing\" \/>\n<meta property=\"og:description\" content=\"Persino chi non \u00e8 mai stato a Venezia sogna prima o poi di visitare questa citt\u00e0 cos\u00ec diversa da ogni altra nel mondo. Una visita che non lascia mai delusi, con le mille sorprese che promette questa citt\u00e0.\" \/>\n<meta property=\"og:url\" content=\"https:\/\/www.article-marketing.eu\/comunicati\/viaggi-e-vacanze\/eventi-invernali-e-arte-a-venezia\/\" \/>\n<meta property=\"og:site_name\" content=\"Article Marketing\" \/>\n<meta property=\"article:published_time\" content=\"2009-11-30T12:04:13+00:00\" \/>\n<meta name=\"author\" content=\"Redazione Comunicati Stampa\" \/>\n<meta name=\"twitter:card\" content=\"summary_large_image\" \/>\n<meta name=\"twitter:label1\" content=\"Scritto da\" \/>\n\t<meta name=\"twitter:data1\" content=\"Redazione Comunicati Stampa\" \/>\n\t<meta name=\"twitter:label2\" content=\"Tempo di lettura stimato\" \/>\n\t<meta name=\"twitter:data2\" content=\"3 minuti\" \/>\n<script type=\"application\/ld+json\" class=\"yoast-schema-graph\">{\"@context\":\"https:\/\/schema.org\",\"@graph\":[{\"@type\":\"Article\",\"@id\":\"https:\/\/www.article-marketing.eu\/comunicati\/viaggi-e-vacanze\/eventi-invernali-e-arte-a-venezia\/#article\",\"isPartOf\":{\"@id\":\"https:\/\/www.article-marketing.eu\/comunicati\/viaggi-e-vacanze\/eventi-invernali-e-arte-a-venezia\/\"},\"author\":{\"name\":\"Redazione Comunicati Stampa\",\"@id\":\"https:\/\/www.article-marketing.eu\/comunicati\/#\/schema\/person\/44372e4d4d0fa797b18e03ed1ace9017\"},\"headline\":\"Eventi invernali e arte a Venezia\",\"datePublished\":\"2009-11-30T12:04:13+00:00\",\"mainEntityOfPage\":{\"@id\":\"https:\/\/www.article-marketing.eu\/comunicati\/viaggi-e-vacanze\/eventi-invernali-e-arte-a-venezia\/\"},\"wordCount\":546,\"commentCount\":0,\"keywords\":[\"alberghi 4 stelle venezia\",\"alberghi centro venezia\",\"offerte hotel venezia\"],\"articleSection\":[\"Viaggi e vacanze\"],\"inLanguage\":\"it-IT\",\"potentialAction\":[{\"@type\":\"CommentAction\",\"name\":\"Comment\",\"target\":[\"https:\/\/www.article-marketing.eu\/comunicati\/viaggi-e-vacanze\/eventi-invernali-e-arte-a-venezia\/#respond\"]}]},{\"@type\":\"WebPage\",\"@id\":\"https:\/\/www.article-marketing.eu\/comunicati\/viaggi-e-vacanze\/eventi-invernali-e-arte-a-venezia\/\",\"url\":\"https:\/\/www.article-marketing.eu\/comunicati\/viaggi-e-vacanze\/eventi-invernali-e-arte-a-venezia\/\",\"name\":\"Eventi invernali e arte a Venezia - Article Marketing\",\"isPartOf\":{\"@id\":\"https:\/\/www.article-marketing.eu\/comunicati\/#website\"},\"datePublished\":\"2009-11-30T12:04:13+00:00\",\"author\":{\"@id\":\"https:\/\/www.article-marketing.eu\/comunicati\/#\/schema\/person\/44372e4d4d0fa797b18e03ed1ace9017\"},\"breadcrumb\":{\"@id\":\"https:\/\/www.article-marketing.eu\/comunicati\/viaggi-e-vacanze\/eventi-invernali-e-arte-a-venezia\/#breadcrumb\"},\"inLanguage\":\"it-IT\",\"potentialAction\":[{\"@type\":\"ReadAction\",\"target\":[\"https:\/\/www.article-marketing.eu\/comunicati\/viaggi-e-vacanze\/eventi-invernali-e-arte-a-venezia\/\"]}]},{\"@type\":\"BreadcrumbList\",\"@id\":\"https:\/\/www.article-marketing.eu\/comunicati\/viaggi-e-vacanze\/eventi-invernali-e-arte-a-venezia\/#breadcrumb\",\"itemListElement\":[{\"@type\":\"ListItem\",\"position\":1,\"name\":\"Home\",\"item\":\"https:\/\/www.article-marketing.eu\/comunicati\/\"},{\"@type\":\"ListItem\",\"position\":2,\"name\":\"Eventi invernali e arte a Venezia\"}]},{\"@type\":\"WebSite\",\"@id\":\"https:\/\/www.article-marketing.eu\/comunicati\/#website\",\"url\":\"https:\/\/www.article-marketing.eu\/comunicati\/\",\"name\":\"Article Marketing\",\"description\":\"article marketing &amp; press release\",\"potentialAction\":[{\"@type\":\"SearchAction\",\"target\":{\"@type\":\"EntryPoint\",\"urlTemplate\":\"https:\/\/www.article-marketing.eu\/comunicati\/?s={search_term_string}\"},\"query-input\":{\"@type\":\"PropertyValueSpecification\",\"valueRequired\":true,\"valueName\":\"search_term_string\"}}],\"inLanguage\":\"it-IT\"},{\"@type\":\"Person\",\"@id\":\"https:\/\/www.article-marketing.eu\/comunicati\/#\/schema\/person\/44372e4d4d0fa797b18e03ed1ace9017\",\"name\":\"Redazione Comunicati Stampa\",\"image\":{\"@type\":\"ImageObject\",\"inLanguage\":\"it-IT\",\"@id\":\"https:\/\/www.article-marketing.eu\/comunicati\/#\/schema\/person\/image\/\",\"url\":\"https:\/\/secure.gravatar.com\/avatar\/50e5c6421d3072f42e7ace803501602c60d75233d34e29fd05feb91c8760b792?s=96&d=mm&r=g\",\"contentUrl\":\"https:\/\/secure.gravatar.com\/avatar\/50e5c6421d3072f42e7ace803501602c60d75233d34e29fd05feb91c8760b792?s=96&d=mm&r=g\",\"caption\":\"Redazione Comunicati Stampa\"},\"url\":\"https:\/\/www.article-marketing.eu\/comunicati\/author\/redazione-comunicati-stampa\/\"}]}<\/script>\n<!-- \/ Yoast SEO plugin. -->","yoast_head_json":{"title":"Eventi invernali e arte a Venezia - Article Marketing","robots":{"index":"index","follow":"follow","max-snippet":"max-snippet:-1","max-image-preview":"max-image-preview:large","max-video-preview":"max-video-preview:-1"},"canonical":"https:\/\/www.article-marketing.eu\/comunicati\/viaggi-e-vacanze\/eventi-invernali-e-arte-a-venezia\/","og_locale":"it_IT","og_type":"article","og_title":"Eventi invernali e arte a Venezia - Article Marketing","og_description":"Persino chi non \u00e8 mai stato a Venezia sogna prima o poi di visitare questa citt\u00e0 cos\u00ec diversa da ogni altra nel mondo. Una visita che non lascia mai delusi, con le mille sorprese che promette questa citt\u00e0.","og_url":"https:\/\/www.article-marketing.eu\/comunicati\/viaggi-e-vacanze\/eventi-invernali-e-arte-a-venezia\/","og_site_name":"Article Marketing","article_published_time":"2009-11-30T12:04:13+00:00","author":"Redazione Comunicati Stampa","twitter_card":"summary_large_image","twitter_misc":{"Scritto da":"Redazione Comunicati Stampa","Tempo di lettura stimato":"3 minuti"},"schema":{"@context":"https:\/\/schema.org","@graph":[{"@type":"Article","@id":"https:\/\/www.article-marketing.eu\/comunicati\/viaggi-e-vacanze\/eventi-invernali-e-arte-a-venezia\/#article","isPartOf":{"@id":"https:\/\/www.article-marketing.eu\/comunicati\/viaggi-e-vacanze\/eventi-invernali-e-arte-a-venezia\/"},"author":{"name":"Redazione Comunicati Stampa","@id":"https:\/\/www.article-marketing.eu\/comunicati\/#\/schema\/person\/44372e4d4d0fa797b18e03ed1ace9017"},"headline":"Eventi invernali e arte a Venezia","datePublished":"2009-11-30T12:04:13+00:00","mainEntityOfPage":{"@id":"https:\/\/www.article-marketing.eu\/comunicati\/viaggi-e-vacanze\/eventi-invernali-e-arte-a-venezia\/"},"wordCount":546,"commentCount":0,"keywords":["alberghi 4 stelle venezia","alberghi centro venezia","offerte hotel venezia"],"articleSection":["Viaggi e vacanze"],"inLanguage":"it-IT","potentialAction":[{"@type":"CommentAction","name":"Comment","target":["https:\/\/www.article-marketing.eu\/comunicati\/viaggi-e-vacanze\/eventi-invernali-e-arte-a-venezia\/#respond"]}]},{"@type":"WebPage","@id":"https:\/\/www.article-marketing.eu\/comunicati\/viaggi-e-vacanze\/eventi-invernali-e-arte-a-venezia\/","url":"https:\/\/www.article-marketing.eu\/comunicati\/viaggi-e-vacanze\/eventi-invernali-e-arte-a-venezia\/","name":"Eventi invernali e arte a Venezia - Article Marketing","isPartOf":{"@id":"https:\/\/www.article-marketing.eu\/comunicati\/#website"},"datePublished":"2009-11-30T12:04:13+00:00","author":{"@id":"https:\/\/www.article-marketing.eu\/comunicati\/#\/schema\/person\/44372e4d4d0fa797b18e03ed1ace9017"},"breadcrumb":{"@id":"https:\/\/www.article-marketing.eu\/comunicati\/viaggi-e-vacanze\/eventi-invernali-e-arte-a-venezia\/#breadcrumb"},"inLanguage":"it-IT","potentialAction":[{"@type":"ReadAction","target":["https:\/\/www.article-marketing.eu\/comunicati\/viaggi-e-vacanze\/eventi-invernali-e-arte-a-venezia\/"]}]},{"@type":"BreadcrumbList","@id":"https:\/\/www.article-marketing.eu\/comunicati\/viaggi-e-vacanze\/eventi-invernali-e-arte-a-venezia\/#breadcrumb","itemListElement":[{"@type":"ListItem","position":1,"name":"Home","item":"https:\/\/www.article-marketing.eu\/comunicati\/"},{"@type":"ListItem","position":2,"name":"Eventi invernali e arte a Venezia"}]},{"@type":"WebSite","@id":"https:\/\/www.article-marketing.eu\/comunicati\/#website","url":"https:\/\/www.article-marketing.eu\/comunicati\/","name":"Article Marketing","description":"article marketing &amp; press release","potentialAction":[{"@type":"SearchAction","target":{"@type":"EntryPoint","urlTemplate":"https:\/\/www.article-marketing.eu\/comunicati\/?s={search_term_string}"},"query-input":{"@type":"PropertyValueSpecification","valueRequired":true,"valueName":"search_term_string"}}],"inLanguage":"it-IT"},{"@type":"Person","@id":"https:\/\/www.article-marketing.eu\/comunicati\/#\/schema\/person\/44372e4d4d0fa797b18e03ed1ace9017","name":"Redazione Comunicati Stampa","image":{"@type":"ImageObject","inLanguage":"it-IT","@id":"https:\/\/www.article-marketing.eu\/comunicati\/#\/schema\/person\/image\/","url":"https:\/\/secure.gravatar.com\/avatar\/50e5c6421d3072f42e7ace803501602c60d75233d34e29fd05feb91c8760b792?s=96&d=mm&r=g","contentUrl":"https:\/\/secure.gravatar.com\/avatar\/50e5c6421d3072f42e7ace803501602c60d75233d34e29fd05feb91c8760b792?s=96&d=mm&r=g","caption":"Redazione Comunicati Stampa"},"url":"https:\/\/www.article-marketing.eu\/comunicati\/author\/redazione-comunicati-stampa\/"}]}},"_links":{"self":[{"href":"https:\/\/www.article-marketing.eu\/comunicati\/wp-json\/wp\/v2\/posts\/3503","targetHints":{"allow":["GET"]}}],"collection":[{"href":"https:\/\/www.article-marketing.eu\/comunicati\/wp-json\/wp\/v2\/posts"}],"about":[{"href":"https:\/\/www.article-marketing.eu\/comunicati\/wp-json\/wp\/v2\/types\/post"}],"author":[{"embeddable":true,"href":"https:\/\/www.article-marketing.eu\/comunicati\/wp-json\/wp\/v2\/users\/10"}],"replies":[{"embeddable":true,"href":"https:\/\/www.article-marketing.eu\/comunicati\/wp-json\/wp\/v2\/comments?post=3503"}],"version-history":[{"count":0,"href":"https:\/\/www.article-marketing.eu\/comunicati\/wp-json\/wp\/v2\/posts\/3503\/revisions"}],"wp:attachment":[{"href":"https:\/\/www.article-marketing.eu\/comunicati\/wp-json\/wp\/v2\/media?parent=3503"}],"wp:term":[{"taxonomy":"category","embeddable":true,"href":"https:\/\/www.article-marketing.eu\/comunicati\/wp-json\/wp\/v2\/categories?post=3503"},{"taxonomy":"post_tag","embeddable":true,"href":"https:\/\/www.article-marketing.eu\/comunicati\/wp-json\/wp\/v2\/tags?post=3503"}],"curies":[{"name":"wp","href":"https:\/\/api.w.org\/{rel}","templated":true}]}}