{"id":3504,"date":"2009-11-30T13:14:58","date_gmt":"2009-11-30T12:14:58","guid":{"rendered":"http:\/\/www.article-marketing.eu\/comunicati\/senza-categoria\/gas-tutto-compreso-scegli-la-taglia-e-se-la-rispetti-sai-quanto-paghi\/"},"modified":"2018-07-10T05:27:15","modified_gmt":"2018-07-10T03:27:15","slug":"gas-tutto-compreso-scegli-la-taglia-e-se-la-rispetti-sai-quanto-paghi","status":"publish","type":"post","link":"https:\/\/www.article-marketing.eu\/comunicati\/comunicati-stampa\/gas-tutto-compreso-scegli-la-taglia-e-se-la-rispetti-sai-quanto-paghi\/","title":{"rendered":"Gas Tutto Compreso: scegli la taglia e se la rispetti sai quanto paghi"},"content":{"rendered":"<p>Enel Energia ha pensato a tutti: dai single alle famiglie numerose, per soddisfare i diversi consumi e non ricevere sorprese a fine mese, ecco quattro taglie a cui corrispondono quattro prezzi&nbsp; in bolletta, Iva e imposte escluse.<br \/>Small \u00e8 la taglia che ti d\u00e0 la possibilit\u00e0 di un prezzo mensile di 10 euro&nbsp; solo per le forniture di Trentino Alto Adige, Lombardia, Veneto, Friuli Venezia Giulia, ed Emilia Romagna, e un prezzo mensile di 10,4 euro solo per le forniture di Valle d\u2019Aosta, Piemonte, Liguria, Toscana, Lazio, Umbria, Marche, Abruzzo, Molise, Campania, Basilicata, Puglia, Calabria e Sicilia tutto compreso, iva e imposte escluse, valido per 12 mesi a partire dall\u2019attivazione della fornitura, per un consumo fino a 120 mc\/anno.<\/p>\n<p>Medium \u00e8 la taglia che ti d\u00e0 la possibilit\u00e0 di un prezzo mensile di 25 euro&nbsp; solo per le forniture di Trentino Alto Adige, Lombardia, Veneto, Friuli Venezia Giulia, ed Emilia Romagna, e un prezzo mensile di 26,6 euro solo per le forniture di Valle d\u2019Aosta, Piemonte, Liguria, Toscana, Lazio, Umbria, Marche, Abruzzo, Molise, Campania, Basilicata, Puglia, Calabria e Sicilia tutto compreso, iva e imposte escluse, valido per 12 mesi a partire dall\u2019attivazione della fornitura, per un consumo fino a 480 mc\/anno<\/p>\n<p>Large&nbsp; \u00e8 la taglia che ti d\u00e0 la possibilit\u00e0 di un prezzo mensile di 45 euro&nbsp; solo per le forniture di Trentino Alto Adige, Lombardia, Veneto, Friuli Venezia Giulia, ed Emilia Romagna, e un prezzo mensile di 48,8 euro solo per le forniture di Valle d\u2019Aosta, Piemonte, Liguria, Toscana, Lazio, Umbria, Marche, Abruzzo, Molise, Campania, Basilicata, Puglia, Calabria e Sicilia tutto compreso, iva e imposte escluse, valido per 12 mesi a partire dall\u2019attivazione della fornitura, per un consumo fino a 1.000 mc\/anno.<\/p>\n<p>ExtraLarge&nbsp; \u00e8 la taglia che ti d\u00e0 la possibilit\u00e0 di un prezzo mensile di 84 euro solo per le forniture di Trentino Alto Adige, Lombardia, Veneto, Friuli Venezia Giulia, ed Emilia Romagna, e un prezzo mensile di 90 euro&nbsp; solo per le forniture di Valle d\u2019Aosta, Piemonte, Liguria, Toscana, Lazio, Umbria, Marche, Abruzzo, Molise, Campania, Basilicata, Puglia, Calabria e Sicilia tutto compreso, iva e imposte escluse, valido per 12 mesi a partire dall\u2019attivazione della fornitura, per un consumo fino a 2.000 mc\/anno<\/p>\n<p>Per i consumi eccedenti la taglia scelta si applicher\u00e0 un prezzo unitario, tutto compreso, IVA e imposte escluse di 0,5 Euro\/mc per forniture a siti ubicati nelle regioni: Valle D\u2019Aosta, Piemonte, Liguria, Toscana, Umbria, Marche, Abruzzo, Molise, Puglia, Basilicata, Lazio, Campania, Calabria e Sicilia e di 0,448 Euro\/mc per forniture a siti ubicati nelle regioni:Lombardia, Trentino, Alto Adige, Veneto, Friuli Venezia Giulia, Emilia Romagna.<br \/>Gas Tutto Compreso: taglia rispettata e spesa assicurata!<\/p>\n<p><strong>Informazioni utili<\/strong><br \/>L\u2019offerta Gas Tutto Compreso \u00e8 dedicata alle nuove utenze di Enel Energia<br \/>I prezzi sono \u201ctutto compreso\u201d iva e imposte escluse e sono fissi ed invariabili per 12 mesiDecorsi 12 mesi dall\u2019attivazione verr\u00e0 determinato l\u2019eventuale quantitativo di gas consumato oltre la soglia annuale. Per periodi inferiori, in caso di cessazione anticipata, il suddetto conguaglio sar\u00e0 calcolato riproporzionando i consumi di cui alla soglia scelta ai giorni di effettivo consumo<br \/>La promozione &quot;un mese la tua taglia \u00e8 gratis&quot; sar\u00e0 riconosciuta decorso un anno dall&#8217; attivazione della fornitura<br \/>Il programma Enelpremia \u00e8 valido fino al 30 giugno 2010. I punti saranno accreditati solo al momento dell&#8217; effettiva attivazione della fornitura. Consulta il regolamento.<br \/>L\u2019 intestatario del nuovo contratto con Enel Energia deve essere lo stesso del contratto con il precedente fornitore di gas.<br \/>Per conoscere le aree in cui \u00e8 attivabile l\u2019offerta pu\u00f2 consultare il sito enelenergia.it o chiamare il numero verde 800.900.860<br \/>&nbsp;<\/p>\n","protected":false},"excerpt":{"rendered":"<p>Enel Energia ha pensato a tutti: dai single alle famiglie numerose, per soddisfare i diversi consumi e non ricevere sorprese a fine mese, ecco quattro taglie a cui corrispondono quattro prezzi  in bolletta, Iva e imposte escluse.<\/p>\n","protected":false},"author":10,"featured_media":0,"comment_status":"open","ping_status":"open","sticky":false,"template":"","format":"standard","meta":{"cybocfi_hide_featured_image":"","footnotes":""},"categories":[190],"tags":[3325,10922,2836,3663,113,5493,6617,10921],"class_list":["post-3504","post","type-post","status-publish","format-standard","hentry","category-comunicati-stampa","tag-bolletta","tag-convenienza","tag-elettricita","tag-enel","tag-energia","tag-gas","tag-offerta","tag-tutto-compreso"],"yoast_head":"<!-- This site is optimized with the Yoast SEO plugin v27.0 - https:\/\/yoast.com\/product\/yoast-seo-wordpress\/ -->\n<title>Gas Tutto Compreso: scegli la taglia e se la rispetti sai quanto paghi - Article Marketing<\/title>\n<meta name=\"robots\" content=\"index, follow, max-snippet:-1, max-image-preview:large, max-video-preview:-1\" \/>\n<link rel=\"canonical\" href=\"https:\/\/www.article-marketing.eu\/comunicati\/comunicati-stampa\/gas-tutto-compreso-scegli-la-taglia-e-se-la-rispetti-sai-quanto-paghi\/\" \/>\n<meta property=\"og:locale\" content=\"it_IT\" \/>\n<meta property=\"og:type\" content=\"article\" \/>\n<meta property=\"og:title\" content=\"Gas Tutto Compreso: scegli la taglia e se la rispetti sai quanto paghi - Article Marketing\" \/>\n<meta property=\"og:description\" content=\"Enel Energia ha pensato a tutti: dai single alle famiglie numerose, per soddisfare i diversi consumi e non ricevere sorprese a fine mese, ecco quattro taglie a cui corrispondono quattro prezzi in bolletta, Iva e imposte escluse.\" \/>\n<meta property=\"og:url\" content=\"https:\/\/www.article-marketing.eu\/comunicati\/comunicati-stampa\/gas-tutto-compreso-scegli-la-taglia-e-se-la-rispetti-sai-quanto-paghi\/\" \/>\n<meta property=\"og:site_name\" content=\"Article Marketing\" \/>\n<meta property=\"article:published_time\" content=\"2009-11-30T12:14:58+00:00\" \/>\n<meta property=\"article:modified_time\" content=\"2018-07-10T03:27:15+00:00\" \/>\n<meta name=\"author\" content=\"Redazione Comunicati Stampa\" \/>\n<meta name=\"twitter:card\" content=\"summary_large_image\" \/>\n<meta name=\"twitter:label1\" content=\"Scritto da\" \/>\n\t<meta name=\"twitter:data1\" content=\"Redazione Comunicati Stampa\" \/>\n\t<meta name=\"twitter:label2\" content=\"Tempo di lettura stimato\" \/>\n\t<meta name=\"twitter:data2\" content=\"3 minuti\" \/>\n<script type=\"application\/ld+json\" class=\"yoast-schema-graph\">{\"@context\":\"https:\/\/schema.org\",\"@graph\":[{\"@type\":\"Article\",\"@id\":\"https:\/\/www.article-marketing.eu\/comunicati\/comunicati-stampa\/gas-tutto-compreso-scegli-la-taglia-e-se-la-rispetti-sai-quanto-paghi\/#article\",\"isPartOf\":{\"@id\":\"https:\/\/www.article-marketing.eu\/comunicati\/comunicati-stampa\/gas-tutto-compreso-scegli-la-taglia-e-se-la-rispetti-sai-quanto-paghi\/\"},\"author\":{\"name\":\"Redazione Comunicati Stampa\",\"@id\":\"https:\/\/www.article-marketing.eu\/comunicati\/#\/schema\/person\/44372e4d4d0fa797b18e03ed1ace9017\"},\"headline\":\"Gas Tutto Compreso: scegli la taglia e se la rispetti sai quanto paghi\",\"datePublished\":\"2009-11-30T12:14:58+00:00\",\"dateModified\":\"2018-07-10T03:27:15+00:00\",\"mainEntityOfPage\":{\"@id\":\"https:\/\/www.article-marketing.eu\/comunicati\/comunicati-stampa\/gas-tutto-compreso-scegli-la-taglia-e-se-la-rispetti-sai-quanto-paghi\/\"},\"wordCount\":601,\"commentCount\":0,\"keywords\":[\"bolletta\",\"convenienza\",\"elettricita'\",\"enel\",\"energia\",\"gas\",\"offerta\",\"tutto compreso\"],\"articleSection\":[\"Comunicati stampa\"],\"inLanguage\":\"it-IT\",\"potentialAction\":[{\"@type\":\"CommentAction\",\"name\":\"Comment\",\"target\":[\"https:\/\/www.article-marketing.eu\/comunicati\/comunicati-stampa\/gas-tutto-compreso-scegli-la-taglia-e-se-la-rispetti-sai-quanto-paghi\/#respond\"]}]},{\"@type\":\"WebPage\",\"@id\":\"https:\/\/www.article-marketing.eu\/comunicati\/comunicati-stampa\/gas-tutto-compreso-scegli-la-taglia-e-se-la-rispetti-sai-quanto-paghi\/\",\"url\":\"https:\/\/www.article-marketing.eu\/comunicati\/comunicati-stampa\/gas-tutto-compreso-scegli-la-taglia-e-se-la-rispetti-sai-quanto-paghi\/\",\"name\":\"Gas Tutto Compreso: scegli la taglia e se la rispetti sai quanto paghi - Article Marketing\",\"isPartOf\":{\"@id\":\"https:\/\/www.article-marketing.eu\/comunicati\/#website\"},\"datePublished\":\"2009-11-30T12:14:58+00:00\",\"dateModified\":\"2018-07-10T03:27:15+00:00\",\"author\":{\"@id\":\"https:\/\/www.article-marketing.eu\/comunicati\/#\/schema\/person\/44372e4d4d0fa797b18e03ed1ace9017\"},\"breadcrumb\":{\"@id\":\"https:\/\/www.article-marketing.eu\/comunicati\/comunicati-stampa\/gas-tutto-compreso-scegli-la-taglia-e-se-la-rispetti-sai-quanto-paghi\/#breadcrumb\"},\"inLanguage\":\"it-IT\",\"potentialAction\":[{\"@type\":\"ReadAction\",\"target\":[\"https:\/\/www.article-marketing.eu\/comunicati\/comunicati-stampa\/gas-tutto-compreso-scegli-la-taglia-e-se-la-rispetti-sai-quanto-paghi\/\"]}]},{\"@type\":\"BreadcrumbList\",\"@id\":\"https:\/\/www.article-marketing.eu\/comunicati\/comunicati-stampa\/gas-tutto-compreso-scegli-la-taglia-e-se-la-rispetti-sai-quanto-paghi\/#breadcrumb\",\"itemListElement\":[{\"@type\":\"ListItem\",\"position\":1,\"name\":\"Home\",\"item\":\"https:\/\/www.article-marketing.eu\/comunicati\/\"},{\"@type\":\"ListItem\",\"position\":2,\"name\":\"Gas Tutto Compreso: scegli la taglia e se la rispetti sai quanto paghi\"}]},{\"@type\":\"WebSite\",\"@id\":\"https:\/\/www.article-marketing.eu\/comunicati\/#website\",\"url\":\"https:\/\/www.article-marketing.eu\/comunicati\/\",\"name\":\"Article Marketing\",\"description\":\"article marketing &amp; press release\",\"potentialAction\":[{\"@type\":\"SearchAction\",\"target\":{\"@type\":\"EntryPoint\",\"urlTemplate\":\"https:\/\/www.article-marketing.eu\/comunicati\/?s={search_term_string}\"},\"query-input\":{\"@type\":\"PropertyValueSpecification\",\"valueRequired\":true,\"valueName\":\"search_term_string\"}}],\"inLanguage\":\"it-IT\"},{\"@type\":\"Person\",\"@id\":\"https:\/\/www.article-marketing.eu\/comunicati\/#\/schema\/person\/44372e4d4d0fa797b18e03ed1ace9017\",\"name\":\"Redazione Comunicati Stampa\",\"image\":{\"@type\":\"ImageObject\",\"inLanguage\":\"it-IT\",\"@id\":\"https:\/\/www.article-marketing.eu\/comunicati\/#\/schema\/person\/image\/\",\"url\":\"https:\/\/secure.gravatar.com\/avatar\/50e5c6421d3072f42e7ace803501602c60d75233d34e29fd05feb91c8760b792?s=96&d=mm&r=g\",\"contentUrl\":\"https:\/\/secure.gravatar.com\/avatar\/50e5c6421d3072f42e7ace803501602c60d75233d34e29fd05feb91c8760b792?s=96&d=mm&r=g\",\"caption\":\"Redazione Comunicati Stampa\"},\"url\":\"https:\/\/www.article-marketing.eu\/comunicati\/author\/redazione-comunicati-stampa\/\"}]}<\/script>\n<!-- \/ Yoast SEO plugin. -->","yoast_head_json":{"title":"Gas Tutto Compreso: scegli la taglia e se la rispetti sai quanto paghi - Article Marketing","robots":{"index":"index","follow":"follow","max-snippet":"max-snippet:-1","max-image-preview":"max-image-preview:large","max-video-preview":"max-video-preview:-1"},"canonical":"https:\/\/www.article-marketing.eu\/comunicati\/comunicati-stampa\/gas-tutto-compreso-scegli-la-taglia-e-se-la-rispetti-sai-quanto-paghi\/","og_locale":"it_IT","og_type":"article","og_title":"Gas Tutto Compreso: scegli la taglia e se la rispetti sai quanto paghi - Article Marketing","og_description":"Enel Energia ha pensato a tutti: dai single alle famiglie numerose, per soddisfare i diversi consumi e non ricevere sorprese a fine mese, ecco quattro taglie a cui corrispondono quattro prezzi in bolletta, Iva e imposte escluse.","og_url":"https:\/\/www.article-marketing.eu\/comunicati\/comunicati-stampa\/gas-tutto-compreso-scegli-la-taglia-e-se-la-rispetti-sai-quanto-paghi\/","og_site_name":"Article Marketing","article_published_time":"2009-11-30T12:14:58+00:00","article_modified_time":"2018-07-10T03:27:15+00:00","author":"Redazione Comunicati Stampa","twitter_card":"summary_large_image","twitter_misc":{"Scritto da":"Redazione Comunicati Stampa","Tempo di lettura stimato":"3 minuti"},"schema":{"@context":"https:\/\/schema.org","@graph":[{"@type":"Article","@id":"https:\/\/www.article-marketing.eu\/comunicati\/comunicati-stampa\/gas-tutto-compreso-scegli-la-taglia-e-se-la-rispetti-sai-quanto-paghi\/#article","isPartOf":{"@id":"https:\/\/www.article-marketing.eu\/comunicati\/comunicati-stampa\/gas-tutto-compreso-scegli-la-taglia-e-se-la-rispetti-sai-quanto-paghi\/"},"author":{"name":"Redazione Comunicati Stampa","@id":"https:\/\/www.article-marketing.eu\/comunicati\/#\/schema\/person\/44372e4d4d0fa797b18e03ed1ace9017"},"headline":"Gas Tutto Compreso: scegli la taglia e se la rispetti sai quanto paghi","datePublished":"2009-11-30T12:14:58+00:00","dateModified":"2018-07-10T03:27:15+00:00","mainEntityOfPage":{"@id":"https:\/\/www.article-marketing.eu\/comunicati\/comunicati-stampa\/gas-tutto-compreso-scegli-la-taglia-e-se-la-rispetti-sai-quanto-paghi\/"},"wordCount":601,"commentCount":0,"keywords":["bolletta","convenienza","elettricita'","enel","energia","gas","offerta","tutto compreso"],"articleSection":["Comunicati stampa"],"inLanguage":"it-IT","potentialAction":[{"@type":"CommentAction","name":"Comment","target":["https:\/\/www.article-marketing.eu\/comunicati\/comunicati-stampa\/gas-tutto-compreso-scegli-la-taglia-e-se-la-rispetti-sai-quanto-paghi\/#respond"]}]},{"@type":"WebPage","@id":"https:\/\/www.article-marketing.eu\/comunicati\/comunicati-stampa\/gas-tutto-compreso-scegli-la-taglia-e-se-la-rispetti-sai-quanto-paghi\/","url":"https:\/\/www.article-marketing.eu\/comunicati\/comunicati-stampa\/gas-tutto-compreso-scegli-la-taglia-e-se-la-rispetti-sai-quanto-paghi\/","name":"Gas Tutto Compreso: scegli la taglia e se la rispetti sai quanto paghi - Article Marketing","isPartOf":{"@id":"https:\/\/www.article-marketing.eu\/comunicati\/#website"},"datePublished":"2009-11-30T12:14:58+00:00","dateModified":"2018-07-10T03:27:15+00:00","author":{"@id":"https:\/\/www.article-marketing.eu\/comunicati\/#\/schema\/person\/44372e4d4d0fa797b18e03ed1ace9017"},"breadcrumb":{"@id":"https:\/\/www.article-marketing.eu\/comunicati\/comunicati-stampa\/gas-tutto-compreso-scegli-la-taglia-e-se-la-rispetti-sai-quanto-paghi\/#breadcrumb"},"inLanguage":"it-IT","potentialAction":[{"@type":"ReadAction","target":["https:\/\/www.article-marketing.eu\/comunicati\/comunicati-stampa\/gas-tutto-compreso-scegli-la-taglia-e-se-la-rispetti-sai-quanto-paghi\/"]}]},{"@type":"BreadcrumbList","@id":"https:\/\/www.article-marketing.eu\/comunicati\/comunicati-stampa\/gas-tutto-compreso-scegli-la-taglia-e-se-la-rispetti-sai-quanto-paghi\/#breadcrumb","itemListElement":[{"@type":"ListItem","position":1,"name":"Home","item":"https:\/\/www.article-marketing.eu\/comunicati\/"},{"@type":"ListItem","position":2,"name":"Gas Tutto Compreso: scegli la taglia e se la rispetti sai quanto paghi"}]},{"@type":"WebSite","@id":"https:\/\/www.article-marketing.eu\/comunicati\/#website","url":"https:\/\/www.article-marketing.eu\/comunicati\/","name":"Article Marketing","description":"article marketing &amp; press release","potentialAction":[{"@type":"SearchAction","target":{"@type":"EntryPoint","urlTemplate":"https:\/\/www.article-marketing.eu\/comunicati\/?s={search_term_string}"},"query-input":{"@type":"PropertyValueSpecification","valueRequired":true,"valueName":"search_term_string"}}],"inLanguage":"it-IT"},{"@type":"Person","@id":"https:\/\/www.article-marketing.eu\/comunicati\/#\/schema\/person\/44372e4d4d0fa797b18e03ed1ace9017","name":"Redazione Comunicati Stampa","image":{"@type":"ImageObject","inLanguage":"it-IT","@id":"https:\/\/www.article-marketing.eu\/comunicati\/#\/schema\/person\/image\/","url":"https:\/\/secure.gravatar.com\/avatar\/50e5c6421d3072f42e7ace803501602c60d75233d34e29fd05feb91c8760b792?s=96&d=mm&r=g","contentUrl":"https:\/\/secure.gravatar.com\/avatar\/50e5c6421d3072f42e7ace803501602c60d75233d34e29fd05feb91c8760b792?s=96&d=mm&r=g","caption":"Redazione Comunicati Stampa"},"url":"https:\/\/www.article-marketing.eu\/comunicati\/author\/redazione-comunicati-stampa\/"}]}},"_links":{"self":[{"href":"https:\/\/www.article-marketing.eu\/comunicati\/wp-json\/wp\/v2\/posts\/3504","targetHints":{"allow":["GET"]}}],"collection":[{"href":"https:\/\/www.article-marketing.eu\/comunicati\/wp-json\/wp\/v2\/posts"}],"about":[{"href":"https:\/\/www.article-marketing.eu\/comunicati\/wp-json\/wp\/v2\/types\/post"}],"author":[{"embeddable":true,"href":"https:\/\/www.article-marketing.eu\/comunicati\/wp-json\/wp\/v2\/users\/10"}],"replies":[{"embeddable":true,"href":"https:\/\/www.article-marketing.eu\/comunicati\/wp-json\/wp\/v2\/comments?post=3504"}],"version-history":[{"count":2,"href":"https:\/\/www.article-marketing.eu\/comunicati\/wp-json\/wp\/v2\/posts\/3504\/revisions"}],"predecessor-version":[{"id":61562,"href":"https:\/\/www.article-marketing.eu\/comunicati\/wp-json\/wp\/v2\/posts\/3504\/revisions\/61562"}],"wp:attachment":[{"href":"https:\/\/www.article-marketing.eu\/comunicati\/wp-json\/wp\/v2\/media?parent=3504"}],"wp:term":[{"taxonomy":"category","embeddable":true,"href":"https:\/\/www.article-marketing.eu\/comunicati\/wp-json\/wp\/v2\/categories?post=3504"},{"taxonomy":"post_tag","embeddable":true,"href":"https:\/\/www.article-marketing.eu\/comunicati\/wp-json\/wp\/v2\/tags?post=3504"}],"curies":[{"name":"wp","href":"https:\/\/api.w.org\/{rel}","templated":true}]}}