{"id":3505,"date":"2009-11-30T14:13:04","date_gmt":"2009-11-30T13:13:04","guid":{"rendered":"http:\/\/www.article-marketing.eu\/comunicati\/senza-categoria\/biliardi-cavicchi-alla-fiera-del-lusso-sul-lago-di-como\/"},"modified":"2009-11-30T14:13:04","modified_gmt":"2009-11-30T13:13:04","slug":"biliardi-cavicchi-alla-fiera-del-lusso-sul-lago-di-como","status":"publish","type":"post","link":"https:\/\/www.article-marketing.eu\/comunicati\/comunicati-stampa\/eventi\/biliardi-cavicchi-alla-fiera-del-lusso-sul-lago-di-como\/","title":{"rendered":"Biliardi Cavicchi alla fiera del lusso sul Lago di Como"},"content":{"rendered":"<p>Ci sar\u00e0 anche <a title=\"Cavicchi alla Luxury on the Lake\" href=\"http:\/\/www.biliardi-cavicchi.it\/dettaglio_news\/0\/21\/CAVICCHI_ALLA_FIERA_DEL_LUSSO_DI_CERNOBBIO_(CO).htm\" target=\"_blank\"><strong>CAVICCHI BILIARDI<\/strong><\/a> alla fiera del lusso che avverr\u00e0 dal 3 al 6 dicembre 2009, a Cernobbio in provincia di Como (CO). Qui&nbsp;si terr\u00e0 l\u2019esclusivo evento intitolato&nbsp;\u201cLuxury on the Lake\u201d, che rappresenta un appuntamento internazionale riservato ai protagonisti e agli amanti del settore <em>Luxury Lifestyle<\/em>. Quest\u2019anno sar\u00e0 presente anche <strong>Biliardi Cavicchi<\/strong>, che avr\u00e0 l\u2019occasione di presentare i suoi nuovi modelli&nbsp;appositamente realizzati per la&nbsp;collezione <strong>Luxury. <\/strong>L&#8217;evento si terr\u00e0 per quattro giorni sul lago di Como,&nbsp;all\u2019interno di un contesto esclusivo qual\u2019\u00e8 l\u2019elegante scenario di Villa Erba, uno spazio delizioso che si staglia tra storia e cultura, ma nel pieno della contemporaneit\u00e0, luogo ovvero che gli organizzatori hanno ritenuto perfetto per esporre il top del trendly luxury italiano e non solo.<\/p>\n<p>Per 4 giorni dunque&nbsp;sar\u00e0 lo scenario del Lago di Como a diventare il punto d\u2019incontro che coniuga l\u2019eleganza e lo charme che da sempre contraddistinguono il settore del lusso (luxury), potendo contare su una cornice naturale quale quella del lago, caratterizzata da un clima mite che comprende panorami mozzafiato e luoghi di aggregazione esclusivi, perfetti per la diffusione del nome Luxury italiano.<\/p>\n<p>L\u2019esposizione di <strong>Tavoli da Biliardo &quot;Luxury&quot; realizzati da Biliardi Cavicchi<\/strong> si potr\u00e0 raggiungere all\u2019interno della prestigiosa Villa Erba&nbsp;nell\u2019ala \u201cLario\u201d (stand n.50), dove verranno presentati i nuovi ed esclusivi modelli di tavoli da biliardo e complementi d\u2019arredo della categoria Luxury. La linea <em>\u201cLuxury Billiards\u201d<\/em> dei Biliardi Cavicchi consiste nella realizzazione di un prodotto esclusivo e personalizzato. Un modello unico, ideato secondo le specifiche esigenze del cliente per completare con un tocco di classe l\u2019arredamento di un ambiente esclusivo. La produzione del biliardo avviene in modo totalmente artigianale, per consentire la realizzazione di un prodotto unico ed esclusivo, che possa rispecchiare i gusti e le tendenze pi\u00f9 trendy e che possa diventare l\u2019ideale completamento del luxury ambient in un contesto oltremodo esclusivo.<\/p>\n<p>L\u2019esperienza pluriennale (produce biliardi sportivi dal 1938) di <strong>Cavicchi<\/strong> nella realizzazione di Biliardi sportivi di alta qualit\u00e0 ora si mette dunque al servizio del cliente privato, che potr\u00e0 cos\u00ec godere di un prodotto di altissima qualit\u00e0 tecnica, unitamente ad un design unico e lussuoso, creato apposta seguendo le indicazioni personali del cliente. Le finiture potranno essere personalizzate a piacimento, dal colore ai materiali utilizzati, ma anche nella definizione degli accessori, al fine di garantire la massima soddisfazione per un \u201cLuxury Billiard\u201d unico ed esclusivo.<\/p>\n<p>Per maggiori informazioni \u00e8 possibile visitare il sito ufficiale della manifestazione www.luxurylake.com, oppure inviare una mail con richiesta informazioni a info@cavicchi.it per avere maggiori delucidazioni sulla presenza di <strong>Biliardi Cavicchi<\/strong> all&#8217;evento esclusivo che si terr\u00e0 a Cernobbio (Co).<\/p>\n","protected":false},"excerpt":{"rendered":"<p>L&#8217;azienda Biliardi Cavicchi sar\u00e0 presente alla &#8220;Luxury on the Lake&#8221; che si terr\u00e0 a Cernobbio (CO) dal 3 al 6 dicembre 2009.<\/p>\n","protected":false},"author":10,"featured_media":0,"comment_status":"open","ping_status":"open","sticky":false,"template":"","format":"standard","meta":{"cybocfi_hide_featured_image":"","footnotes":""},"categories":[388],"tags":[11029,11031,2437,3368,11030],"class_list":["post-3505","post","type-post","status-publish","format-standard","hentry","category-eventi","tag-biliardi","tag-cernobbio","tag-fiera","tag-lusso","tag-luxury"],"yoast_head":"<!-- This site is optimized with the Yoast SEO plugin v27.0 - https:\/\/yoast.com\/product\/yoast-seo-wordpress\/ -->\n<title>Biliardi Cavicchi alla fiera del lusso sul Lago di Como - Article Marketing<\/title>\n<meta name=\"robots\" content=\"index, follow, max-snippet:-1, max-image-preview:large, max-video-preview:-1\" \/>\n<link rel=\"canonical\" href=\"https:\/\/www.article-marketing.eu\/comunicati\/comunicati-stampa\/eventi\/biliardi-cavicchi-alla-fiera-del-lusso-sul-lago-di-como\/\" \/>\n<meta property=\"og:locale\" content=\"it_IT\" \/>\n<meta property=\"og:type\" content=\"article\" \/>\n<meta property=\"og:title\" content=\"Biliardi Cavicchi alla fiera del lusso sul Lago di Como - Article Marketing\" \/>\n<meta property=\"og:description\" content=\"L&#039;azienda Biliardi Cavicchi sar\u00e0 presente alla &quot;Luxury on the Lake&quot; che si terr\u00e0 a Cernobbio (CO) dal 3 al 6 dicembre 2009.\" \/>\n<meta property=\"og:url\" content=\"https:\/\/www.article-marketing.eu\/comunicati\/comunicati-stampa\/eventi\/biliardi-cavicchi-alla-fiera-del-lusso-sul-lago-di-como\/\" \/>\n<meta property=\"og:site_name\" content=\"Article Marketing\" \/>\n<meta property=\"article:published_time\" content=\"2009-11-30T13:13:04+00:00\" \/>\n<meta name=\"author\" content=\"Redazione Comunicati Stampa\" \/>\n<meta name=\"twitter:card\" content=\"summary_large_image\" \/>\n<meta name=\"twitter:label1\" content=\"Scritto da\" \/>\n\t<meta name=\"twitter:data1\" content=\"Redazione Comunicati Stampa\" \/>\n\t<meta name=\"twitter:label2\" content=\"Tempo di lettura stimato\" \/>\n\t<meta name=\"twitter:data2\" content=\"2 minuti\" \/>\n<script type=\"application\/ld+json\" class=\"yoast-schema-graph\">{\"@context\":\"https:\/\/schema.org\",\"@graph\":[{\"@type\":\"Article\",\"@id\":\"https:\/\/www.article-marketing.eu\/comunicati\/comunicati-stampa\/eventi\/biliardi-cavicchi-alla-fiera-del-lusso-sul-lago-di-como\/#article\",\"isPartOf\":{\"@id\":\"https:\/\/www.article-marketing.eu\/comunicati\/comunicati-stampa\/eventi\/biliardi-cavicchi-alla-fiera-del-lusso-sul-lago-di-como\/\"},\"author\":{\"name\":\"Redazione Comunicati Stampa\",\"@id\":\"https:\/\/www.article-marketing.eu\/comunicati\/#\/schema\/person\/44372e4d4d0fa797b18e03ed1ace9017\"},\"headline\":\"Biliardi Cavicchi alla fiera del lusso sul Lago di Como\",\"datePublished\":\"2009-11-30T13:13:04+00:00\",\"mainEntityOfPage\":{\"@id\":\"https:\/\/www.article-marketing.eu\/comunicati\/comunicati-stampa\/eventi\/biliardi-cavicchi-alla-fiera-del-lusso-sul-lago-di-como\/\"},\"wordCount\":462,\"commentCount\":0,\"keywords\":[\"biliardi\",\"cernobbio\",\"fiera\",\"lusso\",\"luxury\"],\"articleSection\":[\"Eventi\"],\"inLanguage\":\"it-IT\",\"potentialAction\":[{\"@type\":\"CommentAction\",\"name\":\"Comment\",\"target\":[\"https:\/\/www.article-marketing.eu\/comunicati\/comunicati-stampa\/eventi\/biliardi-cavicchi-alla-fiera-del-lusso-sul-lago-di-como\/#respond\"]}]},{\"@type\":\"WebPage\",\"@id\":\"https:\/\/www.article-marketing.eu\/comunicati\/comunicati-stampa\/eventi\/biliardi-cavicchi-alla-fiera-del-lusso-sul-lago-di-como\/\",\"url\":\"https:\/\/www.article-marketing.eu\/comunicati\/comunicati-stampa\/eventi\/biliardi-cavicchi-alla-fiera-del-lusso-sul-lago-di-como\/\",\"name\":\"Biliardi Cavicchi alla fiera del lusso sul Lago di Como - Article Marketing\",\"isPartOf\":{\"@id\":\"https:\/\/www.article-marketing.eu\/comunicati\/#website\"},\"datePublished\":\"2009-11-30T13:13:04+00:00\",\"author\":{\"@id\":\"https:\/\/www.article-marketing.eu\/comunicati\/#\/schema\/person\/44372e4d4d0fa797b18e03ed1ace9017\"},\"breadcrumb\":{\"@id\":\"https:\/\/www.article-marketing.eu\/comunicati\/comunicati-stampa\/eventi\/biliardi-cavicchi-alla-fiera-del-lusso-sul-lago-di-como\/#breadcrumb\"},\"inLanguage\":\"it-IT\",\"potentialAction\":[{\"@type\":\"ReadAction\",\"target\":[\"https:\/\/www.article-marketing.eu\/comunicati\/comunicati-stampa\/eventi\/biliardi-cavicchi-alla-fiera-del-lusso-sul-lago-di-como\/\"]}]},{\"@type\":\"BreadcrumbList\",\"@id\":\"https:\/\/www.article-marketing.eu\/comunicati\/comunicati-stampa\/eventi\/biliardi-cavicchi-alla-fiera-del-lusso-sul-lago-di-como\/#breadcrumb\",\"itemListElement\":[{\"@type\":\"ListItem\",\"position\":1,\"name\":\"Home\",\"item\":\"https:\/\/www.article-marketing.eu\/comunicati\/\"},{\"@type\":\"ListItem\",\"position\":2,\"name\":\"Biliardi Cavicchi alla fiera del lusso sul Lago di Como\"}]},{\"@type\":\"WebSite\",\"@id\":\"https:\/\/www.article-marketing.eu\/comunicati\/#website\",\"url\":\"https:\/\/www.article-marketing.eu\/comunicati\/\",\"name\":\"Article Marketing\",\"description\":\"article marketing &amp; press release\",\"potentialAction\":[{\"@type\":\"SearchAction\",\"target\":{\"@type\":\"EntryPoint\",\"urlTemplate\":\"https:\/\/www.article-marketing.eu\/comunicati\/?s={search_term_string}\"},\"query-input\":{\"@type\":\"PropertyValueSpecification\",\"valueRequired\":true,\"valueName\":\"search_term_string\"}}],\"inLanguage\":\"it-IT\"},{\"@type\":\"Person\",\"@id\":\"https:\/\/www.article-marketing.eu\/comunicati\/#\/schema\/person\/44372e4d4d0fa797b18e03ed1ace9017\",\"name\":\"Redazione Comunicati Stampa\",\"image\":{\"@type\":\"ImageObject\",\"inLanguage\":\"it-IT\",\"@id\":\"https:\/\/www.article-marketing.eu\/comunicati\/#\/schema\/person\/image\/\",\"url\":\"https:\/\/secure.gravatar.com\/avatar\/50e5c6421d3072f42e7ace803501602c60d75233d34e29fd05feb91c8760b792?s=96&d=mm&r=g\",\"contentUrl\":\"https:\/\/secure.gravatar.com\/avatar\/50e5c6421d3072f42e7ace803501602c60d75233d34e29fd05feb91c8760b792?s=96&d=mm&r=g\",\"caption\":\"Redazione Comunicati Stampa\"},\"url\":\"https:\/\/www.article-marketing.eu\/comunicati\/author\/redazione-comunicati-stampa\/\"}]}<\/script>\n<!-- \/ Yoast SEO plugin. -->","yoast_head_json":{"title":"Biliardi Cavicchi alla fiera del lusso sul Lago di Como - Article Marketing","robots":{"index":"index","follow":"follow","max-snippet":"max-snippet:-1","max-image-preview":"max-image-preview:large","max-video-preview":"max-video-preview:-1"},"canonical":"https:\/\/www.article-marketing.eu\/comunicati\/comunicati-stampa\/eventi\/biliardi-cavicchi-alla-fiera-del-lusso-sul-lago-di-como\/","og_locale":"it_IT","og_type":"article","og_title":"Biliardi Cavicchi alla fiera del lusso sul Lago di Como - Article Marketing","og_description":"L'azienda Biliardi Cavicchi sar\u00e0 presente alla \"Luxury on the Lake\" che si terr\u00e0 a Cernobbio (CO) dal 3 al 6 dicembre 2009.","og_url":"https:\/\/www.article-marketing.eu\/comunicati\/comunicati-stampa\/eventi\/biliardi-cavicchi-alla-fiera-del-lusso-sul-lago-di-como\/","og_site_name":"Article Marketing","article_published_time":"2009-11-30T13:13:04+00:00","author":"Redazione Comunicati Stampa","twitter_card":"summary_large_image","twitter_misc":{"Scritto da":"Redazione Comunicati Stampa","Tempo di lettura stimato":"2 minuti"},"schema":{"@context":"https:\/\/schema.org","@graph":[{"@type":"Article","@id":"https:\/\/www.article-marketing.eu\/comunicati\/comunicati-stampa\/eventi\/biliardi-cavicchi-alla-fiera-del-lusso-sul-lago-di-como\/#article","isPartOf":{"@id":"https:\/\/www.article-marketing.eu\/comunicati\/comunicati-stampa\/eventi\/biliardi-cavicchi-alla-fiera-del-lusso-sul-lago-di-como\/"},"author":{"name":"Redazione Comunicati Stampa","@id":"https:\/\/www.article-marketing.eu\/comunicati\/#\/schema\/person\/44372e4d4d0fa797b18e03ed1ace9017"},"headline":"Biliardi Cavicchi alla fiera del lusso sul Lago di Como","datePublished":"2009-11-30T13:13:04+00:00","mainEntityOfPage":{"@id":"https:\/\/www.article-marketing.eu\/comunicati\/comunicati-stampa\/eventi\/biliardi-cavicchi-alla-fiera-del-lusso-sul-lago-di-como\/"},"wordCount":462,"commentCount":0,"keywords":["biliardi","cernobbio","fiera","lusso","luxury"],"articleSection":["Eventi"],"inLanguage":"it-IT","potentialAction":[{"@type":"CommentAction","name":"Comment","target":["https:\/\/www.article-marketing.eu\/comunicati\/comunicati-stampa\/eventi\/biliardi-cavicchi-alla-fiera-del-lusso-sul-lago-di-como\/#respond"]}]},{"@type":"WebPage","@id":"https:\/\/www.article-marketing.eu\/comunicati\/comunicati-stampa\/eventi\/biliardi-cavicchi-alla-fiera-del-lusso-sul-lago-di-como\/","url":"https:\/\/www.article-marketing.eu\/comunicati\/comunicati-stampa\/eventi\/biliardi-cavicchi-alla-fiera-del-lusso-sul-lago-di-como\/","name":"Biliardi Cavicchi alla fiera del lusso sul Lago di Como - Article Marketing","isPartOf":{"@id":"https:\/\/www.article-marketing.eu\/comunicati\/#website"},"datePublished":"2009-11-30T13:13:04+00:00","author":{"@id":"https:\/\/www.article-marketing.eu\/comunicati\/#\/schema\/person\/44372e4d4d0fa797b18e03ed1ace9017"},"breadcrumb":{"@id":"https:\/\/www.article-marketing.eu\/comunicati\/comunicati-stampa\/eventi\/biliardi-cavicchi-alla-fiera-del-lusso-sul-lago-di-como\/#breadcrumb"},"inLanguage":"it-IT","potentialAction":[{"@type":"ReadAction","target":["https:\/\/www.article-marketing.eu\/comunicati\/comunicati-stampa\/eventi\/biliardi-cavicchi-alla-fiera-del-lusso-sul-lago-di-como\/"]}]},{"@type":"BreadcrumbList","@id":"https:\/\/www.article-marketing.eu\/comunicati\/comunicati-stampa\/eventi\/biliardi-cavicchi-alla-fiera-del-lusso-sul-lago-di-como\/#breadcrumb","itemListElement":[{"@type":"ListItem","position":1,"name":"Home","item":"https:\/\/www.article-marketing.eu\/comunicati\/"},{"@type":"ListItem","position":2,"name":"Biliardi Cavicchi alla fiera del lusso sul Lago di Como"}]},{"@type":"WebSite","@id":"https:\/\/www.article-marketing.eu\/comunicati\/#website","url":"https:\/\/www.article-marketing.eu\/comunicati\/","name":"Article Marketing","description":"article marketing &amp; press release","potentialAction":[{"@type":"SearchAction","target":{"@type":"EntryPoint","urlTemplate":"https:\/\/www.article-marketing.eu\/comunicati\/?s={search_term_string}"},"query-input":{"@type":"PropertyValueSpecification","valueRequired":true,"valueName":"search_term_string"}}],"inLanguage":"it-IT"},{"@type":"Person","@id":"https:\/\/www.article-marketing.eu\/comunicati\/#\/schema\/person\/44372e4d4d0fa797b18e03ed1ace9017","name":"Redazione Comunicati Stampa","image":{"@type":"ImageObject","inLanguage":"it-IT","@id":"https:\/\/www.article-marketing.eu\/comunicati\/#\/schema\/person\/image\/","url":"https:\/\/secure.gravatar.com\/avatar\/50e5c6421d3072f42e7ace803501602c60d75233d34e29fd05feb91c8760b792?s=96&d=mm&r=g","contentUrl":"https:\/\/secure.gravatar.com\/avatar\/50e5c6421d3072f42e7ace803501602c60d75233d34e29fd05feb91c8760b792?s=96&d=mm&r=g","caption":"Redazione Comunicati Stampa"},"url":"https:\/\/www.article-marketing.eu\/comunicati\/author\/redazione-comunicati-stampa\/"}]}},"_links":{"self":[{"href":"https:\/\/www.article-marketing.eu\/comunicati\/wp-json\/wp\/v2\/posts\/3505","targetHints":{"allow":["GET"]}}],"collection":[{"href":"https:\/\/www.article-marketing.eu\/comunicati\/wp-json\/wp\/v2\/posts"}],"about":[{"href":"https:\/\/www.article-marketing.eu\/comunicati\/wp-json\/wp\/v2\/types\/post"}],"author":[{"embeddable":true,"href":"https:\/\/www.article-marketing.eu\/comunicati\/wp-json\/wp\/v2\/users\/10"}],"replies":[{"embeddable":true,"href":"https:\/\/www.article-marketing.eu\/comunicati\/wp-json\/wp\/v2\/comments?post=3505"}],"version-history":[{"count":0,"href":"https:\/\/www.article-marketing.eu\/comunicati\/wp-json\/wp\/v2\/posts\/3505\/revisions"}],"wp:attachment":[{"href":"https:\/\/www.article-marketing.eu\/comunicati\/wp-json\/wp\/v2\/media?parent=3505"}],"wp:term":[{"taxonomy":"category","embeddable":true,"href":"https:\/\/www.article-marketing.eu\/comunicati\/wp-json\/wp\/v2\/categories?post=3505"},{"taxonomy":"post_tag","embeddable":true,"href":"https:\/\/www.article-marketing.eu\/comunicati\/wp-json\/wp\/v2\/tags?post=3505"}],"curies":[{"name":"wp","href":"https:\/\/api.w.org\/{rel}","templated":true}]}}