{"id":35218,"date":"2013-06-13T12:59:56","date_gmt":"2013-06-13T10:59:56","guid":{"rendered":"http:\/\/www.article-marketing.eu\/comunicati\/senza-categoria\/cibi-e-libri-al-salone-sapori-da-sfogliare\/"},"modified":"2013-06-13T12:59:56","modified_gmt":"2013-06-13T10:59:56","slug":"cibi-e-libri-al-salone-sapori-da-sfogliare","status":"publish","type":"post","link":"https:\/\/www.article-marketing.eu\/comunicati\/comunicati-stampa\/eventi\/cibi-e-libri-al-salone-sapori-da-sfogliare\/","title":{"rendered":"Cibi e libri al salone &#8216;Sapori da Sfogliare&#8217;"},"content":{"rendered":"<p><strong style=\"font-family: Arial; font-size: 14pt; text-indent: -78pt;\">Fiera di Genova, 21-22-23 Giugno 2013<\/strong><\/p>\n<p>COMUNICATO STAMPA &ndash; 12 Giugno 2013<br \/>Mancano pochi giorni all&rsquo;inaugurazione del Salone del Libro e delle Eccellenze Enogastronomiche &ldquo;<strong>Sapori da<\/strong> <strong>Sfogliare<\/strong>&rdquo; che si svolger&agrave; presso la Fiera di Genova dal <strong>21 al 23 giugno 2013<\/strong>: una tre giorni a<strong> ingresso gratuito<\/strong>, interamente dedicata al gusto, dall&rsquo;accattivante sottotitolo &ldquo;<strong><em>Cibo, libri e&hellip;<\/em><\/strong>&rdquo;, che porter&agrave; volti, storie e assaggi di vini e di cibi, ma non solo. La rassegna presenter&agrave; dibattiti e letture, novit&agrave; editoriali e mostra mercato: il tutto per viaggiare, tra uno stand e uno show cooking, nel mondo del cibo d&rsquo;eccellenza.<br \/>&ldquo;Sapori da sfogliare&rdquo; patrocinato dalla Regione Liguria, dal Comune di Genova e da Unioncamere Piemonte, ha raccolto l&rsquo;interesse di espositori del settore agroalimentare e dell&rsquo;editoria enogastronomica provenienti da tutta Italia. Importante anche la presenza di enti ed associazioni che si sono prodigate per garantire una esaustiva panoramica delle eccellenze enogastronomiche. Ne &egrave; un esempio l&rsquo;Associazione Nazionale Citt&agrave; dell&rsquo;Olio che, oltre ad avere nel Salone una presenza significativa e rappresentativa di tutto il territorio italiano, intende valorizzare, insieme all&rsquo;olio, tutto il settore agroalimentare italiano; a questo proposito il venerd&igrave; dell&rsquo;apertura, appena dopo l&rsquo;inaugurazione, dar&agrave; il via al programma di incontri con la conversazione &ldquo;La comunicazione delle eccellenze. Nuovi modi di sfogliare gusti e luoghi&rdquo;, con l&rsquo;intento di aiutare le imprese a valorizzare l&rsquo;agroalimentare italiano, adottando forme e formule di comunicazione vincenti.<br \/>Non manca, nel calendario, la presenza delle regioni italiane che in particolare mettono in vetrina le loro eccellenze. Quale il Piemonte che, con il sistema delle Camere di Commercio ha coinvolto le aziende in un progetto di qualit&agrave; e di promozione che le vede raggruppate e rappresentate in un&rsquo;area dedicata. Protagonisti del Piemonte sono anche i vini dell&rsquo;alessandrino che hanno partecipato al 39&deg; Concorso Enologico &ldquo;Premio Marengo DOC&rdquo;; il nobile nettare sar&agrave; in bella mostra nell&rsquo;area dedicata alle degustazioni. <br \/>Sempre dal Piemonte arriva &#8216;Dire, fare e mangiare&#8217;, gli agnolotti raccontati, preparati e degustati caldi sul momento. <\/p>\n<p>Spiccano anche le iniziative liguri: tutti i giorni, negli orari di pranzo e di cena, ad esempio, con il &ldquo;Pesce a metro zero&rdquo; il pescato compir&agrave; un passo breve: dalle barche ormeggiate al tavolo dello chef per essere poi servito al momento. La paranza, a cura della lega Coop e Lega Pesca Liguria, sar&agrave; ispirata a uno dei libri dello chef, scrittore e gastronomo Fabio Picchi, una delle star di Sapori da sfogliare.<br \/>Non poteva mancare una forte impronta di sapori tipicamente genovesi: la F.E.P.A.G., (Federazione Esercizi Pubblici Associati Genova), insieme alle principali Associazioni del settore dell&rsquo;Accoglienza e della Ristorazione proporr&agrave; ai visitatori un assaggio verace del cuore della Liguria che non potranno dimenticare. Tutti i giorni in orario di pranzo e di cena, 12 tra i pi&ugrave; quotati ristoranti di Genova a rotazione cucineranno per i visitatori <strong>&ldquo;I piatti della cucina genovese&rdquo;, <\/strong>accompagnati da un buon bicchiere di vino ligure. A met&agrave; pomeriggio sar&agrave; la volta dei <strong>&ldquo;Dolci della tradizione genovese&rdquo;<\/strong>, per arrivare all&rsquo;ora dell&rsquo;aperitivo: i pi&ugrave; esperti barman di Genova tenteranno il pubblico con fantastici cocktails, aperitivi e drinks accompagnati da stuzzichini tutti genovesi. <br \/>Tra un assaggio e l&rsquo;altro non si potr&agrave; perdere l&rsquo;appuntamento con Umberto Curti, autore del volume &#8220;Il cibo in Liguria dalla preistoria all&#8217;et&agrave; romana&#8221;, impegnato nella conversazione del gusto &#8220;Di pane, di vino, di olio. Liguria del gusto tra passato e presente&#8221;. <\/p>\n<p>I sapori mediterranei, i racconti, le ricette e il folclore saranno degnamente rappresentati dalla Puglia, con un golosissimo programma di eventi tra taralli, vini, olio e formaggi, e poi dalla Calabria e dalla Sicilia che, oltre ad essere rappresentate nell&rsquo;esposizione, vedranno i loro piatti tipici cucinati dai migliori chef dell&rsquo;ICIF, la Scuola Internazionale di Cucina Italiana. <br \/>&ldquo;Sapori da sfogliare&rdquo; sar&agrave; anche l&rsquo;occasione per tutti gli appassionati di cucina di partecipare alla &ldquo;Cooking Academy&rdquo;, confrontarsi con gli chef e prendere lezioni da loro. Si potranno imparare &ldquo;in diretta&rdquo; dai guru della cucina le ricette regionali e tutti i trucchi per renderle delle vere e proprie specialit&agrave;, sia sui fornelli che sul Barbecue.<\/p>\n<p>L&rsquo;evento, promette di essere un&rsquo;imperdibile opportunit&agrave; di incontro tra cibo e letteratura, tra pagine di cultura e gusti alimentari, tra libri da sfogliare e pagine web. &ldquo;Sapori da sfogliare&rdquo; ha voluto dare spazio alle nuove forme di comunicazione e ai suoi protagonisti: i blogger, o meglio, in questo caso ai foodblogger. Ed ecco che molti di loro saranno presenti al salone per presentare i loro libri, le loro esperienze e per esibirsi in coinvolgenti ed interessantissimi show cooking: davanti ai fornelli daranno il meglio di s&eacute;, interagendo con il pubblico e creando un vero e proprio spettacolo della cucina! E ancora dedicato alle food-blogger, affinch&eacute; possano divulgare la cultura della qualit&agrave; anche sul web, ci sar&agrave; un corso per imparare ad assaggiare e riconoscere qualit&agrave;, genuinit&agrave; e tipicit&agrave; dell&rsquo;olio extravergine d&rsquo;oliva.<\/p>\n<p>In questo microcosmo di eccellenze enogastronomiche italiane, saranno parte integrante le presentazioni dei libri di cucina e di vini, di tradizioni agroalimentari , di curiosit&agrave;, di storia e cultura enogastronomica: dai libri presentati dal Salotto di Barolo &amp; Co. agli StarBooks Lab, dalle pubblicazioni Mondadori, DEAgostini o Rai Eri alle ricette territoriali, dai piccoli gioielli di cultura della tradizione contadina alla modernissima cucina del web.<\/p>\n<p>Sapori da sfogliare &egrave; una vetrina sul mondo del gusto tutta da assaggiare, da conoscere e da acquistare. <br \/>Ingresso gratuito. Orario: Venerd&igrave; e sabato dalle 10.00 alle 22.00, domenica dalle 10.00 alle 20.00. Sito internet: www.saporidasfogliare.it<\/p>\n","protected":false},"excerpt":{"rendered":"<p>Mancano pochi giorni all\u2019inaugurazione del Salone del Libro e delle Eccellenze Enogastronomiche \u201cSapori da Sfogliare\u201d che si svolger\u00e0 presso la Fiera di Genova dal 21 al 23 giugno 2013: una tre giorni a ingresso gratuito, interamente dedicata al gusto, dall\u2019accattivante sottotitolo \u201cCibo, libri e\u2026\u201d, che porter\u00e0 volti, storie e assaggi di vini e di cibi, ma non solo. La rassegna presenter\u00e0 dibattiti e letture, novit\u00e0 editoriali e mostra mercato: il tutto per viaggiare, tra uno stand e uno show cooking, nel mondo del cibo d\u2019eccellenza.<\/p>\n","protected":false},"author":10,"featured_media":0,"comment_status":"open","ping_status":"open","sticky":false,"template":"","format":"standard","meta":{"cybocfi_hide_featured_image":"","footnotes":""},"categories":[388],"tags":[3861,23393,4937,90,43395],"class_list":["post-35218","post","type-post","status-publish","format-standard","hentry","category-eventi","tag-cibo","tag-fiera-di-genova","tag-genova","tag-libri","tag-sapori-da-sfogliare"],"yoast_head":"<!-- This site is optimized with the Yoast SEO plugin v27.0 - https:\/\/yoast.com\/product\/yoast-seo-wordpress\/ -->\n<title>Cibi e libri al salone &#039;Sapori da Sfogliare&#039; - Article Marketing<\/title>\n<meta name=\"robots\" content=\"index, follow, max-snippet:-1, max-image-preview:large, max-video-preview:-1\" \/>\n<link rel=\"canonical\" href=\"https:\/\/www.article-marketing.eu\/comunicati\/comunicati-stampa\/eventi\/cibi-e-libri-al-salone-sapori-da-sfogliare\/\" \/>\n<meta property=\"og:locale\" content=\"it_IT\" \/>\n<meta property=\"og:type\" content=\"article\" \/>\n<meta property=\"og:title\" content=\"Cibi e libri al salone &#039;Sapori da Sfogliare&#039; - Article Marketing\" \/>\n<meta property=\"og:description\" content=\"Mancano pochi giorni all\u2019inaugurazione del Salone del Libro e delle Eccellenze Enogastronomiche \u201cSapori da Sfogliare\u201d che si svolger\u00e0 presso la Fiera di Genova dal 21 al 23 giugno 2013: una tre giorni a ingresso gratuito, interamente dedicata al gusto, dall\u2019accattivante sottotitolo \u201cCibo, libri e\u2026\u201d, che porter\u00e0 volti, storie e assaggi di vini e di cibi, ma non solo. La rassegna presenter\u00e0 dibattiti e letture, novit\u00e0 editoriali e mostra mercato: il tutto per viaggiare, tra uno stand e uno show cooking, nel mondo del cibo d\u2019eccellenza.\" \/>\n<meta property=\"og:url\" content=\"https:\/\/www.article-marketing.eu\/comunicati\/comunicati-stampa\/eventi\/cibi-e-libri-al-salone-sapori-da-sfogliare\/\" \/>\n<meta property=\"og:site_name\" content=\"Article Marketing\" \/>\n<meta property=\"article:published_time\" content=\"2013-06-13T10:59:56+00:00\" \/>\n<meta name=\"author\" content=\"Redazione Comunicati Stampa\" \/>\n<meta name=\"twitter:card\" content=\"summary_large_image\" \/>\n<meta name=\"twitter:label1\" content=\"Scritto da\" \/>\n\t<meta name=\"twitter:data1\" content=\"Redazione Comunicati Stampa\" \/>\n\t<meta name=\"twitter:label2\" content=\"Tempo di lettura stimato\" \/>\n\t<meta name=\"twitter:data2\" content=\"5 minuti\" \/>\n<script type=\"application\/ld+json\" class=\"yoast-schema-graph\">{\"@context\":\"https:\/\/schema.org\",\"@graph\":[{\"@type\":\"Article\",\"@id\":\"https:\/\/www.article-marketing.eu\/comunicati\/comunicati-stampa\/eventi\/cibi-e-libri-al-salone-sapori-da-sfogliare\/#article\",\"isPartOf\":{\"@id\":\"https:\/\/www.article-marketing.eu\/comunicati\/comunicati-stampa\/eventi\/cibi-e-libri-al-salone-sapori-da-sfogliare\/\"},\"author\":{\"name\":\"Redazione Comunicati Stampa\",\"@id\":\"https:\/\/www.article-marketing.eu\/comunicati\/#\/schema\/person\/44372e4d4d0fa797b18e03ed1ace9017\"},\"headline\":\"Cibi e libri al salone &#8216;Sapori da Sfogliare&#8217;\",\"datePublished\":\"2013-06-13T10:59:56+00:00\",\"mainEntityOfPage\":{\"@id\":\"https:\/\/www.article-marketing.eu\/comunicati\/comunicati-stampa\/eventi\/cibi-e-libri-al-salone-sapori-da-sfogliare\/\"},\"wordCount\":1006,\"commentCount\":0,\"keywords\":[\"cibo\",\"fiera di genova\",\"Genova\",\"libri\",\"Sapori da Sfogliare\"],\"articleSection\":[\"Eventi\"],\"inLanguage\":\"it-IT\",\"potentialAction\":[{\"@type\":\"CommentAction\",\"name\":\"Comment\",\"target\":[\"https:\/\/www.article-marketing.eu\/comunicati\/comunicati-stampa\/eventi\/cibi-e-libri-al-salone-sapori-da-sfogliare\/#respond\"]}]},{\"@type\":\"WebPage\",\"@id\":\"https:\/\/www.article-marketing.eu\/comunicati\/comunicati-stampa\/eventi\/cibi-e-libri-al-salone-sapori-da-sfogliare\/\",\"url\":\"https:\/\/www.article-marketing.eu\/comunicati\/comunicati-stampa\/eventi\/cibi-e-libri-al-salone-sapori-da-sfogliare\/\",\"name\":\"Cibi e libri al salone 'Sapori da Sfogliare' - Article Marketing\",\"isPartOf\":{\"@id\":\"https:\/\/www.article-marketing.eu\/comunicati\/#website\"},\"datePublished\":\"2013-06-13T10:59:56+00:00\",\"author\":{\"@id\":\"https:\/\/www.article-marketing.eu\/comunicati\/#\/schema\/person\/44372e4d4d0fa797b18e03ed1ace9017\"},\"breadcrumb\":{\"@id\":\"https:\/\/www.article-marketing.eu\/comunicati\/comunicati-stampa\/eventi\/cibi-e-libri-al-salone-sapori-da-sfogliare\/#breadcrumb\"},\"inLanguage\":\"it-IT\",\"potentialAction\":[{\"@type\":\"ReadAction\",\"target\":[\"https:\/\/www.article-marketing.eu\/comunicati\/comunicati-stampa\/eventi\/cibi-e-libri-al-salone-sapori-da-sfogliare\/\"]}]},{\"@type\":\"BreadcrumbList\",\"@id\":\"https:\/\/www.article-marketing.eu\/comunicati\/comunicati-stampa\/eventi\/cibi-e-libri-al-salone-sapori-da-sfogliare\/#breadcrumb\",\"itemListElement\":[{\"@type\":\"ListItem\",\"position\":1,\"name\":\"Home\",\"item\":\"https:\/\/www.article-marketing.eu\/comunicati\/\"},{\"@type\":\"ListItem\",\"position\":2,\"name\":\"Cibi e libri al salone &#8216;Sapori da Sfogliare&#8217;\"}]},{\"@type\":\"WebSite\",\"@id\":\"https:\/\/www.article-marketing.eu\/comunicati\/#website\",\"url\":\"https:\/\/www.article-marketing.eu\/comunicati\/\",\"name\":\"Article Marketing\",\"description\":\"article marketing &amp; press release\",\"potentialAction\":[{\"@type\":\"SearchAction\",\"target\":{\"@type\":\"EntryPoint\",\"urlTemplate\":\"https:\/\/www.article-marketing.eu\/comunicati\/?s={search_term_string}\"},\"query-input\":{\"@type\":\"PropertyValueSpecification\",\"valueRequired\":true,\"valueName\":\"search_term_string\"}}],\"inLanguage\":\"it-IT\"},{\"@type\":\"Person\",\"@id\":\"https:\/\/www.article-marketing.eu\/comunicati\/#\/schema\/person\/44372e4d4d0fa797b18e03ed1ace9017\",\"name\":\"Redazione Comunicati Stampa\",\"image\":{\"@type\":\"ImageObject\",\"inLanguage\":\"it-IT\",\"@id\":\"https:\/\/www.article-marketing.eu\/comunicati\/#\/schema\/person\/image\/\",\"url\":\"https:\/\/secure.gravatar.com\/avatar\/50e5c6421d3072f42e7ace803501602c60d75233d34e29fd05feb91c8760b792?s=96&d=mm&r=g\",\"contentUrl\":\"https:\/\/secure.gravatar.com\/avatar\/50e5c6421d3072f42e7ace803501602c60d75233d34e29fd05feb91c8760b792?s=96&d=mm&r=g\",\"caption\":\"Redazione Comunicati Stampa\"},\"url\":\"https:\/\/www.article-marketing.eu\/comunicati\/author\/redazione-comunicati-stampa\/\"}]}<\/script>\n<!-- \/ Yoast SEO plugin. -->","yoast_head_json":{"title":"Cibi e libri al salone 'Sapori da Sfogliare' - Article Marketing","robots":{"index":"index","follow":"follow","max-snippet":"max-snippet:-1","max-image-preview":"max-image-preview:large","max-video-preview":"max-video-preview:-1"},"canonical":"https:\/\/www.article-marketing.eu\/comunicati\/comunicati-stampa\/eventi\/cibi-e-libri-al-salone-sapori-da-sfogliare\/","og_locale":"it_IT","og_type":"article","og_title":"Cibi e libri al salone 'Sapori da Sfogliare' - Article Marketing","og_description":"Mancano pochi giorni all\u2019inaugurazione del Salone del Libro e delle Eccellenze Enogastronomiche \u201cSapori da Sfogliare\u201d che si svolger\u00e0 presso la Fiera di Genova dal 21 al 23 giugno 2013: una tre giorni a ingresso gratuito, interamente dedicata al gusto, dall\u2019accattivante sottotitolo \u201cCibo, libri e\u2026\u201d, che porter\u00e0 volti, storie e assaggi di vini e di cibi, ma non solo. La rassegna presenter\u00e0 dibattiti e letture, novit\u00e0 editoriali e mostra mercato: il tutto per viaggiare, tra uno stand e uno show cooking, nel mondo del cibo d\u2019eccellenza.","og_url":"https:\/\/www.article-marketing.eu\/comunicati\/comunicati-stampa\/eventi\/cibi-e-libri-al-salone-sapori-da-sfogliare\/","og_site_name":"Article Marketing","article_published_time":"2013-06-13T10:59:56+00:00","author":"Redazione Comunicati Stampa","twitter_card":"summary_large_image","twitter_misc":{"Scritto da":"Redazione Comunicati Stampa","Tempo di lettura stimato":"5 minuti"},"schema":{"@context":"https:\/\/schema.org","@graph":[{"@type":"Article","@id":"https:\/\/www.article-marketing.eu\/comunicati\/comunicati-stampa\/eventi\/cibi-e-libri-al-salone-sapori-da-sfogliare\/#article","isPartOf":{"@id":"https:\/\/www.article-marketing.eu\/comunicati\/comunicati-stampa\/eventi\/cibi-e-libri-al-salone-sapori-da-sfogliare\/"},"author":{"name":"Redazione Comunicati Stampa","@id":"https:\/\/www.article-marketing.eu\/comunicati\/#\/schema\/person\/44372e4d4d0fa797b18e03ed1ace9017"},"headline":"Cibi e libri al salone &#8216;Sapori da Sfogliare&#8217;","datePublished":"2013-06-13T10:59:56+00:00","mainEntityOfPage":{"@id":"https:\/\/www.article-marketing.eu\/comunicati\/comunicati-stampa\/eventi\/cibi-e-libri-al-salone-sapori-da-sfogliare\/"},"wordCount":1006,"commentCount":0,"keywords":["cibo","fiera di genova","Genova","libri","Sapori da Sfogliare"],"articleSection":["Eventi"],"inLanguage":"it-IT","potentialAction":[{"@type":"CommentAction","name":"Comment","target":["https:\/\/www.article-marketing.eu\/comunicati\/comunicati-stampa\/eventi\/cibi-e-libri-al-salone-sapori-da-sfogliare\/#respond"]}]},{"@type":"WebPage","@id":"https:\/\/www.article-marketing.eu\/comunicati\/comunicati-stampa\/eventi\/cibi-e-libri-al-salone-sapori-da-sfogliare\/","url":"https:\/\/www.article-marketing.eu\/comunicati\/comunicati-stampa\/eventi\/cibi-e-libri-al-salone-sapori-da-sfogliare\/","name":"Cibi e libri al salone 'Sapori da Sfogliare' - Article Marketing","isPartOf":{"@id":"https:\/\/www.article-marketing.eu\/comunicati\/#website"},"datePublished":"2013-06-13T10:59:56+00:00","author":{"@id":"https:\/\/www.article-marketing.eu\/comunicati\/#\/schema\/person\/44372e4d4d0fa797b18e03ed1ace9017"},"breadcrumb":{"@id":"https:\/\/www.article-marketing.eu\/comunicati\/comunicati-stampa\/eventi\/cibi-e-libri-al-salone-sapori-da-sfogliare\/#breadcrumb"},"inLanguage":"it-IT","potentialAction":[{"@type":"ReadAction","target":["https:\/\/www.article-marketing.eu\/comunicati\/comunicati-stampa\/eventi\/cibi-e-libri-al-salone-sapori-da-sfogliare\/"]}]},{"@type":"BreadcrumbList","@id":"https:\/\/www.article-marketing.eu\/comunicati\/comunicati-stampa\/eventi\/cibi-e-libri-al-salone-sapori-da-sfogliare\/#breadcrumb","itemListElement":[{"@type":"ListItem","position":1,"name":"Home","item":"https:\/\/www.article-marketing.eu\/comunicati\/"},{"@type":"ListItem","position":2,"name":"Cibi e libri al salone &#8216;Sapori da Sfogliare&#8217;"}]},{"@type":"WebSite","@id":"https:\/\/www.article-marketing.eu\/comunicati\/#website","url":"https:\/\/www.article-marketing.eu\/comunicati\/","name":"Article Marketing","description":"article marketing &amp; press release","potentialAction":[{"@type":"SearchAction","target":{"@type":"EntryPoint","urlTemplate":"https:\/\/www.article-marketing.eu\/comunicati\/?s={search_term_string}"},"query-input":{"@type":"PropertyValueSpecification","valueRequired":true,"valueName":"search_term_string"}}],"inLanguage":"it-IT"},{"@type":"Person","@id":"https:\/\/www.article-marketing.eu\/comunicati\/#\/schema\/person\/44372e4d4d0fa797b18e03ed1ace9017","name":"Redazione Comunicati Stampa","image":{"@type":"ImageObject","inLanguage":"it-IT","@id":"https:\/\/www.article-marketing.eu\/comunicati\/#\/schema\/person\/image\/","url":"https:\/\/secure.gravatar.com\/avatar\/50e5c6421d3072f42e7ace803501602c60d75233d34e29fd05feb91c8760b792?s=96&d=mm&r=g","contentUrl":"https:\/\/secure.gravatar.com\/avatar\/50e5c6421d3072f42e7ace803501602c60d75233d34e29fd05feb91c8760b792?s=96&d=mm&r=g","caption":"Redazione Comunicati Stampa"},"url":"https:\/\/www.article-marketing.eu\/comunicati\/author\/redazione-comunicati-stampa\/"}]}},"_links":{"self":[{"href":"https:\/\/www.article-marketing.eu\/comunicati\/wp-json\/wp\/v2\/posts\/35218","targetHints":{"allow":["GET"]}}],"collection":[{"href":"https:\/\/www.article-marketing.eu\/comunicati\/wp-json\/wp\/v2\/posts"}],"about":[{"href":"https:\/\/www.article-marketing.eu\/comunicati\/wp-json\/wp\/v2\/types\/post"}],"author":[{"embeddable":true,"href":"https:\/\/www.article-marketing.eu\/comunicati\/wp-json\/wp\/v2\/users\/10"}],"replies":[{"embeddable":true,"href":"https:\/\/www.article-marketing.eu\/comunicati\/wp-json\/wp\/v2\/comments?post=35218"}],"version-history":[{"count":0,"href":"https:\/\/www.article-marketing.eu\/comunicati\/wp-json\/wp\/v2\/posts\/35218\/revisions"}],"wp:attachment":[{"href":"https:\/\/www.article-marketing.eu\/comunicati\/wp-json\/wp\/v2\/media?parent=35218"}],"wp:term":[{"taxonomy":"category","embeddable":true,"href":"https:\/\/www.article-marketing.eu\/comunicati\/wp-json\/wp\/v2\/categories?post=35218"},{"taxonomy":"post_tag","embeddable":true,"href":"https:\/\/www.article-marketing.eu\/comunicati\/wp-json\/wp\/v2\/tags?post=35218"}],"curies":[{"name":"wp","href":"https:\/\/api.w.org\/{rel}","templated":true}]}}