{"id":3524,"date":"2009-12-01T12:28:40","date_gmt":"2009-12-01T11:28:40","guid":{"rendered":"http:\/\/www.article-marketing.eu\/comunicati\/senza-categoria\/ponte-dellimmacolata-sulla-neve\/"},"modified":"2009-12-01T12:28:40","modified_gmt":"2009-12-01T11:28:40","slug":"ponte-dellimmacolata-sulla-neve","status":"publish","type":"post","link":"https:\/\/www.article-marketing.eu\/comunicati\/viaggi-e-vacanze\/ponte-dellimmacolata-sulla-neve\/","title":{"rendered":"Ponte dell\u2019Immacolata sulla neve"},"content":{"rendered":"<p>Pioggia in pianura, neve dai 1000 metri: la perturbazione che ci ha interessati in questi giorni \u00e8 stata rapida ma vigorosa, e ha apportato un manto di neve fresca anche superiore al mezzo metro in alcune localit\u00e0 dell\u2019Italia.<\/p>\n<p>Cosa c\u2019\u00e8 di meglio, dunque, che un rilassante weekend sulla neve, in montagna, per il prossimo ponte dell\u2019Immacolata?<\/p>\n<p>Un finesettimana in montagna non significa solo sciare, ma anche passeggiare nella natura, riscoprire il ritmo lento e il piacere dell\u2019aria pulita, lontani dallo smog e dall\u2019inquinamento delle nostre citt\u00e0.<\/p>\n<p>Tra le tante mete degne di nota, ne suggeriamo alcune tra le pi\u00f9 suggestive: all\u2019insegna di cime innevate e laghi palustri, merita un weekend sulle Dolomiti, la bella localit\u00e0 di San Candido. San Candido si trova in una posizione incantata, al centro del Parco Naturale delle Dolomiti di Sesto, circondata da imponenti vette alpine, profondi laghi palustri e splendidi massicci dolomitici, le cui cime sono da secoli oggetto di miti e leggende. Un paesaggio unico e ricco di opportunit\u00e0 in ogni periodo dell\u2019anno per chi decide di concedersi una vacanza all\u2019insegna della natura incontaminata. Terra di grande ospitalit\u00e0 e di eccellente gastronomia, San Candido non delude le aspettative dei suoi numerosi visitatori ed offre anche monumenti degni di nota.<\/p>\n<p>E, sempre in Trentino, come dimenticare il Parco dell\u2019Adamello?<\/p>\n<p>Una visita al <strong>Parco Naturale Adamello Brenta <\/strong>consente di ammirare la pi\u00f9 vasta area protetta del Trentino, 48 laghi meravigliosi ed il ghiacciaio dell&#8217;Adamello, uno dei pi\u00f9 estesi d&#8217;Europa. Ci si pu\u00f2 perdere tra gli splendidi boschi che mostrano un susseguirsi di abeti rossi, larici, abeti bianchi e pini silvestri, senza dimenticare le azalee e i salici striscianti. Pi\u00f9 in alto \u00e8 possibile ammirare, tra rocce e ghiaioni, stelle alpine e licheni.<\/p>\n<p>Splendida anche Valle Salentino, a pochi chilometri da Bolzano, ricca di praterie, chiesette antiche, boschi fitti e castelli. Entrando nella valle si ha l\u2019impressione di varcare le soglie di un mondo fuori del tempo, 50 km di verde in mezzo ad un agreste paesaggio di montagna, n\u00e9 aspro n\u00e9 banale. Un ambiente rimasto genuino, che si scopre percorrendo la valle, prendendo qualche stradina laterale che si arrampica verso i masi sparsi. Ogni maso \u00e8 legato al bosco. Tetti, fienili, attrezzi, steccati, forni del pane, crocifissi, mulini, segherie, sono tutti realizzati in legno che si intreccia con l\u2019ambiente che li circonda.<\/p>\n<p>Se, invece, avete voglia di piste ciclabili, allora la Val di Sole vi aspetta, consentendovi&nbsp; di percorrere diversi itinerari in bici grazie ad un\u2019ottima pista ciclabile che si sviluppa lungo il percorso del Fiume Noce, per una lunghezza totale di circa 40 km ed un dislivello di circa 1300 metri, ricalcando il tracciato di antiche strade di collegamento (che risalgono ancora ai tempi preromani e poi al Medioevo) o di strade arginali e di campagna. E per soggiornare in Trentino, niente di meglio che scegliere un delizioso B&amp;B, una tipologia di struttura ricettiva che sa coniugare buona qualit\u00e0 ad un prezzo accessibile, e proporre i prodotti genuini del posto per un\u2019abbondante colazione tipica, ideale per sostenere i rigori del clima di montagna. <\/p>\n<p>Ecco quelli scelti per voi:<\/p>\n<p><a href=\"http:\/\/www.girogustando.it\/Elenco-strutture-Girogustando-TRENTINO-ALTO-ADIGE-Bed--Breakfast.htm\">http:\/\/www.girogustando.it\/Elenco-strutture-Girogustando-TRENTINO-ALTO-ADIGE-Bed&#8211;Breakfast.htm<\/a><\/p>\n<p>&nbsp;<\/p>\n","protected":false},"excerpt":{"rendered":"<p>Pioggia in pianura, neve dai 1000 metri: la perturbazione che ci ha interessati in questi giorni \u00e8 stata rapida ma vigorosa, e ha apportato un manto di neve fresca anche superiore al mezzo metro in alcune localit\u00e0 dell\u2019Italia.<\/p>\n","protected":false},"author":10,"featured_media":0,"comment_status":"open","ping_status":"open","sticky":false,"template":"","format":"standard","meta":{"cybocfi_hide_featured_image":"","footnotes":""},"categories":[280],"tags":[],"class_list":["post-3524","post","type-post","status-publish","format-standard","hentry","category-viaggi-e-vacanze"],"yoast_head":"<!-- This site is optimized with the Yoast SEO plugin v27.0 - https:\/\/yoast.com\/product\/yoast-seo-wordpress\/ -->\n<title>Ponte dell\u2019Immacolata sulla neve - Article Marketing<\/title>\n<meta name=\"robots\" content=\"index, follow, max-snippet:-1, max-image-preview:large, max-video-preview:-1\" \/>\n<link rel=\"canonical\" href=\"https:\/\/www.article-marketing.eu\/comunicati\/viaggi-e-vacanze\/ponte-dellimmacolata-sulla-neve\/\" \/>\n<meta property=\"og:locale\" content=\"it_IT\" \/>\n<meta property=\"og:type\" content=\"article\" \/>\n<meta property=\"og:title\" content=\"Ponte dell\u2019Immacolata sulla neve - Article Marketing\" \/>\n<meta property=\"og:description\" content=\"Pioggia in pianura, neve dai 1000 metri: la perturbazione che ci ha interessati in questi giorni \u00e8 stata rapida ma vigorosa, e ha apportato un manto di neve fresca anche superiore al mezzo metro in alcune localit\u00e0 dell\u2019Italia.\" \/>\n<meta property=\"og:url\" content=\"https:\/\/www.article-marketing.eu\/comunicati\/viaggi-e-vacanze\/ponte-dellimmacolata-sulla-neve\/\" \/>\n<meta property=\"og:site_name\" content=\"Article Marketing\" \/>\n<meta property=\"article:published_time\" content=\"2009-12-01T11:28:40+00:00\" \/>\n<meta name=\"author\" content=\"Redazione Comunicati Stampa\" \/>\n<meta name=\"twitter:card\" content=\"summary_large_image\" \/>\n<meta name=\"twitter:label1\" content=\"Scritto da\" \/>\n\t<meta name=\"twitter:data1\" content=\"Redazione Comunicati Stampa\" \/>\n\t<meta name=\"twitter:label2\" content=\"Tempo di lettura stimato\" \/>\n\t<meta name=\"twitter:data2\" content=\"3 minuti\" \/>\n<script type=\"application\/ld+json\" class=\"yoast-schema-graph\">{\"@context\":\"https:\/\/schema.org\",\"@graph\":[{\"@type\":\"Article\",\"@id\":\"https:\/\/www.article-marketing.eu\/comunicati\/viaggi-e-vacanze\/ponte-dellimmacolata-sulla-neve\/#article\",\"isPartOf\":{\"@id\":\"https:\/\/www.article-marketing.eu\/comunicati\/viaggi-e-vacanze\/ponte-dellimmacolata-sulla-neve\/\"},\"author\":{\"name\":\"Redazione Comunicati Stampa\",\"@id\":\"https:\/\/www.article-marketing.eu\/comunicati\/#\/schema\/person\/44372e4d4d0fa797b18e03ed1ace9017\"},\"headline\":\"Ponte dell\u2019Immacolata sulla neve\",\"datePublished\":\"2009-12-01T11:28:40+00:00\",\"mainEntityOfPage\":{\"@id\":\"https:\/\/www.article-marketing.eu\/comunicati\/viaggi-e-vacanze\/ponte-dellimmacolata-sulla-neve\/\"},\"wordCount\":532,\"commentCount\":0,\"articleSection\":[\"Viaggi e vacanze\"],\"inLanguage\":\"it-IT\",\"potentialAction\":[{\"@type\":\"CommentAction\",\"name\":\"Comment\",\"target\":[\"https:\/\/www.article-marketing.eu\/comunicati\/viaggi-e-vacanze\/ponte-dellimmacolata-sulla-neve\/#respond\"]}]},{\"@type\":\"WebPage\",\"@id\":\"https:\/\/www.article-marketing.eu\/comunicati\/viaggi-e-vacanze\/ponte-dellimmacolata-sulla-neve\/\",\"url\":\"https:\/\/www.article-marketing.eu\/comunicati\/viaggi-e-vacanze\/ponte-dellimmacolata-sulla-neve\/\",\"name\":\"Ponte dell\u2019Immacolata sulla neve - Article Marketing\",\"isPartOf\":{\"@id\":\"https:\/\/www.article-marketing.eu\/comunicati\/#website\"},\"datePublished\":\"2009-12-01T11:28:40+00:00\",\"author\":{\"@id\":\"https:\/\/www.article-marketing.eu\/comunicati\/#\/schema\/person\/44372e4d4d0fa797b18e03ed1ace9017\"},\"breadcrumb\":{\"@id\":\"https:\/\/www.article-marketing.eu\/comunicati\/viaggi-e-vacanze\/ponte-dellimmacolata-sulla-neve\/#breadcrumb\"},\"inLanguage\":\"it-IT\",\"potentialAction\":[{\"@type\":\"ReadAction\",\"target\":[\"https:\/\/www.article-marketing.eu\/comunicati\/viaggi-e-vacanze\/ponte-dellimmacolata-sulla-neve\/\"]}]},{\"@type\":\"BreadcrumbList\",\"@id\":\"https:\/\/www.article-marketing.eu\/comunicati\/viaggi-e-vacanze\/ponte-dellimmacolata-sulla-neve\/#breadcrumb\",\"itemListElement\":[{\"@type\":\"ListItem\",\"position\":1,\"name\":\"Home\",\"item\":\"https:\/\/www.article-marketing.eu\/comunicati\/\"},{\"@type\":\"ListItem\",\"position\":2,\"name\":\"Ponte dell\u2019Immacolata sulla neve\"}]},{\"@type\":\"WebSite\",\"@id\":\"https:\/\/www.article-marketing.eu\/comunicati\/#website\",\"url\":\"https:\/\/www.article-marketing.eu\/comunicati\/\",\"name\":\"Article Marketing\",\"description\":\"article marketing &amp; press release\",\"potentialAction\":[{\"@type\":\"SearchAction\",\"target\":{\"@type\":\"EntryPoint\",\"urlTemplate\":\"https:\/\/www.article-marketing.eu\/comunicati\/?s={search_term_string}\"},\"query-input\":{\"@type\":\"PropertyValueSpecification\",\"valueRequired\":true,\"valueName\":\"search_term_string\"}}],\"inLanguage\":\"it-IT\"},{\"@type\":\"Person\",\"@id\":\"https:\/\/www.article-marketing.eu\/comunicati\/#\/schema\/person\/44372e4d4d0fa797b18e03ed1ace9017\",\"name\":\"Redazione Comunicati Stampa\",\"image\":{\"@type\":\"ImageObject\",\"inLanguage\":\"it-IT\",\"@id\":\"https:\/\/www.article-marketing.eu\/comunicati\/#\/schema\/person\/image\/\",\"url\":\"https:\/\/secure.gravatar.com\/avatar\/50e5c6421d3072f42e7ace803501602c60d75233d34e29fd05feb91c8760b792?s=96&d=mm&r=g\",\"contentUrl\":\"https:\/\/secure.gravatar.com\/avatar\/50e5c6421d3072f42e7ace803501602c60d75233d34e29fd05feb91c8760b792?s=96&d=mm&r=g\",\"caption\":\"Redazione Comunicati Stampa\"},\"url\":\"https:\/\/www.article-marketing.eu\/comunicati\/author\/redazione-comunicati-stampa\/\"}]}<\/script>\n<!-- \/ Yoast SEO plugin. -->","yoast_head_json":{"title":"Ponte dell\u2019Immacolata sulla neve - Article Marketing","robots":{"index":"index","follow":"follow","max-snippet":"max-snippet:-1","max-image-preview":"max-image-preview:large","max-video-preview":"max-video-preview:-1"},"canonical":"https:\/\/www.article-marketing.eu\/comunicati\/viaggi-e-vacanze\/ponte-dellimmacolata-sulla-neve\/","og_locale":"it_IT","og_type":"article","og_title":"Ponte dell\u2019Immacolata sulla neve - Article Marketing","og_description":"Pioggia in pianura, neve dai 1000 metri: la perturbazione che ci ha interessati in questi giorni \u00e8 stata rapida ma vigorosa, e ha apportato un manto di neve fresca anche superiore al mezzo metro in alcune localit\u00e0 dell\u2019Italia.","og_url":"https:\/\/www.article-marketing.eu\/comunicati\/viaggi-e-vacanze\/ponte-dellimmacolata-sulla-neve\/","og_site_name":"Article Marketing","article_published_time":"2009-12-01T11:28:40+00:00","author":"Redazione Comunicati Stampa","twitter_card":"summary_large_image","twitter_misc":{"Scritto da":"Redazione Comunicati Stampa","Tempo di lettura stimato":"3 minuti"},"schema":{"@context":"https:\/\/schema.org","@graph":[{"@type":"Article","@id":"https:\/\/www.article-marketing.eu\/comunicati\/viaggi-e-vacanze\/ponte-dellimmacolata-sulla-neve\/#article","isPartOf":{"@id":"https:\/\/www.article-marketing.eu\/comunicati\/viaggi-e-vacanze\/ponte-dellimmacolata-sulla-neve\/"},"author":{"name":"Redazione Comunicati Stampa","@id":"https:\/\/www.article-marketing.eu\/comunicati\/#\/schema\/person\/44372e4d4d0fa797b18e03ed1ace9017"},"headline":"Ponte dell\u2019Immacolata sulla neve","datePublished":"2009-12-01T11:28:40+00:00","mainEntityOfPage":{"@id":"https:\/\/www.article-marketing.eu\/comunicati\/viaggi-e-vacanze\/ponte-dellimmacolata-sulla-neve\/"},"wordCount":532,"commentCount":0,"articleSection":["Viaggi e vacanze"],"inLanguage":"it-IT","potentialAction":[{"@type":"CommentAction","name":"Comment","target":["https:\/\/www.article-marketing.eu\/comunicati\/viaggi-e-vacanze\/ponte-dellimmacolata-sulla-neve\/#respond"]}]},{"@type":"WebPage","@id":"https:\/\/www.article-marketing.eu\/comunicati\/viaggi-e-vacanze\/ponte-dellimmacolata-sulla-neve\/","url":"https:\/\/www.article-marketing.eu\/comunicati\/viaggi-e-vacanze\/ponte-dellimmacolata-sulla-neve\/","name":"Ponte dell\u2019Immacolata sulla neve - Article Marketing","isPartOf":{"@id":"https:\/\/www.article-marketing.eu\/comunicati\/#website"},"datePublished":"2009-12-01T11:28:40+00:00","author":{"@id":"https:\/\/www.article-marketing.eu\/comunicati\/#\/schema\/person\/44372e4d4d0fa797b18e03ed1ace9017"},"breadcrumb":{"@id":"https:\/\/www.article-marketing.eu\/comunicati\/viaggi-e-vacanze\/ponte-dellimmacolata-sulla-neve\/#breadcrumb"},"inLanguage":"it-IT","potentialAction":[{"@type":"ReadAction","target":["https:\/\/www.article-marketing.eu\/comunicati\/viaggi-e-vacanze\/ponte-dellimmacolata-sulla-neve\/"]}]},{"@type":"BreadcrumbList","@id":"https:\/\/www.article-marketing.eu\/comunicati\/viaggi-e-vacanze\/ponte-dellimmacolata-sulla-neve\/#breadcrumb","itemListElement":[{"@type":"ListItem","position":1,"name":"Home","item":"https:\/\/www.article-marketing.eu\/comunicati\/"},{"@type":"ListItem","position":2,"name":"Ponte dell\u2019Immacolata sulla neve"}]},{"@type":"WebSite","@id":"https:\/\/www.article-marketing.eu\/comunicati\/#website","url":"https:\/\/www.article-marketing.eu\/comunicati\/","name":"Article Marketing","description":"article marketing &amp; press release","potentialAction":[{"@type":"SearchAction","target":{"@type":"EntryPoint","urlTemplate":"https:\/\/www.article-marketing.eu\/comunicati\/?s={search_term_string}"},"query-input":{"@type":"PropertyValueSpecification","valueRequired":true,"valueName":"search_term_string"}}],"inLanguage":"it-IT"},{"@type":"Person","@id":"https:\/\/www.article-marketing.eu\/comunicati\/#\/schema\/person\/44372e4d4d0fa797b18e03ed1ace9017","name":"Redazione Comunicati Stampa","image":{"@type":"ImageObject","inLanguage":"it-IT","@id":"https:\/\/www.article-marketing.eu\/comunicati\/#\/schema\/person\/image\/","url":"https:\/\/secure.gravatar.com\/avatar\/50e5c6421d3072f42e7ace803501602c60d75233d34e29fd05feb91c8760b792?s=96&d=mm&r=g","contentUrl":"https:\/\/secure.gravatar.com\/avatar\/50e5c6421d3072f42e7ace803501602c60d75233d34e29fd05feb91c8760b792?s=96&d=mm&r=g","caption":"Redazione Comunicati Stampa"},"url":"https:\/\/www.article-marketing.eu\/comunicati\/author\/redazione-comunicati-stampa\/"}]}},"_links":{"self":[{"href":"https:\/\/www.article-marketing.eu\/comunicati\/wp-json\/wp\/v2\/posts\/3524","targetHints":{"allow":["GET"]}}],"collection":[{"href":"https:\/\/www.article-marketing.eu\/comunicati\/wp-json\/wp\/v2\/posts"}],"about":[{"href":"https:\/\/www.article-marketing.eu\/comunicati\/wp-json\/wp\/v2\/types\/post"}],"author":[{"embeddable":true,"href":"https:\/\/www.article-marketing.eu\/comunicati\/wp-json\/wp\/v2\/users\/10"}],"replies":[{"embeddable":true,"href":"https:\/\/www.article-marketing.eu\/comunicati\/wp-json\/wp\/v2\/comments?post=3524"}],"version-history":[{"count":0,"href":"https:\/\/www.article-marketing.eu\/comunicati\/wp-json\/wp\/v2\/posts\/3524\/revisions"}],"wp:attachment":[{"href":"https:\/\/www.article-marketing.eu\/comunicati\/wp-json\/wp\/v2\/media?parent=3524"}],"wp:term":[{"taxonomy":"category","embeddable":true,"href":"https:\/\/www.article-marketing.eu\/comunicati\/wp-json\/wp\/v2\/categories?post=3524"},{"taxonomy":"post_tag","embeddable":true,"href":"https:\/\/www.article-marketing.eu\/comunicati\/wp-json\/wp\/v2\/tags?post=3524"}],"curies":[{"name":"wp","href":"https:\/\/api.w.org\/{rel}","templated":true}]}}