{"id":3534,"date":"2009-12-01T15:35:10","date_gmt":"2009-12-01T14:35:10","guid":{"rendered":"http:\/\/www.article-marketing.eu\/comunicati\/senza-categoria\/la-classe-di-air-dolomiti-vola-a-teatro\/"},"modified":"2009-12-01T15:35:10","modified_gmt":"2009-12-01T14:35:10","slug":"la-classe-di-air-dolomiti-vola-a-teatro","status":"publish","type":"post","link":"https:\/\/www.article-marketing.eu\/comunicati\/tempo-libero\/intrattenimento\/la-classe-di-air-dolomiti-vola-a-teatro\/","title":{"rendered":"La classe di Air Dolomiti vola a teatro"},"content":{"rendered":"<p style=\"TEXT-ALIGN: justify\"><strong><a href=\"http:\/\/www.airdolomiti.it\/it\/news_press\/area_stampa\/comunicati_stampa.aspx\">Air Dolomiti<\/a>,<\/strong> Compagnia regionale italiana del Gruppo Lufthansa e membro di Lufthansa Regional, ha stretto importanti collaborazioni con alcuni tra i pi\u00f9 <strong>prestigiosi teatri d\u2019Italia<\/strong> per la stagione 2009\/2010.<\/p>\n<p style=\"TEXT-ALIGN: justify\">&nbsp;&nbsp;&nbsp;&nbsp;&nbsp;&nbsp;&nbsp;&nbsp;&nbsp;&nbsp;&nbsp;&nbsp;&nbsp;&nbsp;&nbsp;&nbsp;&nbsp;&nbsp;&nbsp;&nbsp;&nbsp;&nbsp;&nbsp;&nbsp;&nbsp;&nbsp;&nbsp;&nbsp;&nbsp;&nbsp;&nbsp;&nbsp;&nbsp;&nbsp;&nbsp;&nbsp;&nbsp;&nbsp;&nbsp;&nbsp;&nbsp;&nbsp;&nbsp;&nbsp;&nbsp;&nbsp;&nbsp;&nbsp;&nbsp;&nbsp;&nbsp;&nbsp;&nbsp;&nbsp;&nbsp;&nbsp; <\/p>\n<p style=\"TEXT-ALIGN: justify\">Air Dolomiti atterra nelle platee dei pi\u00f9 conosciuti stabili italiani per offrire <strong>un assaggio del proprio servizio<\/strong> ed intrattenere l\u2019audience prima o durante l\u2019intervallo di alcuni spettacoli in calendario.<\/p>\n<p style=\"TEXT-ALIGN: justify\">&nbsp;<\/p>\n<p style=\"TEXT-ALIGN: justify\">L\u2019idea nasce dalla volont\u00e0 della Compagnia di avvicinarsi al <strong>raffinato pubblico<\/strong> che anima i teatri e stupire offrendo un tocco del tradizionale e rinomato servizio di bordo; una inaspettata ed inedita pi\u00e8ce per far volare gli amanti del palcoscenico.<\/p>\n<p style=\"TEXT-ALIGN: justify\">Con Air Dolomiti l\u2019attesa sar\u00e0 pi\u00f9 piacevole ed il pubblico in sala avr\u00e0 la sensazione di essere a bordo di un aeromobile.<\/p>\n<p style=\"TEXT-ALIGN: justify\">&nbsp;<\/p>\n<p style=\"TEXT-ALIGN: justify\">Di seguito le prime date e teatri in cui Air Dolomiti sar\u00e0 presente:<\/p>\n<p style=\"TEXT-ALIGN: justify\">&nbsp;<\/p>\n<p style=\"TEXT-ALIGN: justify\"><em>&#8211; 03 dicembre, I Sillabari di Paolo Poli, Teatro Arena del Sole, Bologna<\/em><\/p>\n<p style=\"TEXT-ALIGN: justify\"><em>&#8211; 23 dicembre, Gospel &#8211; Concerto di Natale, Teatro delle Muse, Ancona<\/em><\/p>\n<p style=\"TEXT-ALIGN: justify\"><em>&#8211; 22 gennaio, Hin und Zuruck di Paul Hindemith, Teatro delle Muse, Ancona e a seguire<\/em><\/p>\n<p style=\"TEXT-ALIGN: justify\"><em>&#8211; 22 gennaio, L\u2019Heure Espagnole di Maurice Ravel, Teatro delle Muse, Ancona<\/em><\/p>\n<p style=\"TEXT-ALIGN: justify\"><em>&#8211; 16 febbraio, Platonov con Alessandro Haber, Teatro Arena del Sole, Bologna<\/em><\/p>\n<p style=\"TEXT-ALIGN: justify\">&nbsp;<\/p>\n<p style=\"TEXT-ALIGN: justify\">Oltre agli accordi gi\u00e0 siglati con il Teatro Arena del Sole a Bologna, il Teatro delle Muse di Ancona, il Teatro Rossetti di Trieste, il Teatro Carlo Felice di Genova, contatti sono in corso anche con alcuni stabili di Verona, Firenze e Bolzano.<\/p>\n<p style=\"TEXT-ALIGN: justify\">&nbsp;<\/p>\n<p>Con Air Dolomiti e i teatri italiani va in scena uno spettacolo capace di far volare in alto le emozioni.<\/p>\n","protected":false},"excerpt":{"rendered":"<p>Air Dolomiti, Compagnia regionale italiana del Gruppo Lufthansa e membro di Lufthansa Regional, ha stretto importanti collaborazioni con alcuni tra i pi\u00f9 prestigiosi teatri d\u2019Italia per la stagione 2009\/2010.<\/p>\n","protected":false},"author":10,"featured_media":0,"comment_status":"open","ping_status":"open","sticky":false,"template":"","format":"standard","meta":{"cybocfi_hide_featured_image":"","footnotes":""},"categories":[359],"tags":[6670,11072],"class_list":["post-3534","post","type-post","status-publish","format-standard","hentry","category-intrattenimento","tag-air-dolomiti","tag-eventi-air-dolomiti"],"yoast_head":"<!-- This site is optimized with the Yoast SEO plugin v27.0 - https:\/\/yoast.com\/product\/yoast-seo-wordpress\/ -->\n<title>La classe di Air Dolomiti vola a teatro - Article Marketing<\/title>\n<meta name=\"robots\" content=\"index, follow, max-snippet:-1, max-image-preview:large, max-video-preview:-1\" \/>\n<link rel=\"canonical\" href=\"https:\/\/www.article-marketing.eu\/comunicati\/tempo-libero\/intrattenimento\/la-classe-di-air-dolomiti-vola-a-teatro\/\" \/>\n<meta property=\"og:locale\" content=\"it_IT\" \/>\n<meta property=\"og:type\" content=\"article\" \/>\n<meta property=\"og:title\" content=\"La classe di Air Dolomiti vola a teatro - Article Marketing\" \/>\n<meta property=\"og:description\" content=\"Air Dolomiti, Compagnia regionale italiana del Gruppo Lufthansa e membro di Lufthansa Regional, ha stretto importanti collaborazioni con alcuni tra i pi\u00f9 prestigiosi teatri d\u2019Italia per la stagione 2009\/2010.\" \/>\n<meta property=\"og:url\" content=\"https:\/\/www.article-marketing.eu\/comunicati\/tempo-libero\/intrattenimento\/la-classe-di-air-dolomiti-vola-a-teatro\/\" \/>\n<meta property=\"og:site_name\" content=\"Article Marketing\" \/>\n<meta property=\"article:published_time\" content=\"2009-12-01T14:35:10+00:00\" \/>\n<meta name=\"author\" content=\"Redazione Comunicati Stampa\" \/>\n<meta name=\"twitter:card\" content=\"summary_large_image\" \/>\n<meta name=\"twitter:label1\" content=\"Scritto da\" \/>\n\t<meta name=\"twitter:data1\" content=\"Redazione Comunicati Stampa\" \/>\n\t<meta name=\"twitter:label2\" content=\"Tempo di lettura stimato\" \/>\n\t<meta name=\"twitter:data2\" content=\"2 minuti\" \/>\n<script type=\"application\/ld+json\" class=\"yoast-schema-graph\">{\"@context\":\"https:\/\/schema.org\",\"@graph\":[{\"@type\":\"Article\",\"@id\":\"https:\/\/www.article-marketing.eu\/comunicati\/tempo-libero\/intrattenimento\/la-classe-di-air-dolomiti-vola-a-teatro\/#article\",\"isPartOf\":{\"@id\":\"https:\/\/www.article-marketing.eu\/comunicati\/tempo-libero\/intrattenimento\/la-classe-di-air-dolomiti-vola-a-teatro\/\"},\"author\":{\"name\":\"Redazione Comunicati Stampa\",\"@id\":\"https:\/\/www.article-marketing.eu\/comunicati\/#\/schema\/person\/44372e4d4d0fa797b18e03ed1ace9017\"},\"headline\":\"La classe di Air Dolomiti vola a teatro\",\"datePublished\":\"2009-12-01T14:35:10+00:00\",\"mainEntityOfPage\":{\"@id\":\"https:\/\/www.article-marketing.eu\/comunicati\/tempo-libero\/intrattenimento\/la-classe-di-air-dolomiti-vola-a-teatro\/\"},\"wordCount\":330,\"commentCount\":0,\"keywords\":[\"Air Dolomiti\",\"eventi air dolomiti\"],\"articleSection\":[\"Intrattenimento\"],\"inLanguage\":\"it-IT\",\"potentialAction\":[{\"@type\":\"CommentAction\",\"name\":\"Comment\",\"target\":[\"https:\/\/www.article-marketing.eu\/comunicati\/tempo-libero\/intrattenimento\/la-classe-di-air-dolomiti-vola-a-teatro\/#respond\"]}]},{\"@type\":\"WebPage\",\"@id\":\"https:\/\/www.article-marketing.eu\/comunicati\/tempo-libero\/intrattenimento\/la-classe-di-air-dolomiti-vola-a-teatro\/\",\"url\":\"https:\/\/www.article-marketing.eu\/comunicati\/tempo-libero\/intrattenimento\/la-classe-di-air-dolomiti-vola-a-teatro\/\",\"name\":\"La classe di Air Dolomiti vola a teatro - Article Marketing\",\"isPartOf\":{\"@id\":\"https:\/\/www.article-marketing.eu\/comunicati\/#website\"},\"datePublished\":\"2009-12-01T14:35:10+00:00\",\"author\":{\"@id\":\"https:\/\/www.article-marketing.eu\/comunicati\/#\/schema\/person\/44372e4d4d0fa797b18e03ed1ace9017\"},\"breadcrumb\":{\"@id\":\"https:\/\/www.article-marketing.eu\/comunicati\/tempo-libero\/intrattenimento\/la-classe-di-air-dolomiti-vola-a-teatro\/#breadcrumb\"},\"inLanguage\":\"it-IT\",\"potentialAction\":[{\"@type\":\"ReadAction\",\"target\":[\"https:\/\/www.article-marketing.eu\/comunicati\/tempo-libero\/intrattenimento\/la-classe-di-air-dolomiti-vola-a-teatro\/\"]}]},{\"@type\":\"BreadcrumbList\",\"@id\":\"https:\/\/www.article-marketing.eu\/comunicati\/tempo-libero\/intrattenimento\/la-classe-di-air-dolomiti-vola-a-teatro\/#breadcrumb\",\"itemListElement\":[{\"@type\":\"ListItem\",\"position\":1,\"name\":\"Home\",\"item\":\"https:\/\/www.article-marketing.eu\/comunicati\/\"},{\"@type\":\"ListItem\",\"position\":2,\"name\":\"La classe di Air Dolomiti vola a teatro\"}]},{\"@type\":\"WebSite\",\"@id\":\"https:\/\/www.article-marketing.eu\/comunicati\/#website\",\"url\":\"https:\/\/www.article-marketing.eu\/comunicati\/\",\"name\":\"Article Marketing\",\"description\":\"article marketing &amp; press release\",\"potentialAction\":[{\"@type\":\"SearchAction\",\"target\":{\"@type\":\"EntryPoint\",\"urlTemplate\":\"https:\/\/www.article-marketing.eu\/comunicati\/?s={search_term_string}\"},\"query-input\":{\"@type\":\"PropertyValueSpecification\",\"valueRequired\":true,\"valueName\":\"search_term_string\"}}],\"inLanguage\":\"it-IT\"},{\"@type\":\"Person\",\"@id\":\"https:\/\/www.article-marketing.eu\/comunicati\/#\/schema\/person\/44372e4d4d0fa797b18e03ed1ace9017\",\"name\":\"Redazione Comunicati Stampa\",\"image\":{\"@type\":\"ImageObject\",\"inLanguage\":\"it-IT\",\"@id\":\"https:\/\/www.article-marketing.eu\/comunicati\/#\/schema\/person\/image\/\",\"url\":\"https:\/\/secure.gravatar.com\/avatar\/50e5c6421d3072f42e7ace803501602c60d75233d34e29fd05feb91c8760b792?s=96&d=mm&r=g\",\"contentUrl\":\"https:\/\/secure.gravatar.com\/avatar\/50e5c6421d3072f42e7ace803501602c60d75233d34e29fd05feb91c8760b792?s=96&d=mm&r=g\",\"caption\":\"Redazione Comunicati Stampa\"},\"url\":\"https:\/\/www.article-marketing.eu\/comunicati\/author\/redazione-comunicati-stampa\/\"}]}<\/script>\n<!-- \/ Yoast SEO plugin. -->","yoast_head_json":{"title":"La classe di Air Dolomiti vola a teatro - Article Marketing","robots":{"index":"index","follow":"follow","max-snippet":"max-snippet:-1","max-image-preview":"max-image-preview:large","max-video-preview":"max-video-preview:-1"},"canonical":"https:\/\/www.article-marketing.eu\/comunicati\/tempo-libero\/intrattenimento\/la-classe-di-air-dolomiti-vola-a-teatro\/","og_locale":"it_IT","og_type":"article","og_title":"La classe di Air Dolomiti vola a teatro - Article Marketing","og_description":"Air Dolomiti, Compagnia regionale italiana del Gruppo Lufthansa e membro di Lufthansa Regional, ha stretto importanti collaborazioni con alcuni tra i pi\u00f9 prestigiosi teatri d\u2019Italia per la stagione 2009\/2010.","og_url":"https:\/\/www.article-marketing.eu\/comunicati\/tempo-libero\/intrattenimento\/la-classe-di-air-dolomiti-vola-a-teatro\/","og_site_name":"Article Marketing","article_published_time":"2009-12-01T14:35:10+00:00","author":"Redazione Comunicati Stampa","twitter_card":"summary_large_image","twitter_misc":{"Scritto da":"Redazione Comunicati Stampa","Tempo di lettura stimato":"2 minuti"},"schema":{"@context":"https:\/\/schema.org","@graph":[{"@type":"Article","@id":"https:\/\/www.article-marketing.eu\/comunicati\/tempo-libero\/intrattenimento\/la-classe-di-air-dolomiti-vola-a-teatro\/#article","isPartOf":{"@id":"https:\/\/www.article-marketing.eu\/comunicati\/tempo-libero\/intrattenimento\/la-classe-di-air-dolomiti-vola-a-teatro\/"},"author":{"name":"Redazione Comunicati Stampa","@id":"https:\/\/www.article-marketing.eu\/comunicati\/#\/schema\/person\/44372e4d4d0fa797b18e03ed1ace9017"},"headline":"La classe di Air Dolomiti vola a teatro","datePublished":"2009-12-01T14:35:10+00:00","mainEntityOfPage":{"@id":"https:\/\/www.article-marketing.eu\/comunicati\/tempo-libero\/intrattenimento\/la-classe-di-air-dolomiti-vola-a-teatro\/"},"wordCount":330,"commentCount":0,"keywords":["Air Dolomiti","eventi air dolomiti"],"articleSection":["Intrattenimento"],"inLanguage":"it-IT","potentialAction":[{"@type":"CommentAction","name":"Comment","target":["https:\/\/www.article-marketing.eu\/comunicati\/tempo-libero\/intrattenimento\/la-classe-di-air-dolomiti-vola-a-teatro\/#respond"]}]},{"@type":"WebPage","@id":"https:\/\/www.article-marketing.eu\/comunicati\/tempo-libero\/intrattenimento\/la-classe-di-air-dolomiti-vola-a-teatro\/","url":"https:\/\/www.article-marketing.eu\/comunicati\/tempo-libero\/intrattenimento\/la-classe-di-air-dolomiti-vola-a-teatro\/","name":"La classe di Air Dolomiti vola a teatro - Article Marketing","isPartOf":{"@id":"https:\/\/www.article-marketing.eu\/comunicati\/#website"},"datePublished":"2009-12-01T14:35:10+00:00","author":{"@id":"https:\/\/www.article-marketing.eu\/comunicati\/#\/schema\/person\/44372e4d4d0fa797b18e03ed1ace9017"},"breadcrumb":{"@id":"https:\/\/www.article-marketing.eu\/comunicati\/tempo-libero\/intrattenimento\/la-classe-di-air-dolomiti-vola-a-teatro\/#breadcrumb"},"inLanguage":"it-IT","potentialAction":[{"@type":"ReadAction","target":["https:\/\/www.article-marketing.eu\/comunicati\/tempo-libero\/intrattenimento\/la-classe-di-air-dolomiti-vola-a-teatro\/"]}]},{"@type":"BreadcrumbList","@id":"https:\/\/www.article-marketing.eu\/comunicati\/tempo-libero\/intrattenimento\/la-classe-di-air-dolomiti-vola-a-teatro\/#breadcrumb","itemListElement":[{"@type":"ListItem","position":1,"name":"Home","item":"https:\/\/www.article-marketing.eu\/comunicati\/"},{"@type":"ListItem","position":2,"name":"La classe di Air Dolomiti vola a teatro"}]},{"@type":"WebSite","@id":"https:\/\/www.article-marketing.eu\/comunicati\/#website","url":"https:\/\/www.article-marketing.eu\/comunicati\/","name":"Article Marketing","description":"article marketing &amp; press release","potentialAction":[{"@type":"SearchAction","target":{"@type":"EntryPoint","urlTemplate":"https:\/\/www.article-marketing.eu\/comunicati\/?s={search_term_string}"},"query-input":{"@type":"PropertyValueSpecification","valueRequired":true,"valueName":"search_term_string"}}],"inLanguage":"it-IT"},{"@type":"Person","@id":"https:\/\/www.article-marketing.eu\/comunicati\/#\/schema\/person\/44372e4d4d0fa797b18e03ed1ace9017","name":"Redazione Comunicati Stampa","image":{"@type":"ImageObject","inLanguage":"it-IT","@id":"https:\/\/www.article-marketing.eu\/comunicati\/#\/schema\/person\/image\/","url":"https:\/\/secure.gravatar.com\/avatar\/50e5c6421d3072f42e7ace803501602c60d75233d34e29fd05feb91c8760b792?s=96&d=mm&r=g","contentUrl":"https:\/\/secure.gravatar.com\/avatar\/50e5c6421d3072f42e7ace803501602c60d75233d34e29fd05feb91c8760b792?s=96&d=mm&r=g","caption":"Redazione Comunicati Stampa"},"url":"https:\/\/www.article-marketing.eu\/comunicati\/author\/redazione-comunicati-stampa\/"}]}},"_links":{"self":[{"href":"https:\/\/www.article-marketing.eu\/comunicati\/wp-json\/wp\/v2\/posts\/3534","targetHints":{"allow":["GET"]}}],"collection":[{"href":"https:\/\/www.article-marketing.eu\/comunicati\/wp-json\/wp\/v2\/posts"}],"about":[{"href":"https:\/\/www.article-marketing.eu\/comunicati\/wp-json\/wp\/v2\/types\/post"}],"author":[{"embeddable":true,"href":"https:\/\/www.article-marketing.eu\/comunicati\/wp-json\/wp\/v2\/users\/10"}],"replies":[{"embeddable":true,"href":"https:\/\/www.article-marketing.eu\/comunicati\/wp-json\/wp\/v2\/comments?post=3534"}],"version-history":[{"count":0,"href":"https:\/\/www.article-marketing.eu\/comunicati\/wp-json\/wp\/v2\/posts\/3534\/revisions"}],"wp:attachment":[{"href":"https:\/\/www.article-marketing.eu\/comunicati\/wp-json\/wp\/v2\/media?parent=3534"}],"wp:term":[{"taxonomy":"category","embeddable":true,"href":"https:\/\/www.article-marketing.eu\/comunicati\/wp-json\/wp\/v2\/categories?post=3534"},{"taxonomy":"post_tag","embeddable":true,"href":"https:\/\/www.article-marketing.eu\/comunicati\/wp-json\/wp\/v2\/tags?post=3534"}],"curies":[{"name":"wp","href":"https:\/\/api.w.org\/{rel}","templated":true}]}}