{"id":3536,"date":"2009-12-01T17:16:47","date_gmt":"2009-12-01T16:16:47","guid":{"rendered":"http:\/\/www.article-marketing.eu\/comunicati\/senza-categoria\/i-ritrattisti-esposizione-internazionale-darte-contemporanea\/"},"modified":"2009-12-01T17:16:47","modified_gmt":"2009-12-01T16:16:47","slug":"i-ritrattisti-esposizione-internazionale-darte-contemporanea","status":"publish","type":"post","link":"https:\/\/www.article-marketing.eu\/comunicati\/comunicati-stampa\/eventi\/i-ritrattisti-esposizione-internazionale-darte-contemporanea\/","title":{"rendered":"I ritrattisti: Esposizione Internazionale d\u2019Arte Contemporanea"},"content":{"rendered":"<p align=\"center\" class=\" \" style=\"TEXT-ALIGN: center\"><strong>I RITRATTISTI<\/strong><\/p>\n<p align=\"center\" class=\" \" style=\"TEXT-ALIGN: center\">&nbsp;<\/p>\n<p align=\"right\" class=\" \" style=\"TEXT-ALIGN: right\"><strong>Esposizione Internazionale d\u2019Arte Contemporanea<\/strong><\/p>\n<p align=\"right\" class=\" \" style=\"TEXT-ALIGN: right; LINE-HEIGHT: 150%\">Opening: Mercoled\u00ec 2 Dicembre ore 18<\/p>\n<p align=\"right\" class=\" \" style=\"TEXT-ALIGN: right\">In mostra fino al 7 Dicembre 2009<\/p>\n<p align=\"right\" class=\" \" style=\"TEXT-ALIGN: right\"><em>Ingresso libero<\/em><\/p>\n<p align=\"right\" class=\" \" style=\"TEXT-ALIGN: right\">Orario di visita: <\/p>\n<p align=\"right\" class=\" \" style=\"TEXT-ALIGN: right\">da marted\u00ec a venerd\u00ec dalle ore 16:00 alle 19:00;<\/p>\n<p align=\"right\" class=\" \" style=\"TEXT-ALIGN: right\">sabato dalle 10 alle 12<\/p>\n<p align=\"right\" class=\" \" style=\"TEXT-ALIGN: right\"><strong>Curatrice: Sabrina Falzone<\/strong><\/p>\n<p align=\"right\" class=\" \" style=\"TEXT-ALIGN: right\"><strong>Presso: Galleria Il Borgo <\/strong><\/p>\n<p class=\" \">&nbsp;<\/p>\n<p class=\" \" style=\"TEXT-ALIGN: justify\">&nbsp;<\/p>\n<p class=\" \" style=\"TEXT-ALIGN: justify\">&nbsp;<\/p>\n<p class=\" \" style=\"TEXT-ALIGN: justify; LINE-HEIGHT: 150%; MARGIN: 0cm 8.5pt 0pt 0cm\">La Galleria Il<strong> Borgo <\/strong>\u00e8 lieta di presentare la Mostra Internazionale d&#8217;Arte &quot;<em>I Ritrattisti<\/em>&quot;<strong> <\/strong>con &nbsp;l\u2019intento di promuovere le innumerevoli espressioni artistiche legate all\u2019iconografia del ritratto, trovando un filo conduttore tra la tradizione storico-artistica figurativa e le novit\u00e0 tecnico-esecutive del secolo corrente.<\/p>\n<p class=\" \" style=\"TEXT-ALIGN: justify; LINE-HEIGHT: 150%\">Per l\u2019occasione sono stati selezionati artisti italiani e stranieri dalla formazione differente e dalla provenienza eterogenea, creando cos\u00ec un terreno fertile per gli scambi artistico-culturali tra diverse maestranze, scorgendo in esse non solo i punti di distacco stilistico e formale, ma anche le linee afferenti.<\/p>\n<p class=\" \" style=\"TEXT-ALIGN: justify; LINE-HEIGHT: 150%\">L\u2019esposizione \u00e8 dedicata al genere del ritratto e approfondisce l\u2019espressivit\u00e0 umana e le rappresentazioni reali o ideali di volti noti e sconosciuti al grande pubblico: basti pensare alla scultura del musicista Dizzy Gillespie eseguita da <strong>Matteo Maggio<\/strong> o al volto femminile di Marilyn Monroe, soggetto dei ritratti di <strong>Francesco De Maio, <\/strong>che diviene un culto di ammirazione nell\u2019arte contemporanea.<\/p>\n<p class=\" \" style=\"TEXT-ALIGN: justify; LINE-HEIGHT: 150%\">Colpisce l\u2019emozionalit\u00e0 degli scatti in bianco e nero di <strong>Maria Chirco<\/strong> e <strong>Paola Pacella<\/strong>, con cui dialogano le opere d\u2019arte realizzate da <strong>Elena Marelli <\/strong>e <strong>Daniele Del Sette<\/strong>, entrambe delicatissime nell\u2019esecuzione.<\/p>\n<p class=\" \" style=\"TEXT-ALIGN: justify; LINE-HEIGHT: 150%\">Il genere artistico dell\u2019autoritratto \u00e8 proposto, invece, da <strong>Davide Carrozzo <\/strong>e <strong>Cartasso<\/strong>, abili nell\u2019interpretazione pittorica. Soggetti attualissimi sono i ritratti virili di <strong>Antonella Iacoli<\/strong> dallo stile americano, Dal\u00ec di <strong>Valentina Berna Berionni<\/strong> e Pollock di <strong>Giovanni Gozzelino, <\/strong>che presentano tutti una sorprendente efficacia comunicativa e desiderio di innovazione del concetto di arte, mentre l\u2019amore per la tradizione storico-artistica si evince magnificamente nei lavori di <strong>Diana Cepleanu<\/strong>, <strong>Eva Golebiowska Zem<\/strong> e <strong>Marica Baglieri<\/strong>.<\/p>\n<p class=\" \" style=\"TEXT-ALIGN: justify; LINE-HEIGHT: 150%\">Il ritratto raggiunge ottimi esiti anche nella produzione creativa di <strong>Vanessa Galli <\/strong>e <strong>Valeria Diamanti<\/strong>. La poetica del grottesco \u00e8 tuttavia perpetrata dallo spirito acuto di <strong>Antonio La Rosa<\/strong> e dal revival espressionista di <strong>Elena Menga<\/strong>.<\/p>\n<p class=\" \">&nbsp;<\/p>\n<p class=\" \">Espongono: <strong>Elena Menga, Antonio La Rosa, Valeria Diamanti, Vanessa Galli, Diana Cepleanu<\/strong>, <strong>Eva Golebiowska Zem<\/strong>, <strong>Marica Baglieri, Davide Carrozzo<\/strong>, <strong>Cartasso, Valentina Berna Berionni<\/strong>, <strong>Giovanni Gozzelino, Antonella Iacoli, Maria Chirco<\/strong>, <strong>Paola Pacella<\/strong>, <strong>Elena Marelli<\/strong>, <strong>Daniele Del Sette, Matteo Maggio<\/strong>, <strong>Francesco De Maio<\/strong><\/p>\n<p class=\" \">&nbsp;<\/p>\n<p class=\" \">&nbsp;<\/p>\n<p class=\" \"><strong>Presso: <\/strong>Galleria Il Borgo<\/p>\n<p class=\" \">Corso San Gottardo 14, 20136 Milano <\/p>\n<p class=\" \"><strong>Info:<\/strong> info@sabrinafalzone.info &#8211;<strong> <\/strong>www.sabrinafalzone.info<\/p>\n<p class=\" \">&nbsp;<\/p>\n","protected":false},"excerpt":{"rendered":"<p>Esposizione Internazionale d\u2019Arte Contemporanea<br \/>\nOpening: Mercoled\u00ec 2 Dicembre ore 18<br \/>\nIn mostra fino al 7 Dicembre 2009<br \/>\nIngresso libero<br \/>\nOrario di visita:<br \/>\nda marted\u00ec a venerd\u00ec dalle ore 16:00 alle 19:00;<br \/>\nsabato dalle 10 alle 12<br \/>\nCuratrice: Sabrina Falzone<br \/>\nPresso: Galleria Il Borgo<\/p>\n","protected":false},"author":10,"featured_media":0,"comment_status":"open","ping_status":"open","sticky":false,"template":"","format":"standard","meta":{"cybocfi_hide_featured_image":"","footnotes":""},"categories":[388],"tags":[11074,8577,8576],"class_list":["post-3536","post","type-post","status-publish","format-standard","hentry","category-eventi","tag-02-dicembre","tag-galleria-il-borgo","tag-sabrina-falzone"],"yoast_head":"<!-- This site is optimized with the Yoast SEO plugin v27.0 - https:\/\/yoast.com\/product\/yoast-seo-wordpress\/ -->\n<title>I ritrattisti: Esposizione Internazionale d\u2019Arte Contemporanea - Article Marketing<\/title>\n<meta name=\"robots\" content=\"index, follow, max-snippet:-1, max-image-preview:large, max-video-preview:-1\" \/>\n<link rel=\"canonical\" href=\"https:\/\/www.article-marketing.eu\/comunicati\/comunicati-stampa\/eventi\/i-ritrattisti-esposizione-internazionale-darte-contemporanea\/\" \/>\n<meta property=\"og:locale\" content=\"it_IT\" \/>\n<meta property=\"og:type\" content=\"article\" \/>\n<meta property=\"og:title\" content=\"I ritrattisti: Esposizione Internazionale d\u2019Arte Contemporanea - Article Marketing\" \/>\n<meta property=\"og:description\" content=\"Esposizione Internazionale d\u2019Arte Contemporanea Opening: Mercoled\u00ec 2 Dicembre ore 18 In mostra fino al 7 Dicembre 2009 Ingresso libero Orario di visita: da marted\u00ec a venerd\u00ec dalle ore 16:00 alle 19:00; sabato dalle 10 alle 12 Curatrice: Sabrina Falzone Presso: Galleria Il Borgo\" \/>\n<meta property=\"og:url\" content=\"https:\/\/www.article-marketing.eu\/comunicati\/comunicati-stampa\/eventi\/i-ritrattisti-esposizione-internazionale-darte-contemporanea\/\" \/>\n<meta property=\"og:site_name\" content=\"Article Marketing\" \/>\n<meta property=\"article:published_time\" content=\"2009-12-01T16:16:47+00:00\" \/>\n<meta name=\"author\" content=\"Redazione Comunicati Stampa\" \/>\n<meta name=\"twitter:card\" content=\"summary_large_image\" \/>\n<meta name=\"twitter:label1\" content=\"Scritto da\" \/>\n\t<meta name=\"twitter:data1\" content=\"Redazione Comunicati Stampa\" \/>\n\t<meta name=\"twitter:label2\" content=\"Tempo di lettura stimato\" \/>\n\t<meta name=\"twitter:data2\" content=\"2 minuti\" \/>\n<script type=\"application\/ld+json\" class=\"yoast-schema-graph\">{\"@context\":\"https:\/\/schema.org\",\"@graph\":[{\"@type\":\"Article\",\"@id\":\"https:\/\/www.article-marketing.eu\/comunicati\/comunicati-stampa\/eventi\/i-ritrattisti-esposizione-internazionale-darte-contemporanea\/#article\",\"isPartOf\":{\"@id\":\"https:\/\/www.article-marketing.eu\/comunicati\/comunicati-stampa\/eventi\/i-ritrattisti-esposizione-internazionale-darte-contemporanea\/\"},\"author\":{\"name\":\"Redazione Comunicati Stampa\",\"@id\":\"https:\/\/www.article-marketing.eu\/comunicati\/#\/schema\/person\/44372e4d4d0fa797b18e03ed1ace9017\"},\"headline\":\"I ritrattisti: Esposizione Internazionale d\u2019Arte Contemporanea\",\"datePublished\":\"2009-12-01T16:16:47+00:00\",\"mainEntityOfPage\":{\"@id\":\"https:\/\/www.article-marketing.eu\/comunicati\/comunicati-stampa\/eventi\/i-ritrattisti-esposizione-internazionale-darte-contemporanea\/\"},\"wordCount\":406,\"commentCount\":0,\"keywords\":[\"02 dicembre\",\"galleria il borgo\",\"sabrina falzone\"],\"articleSection\":[\"Eventi\"],\"inLanguage\":\"it-IT\",\"potentialAction\":[{\"@type\":\"CommentAction\",\"name\":\"Comment\",\"target\":[\"https:\/\/www.article-marketing.eu\/comunicati\/comunicati-stampa\/eventi\/i-ritrattisti-esposizione-internazionale-darte-contemporanea\/#respond\"]}]},{\"@type\":\"WebPage\",\"@id\":\"https:\/\/www.article-marketing.eu\/comunicati\/comunicati-stampa\/eventi\/i-ritrattisti-esposizione-internazionale-darte-contemporanea\/\",\"url\":\"https:\/\/www.article-marketing.eu\/comunicati\/comunicati-stampa\/eventi\/i-ritrattisti-esposizione-internazionale-darte-contemporanea\/\",\"name\":\"I ritrattisti: Esposizione Internazionale d\u2019Arte Contemporanea - Article Marketing\",\"isPartOf\":{\"@id\":\"https:\/\/www.article-marketing.eu\/comunicati\/#website\"},\"datePublished\":\"2009-12-01T16:16:47+00:00\",\"author\":{\"@id\":\"https:\/\/www.article-marketing.eu\/comunicati\/#\/schema\/person\/44372e4d4d0fa797b18e03ed1ace9017\"},\"breadcrumb\":{\"@id\":\"https:\/\/www.article-marketing.eu\/comunicati\/comunicati-stampa\/eventi\/i-ritrattisti-esposizione-internazionale-darte-contemporanea\/#breadcrumb\"},\"inLanguage\":\"it-IT\",\"potentialAction\":[{\"@type\":\"ReadAction\",\"target\":[\"https:\/\/www.article-marketing.eu\/comunicati\/comunicati-stampa\/eventi\/i-ritrattisti-esposizione-internazionale-darte-contemporanea\/\"]}]},{\"@type\":\"BreadcrumbList\",\"@id\":\"https:\/\/www.article-marketing.eu\/comunicati\/comunicati-stampa\/eventi\/i-ritrattisti-esposizione-internazionale-darte-contemporanea\/#breadcrumb\",\"itemListElement\":[{\"@type\":\"ListItem\",\"position\":1,\"name\":\"Home\",\"item\":\"https:\/\/www.article-marketing.eu\/comunicati\/\"},{\"@type\":\"ListItem\",\"position\":2,\"name\":\"I ritrattisti: Esposizione Internazionale d\u2019Arte Contemporanea\"}]},{\"@type\":\"WebSite\",\"@id\":\"https:\/\/www.article-marketing.eu\/comunicati\/#website\",\"url\":\"https:\/\/www.article-marketing.eu\/comunicati\/\",\"name\":\"Article Marketing\",\"description\":\"article marketing &amp; press release\",\"potentialAction\":[{\"@type\":\"SearchAction\",\"target\":{\"@type\":\"EntryPoint\",\"urlTemplate\":\"https:\/\/www.article-marketing.eu\/comunicati\/?s={search_term_string}\"},\"query-input\":{\"@type\":\"PropertyValueSpecification\",\"valueRequired\":true,\"valueName\":\"search_term_string\"}}],\"inLanguage\":\"it-IT\"},{\"@type\":\"Person\",\"@id\":\"https:\/\/www.article-marketing.eu\/comunicati\/#\/schema\/person\/44372e4d4d0fa797b18e03ed1ace9017\",\"name\":\"Redazione Comunicati Stampa\",\"image\":{\"@type\":\"ImageObject\",\"inLanguage\":\"it-IT\",\"@id\":\"https:\/\/www.article-marketing.eu\/comunicati\/#\/schema\/person\/image\/\",\"url\":\"https:\/\/secure.gravatar.com\/avatar\/50e5c6421d3072f42e7ace803501602c60d75233d34e29fd05feb91c8760b792?s=96&d=mm&r=g\",\"contentUrl\":\"https:\/\/secure.gravatar.com\/avatar\/50e5c6421d3072f42e7ace803501602c60d75233d34e29fd05feb91c8760b792?s=96&d=mm&r=g\",\"caption\":\"Redazione Comunicati Stampa\"},\"url\":\"https:\/\/www.article-marketing.eu\/comunicati\/author\/redazione-comunicati-stampa\/\"}]}<\/script>\n<!-- \/ Yoast SEO plugin. -->","yoast_head_json":{"title":"I ritrattisti: Esposizione Internazionale d\u2019Arte Contemporanea - Article Marketing","robots":{"index":"index","follow":"follow","max-snippet":"max-snippet:-1","max-image-preview":"max-image-preview:large","max-video-preview":"max-video-preview:-1"},"canonical":"https:\/\/www.article-marketing.eu\/comunicati\/comunicati-stampa\/eventi\/i-ritrattisti-esposizione-internazionale-darte-contemporanea\/","og_locale":"it_IT","og_type":"article","og_title":"I ritrattisti: Esposizione Internazionale d\u2019Arte Contemporanea - Article Marketing","og_description":"Esposizione Internazionale d\u2019Arte Contemporanea Opening: Mercoled\u00ec 2 Dicembre ore 18 In mostra fino al 7 Dicembre 2009 Ingresso libero Orario di visita: da marted\u00ec a venerd\u00ec dalle ore 16:00 alle 19:00; sabato dalle 10 alle 12 Curatrice: Sabrina Falzone Presso: Galleria Il Borgo","og_url":"https:\/\/www.article-marketing.eu\/comunicati\/comunicati-stampa\/eventi\/i-ritrattisti-esposizione-internazionale-darte-contemporanea\/","og_site_name":"Article Marketing","article_published_time":"2009-12-01T16:16:47+00:00","author":"Redazione Comunicati Stampa","twitter_card":"summary_large_image","twitter_misc":{"Scritto da":"Redazione Comunicati Stampa","Tempo di lettura stimato":"2 minuti"},"schema":{"@context":"https:\/\/schema.org","@graph":[{"@type":"Article","@id":"https:\/\/www.article-marketing.eu\/comunicati\/comunicati-stampa\/eventi\/i-ritrattisti-esposizione-internazionale-darte-contemporanea\/#article","isPartOf":{"@id":"https:\/\/www.article-marketing.eu\/comunicati\/comunicati-stampa\/eventi\/i-ritrattisti-esposizione-internazionale-darte-contemporanea\/"},"author":{"name":"Redazione Comunicati Stampa","@id":"https:\/\/www.article-marketing.eu\/comunicati\/#\/schema\/person\/44372e4d4d0fa797b18e03ed1ace9017"},"headline":"I ritrattisti: Esposizione Internazionale d\u2019Arte Contemporanea","datePublished":"2009-12-01T16:16:47+00:00","mainEntityOfPage":{"@id":"https:\/\/www.article-marketing.eu\/comunicati\/comunicati-stampa\/eventi\/i-ritrattisti-esposizione-internazionale-darte-contemporanea\/"},"wordCount":406,"commentCount":0,"keywords":["02 dicembre","galleria il borgo","sabrina falzone"],"articleSection":["Eventi"],"inLanguage":"it-IT","potentialAction":[{"@type":"CommentAction","name":"Comment","target":["https:\/\/www.article-marketing.eu\/comunicati\/comunicati-stampa\/eventi\/i-ritrattisti-esposizione-internazionale-darte-contemporanea\/#respond"]}]},{"@type":"WebPage","@id":"https:\/\/www.article-marketing.eu\/comunicati\/comunicati-stampa\/eventi\/i-ritrattisti-esposizione-internazionale-darte-contemporanea\/","url":"https:\/\/www.article-marketing.eu\/comunicati\/comunicati-stampa\/eventi\/i-ritrattisti-esposizione-internazionale-darte-contemporanea\/","name":"I ritrattisti: Esposizione Internazionale d\u2019Arte Contemporanea - Article Marketing","isPartOf":{"@id":"https:\/\/www.article-marketing.eu\/comunicati\/#website"},"datePublished":"2009-12-01T16:16:47+00:00","author":{"@id":"https:\/\/www.article-marketing.eu\/comunicati\/#\/schema\/person\/44372e4d4d0fa797b18e03ed1ace9017"},"breadcrumb":{"@id":"https:\/\/www.article-marketing.eu\/comunicati\/comunicati-stampa\/eventi\/i-ritrattisti-esposizione-internazionale-darte-contemporanea\/#breadcrumb"},"inLanguage":"it-IT","potentialAction":[{"@type":"ReadAction","target":["https:\/\/www.article-marketing.eu\/comunicati\/comunicati-stampa\/eventi\/i-ritrattisti-esposizione-internazionale-darte-contemporanea\/"]}]},{"@type":"BreadcrumbList","@id":"https:\/\/www.article-marketing.eu\/comunicati\/comunicati-stampa\/eventi\/i-ritrattisti-esposizione-internazionale-darte-contemporanea\/#breadcrumb","itemListElement":[{"@type":"ListItem","position":1,"name":"Home","item":"https:\/\/www.article-marketing.eu\/comunicati\/"},{"@type":"ListItem","position":2,"name":"I ritrattisti: Esposizione Internazionale d\u2019Arte Contemporanea"}]},{"@type":"WebSite","@id":"https:\/\/www.article-marketing.eu\/comunicati\/#website","url":"https:\/\/www.article-marketing.eu\/comunicati\/","name":"Article Marketing","description":"article marketing &amp; press release","potentialAction":[{"@type":"SearchAction","target":{"@type":"EntryPoint","urlTemplate":"https:\/\/www.article-marketing.eu\/comunicati\/?s={search_term_string}"},"query-input":{"@type":"PropertyValueSpecification","valueRequired":true,"valueName":"search_term_string"}}],"inLanguage":"it-IT"},{"@type":"Person","@id":"https:\/\/www.article-marketing.eu\/comunicati\/#\/schema\/person\/44372e4d4d0fa797b18e03ed1ace9017","name":"Redazione Comunicati Stampa","image":{"@type":"ImageObject","inLanguage":"it-IT","@id":"https:\/\/www.article-marketing.eu\/comunicati\/#\/schema\/person\/image\/","url":"https:\/\/secure.gravatar.com\/avatar\/50e5c6421d3072f42e7ace803501602c60d75233d34e29fd05feb91c8760b792?s=96&d=mm&r=g","contentUrl":"https:\/\/secure.gravatar.com\/avatar\/50e5c6421d3072f42e7ace803501602c60d75233d34e29fd05feb91c8760b792?s=96&d=mm&r=g","caption":"Redazione Comunicati Stampa"},"url":"https:\/\/www.article-marketing.eu\/comunicati\/author\/redazione-comunicati-stampa\/"}]}},"_links":{"self":[{"href":"https:\/\/www.article-marketing.eu\/comunicati\/wp-json\/wp\/v2\/posts\/3536","targetHints":{"allow":["GET"]}}],"collection":[{"href":"https:\/\/www.article-marketing.eu\/comunicati\/wp-json\/wp\/v2\/posts"}],"about":[{"href":"https:\/\/www.article-marketing.eu\/comunicati\/wp-json\/wp\/v2\/types\/post"}],"author":[{"embeddable":true,"href":"https:\/\/www.article-marketing.eu\/comunicati\/wp-json\/wp\/v2\/users\/10"}],"replies":[{"embeddable":true,"href":"https:\/\/www.article-marketing.eu\/comunicati\/wp-json\/wp\/v2\/comments?post=3536"}],"version-history":[{"count":0,"href":"https:\/\/www.article-marketing.eu\/comunicati\/wp-json\/wp\/v2\/posts\/3536\/revisions"}],"wp:attachment":[{"href":"https:\/\/www.article-marketing.eu\/comunicati\/wp-json\/wp\/v2\/media?parent=3536"}],"wp:term":[{"taxonomy":"category","embeddable":true,"href":"https:\/\/www.article-marketing.eu\/comunicati\/wp-json\/wp\/v2\/categories?post=3536"},{"taxonomy":"post_tag","embeddable":true,"href":"https:\/\/www.article-marketing.eu\/comunicati\/wp-json\/wp\/v2\/tags?post=3536"}],"curies":[{"name":"wp","href":"https:\/\/api.w.org\/{rel}","templated":true}]}}