{"id":3574,"date":"2009-12-04T12:26:31","date_gmt":"2009-12-04T11:26:31","guid":{"rendered":"http:\/\/www.article-marketing.eu\/comunicati\/senza-categoria\/da-striscia-la-notizia-cristina-gabetti-presenta-occhio-allo-spreco\/"},"modified":"2009-12-04T12:26:31","modified_gmt":"2009-12-04T11:26:31","slug":"da-striscia-la-notizia-cristina-gabetti-presenta-occhio-allo-spreco","status":"publish","type":"post","link":"https:\/\/www.article-marketing.eu\/comunicati\/ambiente\/tutela-e-denunce\/da-striscia-la-notizia-cristina-gabetti-presenta-occhio-allo-spreco\/","title":{"rendered":"Da Striscia la Notizia: Cristina Gabetti presenta &#8220;Occhio allo Spreco&#8221;"},"content":{"rendered":"<p><strong>Per molti vivere in maniera eco compatibile \u00e8 una grande forma<br \/>\ndi risparmio. Per altri una pratica decisamente costosa, qual \u00e8 la tua<br \/>\nopinione sull&#8217;argomento?<\/strong><br \/>Innanzitutto va detto che non esiste una soluzione migliore di altre a livello di<em> eco compatibilit\u00e0<\/em>.<br \/>\nSiccome \u00e8 una questione di stili di vita, le variabili sono infinite<br \/>\nperch\u00e9 ha a che fare con le nostre abitudini. Quello che cerco di<br \/>\nstimolare il pi\u00f9 possibile attraverso i miei libri \u00e8 il cambiamento di<br \/>\nqueste abitudini, di fare in modo che la gente non ne abbia paura, ma<br \/>\nagisca. Ovviamente in una maniera affrontabile anche economicamente.<br \/>\nEsistono tantissime soluzioni eco compatibili che non sono<br \/>\nassolutamente pi\u00f9 care di altre, perch\u00e9 si tratta di usare in modo<br \/>\ndiverso le cose, di sfruttare meglio le risorse a disposizione. Per<br \/>\nesempio, se compri un solo prodotto di grande qualit\u00e0 al posto di tanti<br \/>\ndi poca qualit\u00e0, e lo valorizzi in quanto tale, fai del bene a te<br \/>\nstesso oltre che all\u2019ambiente. In termini di risparmio ci sono<br \/>\ntantissime soluzioni molto democratiche e alla portata di tutti. La<br \/>\ncosa importante \u00e8 focalizzarsi sul passaggio dall\u2019epoca del consumismo<br \/>\nall\u2019epoca del post-consumismo. Serve quindi che le aziende e i governi<br \/>\ninvestano in questo settore, tenendo presente che sar\u00e0 un investimento<br \/>\ncon dei ritorni, soprattutto sul lungo termine, molto significativi.<\/p>\n<p><strong>Con<br \/>\nla tua rubrica \u201cOcchio allo spreco\u201d su Striscia la Notizia riesci a<br \/>\nraggiungere un pubblico particolarmente vasto, cos\u00ec come grazie ai tuoi<br \/>\nlibri. Pensi che i media possano coinvolgere realmente le persone<br \/>\nattorno alle tematiche ambientali?<\/strong><br \/>Assolutamente s\u00ec! Anzi,<br \/>\ntalvolta mi sembra che ci sia un\u2019offerta inferiore alla domanda delle<br \/>\npersone. Penso che se ci fossero pi\u00f9 prodotti ecocompatibili \u201cin vista\u201d<br \/>\ne disponibili, se ci fossero pi\u00f9 servizi e pi\u00f9 programmi in questa<br \/>\ndirezione, la gente li accoglierebbe decisamente volentieri. A me<br \/>\nsuccede di continuo di ricevere mail di persone interessate a ci\u00f2 che<br \/>\nfaccio vedere nei miei servizi. Devo dire che sono molto contenta della<br \/>\nrisposta dei miei telespettatori.<\/p>\n<p><strong>Nel tuo libro ci sono<br \/>\nconsigli e testimonianze tenute quasi in forma di diario. Pensi che per<br \/>\nun effettivo miglioramento al riscaldamento globale sia pi\u00f9 efficace<br \/>\nl&#8217;azione delle persone comuni con le loro piccole \u201ceco-routine\u201d<br \/>\ngiornaliere o quella dettata dalle politiche nazionali?<\/strong><br \/>Da ambedue le cose. Per tutti noi l\u2019insediamento di Barack Obama, con la sua linea <em>green<\/em>,<br \/>\n\u00e8 stato molto importante. Adesso, ad un anno da quando \u00e8 entrato in<br \/>\ncarica, stiamo vedendo quale fatica faccia a passare dai propositi<br \/>\nall\u2019azione, perch\u00e9 deve comunque tenere conto di tantissime variabili \u2013<br \/>\nsia a livello di politica interna che estera. Noi, come privati<br \/>\ncittadini, dobbiamo invece soltanto tenere conto della nostra<br \/>\nresponsabilit\u00e0. Verso noi stessi e verso la societ\u00e0, passando per delle<br \/>\nscelte che a volte possono anche sembrare \u201cbanali\u201d, ma lo sono solo a<br \/>\nlivello formale. Purtroppo l\u2019essere responsabili da noi ha ancora poco <em>appeal<\/em>, poca <em>coolness,<\/em><br \/>\nperch\u00e9 spesso le persone non riescono a scindere la semplicit\u00e0<br \/>\ndell\u2019azione dalla sua importanza. E\u2019 ovvio che il riciclare la carta o<br \/>\nil comprare prodotti locali non sono paragonabili \u2013 come grandezza \u2013&nbsp; a<br \/>\neventi eccezionali come l\u2019andare sulla Luna. Si tratta di piccoli gesti<br \/>\nquotidiani. Ma questi piccoli gesti, sommati tutti i giorni, hanno un<br \/>\npotere enorme&#8230;<\/p>\n<p>http:\/\/www.you4planet.it\/magazine\/151\/Da_Striscia_la_Notizia%3A_Cristina_Gabetti_presenta_%22Occhio_allo_Spreco%22\n <\/p>\n","protected":false},"excerpt":{"rendered":"<p>Cristina Gabetti \u00e8 una donna cosmopolita. Statunitense di nascita, ha frequentato l&#8217;universit\u00e0 di Yale, dopo una infanzia trascorsa nella provincia torinese. Oggi la sua base \u00e8 a Milano. Da un anno a questa parte \u00e8 entrata nelle case di milioni di italiani con la sua eco-rubrica (tanto nel senso di ecologico che di economico) \u201cOcchio allo spreco\u201d all\u2019interno del tg satirico di Canale 5 \u201cStriscia la Notizia\u201d. Nel 2008 ha pubblicato il suo primo libro, intitolato Tentativi di eco condotta (Rizzoli), vero vademecum per una vita a impatto zero.<br \/>\nEsce in questi giorni nelle librerie il suo nuovo volume &#8220;Occhio allo Spreco&#8221; con nuovi esempi pratici di risparmio nel rispetto dell&#8217;ambiente. Noi di you4planet abbiamo pensato che non contattarla sarebbe stato davvero uno \u201cspreco\u201d&#8230;<\/p>\n","protected":false},"author":10,"featured_media":0,"comment_status":"open","ping_status":"open","sticky":false,"template":"","format":"standard","meta":{"cybocfi_hide_featured_image":"","footnotes":""},"categories":[47],"tags":[96,260,11162,1814,11161,11163],"class_list":["post-3574","post","type-post","status-publish","format-standard","hentry","category-tutela-e-denunce","tag-ambiente","tag-ecologia","tag-gabetti","tag-rifiuti","tag-spreco","tag-striscia-la-notizia"],"yoast_head":"<!-- This site is optimized with the Yoast SEO plugin v27.0 - https:\/\/yoast.com\/product\/yoast-seo-wordpress\/ -->\n<title>Da Striscia la Notizia: Cristina Gabetti presenta &quot;Occhio allo Spreco&quot; - Article Marketing<\/title>\n<meta name=\"robots\" content=\"index, follow, max-snippet:-1, max-image-preview:large, max-video-preview:-1\" \/>\n<link rel=\"canonical\" href=\"https:\/\/www.article-marketing.eu\/comunicati\/ambiente\/tutela-e-denunce\/da-striscia-la-notizia-cristina-gabetti-presenta-occhio-allo-spreco\/\" \/>\n<meta property=\"og:locale\" content=\"it_IT\" \/>\n<meta property=\"og:type\" content=\"article\" \/>\n<meta property=\"og:title\" content=\"Da Striscia la Notizia: Cristina Gabetti presenta &quot;Occhio allo Spreco&quot; - Article Marketing\" \/>\n<meta property=\"og:description\" content=\"Cristina Gabetti \u00e8 una donna cosmopolita. Statunitense di nascita, ha frequentato l&#039;universit\u00e0 di Yale, dopo una infanzia trascorsa nella provincia torinese. Oggi la sua base \u00e8 a Milano. Da un anno a questa parte \u00e8 entrata nelle case di milioni di italiani con la sua eco-rubrica (tanto nel senso di ecologico che di economico) \u201cOcchio allo spreco\u201d all\u2019interno del tg satirico di Canale 5 \u201cStriscia la Notizia\u201d. Nel 2008 ha pubblicato il suo primo libro, intitolato Tentativi di eco condotta (Rizzoli), vero vademecum per una vita a impatto zero. Esce in questi giorni nelle librerie il suo nuovo volume &quot;Occhio allo Spreco&quot; con nuovi esempi pratici di risparmio nel rispetto dell&#039;ambiente. Noi di you4planet abbiamo pensato che non contattarla sarebbe stato davvero uno \u201cspreco\u201d...\" \/>\n<meta property=\"og:url\" content=\"https:\/\/www.article-marketing.eu\/comunicati\/ambiente\/tutela-e-denunce\/da-striscia-la-notizia-cristina-gabetti-presenta-occhio-allo-spreco\/\" \/>\n<meta property=\"og:site_name\" content=\"Article Marketing\" \/>\n<meta property=\"article:published_time\" content=\"2009-12-04T11:26:31+00:00\" \/>\n<meta name=\"author\" content=\"Redazione Comunicati Stampa\" \/>\n<meta name=\"twitter:card\" content=\"summary_large_image\" \/>\n<meta name=\"twitter:label1\" content=\"Scritto da\" \/>\n\t<meta name=\"twitter:data1\" content=\"Redazione Comunicati Stampa\" \/>\n\t<meta name=\"twitter:label2\" content=\"Tempo di lettura stimato\" \/>\n\t<meta name=\"twitter:data2\" content=\"3 minuti\" \/>\n<script type=\"application\/ld+json\" class=\"yoast-schema-graph\">{\"@context\":\"https:\/\/schema.org\",\"@graph\":[{\"@type\":\"Article\",\"@id\":\"https:\/\/www.article-marketing.eu\/comunicati\/ambiente\/tutela-e-denunce\/da-striscia-la-notizia-cristina-gabetti-presenta-occhio-allo-spreco\/#article\",\"isPartOf\":{\"@id\":\"https:\/\/www.article-marketing.eu\/comunicati\/ambiente\/tutela-e-denunce\/da-striscia-la-notizia-cristina-gabetti-presenta-occhio-allo-spreco\/\"},\"author\":{\"name\":\"Redazione Comunicati Stampa\",\"@id\":\"https:\/\/www.article-marketing.eu\/comunicati\/#\/schema\/person\/44372e4d4d0fa797b18e03ed1ace9017\"},\"headline\":\"Da Striscia la Notizia: Cristina Gabetti presenta &#8220;Occhio allo Spreco&#8221;\",\"datePublished\":\"2009-12-04T11:26:31+00:00\",\"mainEntityOfPage\":{\"@id\":\"https:\/\/www.article-marketing.eu\/comunicati\/ambiente\/tutela-e-denunce\/da-striscia-la-notizia-cristina-gabetti-presenta-occhio-allo-spreco\/\"},\"wordCount\":560,\"commentCount\":0,\"keywords\":[\"ambiente\",\"ecologia\",\"gabetti\",\"rifiuti\",\"spreco\",\"striscia la notizia\"],\"articleSection\":[\"Tutela e denunce\"],\"inLanguage\":\"it-IT\",\"potentialAction\":[{\"@type\":\"CommentAction\",\"name\":\"Comment\",\"target\":[\"https:\/\/www.article-marketing.eu\/comunicati\/ambiente\/tutela-e-denunce\/da-striscia-la-notizia-cristina-gabetti-presenta-occhio-allo-spreco\/#respond\"]}]},{\"@type\":\"WebPage\",\"@id\":\"https:\/\/www.article-marketing.eu\/comunicati\/ambiente\/tutela-e-denunce\/da-striscia-la-notizia-cristina-gabetti-presenta-occhio-allo-spreco\/\",\"url\":\"https:\/\/www.article-marketing.eu\/comunicati\/ambiente\/tutela-e-denunce\/da-striscia-la-notizia-cristina-gabetti-presenta-occhio-allo-spreco\/\",\"name\":\"Da Striscia la Notizia: Cristina Gabetti presenta \\\"Occhio allo Spreco\\\" - Article Marketing\",\"isPartOf\":{\"@id\":\"https:\/\/www.article-marketing.eu\/comunicati\/#website\"},\"datePublished\":\"2009-12-04T11:26:31+00:00\",\"author\":{\"@id\":\"https:\/\/www.article-marketing.eu\/comunicati\/#\/schema\/person\/44372e4d4d0fa797b18e03ed1ace9017\"},\"breadcrumb\":{\"@id\":\"https:\/\/www.article-marketing.eu\/comunicati\/ambiente\/tutela-e-denunce\/da-striscia-la-notizia-cristina-gabetti-presenta-occhio-allo-spreco\/#breadcrumb\"},\"inLanguage\":\"it-IT\",\"potentialAction\":[{\"@type\":\"ReadAction\",\"target\":[\"https:\/\/www.article-marketing.eu\/comunicati\/ambiente\/tutela-e-denunce\/da-striscia-la-notizia-cristina-gabetti-presenta-occhio-allo-spreco\/\"]}]},{\"@type\":\"BreadcrumbList\",\"@id\":\"https:\/\/www.article-marketing.eu\/comunicati\/ambiente\/tutela-e-denunce\/da-striscia-la-notizia-cristina-gabetti-presenta-occhio-allo-spreco\/#breadcrumb\",\"itemListElement\":[{\"@type\":\"ListItem\",\"position\":1,\"name\":\"Home\",\"item\":\"https:\/\/www.article-marketing.eu\/comunicati\/\"},{\"@type\":\"ListItem\",\"position\":2,\"name\":\"Da Striscia la Notizia: Cristina Gabetti presenta &#8220;Occhio allo Spreco&#8221;\"}]},{\"@type\":\"WebSite\",\"@id\":\"https:\/\/www.article-marketing.eu\/comunicati\/#website\",\"url\":\"https:\/\/www.article-marketing.eu\/comunicati\/\",\"name\":\"Article Marketing\",\"description\":\"article marketing &amp; press release\",\"potentialAction\":[{\"@type\":\"SearchAction\",\"target\":{\"@type\":\"EntryPoint\",\"urlTemplate\":\"https:\/\/www.article-marketing.eu\/comunicati\/?s={search_term_string}\"},\"query-input\":{\"@type\":\"PropertyValueSpecification\",\"valueRequired\":true,\"valueName\":\"search_term_string\"}}],\"inLanguage\":\"it-IT\"},{\"@type\":\"Person\",\"@id\":\"https:\/\/www.article-marketing.eu\/comunicati\/#\/schema\/person\/44372e4d4d0fa797b18e03ed1ace9017\",\"name\":\"Redazione Comunicati Stampa\",\"image\":{\"@type\":\"ImageObject\",\"inLanguage\":\"it-IT\",\"@id\":\"https:\/\/www.article-marketing.eu\/comunicati\/#\/schema\/person\/image\/\",\"url\":\"https:\/\/secure.gravatar.com\/avatar\/50e5c6421d3072f42e7ace803501602c60d75233d34e29fd05feb91c8760b792?s=96&d=mm&r=g\",\"contentUrl\":\"https:\/\/secure.gravatar.com\/avatar\/50e5c6421d3072f42e7ace803501602c60d75233d34e29fd05feb91c8760b792?s=96&d=mm&r=g\",\"caption\":\"Redazione Comunicati Stampa\"},\"url\":\"https:\/\/www.article-marketing.eu\/comunicati\/author\/redazione-comunicati-stampa\/\"}]}<\/script>\n<!-- \/ Yoast SEO plugin. -->","yoast_head_json":{"title":"Da Striscia la Notizia: Cristina Gabetti presenta \"Occhio allo Spreco\" - Article Marketing","robots":{"index":"index","follow":"follow","max-snippet":"max-snippet:-1","max-image-preview":"max-image-preview:large","max-video-preview":"max-video-preview:-1"},"canonical":"https:\/\/www.article-marketing.eu\/comunicati\/ambiente\/tutela-e-denunce\/da-striscia-la-notizia-cristina-gabetti-presenta-occhio-allo-spreco\/","og_locale":"it_IT","og_type":"article","og_title":"Da Striscia la Notizia: Cristina Gabetti presenta \"Occhio allo Spreco\" - Article Marketing","og_description":"Cristina Gabetti \u00e8 una donna cosmopolita. Statunitense di nascita, ha frequentato l'universit\u00e0 di Yale, dopo una infanzia trascorsa nella provincia torinese. Oggi la sua base \u00e8 a Milano. Da un anno a questa parte \u00e8 entrata nelle case di milioni di italiani con la sua eco-rubrica (tanto nel senso di ecologico che di economico) \u201cOcchio allo spreco\u201d all\u2019interno del tg satirico di Canale 5 \u201cStriscia la Notizia\u201d. Nel 2008 ha pubblicato il suo primo libro, intitolato Tentativi di eco condotta (Rizzoli), vero vademecum per una vita a impatto zero. Esce in questi giorni nelle librerie il suo nuovo volume \"Occhio allo Spreco\" con nuovi esempi pratici di risparmio nel rispetto dell'ambiente. Noi di you4planet abbiamo pensato che non contattarla sarebbe stato davvero uno \u201cspreco\u201d...","og_url":"https:\/\/www.article-marketing.eu\/comunicati\/ambiente\/tutela-e-denunce\/da-striscia-la-notizia-cristina-gabetti-presenta-occhio-allo-spreco\/","og_site_name":"Article Marketing","article_published_time":"2009-12-04T11:26:31+00:00","author":"Redazione Comunicati Stampa","twitter_card":"summary_large_image","twitter_misc":{"Scritto da":"Redazione Comunicati Stampa","Tempo di lettura stimato":"3 minuti"},"schema":{"@context":"https:\/\/schema.org","@graph":[{"@type":"Article","@id":"https:\/\/www.article-marketing.eu\/comunicati\/ambiente\/tutela-e-denunce\/da-striscia-la-notizia-cristina-gabetti-presenta-occhio-allo-spreco\/#article","isPartOf":{"@id":"https:\/\/www.article-marketing.eu\/comunicati\/ambiente\/tutela-e-denunce\/da-striscia-la-notizia-cristina-gabetti-presenta-occhio-allo-spreco\/"},"author":{"name":"Redazione Comunicati Stampa","@id":"https:\/\/www.article-marketing.eu\/comunicati\/#\/schema\/person\/44372e4d4d0fa797b18e03ed1ace9017"},"headline":"Da Striscia la Notizia: Cristina Gabetti presenta &#8220;Occhio allo Spreco&#8221;","datePublished":"2009-12-04T11:26:31+00:00","mainEntityOfPage":{"@id":"https:\/\/www.article-marketing.eu\/comunicati\/ambiente\/tutela-e-denunce\/da-striscia-la-notizia-cristina-gabetti-presenta-occhio-allo-spreco\/"},"wordCount":560,"commentCount":0,"keywords":["ambiente","ecologia","gabetti","rifiuti","spreco","striscia la notizia"],"articleSection":["Tutela e denunce"],"inLanguage":"it-IT","potentialAction":[{"@type":"CommentAction","name":"Comment","target":["https:\/\/www.article-marketing.eu\/comunicati\/ambiente\/tutela-e-denunce\/da-striscia-la-notizia-cristina-gabetti-presenta-occhio-allo-spreco\/#respond"]}]},{"@type":"WebPage","@id":"https:\/\/www.article-marketing.eu\/comunicati\/ambiente\/tutela-e-denunce\/da-striscia-la-notizia-cristina-gabetti-presenta-occhio-allo-spreco\/","url":"https:\/\/www.article-marketing.eu\/comunicati\/ambiente\/tutela-e-denunce\/da-striscia-la-notizia-cristina-gabetti-presenta-occhio-allo-spreco\/","name":"Da Striscia la Notizia: Cristina Gabetti presenta \"Occhio allo Spreco\" - Article Marketing","isPartOf":{"@id":"https:\/\/www.article-marketing.eu\/comunicati\/#website"},"datePublished":"2009-12-04T11:26:31+00:00","author":{"@id":"https:\/\/www.article-marketing.eu\/comunicati\/#\/schema\/person\/44372e4d4d0fa797b18e03ed1ace9017"},"breadcrumb":{"@id":"https:\/\/www.article-marketing.eu\/comunicati\/ambiente\/tutela-e-denunce\/da-striscia-la-notizia-cristina-gabetti-presenta-occhio-allo-spreco\/#breadcrumb"},"inLanguage":"it-IT","potentialAction":[{"@type":"ReadAction","target":["https:\/\/www.article-marketing.eu\/comunicati\/ambiente\/tutela-e-denunce\/da-striscia-la-notizia-cristina-gabetti-presenta-occhio-allo-spreco\/"]}]},{"@type":"BreadcrumbList","@id":"https:\/\/www.article-marketing.eu\/comunicati\/ambiente\/tutela-e-denunce\/da-striscia-la-notizia-cristina-gabetti-presenta-occhio-allo-spreco\/#breadcrumb","itemListElement":[{"@type":"ListItem","position":1,"name":"Home","item":"https:\/\/www.article-marketing.eu\/comunicati\/"},{"@type":"ListItem","position":2,"name":"Da Striscia la Notizia: Cristina Gabetti presenta &#8220;Occhio allo Spreco&#8221;"}]},{"@type":"WebSite","@id":"https:\/\/www.article-marketing.eu\/comunicati\/#website","url":"https:\/\/www.article-marketing.eu\/comunicati\/","name":"Article Marketing","description":"article marketing &amp; press release","potentialAction":[{"@type":"SearchAction","target":{"@type":"EntryPoint","urlTemplate":"https:\/\/www.article-marketing.eu\/comunicati\/?s={search_term_string}"},"query-input":{"@type":"PropertyValueSpecification","valueRequired":true,"valueName":"search_term_string"}}],"inLanguage":"it-IT"},{"@type":"Person","@id":"https:\/\/www.article-marketing.eu\/comunicati\/#\/schema\/person\/44372e4d4d0fa797b18e03ed1ace9017","name":"Redazione Comunicati Stampa","image":{"@type":"ImageObject","inLanguage":"it-IT","@id":"https:\/\/www.article-marketing.eu\/comunicati\/#\/schema\/person\/image\/","url":"https:\/\/secure.gravatar.com\/avatar\/50e5c6421d3072f42e7ace803501602c60d75233d34e29fd05feb91c8760b792?s=96&d=mm&r=g","contentUrl":"https:\/\/secure.gravatar.com\/avatar\/50e5c6421d3072f42e7ace803501602c60d75233d34e29fd05feb91c8760b792?s=96&d=mm&r=g","caption":"Redazione Comunicati Stampa"},"url":"https:\/\/www.article-marketing.eu\/comunicati\/author\/redazione-comunicati-stampa\/"}]}},"_links":{"self":[{"href":"https:\/\/www.article-marketing.eu\/comunicati\/wp-json\/wp\/v2\/posts\/3574","targetHints":{"allow":["GET"]}}],"collection":[{"href":"https:\/\/www.article-marketing.eu\/comunicati\/wp-json\/wp\/v2\/posts"}],"about":[{"href":"https:\/\/www.article-marketing.eu\/comunicati\/wp-json\/wp\/v2\/types\/post"}],"author":[{"embeddable":true,"href":"https:\/\/www.article-marketing.eu\/comunicati\/wp-json\/wp\/v2\/users\/10"}],"replies":[{"embeddable":true,"href":"https:\/\/www.article-marketing.eu\/comunicati\/wp-json\/wp\/v2\/comments?post=3574"}],"version-history":[{"count":0,"href":"https:\/\/www.article-marketing.eu\/comunicati\/wp-json\/wp\/v2\/posts\/3574\/revisions"}],"wp:attachment":[{"href":"https:\/\/www.article-marketing.eu\/comunicati\/wp-json\/wp\/v2\/media?parent=3574"}],"wp:term":[{"taxonomy":"category","embeddable":true,"href":"https:\/\/www.article-marketing.eu\/comunicati\/wp-json\/wp\/v2\/categories?post=3574"},{"taxonomy":"post_tag","embeddable":true,"href":"https:\/\/www.article-marketing.eu\/comunicati\/wp-json\/wp\/v2\/tags?post=3574"}],"curies":[{"name":"wp","href":"https:\/\/api.w.org\/{rel}","templated":true}]}}