{"id":3575,"date":"2009-12-04T12:30:18","date_gmt":"2009-12-04T11:30:18","guid":{"rendered":"http:\/\/www.article-marketing.eu\/comunicati\/senza-categoria\/il-bravo-jazz-riscalda-linverno-di-riccione\/"},"modified":"2009-12-04T12:30:18","modified_gmt":"2009-12-04T11:30:18","slug":"il-bravo-jazz-riscalda-linverno-di-riccione","status":"publish","type":"post","link":"https:\/\/www.article-marketing.eu\/comunicati\/arte-e-cultura\/musica\/il-bravo-jazz-riscalda-linverno-di-riccione\/","title":{"rendered":"Il Bravo Jazz riscalda l\u2019inverno di Riccione"},"content":{"rendered":"<p>Passata l\u2019estate, Riccione rivolge lo sguardo anche ad altri tipi di musica, diversi da quello suonato nelle discoteche, e si prepara ad ospitare eventi musicali di primo livello rivolti non solo ai \u201cdiscotecari\u201d ma anche agli appassionati di tutt\u2019altro genere di musica. Da qualche anno a questa parte, in particolare, Riccione \u00e8 diventata la meta ideale per tutti gli amanti del jazz, che invadono gli <a href=\"http:\/\/www.info-alberghi.com\/riccione.php\">hotel Riccione<\/a> per godersi Bravo Jazz, un festival interamente dedicato a questo genere. La settima edizione del festival si dipaner\u00e0 in sei serate diverse comprese tra il 23 ottobre e il 19 febbraio, e ospiter\u00e0 musicisti di primo livello, sia italiani che stranieri. Bravo Jazz, che in pochi anni \u00e8 diventato un evento immancabile per tutti i musicofili, \u00e8 una delle punte di diamante del cartellone degli eventi culturali di Riccione, che con appuntamenti di tale livello riesce ad imporsi all\u2019attenzione dei visitatori non solo per le sue spiagge e non solo nel periodo estivo. <\/p>\n<p>Quest\u2019anno il festival si presenta pi\u00f9 variegato che mai, con musicisti di primo piano e giovani emergenti che faranno conoscere agli spettatori, che potranno soggiornare in uno dei bed breakfast Riccione aperti tutto l\u2019anno, le diverse sfaccettature di questo genere musicale, nato negli Stati Uniti nei primi anni del XX secolo ma poi diffusosi in tutto il mondo nei decenni seguenti, subendo contaminazioni con altri generi ed interessanti evoluzioni. Si comincia con il Bobby Watson Sextet, che non punta tanto sul virtuosismo, quanto sulla capacit\u00e0 di stabilire un rapporto con il pubblico offrendo della buona musica che faccia anche riflettere. Si procede quindi con l\u2019Al Foster Quartet, capitanato da uno dei pi\u00f9 importanti batteristi jazz al mondo, quel Foster che ha collaborato a lungo anche con Miles Davis. La terza serata avr\u00e0 come protagonisti i Cedric Shannon and High Praise Gospel Singers e sar\u00e0 quindi dedicata al gospel, genere molto diffuso negli Stati Uniti. Cedric Shannon sta diventando sempre pi\u00f9 famoso negli Stati Uniti non solo come cantante, ma anche come compositore e attore di musical, dimostrando di avere un talento poliedrico. A salire sul palco del Bravo Jazz ci sar\u00e0 anche il Joey Calderazzo Trio, e questa sar\u00e0 una serata proprio da non perdere (come tutte le altre del resto): prenotate subito un hotel 3 stelle Riccione! Calderazzo \u00e8 infatti uno dei pi\u00f9 quotati pianisti jazz della nuova generazione: il giovane musicista, che suona dall\u2019eta di sette anni, ha fatto parte, tra l\u2019altro, del quintetto del sassofonista Michael Bracker, e attualmente suona con Jerry Bergonzi e Brandford Marsalis. Al Bravo Jazz ci sar\u00e0 spazio anche per i gruppi jazz italiani: i Quintorigo saranno infatti protagonisti della penultima serata, e proporranno un tributo al compositore e contrabbassista statunitense Charlie Mingus, a 30 anni dalla sua scomparsa. I Quintorigo sono uno dei gruppi che meglio dimostrano come sia possibile la contaminazione tra generi diversi, e il loro mix di jazz, musica classica, pop e rock non ha eguali in Italia. Il Bravo Jazz termina in bellezza con l\u2019esibizione dell\u2019Alex Riel Quartet, capitanati dall\u2019eccellente batterista danese.<\/p>\n","protected":false},"excerpt":{"rendered":"<p>Riccione \u00e8 conosciuta anche per le sue numerose discoteche e locali dove, soprattutto in estate, orde di ragazzi e ragazzi si divertono ballando fino all\u2019alba. Una delle capitali estive del divertimento in Italia, Riccione mantiene la sua propensione verso tutto ci\u00f2 che \u00e8 musica anche quando la stagione balneare \u00e8 chiusa.<\/p>\n","protected":false},"author":10,"featured_media":0,"comment_status":"open","ping_status":"open","sticky":false,"template":"","format":"standard","meta":{"cybocfi_hide_featured_image":"","footnotes":""},"categories":[42],"tags":[11165,11166,497,45,11164,1172,5201],"class_list":["post-3575","post","type-post","status-publish","format-standard","hentry","category-musica","tag-bravo-jazz","tag-festival-jazz","tag-hotel-riccione","tag-musica","tag-offerte-speciali-riccione","tag-riccione","tag-vacanze-riccione"],"yoast_head":"<!-- This site is optimized with the Yoast SEO plugin v27.0 - https:\/\/yoast.com\/product\/yoast-seo-wordpress\/ -->\n<title>Il Bravo Jazz riscalda l\u2019inverno di Riccione - Article Marketing<\/title>\n<meta name=\"robots\" content=\"index, follow, max-snippet:-1, max-image-preview:large, max-video-preview:-1\" \/>\n<link rel=\"canonical\" href=\"https:\/\/www.article-marketing.eu\/comunicati\/arte-e-cultura\/musica\/il-bravo-jazz-riscalda-linverno-di-riccione\/\" \/>\n<meta property=\"og:locale\" content=\"it_IT\" \/>\n<meta property=\"og:type\" content=\"article\" \/>\n<meta property=\"og:title\" content=\"Il Bravo Jazz riscalda l\u2019inverno di Riccione - Article Marketing\" \/>\n<meta property=\"og:description\" content=\"Riccione \u00e8 conosciuta anche per le sue numerose discoteche e locali dove, soprattutto in estate, orde di ragazzi e ragazzi si divertono ballando fino all\u2019alba. Una delle capitali estive del divertimento in Italia, Riccione mantiene la sua propensione verso tutto ci\u00f2 che \u00e8 musica anche quando la stagione balneare \u00e8 chiusa.\" \/>\n<meta property=\"og:url\" content=\"https:\/\/www.article-marketing.eu\/comunicati\/arte-e-cultura\/musica\/il-bravo-jazz-riscalda-linverno-di-riccione\/\" \/>\n<meta property=\"og:site_name\" content=\"Article Marketing\" \/>\n<meta property=\"article:published_time\" content=\"2009-12-04T11:30:18+00:00\" \/>\n<meta name=\"author\" content=\"Redazione Comunicati Stampa\" \/>\n<meta name=\"twitter:card\" content=\"summary_large_image\" \/>\n<meta name=\"twitter:label1\" content=\"Scritto da\" \/>\n\t<meta name=\"twitter:data1\" content=\"Redazione Comunicati Stampa\" \/>\n\t<meta name=\"twitter:label2\" content=\"Tempo di lettura stimato\" \/>\n\t<meta name=\"twitter:data2\" content=\"3 minuti\" \/>\n<script type=\"application\/ld+json\" class=\"yoast-schema-graph\">{\"@context\":\"https:\/\/schema.org\",\"@graph\":[{\"@type\":\"Article\",\"@id\":\"https:\/\/www.article-marketing.eu\/comunicati\/arte-e-cultura\/musica\/il-bravo-jazz-riscalda-linverno-di-riccione\/#article\",\"isPartOf\":{\"@id\":\"https:\/\/www.article-marketing.eu\/comunicati\/arte-e-cultura\/musica\/il-bravo-jazz-riscalda-linverno-di-riccione\/\"},\"author\":{\"name\":\"Redazione Comunicati Stampa\",\"@id\":\"https:\/\/www.article-marketing.eu\/comunicati\/#\/schema\/person\/44372e4d4d0fa797b18e03ed1ace9017\"},\"headline\":\"Il Bravo Jazz riscalda l\u2019inverno di Riccione\",\"datePublished\":\"2009-12-04T11:30:18+00:00\",\"mainEntityOfPage\":{\"@id\":\"https:\/\/www.article-marketing.eu\/comunicati\/arte-e-cultura\/musica\/il-bravo-jazz-riscalda-linverno-di-riccione\/\"},\"wordCount\":515,\"commentCount\":0,\"keywords\":[\"Bravo Jazz\",\"festival jazz\",\"hotel riccione\",\"musica\",\"offerte speciali Riccione\",\"Riccione\",\"vacanze riccione\"],\"articleSection\":[\"Musica\"],\"inLanguage\":\"it-IT\",\"potentialAction\":[{\"@type\":\"CommentAction\",\"name\":\"Comment\",\"target\":[\"https:\/\/www.article-marketing.eu\/comunicati\/arte-e-cultura\/musica\/il-bravo-jazz-riscalda-linverno-di-riccione\/#respond\"]}]},{\"@type\":\"WebPage\",\"@id\":\"https:\/\/www.article-marketing.eu\/comunicati\/arte-e-cultura\/musica\/il-bravo-jazz-riscalda-linverno-di-riccione\/\",\"url\":\"https:\/\/www.article-marketing.eu\/comunicati\/arte-e-cultura\/musica\/il-bravo-jazz-riscalda-linverno-di-riccione\/\",\"name\":\"Il Bravo Jazz riscalda l\u2019inverno di Riccione - Article Marketing\",\"isPartOf\":{\"@id\":\"https:\/\/www.article-marketing.eu\/comunicati\/#website\"},\"datePublished\":\"2009-12-04T11:30:18+00:00\",\"author\":{\"@id\":\"https:\/\/www.article-marketing.eu\/comunicati\/#\/schema\/person\/44372e4d4d0fa797b18e03ed1ace9017\"},\"breadcrumb\":{\"@id\":\"https:\/\/www.article-marketing.eu\/comunicati\/arte-e-cultura\/musica\/il-bravo-jazz-riscalda-linverno-di-riccione\/#breadcrumb\"},\"inLanguage\":\"it-IT\",\"potentialAction\":[{\"@type\":\"ReadAction\",\"target\":[\"https:\/\/www.article-marketing.eu\/comunicati\/arte-e-cultura\/musica\/il-bravo-jazz-riscalda-linverno-di-riccione\/\"]}]},{\"@type\":\"BreadcrumbList\",\"@id\":\"https:\/\/www.article-marketing.eu\/comunicati\/arte-e-cultura\/musica\/il-bravo-jazz-riscalda-linverno-di-riccione\/#breadcrumb\",\"itemListElement\":[{\"@type\":\"ListItem\",\"position\":1,\"name\":\"Home\",\"item\":\"https:\/\/www.article-marketing.eu\/comunicati\/\"},{\"@type\":\"ListItem\",\"position\":2,\"name\":\"Il Bravo Jazz riscalda l\u2019inverno di Riccione\"}]},{\"@type\":\"WebSite\",\"@id\":\"https:\/\/www.article-marketing.eu\/comunicati\/#website\",\"url\":\"https:\/\/www.article-marketing.eu\/comunicati\/\",\"name\":\"Article Marketing\",\"description\":\"article marketing &amp; press release\",\"potentialAction\":[{\"@type\":\"SearchAction\",\"target\":{\"@type\":\"EntryPoint\",\"urlTemplate\":\"https:\/\/www.article-marketing.eu\/comunicati\/?s={search_term_string}\"},\"query-input\":{\"@type\":\"PropertyValueSpecification\",\"valueRequired\":true,\"valueName\":\"search_term_string\"}}],\"inLanguage\":\"it-IT\"},{\"@type\":\"Person\",\"@id\":\"https:\/\/www.article-marketing.eu\/comunicati\/#\/schema\/person\/44372e4d4d0fa797b18e03ed1ace9017\",\"name\":\"Redazione Comunicati Stampa\",\"image\":{\"@type\":\"ImageObject\",\"inLanguage\":\"it-IT\",\"@id\":\"https:\/\/www.article-marketing.eu\/comunicati\/#\/schema\/person\/image\/\",\"url\":\"https:\/\/secure.gravatar.com\/avatar\/50e5c6421d3072f42e7ace803501602c60d75233d34e29fd05feb91c8760b792?s=96&d=mm&r=g\",\"contentUrl\":\"https:\/\/secure.gravatar.com\/avatar\/50e5c6421d3072f42e7ace803501602c60d75233d34e29fd05feb91c8760b792?s=96&d=mm&r=g\",\"caption\":\"Redazione Comunicati Stampa\"},\"url\":\"https:\/\/www.article-marketing.eu\/comunicati\/author\/redazione-comunicati-stampa\/\"}]}<\/script>\n<!-- \/ Yoast SEO plugin. -->","yoast_head_json":{"title":"Il Bravo Jazz riscalda l\u2019inverno di Riccione - Article Marketing","robots":{"index":"index","follow":"follow","max-snippet":"max-snippet:-1","max-image-preview":"max-image-preview:large","max-video-preview":"max-video-preview:-1"},"canonical":"https:\/\/www.article-marketing.eu\/comunicati\/arte-e-cultura\/musica\/il-bravo-jazz-riscalda-linverno-di-riccione\/","og_locale":"it_IT","og_type":"article","og_title":"Il Bravo Jazz riscalda l\u2019inverno di Riccione - Article Marketing","og_description":"Riccione \u00e8 conosciuta anche per le sue numerose discoteche e locali dove, soprattutto in estate, orde di ragazzi e ragazzi si divertono ballando fino all\u2019alba. Una delle capitali estive del divertimento in Italia, Riccione mantiene la sua propensione verso tutto ci\u00f2 che \u00e8 musica anche quando la stagione balneare \u00e8 chiusa.","og_url":"https:\/\/www.article-marketing.eu\/comunicati\/arte-e-cultura\/musica\/il-bravo-jazz-riscalda-linverno-di-riccione\/","og_site_name":"Article Marketing","article_published_time":"2009-12-04T11:30:18+00:00","author":"Redazione Comunicati Stampa","twitter_card":"summary_large_image","twitter_misc":{"Scritto da":"Redazione Comunicati Stampa","Tempo di lettura stimato":"3 minuti"},"schema":{"@context":"https:\/\/schema.org","@graph":[{"@type":"Article","@id":"https:\/\/www.article-marketing.eu\/comunicati\/arte-e-cultura\/musica\/il-bravo-jazz-riscalda-linverno-di-riccione\/#article","isPartOf":{"@id":"https:\/\/www.article-marketing.eu\/comunicati\/arte-e-cultura\/musica\/il-bravo-jazz-riscalda-linverno-di-riccione\/"},"author":{"name":"Redazione Comunicati Stampa","@id":"https:\/\/www.article-marketing.eu\/comunicati\/#\/schema\/person\/44372e4d4d0fa797b18e03ed1ace9017"},"headline":"Il Bravo Jazz riscalda l\u2019inverno di Riccione","datePublished":"2009-12-04T11:30:18+00:00","mainEntityOfPage":{"@id":"https:\/\/www.article-marketing.eu\/comunicati\/arte-e-cultura\/musica\/il-bravo-jazz-riscalda-linverno-di-riccione\/"},"wordCount":515,"commentCount":0,"keywords":["Bravo Jazz","festival jazz","hotel riccione","musica","offerte speciali Riccione","Riccione","vacanze riccione"],"articleSection":["Musica"],"inLanguage":"it-IT","potentialAction":[{"@type":"CommentAction","name":"Comment","target":["https:\/\/www.article-marketing.eu\/comunicati\/arte-e-cultura\/musica\/il-bravo-jazz-riscalda-linverno-di-riccione\/#respond"]}]},{"@type":"WebPage","@id":"https:\/\/www.article-marketing.eu\/comunicati\/arte-e-cultura\/musica\/il-bravo-jazz-riscalda-linverno-di-riccione\/","url":"https:\/\/www.article-marketing.eu\/comunicati\/arte-e-cultura\/musica\/il-bravo-jazz-riscalda-linverno-di-riccione\/","name":"Il Bravo Jazz riscalda l\u2019inverno di Riccione - Article Marketing","isPartOf":{"@id":"https:\/\/www.article-marketing.eu\/comunicati\/#website"},"datePublished":"2009-12-04T11:30:18+00:00","author":{"@id":"https:\/\/www.article-marketing.eu\/comunicati\/#\/schema\/person\/44372e4d4d0fa797b18e03ed1ace9017"},"breadcrumb":{"@id":"https:\/\/www.article-marketing.eu\/comunicati\/arte-e-cultura\/musica\/il-bravo-jazz-riscalda-linverno-di-riccione\/#breadcrumb"},"inLanguage":"it-IT","potentialAction":[{"@type":"ReadAction","target":["https:\/\/www.article-marketing.eu\/comunicati\/arte-e-cultura\/musica\/il-bravo-jazz-riscalda-linverno-di-riccione\/"]}]},{"@type":"BreadcrumbList","@id":"https:\/\/www.article-marketing.eu\/comunicati\/arte-e-cultura\/musica\/il-bravo-jazz-riscalda-linverno-di-riccione\/#breadcrumb","itemListElement":[{"@type":"ListItem","position":1,"name":"Home","item":"https:\/\/www.article-marketing.eu\/comunicati\/"},{"@type":"ListItem","position":2,"name":"Il Bravo Jazz riscalda l\u2019inverno di Riccione"}]},{"@type":"WebSite","@id":"https:\/\/www.article-marketing.eu\/comunicati\/#website","url":"https:\/\/www.article-marketing.eu\/comunicati\/","name":"Article Marketing","description":"article marketing &amp; press release","potentialAction":[{"@type":"SearchAction","target":{"@type":"EntryPoint","urlTemplate":"https:\/\/www.article-marketing.eu\/comunicati\/?s={search_term_string}"},"query-input":{"@type":"PropertyValueSpecification","valueRequired":true,"valueName":"search_term_string"}}],"inLanguage":"it-IT"},{"@type":"Person","@id":"https:\/\/www.article-marketing.eu\/comunicati\/#\/schema\/person\/44372e4d4d0fa797b18e03ed1ace9017","name":"Redazione Comunicati Stampa","image":{"@type":"ImageObject","inLanguage":"it-IT","@id":"https:\/\/www.article-marketing.eu\/comunicati\/#\/schema\/person\/image\/","url":"https:\/\/secure.gravatar.com\/avatar\/50e5c6421d3072f42e7ace803501602c60d75233d34e29fd05feb91c8760b792?s=96&d=mm&r=g","contentUrl":"https:\/\/secure.gravatar.com\/avatar\/50e5c6421d3072f42e7ace803501602c60d75233d34e29fd05feb91c8760b792?s=96&d=mm&r=g","caption":"Redazione Comunicati Stampa"},"url":"https:\/\/www.article-marketing.eu\/comunicati\/author\/redazione-comunicati-stampa\/"}]}},"_links":{"self":[{"href":"https:\/\/www.article-marketing.eu\/comunicati\/wp-json\/wp\/v2\/posts\/3575","targetHints":{"allow":["GET"]}}],"collection":[{"href":"https:\/\/www.article-marketing.eu\/comunicati\/wp-json\/wp\/v2\/posts"}],"about":[{"href":"https:\/\/www.article-marketing.eu\/comunicati\/wp-json\/wp\/v2\/types\/post"}],"author":[{"embeddable":true,"href":"https:\/\/www.article-marketing.eu\/comunicati\/wp-json\/wp\/v2\/users\/10"}],"replies":[{"embeddable":true,"href":"https:\/\/www.article-marketing.eu\/comunicati\/wp-json\/wp\/v2\/comments?post=3575"}],"version-history":[{"count":0,"href":"https:\/\/www.article-marketing.eu\/comunicati\/wp-json\/wp\/v2\/posts\/3575\/revisions"}],"wp:attachment":[{"href":"https:\/\/www.article-marketing.eu\/comunicati\/wp-json\/wp\/v2\/media?parent=3575"}],"wp:term":[{"taxonomy":"category","embeddable":true,"href":"https:\/\/www.article-marketing.eu\/comunicati\/wp-json\/wp\/v2\/categories?post=3575"},{"taxonomy":"post_tag","embeddable":true,"href":"https:\/\/www.article-marketing.eu\/comunicati\/wp-json\/wp\/v2\/tags?post=3575"}],"curies":[{"name":"wp","href":"https:\/\/api.w.org\/{rel}","templated":true}]}}