{"id":3585,"date":"2009-12-04T18:44:20","date_gmt":"2009-12-04T17:44:20","guid":{"rendered":"http:\/\/www.article-marketing.eu\/comunicati\/senza-categoria\/continua-ad-aumentare-la-richiesta-per-lallestimento-del-doblo-cargo-fiat\/"},"modified":"2009-12-04T18:44:20","modified_gmt":"2009-12-04T17:44:20","slug":"continua-ad-aumentare-la-richiesta-per-lallestimento-del-doblo-cargo-fiat","status":"publish","type":"post","link":"https:\/\/www.article-marketing.eu\/comunicati\/motori\/continua-ad-aumentare-la-richiesta-per-lallestimento-del-doblo-cargo-fiat\/","title":{"rendered":"Continua ad aumentare la richiesta per l&#8217;allestimento del Dobl\u00f2 Cargo Fiat"},"content":{"rendered":"<p>Il Dobl&ograve; &egrave; un veicolo commerciale Fiat prodotto dal 2000 e disponibile sia in versione trasporto merci sia passeggeri.<br \/>Sulla falsariga dei piccoli veicoli commerciali come il Renault Kangoo e la Peugeot Partner \/ Citro&euml;n Berlingo, ha un aspetto quasi d&rsquo;incrocio fra una station wagon, un furgone, una monovolume o un Suv.<br \/>Ha avuto un grande successo non solo nella versione Van, ma anche in quella passeggeri, perch&eacute; &egrave; concepito soprattutto come veicolo da lavoro per trasportare carichi anche importanti, ma ha una guida pi&ugrave; automobilistica rispetto ai furgoni del passato.<br \/>La lunghezza del veicolo &egrave; di 4,25 metri, mentre il vano di carico di tre m3 nella versione corta e di quattro m3 nella versione Cargo Maxi con passo allungato di 380 millimetri e lunghezza totale di oltre 4,6 metri per una portata di 850 kg.<br \/>Dopo un primo, leggero, aggiornamento riguardante modifiche estetiche di dettaglio nel 2004, il modello ha subito un altro restyling nel 2005. La nuova versione &egrave; attesa entro il 2010.<br \/>Ampia la gamma motori, con Multijet 1.3 da 85 cavalli e 1.9 da 105 e 120 cv. Disponibili anche versioni elettriche, a gas e\/o benzina.<br \/>Per le imprese e gli artigiani che utilizzano i furgoni attrezzati per il proprio lavoro <strong>diventa sempre pi&ugrave; importante aumentare l&rsquo;efficienza del lavoro<\/strong>, risparmiare inutili perdite di tempo, trovare subito quello che serve. Sempre pi&ugrave; operatori sono interessati all&rsquo;allestimento furgoni, per sfruttare al massimo l&rsquo;investimento nel proprio veicolo commerciale e farlo rendere al meglio.<br \/>Fin dal 1996 il <em><strong>Gruppo Syncro System <\/strong><\/em>produce allestimenti per furgoni per tutte le marche, con particolare attenzione ai diffusissimi veicoli Fiat. Grande successo ha riscosso l&rsquo;<strong>allestimento per Dobl&ograve; Cargo<\/strong>: il sistema modulare Syncro permette di installare scaffali e cassettiere per furgoni per riporre attrezzi, materiali e pezzi in maniera ordinata e sicura, sfruttando al massimo lo spazio disponibile.<br \/>Il Fiat Dobl&ograve; Cargo &egrave; proposto principalmente in versione corta, allungata e con tetto alto. L&rsquo;impostazione di guida automobilistica ha reso questo veicolo un grande successo presso la clientela italiana e internazione, e il gruppo Syncro fin dall&rsquo;introduzione nel 2000 ha sempre dedicato grande attenzione a ottimizzarne gli spazi, peraltro molto regolari e ampi, in rapporto alle dimensioni esterne piuttosto contenute.<br \/>Il sistema Syncro comprende tutta la gamma di <strong>pianali per Dobl&ograve; <\/strong>in multistrato marino resinato antiscivolo oppure in alluminio mandorlato, <strong>pannellature e rivestimenti <\/strong>in lamiera preverniciata oppure in alluminio anodizzato. <em>Proteggere il furgone &egrave; importante, con quello che costano i carrozzieri!<\/em><br \/>Gli arredamenti interni comprendono <strong>cassettiere per furgoni <\/strong>con cassetti dotati di divisori oppure <strong>cassettiere con cassetti trasparenti<\/strong>, scaffali per furgoni con divisori metallici oppure con <strong>contenitori di plastica<\/strong>, portamorsa per furgoni, ripiani, contenitori, valigette portattrezzi e portaminuterie inseribili nelle cassettiere. I molti elementi modulari sono disponibili in molte diverse dimensioni, il che permette di sfruttare al massimo lo spazio disponibile.<br \/>Il sistema comprende anche <strong>portapacchi per Doblo<\/strong>&rsquo;, <strong>portascale <\/strong>di acciaio e alluminio per caricare le scale senza fatica, <strong>rampe <\/strong>e <strong>pedane di carico <\/strong>e scarico, oltre ad innumerevoli accessori.<br \/>Per <em>proteggere le costose attrezzature <\/em>sono importanti anche i <strong>lucchetti per le porte del furgone<\/strong>, disponibili in due modelli studiati apposta per i veicoli commerciali.<\/p>\n","protected":false},"excerpt":{"rendered":"<p>Il popolare veicolo commerciale Fiat Dobl\u00f2 Cargo sempre pi\u00f9 spesso viene attrezzato con il materiale per allestimento furgoni Syncro System.<\/p>\n","protected":false},"author":10,"featured_media":0,"comment_status":"open","ping_status":"open","sticky":false,"template":"","format":"standard","meta":{"cybocfi_hide_featured_image":"","footnotes":""},"categories":[479],"tags":[11194,11193,11196,11198,11195,11197],"class_list":["post-3585","post","type-post","status-publish","format-standard","hentry","category-motori","tag-allestimenti-furgoni","tag-allestimento-doblo","tag-cassettiere-per-furgoni","tag-officine-mobili","tag-pianali-per-furgoni","tag-scaffali-per-furgoni"],"yoast_head":"<!-- This site is optimized with the Yoast SEO plugin v27.0 - https:\/\/yoast.com\/product\/yoast-seo-wordpress\/ -->\n<title>Continua ad aumentare la richiesta per l&#039;allestimento del Dobl\u00f2 Cargo Fiat - Article Marketing<\/title>\n<meta name=\"robots\" content=\"index, follow, max-snippet:-1, max-image-preview:large, max-video-preview:-1\" \/>\n<link rel=\"canonical\" href=\"https:\/\/www.article-marketing.eu\/comunicati\/motori\/continua-ad-aumentare-la-richiesta-per-lallestimento-del-doblo-cargo-fiat\/\" \/>\n<meta property=\"og:locale\" content=\"it_IT\" \/>\n<meta property=\"og:type\" content=\"article\" \/>\n<meta property=\"og:title\" content=\"Continua ad aumentare la richiesta per l&#039;allestimento del Dobl\u00f2 Cargo Fiat - Article Marketing\" \/>\n<meta property=\"og:description\" content=\"Il popolare veicolo commerciale Fiat Dobl\u00f2 Cargo sempre pi\u00f9 spesso viene attrezzato con il materiale per allestimento furgoni Syncro System.\" \/>\n<meta property=\"og:url\" content=\"https:\/\/www.article-marketing.eu\/comunicati\/motori\/continua-ad-aumentare-la-richiesta-per-lallestimento-del-doblo-cargo-fiat\/\" \/>\n<meta property=\"og:site_name\" content=\"Article Marketing\" \/>\n<meta property=\"article:published_time\" content=\"2009-12-04T17:44:20+00:00\" \/>\n<meta name=\"author\" content=\"Redazione Comunicati Stampa\" \/>\n<meta name=\"twitter:card\" content=\"summary_large_image\" \/>\n<meta name=\"twitter:label1\" content=\"Scritto da\" \/>\n\t<meta name=\"twitter:data1\" content=\"Redazione Comunicati Stampa\" \/>\n\t<meta name=\"twitter:label2\" content=\"Tempo di lettura stimato\" \/>\n\t<meta name=\"twitter:data2\" content=\"3 minuti\" \/>\n<script type=\"application\/ld+json\" class=\"yoast-schema-graph\">{\"@context\":\"https:\/\/schema.org\",\"@graph\":[{\"@type\":\"Article\",\"@id\":\"https:\/\/www.article-marketing.eu\/comunicati\/motori\/continua-ad-aumentare-la-richiesta-per-lallestimento-del-doblo-cargo-fiat\/#article\",\"isPartOf\":{\"@id\":\"https:\/\/www.article-marketing.eu\/comunicati\/motori\/continua-ad-aumentare-la-richiesta-per-lallestimento-del-doblo-cargo-fiat\/\"},\"author\":{\"name\":\"Redazione Comunicati Stampa\",\"@id\":\"https:\/\/www.article-marketing.eu\/comunicati\/#\/schema\/person\/44372e4d4d0fa797b18e03ed1ace9017\"},\"headline\":\"Continua ad aumentare la richiesta per l&#8217;allestimento del Dobl\u00f2 Cargo Fiat\",\"datePublished\":\"2009-12-04T17:44:20+00:00\",\"mainEntityOfPage\":{\"@id\":\"https:\/\/www.article-marketing.eu\/comunicati\/motori\/continua-ad-aumentare-la-richiesta-per-lallestimento-del-doblo-cargo-fiat\/\"},\"wordCount\":541,\"commentCount\":0,\"keywords\":[\"allestimenti furgoni\",\"allestimento Doblo'\",\"cassettiere per furgoni\",\"officine mobili\",\"pianali per furgoni\",\"scaffali per furgoni\"],\"articleSection\":[\"Motori\"],\"inLanguage\":\"it-IT\",\"potentialAction\":[{\"@type\":\"CommentAction\",\"name\":\"Comment\",\"target\":[\"https:\/\/www.article-marketing.eu\/comunicati\/motori\/continua-ad-aumentare-la-richiesta-per-lallestimento-del-doblo-cargo-fiat\/#respond\"]}]},{\"@type\":\"WebPage\",\"@id\":\"https:\/\/www.article-marketing.eu\/comunicati\/motori\/continua-ad-aumentare-la-richiesta-per-lallestimento-del-doblo-cargo-fiat\/\",\"url\":\"https:\/\/www.article-marketing.eu\/comunicati\/motori\/continua-ad-aumentare-la-richiesta-per-lallestimento-del-doblo-cargo-fiat\/\",\"name\":\"Continua ad aumentare la richiesta per l'allestimento del Dobl\u00f2 Cargo Fiat - Article Marketing\",\"isPartOf\":{\"@id\":\"https:\/\/www.article-marketing.eu\/comunicati\/#website\"},\"datePublished\":\"2009-12-04T17:44:20+00:00\",\"author\":{\"@id\":\"https:\/\/www.article-marketing.eu\/comunicati\/#\/schema\/person\/44372e4d4d0fa797b18e03ed1ace9017\"},\"breadcrumb\":{\"@id\":\"https:\/\/www.article-marketing.eu\/comunicati\/motori\/continua-ad-aumentare-la-richiesta-per-lallestimento-del-doblo-cargo-fiat\/#breadcrumb\"},\"inLanguage\":\"it-IT\",\"potentialAction\":[{\"@type\":\"ReadAction\",\"target\":[\"https:\/\/www.article-marketing.eu\/comunicati\/motori\/continua-ad-aumentare-la-richiesta-per-lallestimento-del-doblo-cargo-fiat\/\"]}]},{\"@type\":\"BreadcrumbList\",\"@id\":\"https:\/\/www.article-marketing.eu\/comunicati\/motori\/continua-ad-aumentare-la-richiesta-per-lallestimento-del-doblo-cargo-fiat\/#breadcrumb\",\"itemListElement\":[{\"@type\":\"ListItem\",\"position\":1,\"name\":\"Home\",\"item\":\"https:\/\/www.article-marketing.eu\/comunicati\/\"},{\"@type\":\"ListItem\",\"position\":2,\"name\":\"Continua ad aumentare la richiesta per l&#8217;allestimento del Dobl\u00f2 Cargo Fiat\"}]},{\"@type\":\"WebSite\",\"@id\":\"https:\/\/www.article-marketing.eu\/comunicati\/#website\",\"url\":\"https:\/\/www.article-marketing.eu\/comunicati\/\",\"name\":\"Article Marketing\",\"description\":\"article marketing &amp; press release\",\"potentialAction\":[{\"@type\":\"SearchAction\",\"target\":{\"@type\":\"EntryPoint\",\"urlTemplate\":\"https:\/\/www.article-marketing.eu\/comunicati\/?s={search_term_string}\"},\"query-input\":{\"@type\":\"PropertyValueSpecification\",\"valueRequired\":true,\"valueName\":\"search_term_string\"}}],\"inLanguage\":\"it-IT\"},{\"@type\":\"Person\",\"@id\":\"https:\/\/www.article-marketing.eu\/comunicati\/#\/schema\/person\/44372e4d4d0fa797b18e03ed1ace9017\",\"name\":\"Redazione Comunicati Stampa\",\"image\":{\"@type\":\"ImageObject\",\"inLanguage\":\"it-IT\",\"@id\":\"https:\/\/www.article-marketing.eu\/comunicati\/#\/schema\/person\/image\/\",\"url\":\"https:\/\/secure.gravatar.com\/avatar\/50e5c6421d3072f42e7ace803501602c60d75233d34e29fd05feb91c8760b792?s=96&d=mm&r=g\",\"contentUrl\":\"https:\/\/secure.gravatar.com\/avatar\/50e5c6421d3072f42e7ace803501602c60d75233d34e29fd05feb91c8760b792?s=96&d=mm&r=g\",\"caption\":\"Redazione Comunicati Stampa\"},\"url\":\"https:\/\/www.article-marketing.eu\/comunicati\/author\/redazione-comunicati-stampa\/\"}]}<\/script>\n<!-- \/ Yoast SEO plugin. -->","yoast_head_json":{"title":"Continua ad aumentare la richiesta per l'allestimento del Dobl\u00f2 Cargo Fiat - Article Marketing","robots":{"index":"index","follow":"follow","max-snippet":"max-snippet:-1","max-image-preview":"max-image-preview:large","max-video-preview":"max-video-preview:-1"},"canonical":"https:\/\/www.article-marketing.eu\/comunicati\/motori\/continua-ad-aumentare-la-richiesta-per-lallestimento-del-doblo-cargo-fiat\/","og_locale":"it_IT","og_type":"article","og_title":"Continua ad aumentare la richiesta per l'allestimento del Dobl\u00f2 Cargo Fiat - Article Marketing","og_description":"Il popolare veicolo commerciale Fiat Dobl\u00f2 Cargo sempre pi\u00f9 spesso viene attrezzato con il materiale per allestimento furgoni Syncro System.","og_url":"https:\/\/www.article-marketing.eu\/comunicati\/motori\/continua-ad-aumentare-la-richiesta-per-lallestimento-del-doblo-cargo-fiat\/","og_site_name":"Article Marketing","article_published_time":"2009-12-04T17:44:20+00:00","author":"Redazione Comunicati Stampa","twitter_card":"summary_large_image","twitter_misc":{"Scritto da":"Redazione Comunicati Stampa","Tempo di lettura stimato":"3 minuti"},"schema":{"@context":"https:\/\/schema.org","@graph":[{"@type":"Article","@id":"https:\/\/www.article-marketing.eu\/comunicati\/motori\/continua-ad-aumentare-la-richiesta-per-lallestimento-del-doblo-cargo-fiat\/#article","isPartOf":{"@id":"https:\/\/www.article-marketing.eu\/comunicati\/motori\/continua-ad-aumentare-la-richiesta-per-lallestimento-del-doblo-cargo-fiat\/"},"author":{"name":"Redazione Comunicati Stampa","@id":"https:\/\/www.article-marketing.eu\/comunicati\/#\/schema\/person\/44372e4d4d0fa797b18e03ed1ace9017"},"headline":"Continua ad aumentare la richiesta per l&#8217;allestimento del Dobl\u00f2 Cargo Fiat","datePublished":"2009-12-04T17:44:20+00:00","mainEntityOfPage":{"@id":"https:\/\/www.article-marketing.eu\/comunicati\/motori\/continua-ad-aumentare-la-richiesta-per-lallestimento-del-doblo-cargo-fiat\/"},"wordCount":541,"commentCount":0,"keywords":["allestimenti furgoni","allestimento Doblo'","cassettiere per furgoni","officine mobili","pianali per furgoni","scaffali per furgoni"],"articleSection":["Motori"],"inLanguage":"it-IT","potentialAction":[{"@type":"CommentAction","name":"Comment","target":["https:\/\/www.article-marketing.eu\/comunicati\/motori\/continua-ad-aumentare-la-richiesta-per-lallestimento-del-doblo-cargo-fiat\/#respond"]}]},{"@type":"WebPage","@id":"https:\/\/www.article-marketing.eu\/comunicati\/motori\/continua-ad-aumentare-la-richiesta-per-lallestimento-del-doblo-cargo-fiat\/","url":"https:\/\/www.article-marketing.eu\/comunicati\/motori\/continua-ad-aumentare-la-richiesta-per-lallestimento-del-doblo-cargo-fiat\/","name":"Continua ad aumentare la richiesta per l'allestimento del Dobl\u00f2 Cargo Fiat - Article Marketing","isPartOf":{"@id":"https:\/\/www.article-marketing.eu\/comunicati\/#website"},"datePublished":"2009-12-04T17:44:20+00:00","author":{"@id":"https:\/\/www.article-marketing.eu\/comunicati\/#\/schema\/person\/44372e4d4d0fa797b18e03ed1ace9017"},"breadcrumb":{"@id":"https:\/\/www.article-marketing.eu\/comunicati\/motori\/continua-ad-aumentare-la-richiesta-per-lallestimento-del-doblo-cargo-fiat\/#breadcrumb"},"inLanguage":"it-IT","potentialAction":[{"@type":"ReadAction","target":["https:\/\/www.article-marketing.eu\/comunicati\/motori\/continua-ad-aumentare-la-richiesta-per-lallestimento-del-doblo-cargo-fiat\/"]}]},{"@type":"BreadcrumbList","@id":"https:\/\/www.article-marketing.eu\/comunicati\/motori\/continua-ad-aumentare-la-richiesta-per-lallestimento-del-doblo-cargo-fiat\/#breadcrumb","itemListElement":[{"@type":"ListItem","position":1,"name":"Home","item":"https:\/\/www.article-marketing.eu\/comunicati\/"},{"@type":"ListItem","position":2,"name":"Continua ad aumentare la richiesta per l&#8217;allestimento del Dobl\u00f2 Cargo Fiat"}]},{"@type":"WebSite","@id":"https:\/\/www.article-marketing.eu\/comunicati\/#website","url":"https:\/\/www.article-marketing.eu\/comunicati\/","name":"Article Marketing","description":"article marketing &amp; press release","potentialAction":[{"@type":"SearchAction","target":{"@type":"EntryPoint","urlTemplate":"https:\/\/www.article-marketing.eu\/comunicati\/?s={search_term_string}"},"query-input":{"@type":"PropertyValueSpecification","valueRequired":true,"valueName":"search_term_string"}}],"inLanguage":"it-IT"},{"@type":"Person","@id":"https:\/\/www.article-marketing.eu\/comunicati\/#\/schema\/person\/44372e4d4d0fa797b18e03ed1ace9017","name":"Redazione Comunicati Stampa","image":{"@type":"ImageObject","inLanguage":"it-IT","@id":"https:\/\/www.article-marketing.eu\/comunicati\/#\/schema\/person\/image\/","url":"https:\/\/secure.gravatar.com\/avatar\/50e5c6421d3072f42e7ace803501602c60d75233d34e29fd05feb91c8760b792?s=96&d=mm&r=g","contentUrl":"https:\/\/secure.gravatar.com\/avatar\/50e5c6421d3072f42e7ace803501602c60d75233d34e29fd05feb91c8760b792?s=96&d=mm&r=g","caption":"Redazione Comunicati Stampa"},"url":"https:\/\/www.article-marketing.eu\/comunicati\/author\/redazione-comunicati-stampa\/"}]}},"_links":{"self":[{"href":"https:\/\/www.article-marketing.eu\/comunicati\/wp-json\/wp\/v2\/posts\/3585","targetHints":{"allow":["GET"]}}],"collection":[{"href":"https:\/\/www.article-marketing.eu\/comunicati\/wp-json\/wp\/v2\/posts"}],"about":[{"href":"https:\/\/www.article-marketing.eu\/comunicati\/wp-json\/wp\/v2\/types\/post"}],"author":[{"embeddable":true,"href":"https:\/\/www.article-marketing.eu\/comunicati\/wp-json\/wp\/v2\/users\/10"}],"replies":[{"embeddable":true,"href":"https:\/\/www.article-marketing.eu\/comunicati\/wp-json\/wp\/v2\/comments?post=3585"}],"version-history":[{"count":0,"href":"https:\/\/www.article-marketing.eu\/comunicati\/wp-json\/wp\/v2\/posts\/3585\/revisions"}],"wp:attachment":[{"href":"https:\/\/www.article-marketing.eu\/comunicati\/wp-json\/wp\/v2\/media?parent=3585"}],"wp:term":[{"taxonomy":"category","embeddable":true,"href":"https:\/\/www.article-marketing.eu\/comunicati\/wp-json\/wp\/v2\/categories?post=3585"},{"taxonomy":"post_tag","embeddable":true,"href":"https:\/\/www.article-marketing.eu\/comunicati\/wp-json\/wp\/v2\/tags?post=3585"}],"curies":[{"name":"wp","href":"https:\/\/api.w.org\/{rel}","templated":true}]}}