{"id":3595,"date":"2009-12-07T13:32:54","date_gmt":"2009-12-07T12:32:54","guid":{"rendered":"http:\/\/www.article-marketing.eu\/comunicati\/senza-categoria\/alloutlet-di-aiello-e-tempo-di-shopping-e-festeggiamenti\/"},"modified":"2009-12-07T13:32:54","modified_gmt":"2009-12-07T12:32:54","slug":"alloutlet-di-aiello-e-tempo-di-shopping-e-festeggiamenti","status":"publish","type":"post","link":"https:\/\/www.article-marketing.eu\/comunicati\/comunicati-stampa\/eventi\/alloutlet-di-aiello-e-tempo-di-shopping-e-festeggiamenti\/","title":{"rendered":"All\u2019Outlet  di Aiello e\u2019 tempo di shopping e festeggiamenti"},"content":{"rendered":"<p style=\"MARGIN: 0pt; TEXT-ALIGN: justify\">AIELLO DEL FRIULI (Udine), Dicem<a name=\"OLE_LINK1\">bre 2009 \u2013 Si avvicina il Natale, tempo di regali, doni e grandi festeggiamenti e il Palmanova Outlet Village \u00e8 gi\u00e0 pronto ad accogliere i tanti visitatori a caccia di occasioni, addobbato a feste in una splendida sfilata di luci e colori.<\/a><\/p>\n<p style=\"MARGIN: 0pt; TEXT-ALIGN: justify\">In questo periodo, all\u2019Outlet di Aiello tanti saranno anche gli eventi e le iniziative di intrattenimento. Appuntamenti, che a partire dall\u20198 dicembre fino al 6 gennaio per tutti i week end, coinvolgeranno con musica e spettacoli. <\/p>\n<p style=\"MARGIN: 0pt; TEXT-ALIGN: justify\">Un programma che riserver\u00e0 delle magnifiche sorprese anche per il giorno di Santo Stefano. Il 26 dicembre, infatti, i negozi saranno aperti dalle ore 11 alle 19 con tante promozioni, scontistiche e animazioni per tutti. <\/p>\n<p style=\"MARGIN: 0pt; TEXT-ALIGN: justify\">&nbsp;<\/p>\n<p style=\"MARGIN: 0pt; TEXT-ALIGN: justify\">Fino al 26 dicembre, inoltre, l\u2019Outlet premia lo shopping: per ogni 150 euro spesi tra gli store delle firme pi\u00f9 fashion della moda italiana e internazionale, sar\u00e0 possibile partecipare al concorso Shop &amp; Win e vincere ricchi e fantastici premi. <\/p>\n<p style=\"MARGIN: 0pt; TEXT-ALIGN: justify\">In palio: un buono spesa da cinquemila euro da utilizzare nei punti vendita dell\u2019outlet accompagnati da un personal shopper, una \u201cRomantic holiday\u201d e una \u201cWellness holiday\u201d, entrambe per due persone, presso il comprensorio sciistico austriaco di Nassfeld \u2013 Hermagor. <\/p>\n<p style=\"MARGIN: 0pt; TEXT-ALIGN: justify\">&nbsp;<\/p>\n<p style=\"MARGIN: 0pt; TEXT-ALIGN: justify\">Il Natale, per antonomasia, \u00e8 tempo di buoni sentimenti, tutti coloro che desidereranno trasformare i propri acquisti in impeccabili pacchi regalo, potranno farli confezionare, a fronte di una piccola offerta, nell&#8217;area \u201csolidale\u201d appositamente allestita dalla Croce Rossa Italiana sezione di Palmanova.<\/p>\n<p style=\"MARGIN: 0pt\">&nbsp;<\/p>\n<p style=\"MARGIN: 0pt; TEXT-ALIGN: justify\">Di seguito il calendario degli eventi che animeranno la struttura durante le festivit\u00e0 Natalizie:<\/p>\n<p style=\"MARGIN: 0pt; TEXT-ALIGN: justify\">&nbsp;<\/p>\n<p style=\"MARGIN: 0pt; TEXT-ALIGN: justify\"><strong>Marted\u00ec 8 Dicembre <\/strong><\/p>\n<p style=\"MARGIN: 0pt; TEXT-ALIGN: justify\"><em>Gli allegri folletti di Babbo Natale<\/em><em>. <\/em><\/p>\n<p style=\"MARGIN: 0pt; TEXT-ALIGN: justify\">In questa prima giornata di festa tre allegri folletti, coinvolgeranno i pi\u00f9 piccoli, insegnando loro a creare dei fantasiosi regali realizzati con materiali riciclati.<\/p>\n<p style=\"MARGIN: 0pt; TEXT-ALIGN: justify\">Un modo divertente per stuzzicare la fantasia e la creativit\u00e0 dei bambini<em>.<\/em><\/p>\n<p style=\"MARGIN: 0pt; TEXT-ALIGN: justify\">&nbsp;<\/p>\n<p style=\"MARGIN: 0pt; TEXT-ALIGN: justify\"><strong>Sabato 12 Dicembre<\/strong><strong> <\/strong><\/p>\n<p style=\"MARGIN: 0pt; TEXT-ALIGN: justify\"><em>Santa Park<\/em>.<\/p>\n<p style=\"MARGIN: 0pt; TEXT-ALIGN: justify\">Tutti possono tornare bambini con il magico Cantastorie che, vestito da Elfo, racconter\u00e0 delle dolcissime fiabe Natalizie nel tipico stile Norvegese.&nbsp; Nel Santa Park arriveranno anche simpatici personaggi animati.&nbsp; <\/p>\n<p style=\"MARGIN: 0pt; TEXT-ALIGN: justify\">&nbsp;<\/p>\n<p style=\"MARGIN: 0pt; TEXT-ALIGN: justify\">&nbsp;<\/p>\n<p style=\"MARGIN: 0pt; TEXT-ALIGN: justify\"><strong>Domenica 13 Dicembre<\/strong><strong> <\/strong><\/p>\n<p style=\"MARGIN: 0pt; TEXT-ALIGN: justify\"><em>Fate e folletti<\/em> <\/p>\n<p style=\"MARGIN: 0pt; TEXT-ALIGN: justify\">Dai boschi arriva un piccolo popolo che animer\u00e0 le vie del Village con luci e colori, mentre incantevoli fate e dispettosi folletti danzeranno al ritmo di trascinanti melodie. <\/p>\n<p style=\"MARGIN: 0pt; TEXT-ALIGN: justify\">Danze, trampoli, esercizi di giocoleria e giochi pirotecnici daranno vita ad una frizzante atmosfera di festa.<\/p>\n<p style=\"MARGIN: 0pt; TEXT-ALIGN: justify\">&nbsp;<\/p>\n<p style=\"MARGIN: 0pt; TEXT-ALIGN: justify\"><strong>Sabato 19 Dicembre<\/strong><strong> <\/strong><\/p>\n<p style=\"MARGIN: 0pt; TEXT-ALIGN: justify\"><em>Arriva la slitta con Piparila e il Pupazzo di Neve<\/em><\/p>\n<p style=\"MARGIN: 0pt; TEXT-ALIGN: justify\">Pochi giorni prima del Natale al Palmanova Outlet Village arriveranno, con la loro magica slitta, Piparila, la bellissima moglie di Babbo Natale,&nbsp; il suo amico Pupazzo di Neve e la simpatica Renna, pronti ad accogliere e divertire tutti i bambini.<\/p>\n<p style=\"MARGIN: 0pt; TEXT-ALIGN: justify\">&nbsp;<\/p>\n<p style=\"MARGIN: 0pt; TEXT-ALIGN: justify\"><strong>Domenica 20 Dicembre<\/strong><strong> <\/strong><\/p>\n<p style=\"MARGIN: 0pt; TEXT-ALIGN: justify\"><em>Grande spettacolo: il fuoco.<\/em><\/p>\n<p style=\"MARGIN: 0pt; TEXT-ALIGN: justify\">L\u2019atmosfera del Natale si accender\u00e0 con uno spettacolo dedicato al fuoco, l\u2019elemento terrestre pi\u00f9 misterioso ed incognito.<\/p>\n<p style=\"MARGIN: 0pt; TEXT-ALIGN: justify\">Fuoco, percussioni, danze ed acrobazie, per rendere indimenticabile quest\u2019ultima domenica di Avvento. <\/p>\n<p style=\"MARGIN: 0pt; TEXT-ALIGN: justify\">&nbsp;<\/p>\n<p style=\"MARGIN: 0pt; TEXT-ALIGN: justify\"><strong>Gioved\u00ec<\/strong><strong> <\/strong><strong>24 Dicembre<\/strong><strong> <\/strong><\/p>\n<p style=\"MARGIN: 0pt; TEXT-ALIGN: justify\"><em>Babbo Natale in Sidecar.<\/em><\/p>\n<p style=\"MARGIN: 0pt; TEXT-ALIGN: justify\">Quest\u2019anno Babbo Natale ha deciso di abbandonare la sua slitta per lasciar riposare le sue operose renne, e raggiungere il Palmanova Outlet con un mezzo insolito e \u201cvintage\u201d: uno scoppiettante Sidecar! Tantissime sorprese e regali per tutta la famiglia!<\/p>\n<p style=\"MARGIN: 0pt; TEXT-ALIGN: justify\">&nbsp;<\/p>\n<p style=\"MARGIN: 0pt; TEXT-ALIGN: justify\"><strong>Sabato 26 Dicembre<\/strong><strong> <\/strong><\/p>\n<p style=\"MARGIN: 0pt; TEXT-ALIGN: justify\"><em>Coro Gospel di Santo Stefano e lanterne volanti.<\/em><\/p>\n<p style=\"MARGIN: 0pt; TEXT-ALIGN: justify\">Per festeggiare assieme il giorno di Santo Stefano, il Palmanova ha organizzato un grande concerto di musica GOSPEL: quattro autentici talenti vocali, dal timbro inconfondibile, rappresenteranno le autentiche sonorit\u00e0 del Gospel di Chicago e il vero suono di questa musica dalle origini cos\u00ec antiche e tanto amate.<\/p>\n<p style=\"MARGIN: 0pt; TEXT-ALIGN: justify\">La serata terminer\u00e0 con il naso all\u2019ins\u00f9: delle magiche lanterne verranno lanciate per illluminare il cielo di Aiello. <\/p>\n<p style=\"MARGIN: 0pt; TEXT-ALIGN: justify\">&nbsp;<\/p>\n<p style=\"MARGIN: 0pt; TEXT-ALIGN: justify\"><strong>Mercoled\u00ec<\/strong><strong> <\/strong><strong>6 Gennaio<\/strong><strong> <\/strong><\/p>\n<p style=\"MARGIN: 0pt; TEXT-ALIGN: justify\"><em>Arriva la magia della Befana.<\/em><\/p>\n<p style=\"MARGIN: 0pt; TEXT-ALIGN: justify\">Come vuole la tradizione, questa giornata \u00e8 dedicata alla vecchina pi\u00f9 simpatica e dispettosa del mondo: la magica Befana che aspetter\u00e0 tutti i bambini al Palmanova con scherzi, magie e simpatici regali.<\/p>\n<p style=\"MARGIN: 0pt; TEXT-ALIGN: justify\">&nbsp;<\/p>\n<p style=\"MARGIN: 0pt; TEXT-ALIGN: justify\">Inoltre durante tutti i fine settimana, Babbo Natale aspetter\u00e0 tutti i bambini nel suo Magico Ufficio Postale, per ritirare le letterine dei desideri e farsi scattare una bella fotografia in sua compagnia.<\/p>\n","protected":false},"excerpt":{"rendered":"<p>Dall\u20198 dicembre e per tutti i week end fino al 6 gennaio tanti spettacoli per grandi e piccini.<br \/>\nFino al 26 dicembre \u00e8 possibile partecipare al nuovo concorso \u201cShop &#038; Win\u201d. In palio cinquemila Euro di buoni spesa da usufruire accompagnati da una personal shopper e due romantiche e rilassanti vacanze.<\/p>\n","protected":false},"author":10,"featured_media":0,"comment_status":"open","ping_status":"open","sticky":false,"template":"","format":"standard","meta":{"cybocfi_hide_featured_image":"","footnotes":""},"categories":[388],"tags":[11234,1294,10593],"class_list":["post-3595","post","type-post","status-publish","format-standard","hentry","category-eventi","tag-eventi-natale","tag-palmanova-outlet-village","tag-shop-win"],"yoast_head":"<!-- This site is optimized with the Yoast SEO plugin v27.0 - https:\/\/yoast.com\/product\/yoast-seo-wordpress\/ -->\n<title>All\u2019Outlet di Aiello e\u2019 tempo di shopping e festeggiamenti - Article Marketing<\/title>\n<meta name=\"robots\" content=\"index, follow, max-snippet:-1, max-image-preview:large, max-video-preview:-1\" \/>\n<link rel=\"canonical\" href=\"https:\/\/www.article-marketing.eu\/comunicati\/comunicati-stampa\/eventi\/alloutlet-di-aiello-e-tempo-di-shopping-e-festeggiamenti\/\" \/>\n<meta property=\"og:locale\" content=\"it_IT\" \/>\n<meta property=\"og:type\" content=\"article\" \/>\n<meta property=\"og:title\" content=\"All\u2019Outlet di Aiello e\u2019 tempo di shopping e festeggiamenti - Article Marketing\" \/>\n<meta property=\"og:description\" content=\"Dall\u20198 dicembre e per tutti i week end fino al 6 gennaio tanti spettacoli per grandi e piccini. Fino al 26 dicembre \u00e8 possibile partecipare al nuovo concorso \u201cShop &amp; Win\u201d. In palio cinquemila Euro di buoni spesa da usufruire accompagnati da una personal shopper e due romantiche e rilassanti vacanze.\" \/>\n<meta property=\"og:url\" content=\"https:\/\/www.article-marketing.eu\/comunicati\/comunicati-stampa\/eventi\/alloutlet-di-aiello-e-tempo-di-shopping-e-festeggiamenti\/\" \/>\n<meta property=\"og:site_name\" content=\"Article Marketing\" \/>\n<meta property=\"article:published_time\" content=\"2009-12-07T12:32:54+00:00\" \/>\n<meta name=\"author\" content=\"Redazione Comunicati Stampa\" \/>\n<meta name=\"twitter:card\" content=\"summary_large_image\" \/>\n<meta name=\"twitter:label1\" content=\"Scritto da\" \/>\n\t<meta name=\"twitter:data1\" content=\"Redazione Comunicati Stampa\" \/>\n\t<meta name=\"twitter:label2\" content=\"Tempo di lettura stimato\" \/>\n\t<meta name=\"twitter:data2\" content=\"3 minuti\" \/>\n<script type=\"application\/ld+json\" class=\"yoast-schema-graph\">{\"@context\":\"https:\/\/schema.org\",\"@graph\":[{\"@type\":\"Article\",\"@id\":\"https:\/\/www.article-marketing.eu\/comunicati\/comunicati-stampa\/eventi\/alloutlet-di-aiello-e-tempo-di-shopping-e-festeggiamenti\/#article\",\"isPartOf\":{\"@id\":\"https:\/\/www.article-marketing.eu\/comunicati\/comunicati-stampa\/eventi\/alloutlet-di-aiello-e-tempo-di-shopping-e-festeggiamenti\/\"},\"author\":{\"name\":\"Redazione Comunicati Stampa\",\"@id\":\"https:\/\/www.article-marketing.eu\/comunicati\/#\/schema\/person\/44372e4d4d0fa797b18e03ed1ace9017\"},\"headline\":\"All\u2019Outlet di Aiello e\u2019 tempo di shopping e festeggiamenti\",\"datePublished\":\"2009-12-07T12:32:54+00:00\",\"mainEntityOfPage\":{\"@id\":\"https:\/\/www.article-marketing.eu\/comunicati\/comunicati-stampa\/eventi\/alloutlet-di-aiello-e-tempo-di-shopping-e-festeggiamenti\/\"},\"wordCount\":677,\"commentCount\":0,\"keywords\":[\"Eventi Natale\",\"palmanova outlet village\",\"Shop &amp; Win\"],\"articleSection\":[\"Eventi\"],\"inLanguage\":\"it-IT\",\"potentialAction\":[{\"@type\":\"CommentAction\",\"name\":\"Comment\",\"target\":[\"https:\/\/www.article-marketing.eu\/comunicati\/comunicati-stampa\/eventi\/alloutlet-di-aiello-e-tempo-di-shopping-e-festeggiamenti\/#respond\"]}]},{\"@type\":\"WebPage\",\"@id\":\"https:\/\/www.article-marketing.eu\/comunicati\/comunicati-stampa\/eventi\/alloutlet-di-aiello-e-tempo-di-shopping-e-festeggiamenti\/\",\"url\":\"https:\/\/www.article-marketing.eu\/comunicati\/comunicati-stampa\/eventi\/alloutlet-di-aiello-e-tempo-di-shopping-e-festeggiamenti\/\",\"name\":\"All\u2019Outlet di Aiello e\u2019 tempo di shopping e festeggiamenti - Article Marketing\",\"isPartOf\":{\"@id\":\"https:\/\/www.article-marketing.eu\/comunicati\/#website\"},\"datePublished\":\"2009-12-07T12:32:54+00:00\",\"author\":{\"@id\":\"https:\/\/www.article-marketing.eu\/comunicati\/#\/schema\/person\/44372e4d4d0fa797b18e03ed1ace9017\"},\"breadcrumb\":{\"@id\":\"https:\/\/www.article-marketing.eu\/comunicati\/comunicati-stampa\/eventi\/alloutlet-di-aiello-e-tempo-di-shopping-e-festeggiamenti\/#breadcrumb\"},\"inLanguage\":\"it-IT\",\"potentialAction\":[{\"@type\":\"ReadAction\",\"target\":[\"https:\/\/www.article-marketing.eu\/comunicati\/comunicati-stampa\/eventi\/alloutlet-di-aiello-e-tempo-di-shopping-e-festeggiamenti\/\"]}]},{\"@type\":\"BreadcrumbList\",\"@id\":\"https:\/\/www.article-marketing.eu\/comunicati\/comunicati-stampa\/eventi\/alloutlet-di-aiello-e-tempo-di-shopping-e-festeggiamenti\/#breadcrumb\",\"itemListElement\":[{\"@type\":\"ListItem\",\"position\":1,\"name\":\"Home\",\"item\":\"https:\/\/www.article-marketing.eu\/comunicati\/\"},{\"@type\":\"ListItem\",\"position\":2,\"name\":\"All\u2019Outlet di Aiello e\u2019 tempo di shopping e festeggiamenti\"}]},{\"@type\":\"WebSite\",\"@id\":\"https:\/\/www.article-marketing.eu\/comunicati\/#website\",\"url\":\"https:\/\/www.article-marketing.eu\/comunicati\/\",\"name\":\"Article Marketing\",\"description\":\"article marketing &amp; press release\",\"potentialAction\":[{\"@type\":\"SearchAction\",\"target\":{\"@type\":\"EntryPoint\",\"urlTemplate\":\"https:\/\/www.article-marketing.eu\/comunicati\/?s={search_term_string}\"},\"query-input\":{\"@type\":\"PropertyValueSpecification\",\"valueRequired\":true,\"valueName\":\"search_term_string\"}}],\"inLanguage\":\"it-IT\"},{\"@type\":\"Person\",\"@id\":\"https:\/\/www.article-marketing.eu\/comunicati\/#\/schema\/person\/44372e4d4d0fa797b18e03ed1ace9017\",\"name\":\"Redazione Comunicati Stampa\",\"image\":{\"@type\":\"ImageObject\",\"inLanguage\":\"it-IT\",\"@id\":\"https:\/\/www.article-marketing.eu\/comunicati\/#\/schema\/person\/image\/\",\"url\":\"https:\/\/secure.gravatar.com\/avatar\/50e5c6421d3072f42e7ace803501602c60d75233d34e29fd05feb91c8760b792?s=96&d=mm&r=g\",\"contentUrl\":\"https:\/\/secure.gravatar.com\/avatar\/50e5c6421d3072f42e7ace803501602c60d75233d34e29fd05feb91c8760b792?s=96&d=mm&r=g\",\"caption\":\"Redazione Comunicati Stampa\"},\"url\":\"https:\/\/www.article-marketing.eu\/comunicati\/author\/redazione-comunicati-stampa\/\"}]}<\/script>\n<!-- \/ Yoast SEO plugin. -->","yoast_head_json":{"title":"All\u2019Outlet di Aiello e\u2019 tempo di shopping e festeggiamenti - Article Marketing","robots":{"index":"index","follow":"follow","max-snippet":"max-snippet:-1","max-image-preview":"max-image-preview:large","max-video-preview":"max-video-preview:-1"},"canonical":"https:\/\/www.article-marketing.eu\/comunicati\/comunicati-stampa\/eventi\/alloutlet-di-aiello-e-tempo-di-shopping-e-festeggiamenti\/","og_locale":"it_IT","og_type":"article","og_title":"All\u2019Outlet di Aiello e\u2019 tempo di shopping e festeggiamenti - Article Marketing","og_description":"Dall\u20198 dicembre e per tutti i week end fino al 6 gennaio tanti spettacoli per grandi e piccini. Fino al 26 dicembre \u00e8 possibile partecipare al nuovo concorso \u201cShop & Win\u201d. In palio cinquemila Euro di buoni spesa da usufruire accompagnati da una personal shopper e due romantiche e rilassanti vacanze.","og_url":"https:\/\/www.article-marketing.eu\/comunicati\/comunicati-stampa\/eventi\/alloutlet-di-aiello-e-tempo-di-shopping-e-festeggiamenti\/","og_site_name":"Article Marketing","article_published_time":"2009-12-07T12:32:54+00:00","author":"Redazione Comunicati Stampa","twitter_card":"summary_large_image","twitter_misc":{"Scritto da":"Redazione Comunicati Stampa","Tempo di lettura stimato":"3 minuti"},"schema":{"@context":"https:\/\/schema.org","@graph":[{"@type":"Article","@id":"https:\/\/www.article-marketing.eu\/comunicati\/comunicati-stampa\/eventi\/alloutlet-di-aiello-e-tempo-di-shopping-e-festeggiamenti\/#article","isPartOf":{"@id":"https:\/\/www.article-marketing.eu\/comunicati\/comunicati-stampa\/eventi\/alloutlet-di-aiello-e-tempo-di-shopping-e-festeggiamenti\/"},"author":{"name":"Redazione Comunicati Stampa","@id":"https:\/\/www.article-marketing.eu\/comunicati\/#\/schema\/person\/44372e4d4d0fa797b18e03ed1ace9017"},"headline":"All\u2019Outlet di Aiello e\u2019 tempo di shopping e festeggiamenti","datePublished":"2009-12-07T12:32:54+00:00","mainEntityOfPage":{"@id":"https:\/\/www.article-marketing.eu\/comunicati\/comunicati-stampa\/eventi\/alloutlet-di-aiello-e-tempo-di-shopping-e-festeggiamenti\/"},"wordCount":677,"commentCount":0,"keywords":["Eventi Natale","palmanova outlet village","Shop &amp; Win"],"articleSection":["Eventi"],"inLanguage":"it-IT","potentialAction":[{"@type":"CommentAction","name":"Comment","target":["https:\/\/www.article-marketing.eu\/comunicati\/comunicati-stampa\/eventi\/alloutlet-di-aiello-e-tempo-di-shopping-e-festeggiamenti\/#respond"]}]},{"@type":"WebPage","@id":"https:\/\/www.article-marketing.eu\/comunicati\/comunicati-stampa\/eventi\/alloutlet-di-aiello-e-tempo-di-shopping-e-festeggiamenti\/","url":"https:\/\/www.article-marketing.eu\/comunicati\/comunicati-stampa\/eventi\/alloutlet-di-aiello-e-tempo-di-shopping-e-festeggiamenti\/","name":"All\u2019Outlet di Aiello e\u2019 tempo di shopping e festeggiamenti - Article Marketing","isPartOf":{"@id":"https:\/\/www.article-marketing.eu\/comunicati\/#website"},"datePublished":"2009-12-07T12:32:54+00:00","author":{"@id":"https:\/\/www.article-marketing.eu\/comunicati\/#\/schema\/person\/44372e4d4d0fa797b18e03ed1ace9017"},"breadcrumb":{"@id":"https:\/\/www.article-marketing.eu\/comunicati\/comunicati-stampa\/eventi\/alloutlet-di-aiello-e-tempo-di-shopping-e-festeggiamenti\/#breadcrumb"},"inLanguage":"it-IT","potentialAction":[{"@type":"ReadAction","target":["https:\/\/www.article-marketing.eu\/comunicati\/comunicati-stampa\/eventi\/alloutlet-di-aiello-e-tempo-di-shopping-e-festeggiamenti\/"]}]},{"@type":"BreadcrumbList","@id":"https:\/\/www.article-marketing.eu\/comunicati\/comunicati-stampa\/eventi\/alloutlet-di-aiello-e-tempo-di-shopping-e-festeggiamenti\/#breadcrumb","itemListElement":[{"@type":"ListItem","position":1,"name":"Home","item":"https:\/\/www.article-marketing.eu\/comunicati\/"},{"@type":"ListItem","position":2,"name":"All\u2019Outlet di Aiello e\u2019 tempo di shopping e festeggiamenti"}]},{"@type":"WebSite","@id":"https:\/\/www.article-marketing.eu\/comunicati\/#website","url":"https:\/\/www.article-marketing.eu\/comunicati\/","name":"Article Marketing","description":"article marketing &amp; press release","potentialAction":[{"@type":"SearchAction","target":{"@type":"EntryPoint","urlTemplate":"https:\/\/www.article-marketing.eu\/comunicati\/?s={search_term_string}"},"query-input":{"@type":"PropertyValueSpecification","valueRequired":true,"valueName":"search_term_string"}}],"inLanguage":"it-IT"},{"@type":"Person","@id":"https:\/\/www.article-marketing.eu\/comunicati\/#\/schema\/person\/44372e4d4d0fa797b18e03ed1ace9017","name":"Redazione Comunicati Stampa","image":{"@type":"ImageObject","inLanguage":"it-IT","@id":"https:\/\/www.article-marketing.eu\/comunicati\/#\/schema\/person\/image\/","url":"https:\/\/secure.gravatar.com\/avatar\/50e5c6421d3072f42e7ace803501602c60d75233d34e29fd05feb91c8760b792?s=96&d=mm&r=g","contentUrl":"https:\/\/secure.gravatar.com\/avatar\/50e5c6421d3072f42e7ace803501602c60d75233d34e29fd05feb91c8760b792?s=96&d=mm&r=g","caption":"Redazione Comunicati Stampa"},"url":"https:\/\/www.article-marketing.eu\/comunicati\/author\/redazione-comunicati-stampa\/"}]}},"_links":{"self":[{"href":"https:\/\/www.article-marketing.eu\/comunicati\/wp-json\/wp\/v2\/posts\/3595","targetHints":{"allow":["GET"]}}],"collection":[{"href":"https:\/\/www.article-marketing.eu\/comunicati\/wp-json\/wp\/v2\/posts"}],"about":[{"href":"https:\/\/www.article-marketing.eu\/comunicati\/wp-json\/wp\/v2\/types\/post"}],"author":[{"embeddable":true,"href":"https:\/\/www.article-marketing.eu\/comunicati\/wp-json\/wp\/v2\/users\/10"}],"replies":[{"embeddable":true,"href":"https:\/\/www.article-marketing.eu\/comunicati\/wp-json\/wp\/v2\/comments?post=3595"}],"version-history":[{"count":0,"href":"https:\/\/www.article-marketing.eu\/comunicati\/wp-json\/wp\/v2\/posts\/3595\/revisions"}],"wp:attachment":[{"href":"https:\/\/www.article-marketing.eu\/comunicati\/wp-json\/wp\/v2\/media?parent=3595"}],"wp:term":[{"taxonomy":"category","embeddable":true,"href":"https:\/\/www.article-marketing.eu\/comunicati\/wp-json\/wp\/v2\/categories?post=3595"},{"taxonomy":"post_tag","embeddable":true,"href":"https:\/\/www.article-marketing.eu\/comunicati\/wp-json\/wp\/v2\/tags?post=3595"}],"curies":[{"name":"wp","href":"https:\/\/api.w.org\/{rel}","templated":true}]}}