{"id":35969,"date":"2013-07-25T00:05:37","date_gmt":"2013-07-24T22:05:37","guid":{"rendered":"http:\/\/www.article-marketing.eu\/comunicati\/senza-categoria\/assaggiamo-il-mondo-il-gusto-%c3%a8-il-protagonista-dei-viaggi\/"},"modified":"2018-10-25T22:13:13","modified_gmt":"2018-10-25T20:13:13","slug":"assaggiamo-il-mondo-il-gusto-%c3%a8-il-protagonista-dei-viaggi","status":"publish","type":"post","link":"https:\/\/www.article-marketing.eu\/comunicati\/viaggi-e-vacanze\/viaggi-e-turismo\/assaggiamo-il-mondo-il-gusto-%c3%a8-il-protagonista-dei-viaggi\/","title":{"rendered":"Assaggiamo il Mondo! Il gusto \u00e8 il protagonista dei viaggi"},"content":{"rendered":"<p>Viaggiare &egrave; proprio un&rsquo;attivit&agrave; gustosa, a testimonianza di questa mia affermazione, basti vedere i profili degli amici in Facebook, Twitter, Instagram e via dicendo, dove i reportage fotografici delle vacanze indugiano sempre pi&ugrave; in modo approfondito nei piatti tipici assaporati un po&rsquo; ovunque, oltre che nei paesaggi.<br \/>\nSe si considera che solo in Italia, abbiamo una tale abbondanza di variet&agrave; di specialit&agrave; enogastronomiche, da doverla girare in bicicletta per non perderne nessuna, figuriamoci poi se prendiamo in considerazione il resto del mondo.<br \/>\nOrmai da anni la tendenza dell&rsquo;italiano all&rsquo;estero &egrave; quella di evitare pizzerie, e ristoranti italiani, per immergersi nei mercati locali, capire quali sono gli ingredienti principali e poi cercarli ai ristoranti elaborati secondo l&rsquo;usanza di ciascun paese.<br \/>\nPer questo motivo abbiamo un portale dedicato a itinerari gastronomici, per soddisfare quei turisti desiderosi di calarsi nella cultura del paese che si desidera visitare, per capire la gente , le tradizioni e le antiche ricette tramandate di generazione in generazione e modellate spesso seguendo le tendenze culinarie odierne. Se fate caso, la maggior parte delle volte, le ricette che vengono proposte anche nei ristoranti stellati, sono quelle dove l&rsquo;ingrediente &ldquo;povero&rdquo; la fa da padrone.<br \/>\nAdoro, ad esempio, la zuppa di pasta e fagioli, tipica della tradizione veneta, il classico piatto del contadino che ora viene avidamente degustato anche dagli snob. <br \/> <strong>Qualche esempio particolarmente stuzzicante?<\/strong><br \/>\n<strong>Tokyo<\/strong>: Oltre 200.000 ristoranti, questa incredibile citt&agrave; &egrave; riuscita ad ottenere pi&ugrave; Stelle Michelin di Parigi, Londra e New York assieme! Per sperimentare personalmente l&rsquo;altissima reputazione gastronomica giapponese non resta che mettersi in viaggio scegliendo un bel tour che, a partire da Tokyo, ti permette di addentrarti nei segreti della cucina attraverso corsi dedicati, preparando sushi nella maniera tradizionale e di gustare gli appetitosi piatti tipici: Sushi, Sashimi, Sukiyaki, Tempura, Teppanyaki, Udon , Ramen, Katsudon, ShabuShabu, Teriyaki, Yakiniku, la carta dei men&ugrave; &egrave; lunga e all&rsquo;insegna del buongusto!<br \/>\n<strong>Bangkok<\/strong>: Emozioni per i cuore e per il palato sono al centro di questa vacanza che vi porter&agrave; subito a stretto contatto con due dei punti di forza di questa splendida terra: la cucina e massaggio tradizionale thailandese! Una vacanza e due mini corsi che vi rilasceranno anche un attestato di partecipazione al corso e sicuramente uno straordinario ricordo!<br \/>\n<strong>Radda in Chianti<\/strong>: E qui giochiamo in casa, con un tour enogastronomico di 3 giorni tra Radda in Chianti, Pancole e San Gimignano. Un&rsquo;avventura del corpo e dello spirito che ha inizio con una cena a base di piatti tipici accompagnati da vini del Chianti. Seguono le visite a Pancole e poi San Gimignano con annesse degustazioni nell&rsquo;affascinante cornice di splendidi vigneti, verdi colline, affascinanti antiche citt&agrave;&#8230;<br \/>\n<em style=\"mso-bidi-font-style: normal;\"> <\/em><br \/>\n<strong><em style=\"mso-bidi-font-style: normal;\">Lisa Baldisserotto<\/em><\/strong><em style=\"mso-bidi-font-style: normal;\"><\/em><br \/>\n<em>Viaggiatrice appassionata e Consulente di viaggi online Evolution Travel <\/em><br \/>\nwww.evolutiontravel.net\/etnews\/2013-07.php<\/p>\n","protected":false},"excerpt":{"rendered":"<p>I reportage delle vacanze indugiano sempre pi\u00f9 in nei piatti tipici assaporati a conferma che viaggiare \u00e8 proprio un\u2019attivit\u00e0 gustosa.<\/p>\n","protected":false},"author":10,"featured_media":0,"comment_status":"open","ping_status":"open","sticky":false,"template":"","format":"standard","meta":{"cybocfi_hide_featured_image":"","footnotes":""},"categories":[2],"tags":[31229,44020,3864,44025,44024],"class_list":["post-35969","post","type-post","status-publish","format-standard","hentry","category-viaggi-e-turismo","tag-evolution-travel","tag-evolution-travel-viaggi","tag-gusto","tag-itinerari-gastronomici","tag-viaggi-gastronomici"],"yoast_head":"<!-- This site is optimized with the Yoast SEO plugin v27.0 - https:\/\/yoast.com\/product\/yoast-seo-wordpress\/ -->\n<title>Assaggiamo il Mondo! Il gusto \u00e8 il protagonista dei viaggi - Article Marketing<\/title>\n<meta name=\"robots\" content=\"index, follow, max-snippet:-1, max-image-preview:large, max-video-preview:-1\" \/>\n<link rel=\"canonical\" href=\"https:\/\/www.article-marketing.eu\/comunicati\/viaggi-e-vacanze\/viaggi-e-turismo\/assaggiamo-il-mondo-il-gusto-\u00e8-il-protagonista-dei-viaggi\/\" \/>\n<meta property=\"og:locale\" content=\"it_IT\" \/>\n<meta property=\"og:type\" content=\"article\" \/>\n<meta property=\"og:title\" content=\"Assaggiamo il Mondo! Il gusto \u00e8 il protagonista dei viaggi - Article Marketing\" \/>\n<meta property=\"og:description\" content=\"I reportage delle vacanze indugiano sempre pi\u00f9 in nei piatti tipici assaporati a conferma che viaggiare \u00e8 proprio un\u2019attivit\u00e0 gustosa.\" \/>\n<meta property=\"og:url\" content=\"https:\/\/www.article-marketing.eu\/comunicati\/viaggi-e-vacanze\/viaggi-e-turismo\/assaggiamo-il-mondo-il-gusto-\u00e8-il-protagonista-dei-viaggi\/\" \/>\n<meta property=\"og:site_name\" content=\"Article Marketing\" \/>\n<meta property=\"article:published_time\" content=\"2013-07-24T22:05:37+00:00\" \/>\n<meta property=\"article:modified_time\" content=\"2018-10-25T20:13:13+00:00\" \/>\n<meta name=\"author\" content=\"Redazione Comunicati Stampa\" \/>\n<meta name=\"twitter:card\" content=\"summary_large_image\" \/>\n<meta name=\"twitter:label1\" content=\"Scritto da\" \/>\n\t<meta name=\"twitter:data1\" content=\"Redazione Comunicati Stampa\" \/>\n\t<meta name=\"twitter:label2\" content=\"Tempo di lettura stimato\" \/>\n\t<meta name=\"twitter:data2\" content=\"2 minuti\" \/>\n<script type=\"application\/ld+json\" class=\"yoast-schema-graph\">{\"@context\":\"https:\/\/schema.org\",\"@graph\":[{\"@type\":\"Article\",\"@id\":\"https:\/\/www.article-marketing.eu\/comunicati\/viaggi-e-vacanze\/viaggi-e-turismo\/assaggiamo-il-mondo-il-gusto-%c3%a8-il-protagonista-dei-viaggi\/#article\",\"isPartOf\":{\"@id\":\"https:\/\/www.article-marketing.eu\/comunicati\/viaggi-e-vacanze\/viaggi-e-turismo\/assaggiamo-il-mondo-il-gusto-%c3%a8-il-protagonista-dei-viaggi\/\"},\"author\":{\"name\":\"Redazione Comunicati Stampa\",\"@id\":\"https:\/\/www.article-marketing.eu\/comunicati\/#\/schema\/person\/44372e4d4d0fa797b18e03ed1ace9017\"},\"headline\":\"Assaggiamo il Mondo! Il gusto \u00e8 il protagonista dei viaggi\",\"datePublished\":\"2013-07-24T22:05:37+00:00\",\"dateModified\":\"2018-10-25T20:13:13+00:00\",\"mainEntityOfPage\":{\"@id\":\"https:\/\/www.article-marketing.eu\/comunicati\/viaggi-e-vacanze\/viaggi-e-turismo\/assaggiamo-il-mondo-il-gusto-%c3%a8-il-protagonista-dei-viaggi\/\"},\"wordCount\":490,\"commentCount\":0,\"keywords\":[\"evolution travel\",\"Evolution Travel Viaggi\",\"gusto\",\"Itinerari Gastronomici\",\"Viaggi Gastronomici\"],\"articleSection\":[\"Viaggi e Turismo\"],\"inLanguage\":\"it-IT\",\"potentialAction\":[{\"@type\":\"CommentAction\",\"name\":\"Comment\",\"target\":[\"https:\/\/www.article-marketing.eu\/comunicati\/viaggi-e-vacanze\/viaggi-e-turismo\/assaggiamo-il-mondo-il-gusto-%c3%a8-il-protagonista-dei-viaggi\/#respond\"]}]},{\"@type\":\"WebPage\",\"@id\":\"https:\/\/www.article-marketing.eu\/comunicati\/viaggi-e-vacanze\/viaggi-e-turismo\/assaggiamo-il-mondo-il-gusto-%c3%a8-il-protagonista-dei-viaggi\/\",\"url\":\"https:\/\/www.article-marketing.eu\/comunicati\/viaggi-e-vacanze\/viaggi-e-turismo\/assaggiamo-il-mondo-il-gusto-%c3%a8-il-protagonista-dei-viaggi\/\",\"name\":\"Assaggiamo il Mondo! Il gusto \u00e8 il protagonista dei viaggi - Article Marketing\",\"isPartOf\":{\"@id\":\"https:\/\/www.article-marketing.eu\/comunicati\/#website\"},\"datePublished\":\"2013-07-24T22:05:37+00:00\",\"dateModified\":\"2018-10-25T20:13:13+00:00\",\"author\":{\"@id\":\"https:\/\/www.article-marketing.eu\/comunicati\/#\/schema\/person\/44372e4d4d0fa797b18e03ed1ace9017\"},\"breadcrumb\":{\"@id\":\"https:\/\/www.article-marketing.eu\/comunicati\/viaggi-e-vacanze\/viaggi-e-turismo\/assaggiamo-il-mondo-il-gusto-%c3%a8-il-protagonista-dei-viaggi\/#breadcrumb\"},\"inLanguage\":\"it-IT\",\"potentialAction\":[{\"@type\":\"ReadAction\",\"target\":[\"https:\/\/www.article-marketing.eu\/comunicati\/viaggi-e-vacanze\/viaggi-e-turismo\/assaggiamo-il-mondo-il-gusto-%c3%a8-il-protagonista-dei-viaggi\/\"]}]},{\"@type\":\"BreadcrumbList\",\"@id\":\"https:\/\/www.article-marketing.eu\/comunicati\/viaggi-e-vacanze\/viaggi-e-turismo\/assaggiamo-il-mondo-il-gusto-%c3%a8-il-protagonista-dei-viaggi\/#breadcrumb\",\"itemListElement\":[{\"@type\":\"ListItem\",\"position\":1,\"name\":\"Home\",\"item\":\"https:\/\/www.article-marketing.eu\/comunicati\/\"},{\"@type\":\"ListItem\",\"position\":2,\"name\":\"Assaggiamo il Mondo! Il gusto \u00e8 il protagonista dei viaggi\"}]},{\"@type\":\"WebSite\",\"@id\":\"https:\/\/www.article-marketing.eu\/comunicati\/#website\",\"url\":\"https:\/\/www.article-marketing.eu\/comunicati\/\",\"name\":\"Article Marketing\",\"description\":\"article marketing &amp; press release\",\"potentialAction\":[{\"@type\":\"SearchAction\",\"target\":{\"@type\":\"EntryPoint\",\"urlTemplate\":\"https:\/\/www.article-marketing.eu\/comunicati\/?s={search_term_string}\"},\"query-input\":{\"@type\":\"PropertyValueSpecification\",\"valueRequired\":true,\"valueName\":\"search_term_string\"}}],\"inLanguage\":\"it-IT\"},{\"@type\":\"Person\",\"@id\":\"https:\/\/www.article-marketing.eu\/comunicati\/#\/schema\/person\/44372e4d4d0fa797b18e03ed1ace9017\",\"name\":\"Redazione Comunicati Stampa\",\"image\":{\"@type\":\"ImageObject\",\"inLanguage\":\"it-IT\",\"@id\":\"https:\/\/www.article-marketing.eu\/comunicati\/#\/schema\/person\/image\/\",\"url\":\"https:\/\/secure.gravatar.com\/avatar\/50e5c6421d3072f42e7ace803501602c60d75233d34e29fd05feb91c8760b792?s=96&d=mm&r=g\",\"contentUrl\":\"https:\/\/secure.gravatar.com\/avatar\/50e5c6421d3072f42e7ace803501602c60d75233d34e29fd05feb91c8760b792?s=96&d=mm&r=g\",\"caption\":\"Redazione Comunicati Stampa\"},\"url\":\"https:\/\/www.article-marketing.eu\/comunicati\/author\/redazione-comunicati-stampa\/\"}]}<\/script>\n<!-- \/ Yoast SEO plugin. -->","yoast_head_json":{"title":"Assaggiamo il Mondo! Il gusto \u00e8 il protagonista dei viaggi - Article Marketing","robots":{"index":"index","follow":"follow","max-snippet":"max-snippet:-1","max-image-preview":"max-image-preview:large","max-video-preview":"max-video-preview:-1"},"canonical":"https:\/\/www.article-marketing.eu\/comunicati\/viaggi-e-vacanze\/viaggi-e-turismo\/assaggiamo-il-mondo-il-gusto-\u00e8-il-protagonista-dei-viaggi\/","og_locale":"it_IT","og_type":"article","og_title":"Assaggiamo il Mondo! Il gusto \u00e8 il protagonista dei viaggi - Article Marketing","og_description":"I reportage delle vacanze indugiano sempre pi\u00f9 in nei piatti tipici assaporati a conferma che viaggiare \u00e8 proprio un\u2019attivit\u00e0 gustosa.","og_url":"https:\/\/www.article-marketing.eu\/comunicati\/viaggi-e-vacanze\/viaggi-e-turismo\/assaggiamo-il-mondo-il-gusto-\u00e8-il-protagonista-dei-viaggi\/","og_site_name":"Article Marketing","article_published_time":"2013-07-24T22:05:37+00:00","article_modified_time":"2018-10-25T20:13:13+00:00","author":"Redazione Comunicati Stampa","twitter_card":"summary_large_image","twitter_misc":{"Scritto da":"Redazione Comunicati Stampa","Tempo di lettura stimato":"2 minuti"},"schema":{"@context":"https:\/\/schema.org","@graph":[{"@type":"Article","@id":"https:\/\/www.article-marketing.eu\/comunicati\/viaggi-e-vacanze\/viaggi-e-turismo\/assaggiamo-il-mondo-il-gusto-%c3%a8-il-protagonista-dei-viaggi\/#article","isPartOf":{"@id":"https:\/\/www.article-marketing.eu\/comunicati\/viaggi-e-vacanze\/viaggi-e-turismo\/assaggiamo-il-mondo-il-gusto-%c3%a8-il-protagonista-dei-viaggi\/"},"author":{"name":"Redazione Comunicati Stampa","@id":"https:\/\/www.article-marketing.eu\/comunicati\/#\/schema\/person\/44372e4d4d0fa797b18e03ed1ace9017"},"headline":"Assaggiamo il Mondo! Il gusto \u00e8 il protagonista dei viaggi","datePublished":"2013-07-24T22:05:37+00:00","dateModified":"2018-10-25T20:13:13+00:00","mainEntityOfPage":{"@id":"https:\/\/www.article-marketing.eu\/comunicati\/viaggi-e-vacanze\/viaggi-e-turismo\/assaggiamo-il-mondo-il-gusto-%c3%a8-il-protagonista-dei-viaggi\/"},"wordCount":490,"commentCount":0,"keywords":["evolution travel","Evolution Travel Viaggi","gusto","Itinerari Gastronomici","Viaggi Gastronomici"],"articleSection":["Viaggi e Turismo"],"inLanguage":"it-IT","potentialAction":[{"@type":"CommentAction","name":"Comment","target":["https:\/\/www.article-marketing.eu\/comunicati\/viaggi-e-vacanze\/viaggi-e-turismo\/assaggiamo-il-mondo-il-gusto-%c3%a8-il-protagonista-dei-viaggi\/#respond"]}]},{"@type":"WebPage","@id":"https:\/\/www.article-marketing.eu\/comunicati\/viaggi-e-vacanze\/viaggi-e-turismo\/assaggiamo-il-mondo-il-gusto-%c3%a8-il-protagonista-dei-viaggi\/","url":"https:\/\/www.article-marketing.eu\/comunicati\/viaggi-e-vacanze\/viaggi-e-turismo\/assaggiamo-il-mondo-il-gusto-%c3%a8-il-protagonista-dei-viaggi\/","name":"Assaggiamo il Mondo! Il gusto \u00e8 il protagonista dei viaggi - Article Marketing","isPartOf":{"@id":"https:\/\/www.article-marketing.eu\/comunicati\/#website"},"datePublished":"2013-07-24T22:05:37+00:00","dateModified":"2018-10-25T20:13:13+00:00","author":{"@id":"https:\/\/www.article-marketing.eu\/comunicati\/#\/schema\/person\/44372e4d4d0fa797b18e03ed1ace9017"},"breadcrumb":{"@id":"https:\/\/www.article-marketing.eu\/comunicati\/viaggi-e-vacanze\/viaggi-e-turismo\/assaggiamo-il-mondo-il-gusto-%c3%a8-il-protagonista-dei-viaggi\/#breadcrumb"},"inLanguage":"it-IT","potentialAction":[{"@type":"ReadAction","target":["https:\/\/www.article-marketing.eu\/comunicati\/viaggi-e-vacanze\/viaggi-e-turismo\/assaggiamo-il-mondo-il-gusto-%c3%a8-il-protagonista-dei-viaggi\/"]}]},{"@type":"BreadcrumbList","@id":"https:\/\/www.article-marketing.eu\/comunicati\/viaggi-e-vacanze\/viaggi-e-turismo\/assaggiamo-il-mondo-il-gusto-%c3%a8-il-protagonista-dei-viaggi\/#breadcrumb","itemListElement":[{"@type":"ListItem","position":1,"name":"Home","item":"https:\/\/www.article-marketing.eu\/comunicati\/"},{"@type":"ListItem","position":2,"name":"Assaggiamo il Mondo! Il gusto \u00e8 il protagonista dei viaggi"}]},{"@type":"WebSite","@id":"https:\/\/www.article-marketing.eu\/comunicati\/#website","url":"https:\/\/www.article-marketing.eu\/comunicati\/","name":"Article Marketing","description":"article marketing &amp; press release","potentialAction":[{"@type":"SearchAction","target":{"@type":"EntryPoint","urlTemplate":"https:\/\/www.article-marketing.eu\/comunicati\/?s={search_term_string}"},"query-input":{"@type":"PropertyValueSpecification","valueRequired":true,"valueName":"search_term_string"}}],"inLanguage":"it-IT"},{"@type":"Person","@id":"https:\/\/www.article-marketing.eu\/comunicati\/#\/schema\/person\/44372e4d4d0fa797b18e03ed1ace9017","name":"Redazione Comunicati Stampa","image":{"@type":"ImageObject","inLanguage":"it-IT","@id":"https:\/\/www.article-marketing.eu\/comunicati\/#\/schema\/person\/image\/","url":"https:\/\/secure.gravatar.com\/avatar\/50e5c6421d3072f42e7ace803501602c60d75233d34e29fd05feb91c8760b792?s=96&d=mm&r=g","contentUrl":"https:\/\/secure.gravatar.com\/avatar\/50e5c6421d3072f42e7ace803501602c60d75233d34e29fd05feb91c8760b792?s=96&d=mm&r=g","caption":"Redazione Comunicati Stampa"},"url":"https:\/\/www.article-marketing.eu\/comunicati\/author\/redazione-comunicati-stampa\/"}]}},"_links":{"self":[{"href":"https:\/\/www.article-marketing.eu\/comunicati\/wp-json\/wp\/v2\/posts\/35969","targetHints":{"allow":["GET"]}}],"collection":[{"href":"https:\/\/www.article-marketing.eu\/comunicati\/wp-json\/wp\/v2\/posts"}],"about":[{"href":"https:\/\/www.article-marketing.eu\/comunicati\/wp-json\/wp\/v2\/types\/post"}],"author":[{"embeddable":true,"href":"https:\/\/www.article-marketing.eu\/comunicati\/wp-json\/wp\/v2\/users\/10"}],"replies":[{"embeddable":true,"href":"https:\/\/www.article-marketing.eu\/comunicati\/wp-json\/wp\/v2\/comments?post=35969"}],"version-history":[{"count":1,"href":"https:\/\/www.article-marketing.eu\/comunicati\/wp-json\/wp\/v2\/posts\/35969\/revisions"}],"predecessor-version":[{"id":63410,"href":"https:\/\/www.article-marketing.eu\/comunicati\/wp-json\/wp\/v2\/posts\/35969\/revisions\/63410"}],"wp:attachment":[{"href":"https:\/\/www.article-marketing.eu\/comunicati\/wp-json\/wp\/v2\/media?parent=35969"}],"wp:term":[{"taxonomy":"category","embeddable":true,"href":"https:\/\/www.article-marketing.eu\/comunicati\/wp-json\/wp\/v2\/categories?post=35969"},{"taxonomy":"post_tag","embeddable":true,"href":"https:\/\/www.article-marketing.eu\/comunicati\/wp-json\/wp\/v2\/tags?post=35969"}],"curies":[{"name":"wp","href":"https:\/\/api.w.org\/{rel}","templated":true}]}}