{"id":3601,"date":"2009-12-07T17:42:56","date_gmt":"2009-12-07T16:42:56","guid":{"rendered":"http:\/\/www.article-marketing.eu\/comunicati\/senza-categoria\/capodanno-in-barca-a-vela-in-costa-azzurra\/"},"modified":"2018-07-10T05:48:14","modified_gmt":"2018-07-10T03:48:14","slug":"capodanno-in-barca-a-vela-in-costa-azzurra","status":"publish","type":"post","link":"https:\/\/www.article-marketing.eu\/comunicati\/viaggi-e-vacanze\/viaggi-e-turismo\/capodanno-in-barca-a-vela-in-costa-azzurra\/","title":{"rendered":"Capodanno in Barca a Vela in Costa Azzurra"},"content":{"rendered":"<p>L&#8217;arcipelago di Hy\u00e9res gode di 300 giorni l&#8217;anno di sole, offrendo temperature miti anche nella stagione invernale.<\/p>\n<p>Navigazione di giorno e <strong>ormeggio in porto la sera<\/strong>, senza rinunciare ai <strong>confort<\/strong> che rendono piacevole la crociera in barca a vela anche d&#8217;inverno.<\/p>\n<p>La <strong>crociera<\/strong> \u00e9 <strong>adatta a tutti<\/strong>, anche per chi non ha mai messo piede su una barca a vela; la partecipazione alle manovre e al timone avviene sotto la guida dello Skipper e degli istruttori a bordo, in piena sicurezza e tanto divertimento!<\/p>\n<p>Durante i 4 giorni di navigazione visiteremo <strong>Porquerolles e Port-Cors<\/strong>; la prima \u00e9 l&#8217;isola pi\u00f9 grande dell&#8217;arcipelago ed&nbsp;uno dei luoghi pi\u00f9 salvaguardati al mondo dal punto di vista ambientale. A terra si pu\u00f2 noleggiare una bicicleta e pedalare tra i&nbsp;sentieri che portano alla scoperta dei luoghi e delle spiagge d&#8217;incanto che nasconde quest&#8217;isola.<\/p>\n<p>Port-Cros con l&#8217;omonimo <strong>Parco Nazionale<\/strong>&nbsp;\u00e9 un&#8217;isola con pochi&nbsp;edifici ed una attenzione ancora pi\u00f9 attiva per la salvaguardia della natura e delle specie marine. Si occupa per la parte francese del <strong>Santuario&nbsp;Pelagos<\/strong>, una riserva per i mammiferi marini&#8230; sar\u00e0 molto facile <strong>incontrare&nbsp;i delfini<\/strong> che ci accompagneranno durante le navigazione!&nbsp;<\/p>\n<p>Porto di imbarco\/sbarco: Hy\u00e9res<br \/>Imbarco:&nbsp;30 dicembre 2009<br \/>Sbarco:&nbsp;3 gennaio 2010<br \/>Quota di adesione: <strong>280 euro<\/strong><\/p>\n<p>Tutti i dettagli e le condizioni di adesione sul sito <a title=\"Club della Vela Mareaperto . Milano . Capodanno in Barca a Vela in Costa Azzurra\" href=\"http:\/\/www.mareaperto.com\/\"><strong>www.mareaperto.com<\/strong><\/a><\/p>\n<p>&#8212;&#8212;&#8212;&#8212;&#8212;&#8212;&#8212;&#8212;&#8212;&#8212;&#8212;&#8212;&#8212;&#8212;&#8212;&#8212;&#8212;&#8212;-<br \/>Dal 1997 il Club della Vela Mareaperto \u00e9 orientato alla divulgazione ed insegnamento della passione per la vela, ed effettua corsi per tutti i livelli con base sul Lago di Como. E&#8217; affiliato alla UISP ed \u00e8 socio fondatore dell&#8217;AISVE, l&#8217;Associazione Italiana delle Scuole di Vela.<br \/>Le attivit\u00e0 si svolgono principalmente sul Lago di Como dove, con una struttura in grado di accogliere 30 posti letto, si tengono i corsi durante tutto il week end.<br \/>Presso la Sede di Milano si tengono le serate didattiche e di approfondimento per i soci e per gli istruttori, e le lezioni dei corsi di preparazione al conseguimento della patente nautica.<br \/>Tutto l&#8217;anno il Club organizza corsi in crociera con soluzioni per ogni livello di apprendimento: navigazione costiera in Liguria, navigazione d&#8217;altura da Trapani a Malta, navigazione in crociera nei mari pi\u00f9 belli della Sardegna, Corsica, Grecia Ionica e Dodecaneso.<\/p>\n","protected":false},"excerpt":{"rendered":"<p>Per brindare al nuovo anno in un modo diverso e originale, il Club della Vela Mareaperto &#8211; Milano &#8211; propone 4 giorni di navigazione in Costa Azzurra, nell&#8217;arcipelago di Hy\u00e9res, tra gli stupendi scenari delle isole Porquerolles e Port-Cros.<\/p>\n","protected":false},"author":10,"featured_media":0,"comment_status":"open","ping_status":"open","sticky":false,"template":"","format":"standard","meta":{"cybocfi_hide_featured_image":"","footnotes":""},"categories":[2],"tags":[1181,473,1741,854,11247,11246],"class_list":["post-3601","post","type-post","status-publish","format-standard","hentry","category-viaggi-e-turismo","tag-barca-a-vela","tag-capodanno","tag-costa-azzurra","tag-crociera","tag-mareaperto","tag-porquerolles"],"yoast_head":"<!-- This site is optimized with the Yoast SEO plugin v27.0 - https:\/\/yoast.com\/product\/yoast-seo-wordpress\/ -->\n<title>Capodanno in Barca a Vela in Costa Azzurra - Article Marketing<\/title>\n<meta name=\"robots\" content=\"index, follow, max-snippet:-1, max-image-preview:large, max-video-preview:-1\" \/>\n<link rel=\"canonical\" href=\"https:\/\/www.article-marketing.eu\/comunicati\/viaggi-e-vacanze\/viaggi-e-turismo\/capodanno-in-barca-a-vela-in-costa-azzurra\/\" \/>\n<meta property=\"og:locale\" content=\"it_IT\" \/>\n<meta property=\"og:type\" content=\"article\" \/>\n<meta property=\"og:title\" content=\"Capodanno in Barca a Vela in Costa Azzurra - Article Marketing\" \/>\n<meta property=\"og:description\" content=\"Per brindare al nuovo anno in un modo diverso e originale, il Club della Vela Mareaperto - Milano - propone 4 giorni di navigazione in Costa Azzurra, nell&#039;arcipelago di Hy\u00e9res, tra gli stupendi scenari delle isole Porquerolles e Port-Cros.\" \/>\n<meta property=\"og:url\" content=\"https:\/\/www.article-marketing.eu\/comunicati\/viaggi-e-vacanze\/viaggi-e-turismo\/capodanno-in-barca-a-vela-in-costa-azzurra\/\" \/>\n<meta property=\"og:site_name\" content=\"Article Marketing\" \/>\n<meta property=\"article:published_time\" content=\"2009-12-07T16:42:56+00:00\" \/>\n<meta property=\"article:modified_time\" content=\"2018-07-10T03:48:14+00:00\" \/>\n<meta name=\"author\" content=\"Redazione Comunicati Stampa\" \/>\n<meta name=\"twitter:card\" content=\"summary_large_image\" \/>\n<meta name=\"twitter:label1\" content=\"Scritto da\" \/>\n\t<meta name=\"twitter:data1\" content=\"Redazione Comunicati Stampa\" \/>\n\t<meta name=\"twitter:label2\" content=\"Tempo di lettura stimato\" \/>\n\t<meta name=\"twitter:data2\" content=\"2 minuti\" \/>\n<script type=\"application\/ld+json\" class=\"yoast-schema-graph\">{\"@context\":\"https:\/\/schema.org\",\"@graph\":[{\"@type\":\"Article\",\"@id\":\"https:\/\/www.article-marketing.eu\/comunicati\/viaggi-e-vacanze\/viaggi-e-turismo\/capodanno-in-barca-a-vela-in-costa-azzurra\/#article\",\"isPartOf\":{\"@id\":\"https:\/\/www.article-marketing.eu\/comunicati\/viaggi-e-vacanze\/viaggi-e-turismo\/capodanno-in-barca-a-vela-in-costa-azzurra\/\"},\"author\":{\"name\":\"Redazione Comunicati Stampa\",\"@id\":\"https:\/\/www.article-marketing.eu\/comunicati\/#\/schema\/person\/44372e4d4d0fa797b18e03ed1ace9017\"},\"headline\":\"Capodanno in Barca a Vela in Costa Azzurra\",\"datePublished\":\"2009-12-07T16:42:56+00:00\",\"dateModified\":\"2018-07-10T03:48:14+00:00\",\"mainEntityOfPage\":{\"@id\":\"https:\/\/www.article-marketing.eu\/comunicati\/viaggi-e-vacanze\/viaggi-e-turismo\/capodanno-in-barca-a-vela-in-costa-azzurra\/\"},\"wordCount\":372,\"commentCount\":0,\"keywords\":[\"Barca a vela\",\"capodanno\",\"costa azzurra\",\"crociera\",\"mareaperto\",\"porquerolles\"],\"articleSection\":[\"Viaggi e Turismo\"],\"inLanguage\":\"it-IT\",\"potentialAction\":[{\"@type\":\"CommentAction\",\"name\":\"Comment\",\"target\":[\"https:\/\/www.article-marketing.eu\/comunicati\/viaggi-e-vacanze\/viaggi-e-turismo\/capodanno-in-barca-a-vela-in-costa-azzurra\/#respond\"]}]},{\"@type\":\"WebPage\",\"@id\":\"https:\/\/www.article-marketing.eu\/comunicati\/viaggi-e-vacanze\/viaggi-e-turismo\/capodanno-in-barca-a-vela-in-costa-azzurra\/\",\"url\":\"https:\/\/www.article-marketing.eu\/comunicati\/viaggi-e-vacanze\/viaggi-e-turismo\/capodanno-in-barca-a-vela-in-costa-azzurra\/\",\"name\":\"Capodanno in Barca a Vela in Costa Azzurra - Article Marketing\",\"isPartOf\":{\"@id\":\"https:\/\/www.article-marketing.eu\/comunicati\/#website\"},\"datePublished\":\"2009-12-07T16:42:56+00:00\",\"dateModified\":\"2018-07-10T03:48:14+00:00\",\"author\":{\"@id\":\"https:\/\/www.article-marketing.eu\/comunicati\/#\/schema\/person\/44372e4d4d0fa797b18e03ed1ace9017\"},\"breadcrumb\":{\"@id\":\"https:\/\/www.article-marketing.eu\/comunicati\/viaggi-e-vacanze\/viaggi-e-turismo\/capodanno-in-barca-a-vela-in-costa-azzurra\/#breadcrumb\"},\"inLanguage\":\"it-IT\",\"potentialAction\":[{\"@type\":\"ReadAction\",\"target\":[\"https:\/\/www.article-marketing.eu\/comunicati\/viaggi-e-vacanze\/viaggi-e-turismo\/capodanno-in-barca-a-vela-in-costa-azzurra\/\"]}]},{\"@type\":\"BreadcrumbList\",\"@id\":\"https:\/\/www.article-marketing.eu\/comunicati\/viaggi-e-vacanze\/viaggi-e-turismo\/capodanno-in-barca-a-vela-in-costa-azzurra\/#breadcrumb\",\"itemListElement\":[{\"@type\":\"ListItem\",\"position\":1,\"name\":\"Home\",\"item\":\"https:\/\/www.article-marketing.eu\/comunicati\/\"},{\"@type\":\"ListItem\",\"position\":2,\"name\":\"Capodanno in Barca a Vela in Costa Azzurra\"}]},{\"@type\":\"WebSite\",\"@id\":\"https:\/\/www.article-marketing.eu\/comunicati\/#website\",\"url\":\"https:\/\/www.article-marketing.eu\/comunicati\/\",\"name\":\"Article Marketing\",\"description\":\"article marketing &amp; press release\",\"potentialAction\":[{\"@type\":\"SearchAction\",\"target\":{\"@type\":\"EntryPoint\",\"urlTemplate\":\"https:\/\/www.article-marketing.eu\/comunicati\/?s={search_term_string}\"},\"query-input\":{\"@type\":\"PropertyValueSpecification\",\"valueRequired\":true,\"valueName\":\"search_term_string\"}}],\"inLanguage\":\"it-IT\"},{\"@type\":\"Person\",\"@id\":\"https:\/\/www.article-marketing.eu\/comunicati\/#\/schema\/person\/44372e4d4d0fa797b18e03ed1ace9017\",\"name\":\"Redazione Comunicati Stampa\",\"image\":{\"@type\":\"ImageObject\",\"inLanguage\":\"it-IT\",\"@id\":\"https:\/\/www.article-marketing.eu\/comunicati\/#\/schema\/person\/image\/\",\"url\":\"https:\/\/secure.gravatar.com\/avatar\/50e5c6421d3072f42e7ace803501602c60d75233d34e29fd05feb91c8760b792?s=96&d=mm&r=g\",\"contentUrl\":\"https:\/\/secure.gravatar.com\/avatar\/50e5c6421d3072f42e7ace803501602c60d75233d34e29fd05feb91c8760b792?s=96&d=mm&r=g\",\"caption\":\"Redazione Comunicati Stampa\"},\"url\":\"https:\/\/www.article-marketing.eu\/comunicati\/author\/redazione-comunicati-stampa\/\"}]}<\/script>\n<!-- \/ Yoast SEO plugin. -->","yoast_head_json":{"title":"Capodanno in Barca a Vela in Costa Azzurra - Article Marketing","robots":{"index":"index","follow":"follow","max-snippet":"max-snippet:-1","max-image-preview":"max-image-preview:large","max-video-preview":"max-video-preview:-1"},"canonical":"https:\/\/www.article-marketing.eu\/comunicati\/viaggi-e-vacanze\/viaggi-e-turismo\/capodanno-in-barca-a-vela-in-costa-azzurra\/","og_locale":"it_IT","og_type":"article","og_title":"Capodanno in Barca a Vela in Costa Azzurra - Article Marketing","og_description":"Per brindare al nuovo anno in un modo diverso e originale, il Club della Vela Mareaperto - Milano - propone 4 giorni di navigazione in Costa Azzurra, nell'arcipelago di Hy\u00e9res, tra gli stupendi scenari delle isole Porquerolles e Port-Cros.","og_url":"https:\/\/www.article-marketing.eu\/comunicati\/viaggi-e-vacanze\/viaggi-e-turismo\/capodanno-in-barca-a-vela-in-costa-azzurra\/","og_site_name":"Article Marketing","article_published_time":"2009-12-07T16:42:56+00:00","article_modified_time":"2018-07-10T03:48:14+00:00","author":"Redazione Comunicati Stampa","twitter_card":"summary_large_image","twitter_misc":{"Scritto da":"Redazione Comunicati Stampa","Tempo di lettura stimato":"2 minuti"},"schema":{"@context":"https:\/\/schema.org","@graph":[{"@type":"Article","@id":"https:\/\/www.article-marketing.eu\/comunicati\/viaggi-e-vacanze\/viaggi-e-turismo\/capodanno-in-barca-a-vela-in-costa-azzurra\/#article","isPartOf":{"@id":"https:\/\/www.article-marketing.eu\/comunicati\/viaggi-e-vacanze\/viaggi-e-turismo\/capodanno-in-barca-a-vela-in-costa-azzurra\/"},"author":{"name":"Redazione Comunicati Stampa","@id":"https:\/\/www.article-marketing.eu\/comunicati\/#\/schema\/person\/44372e4d4d0fa797b18e03ed1ace9017"},"headline":"Capodanno in Barca a Vela in Costa Azzurra","datePublished":"2009-12-07T16:42:56+00:00","dateModified":"2018-07-10T03:48:14+00:00","mainEntityOfPage":{"@id":"https:\/\/www.article-marketing.eu\/comunicati\/viaggi-e-vacanze\/viaggi-e-turismo\/capodanno-in-barca-a-vela-in-costa-azzurra\/"},"wordCount":372,"commentCount":0,"keywords":["Barca a vela","capodanno","costa azzurra","crociera","mareaperto","porquerolles"],"articleSection":["Viaggi e Turismo"],"inLanguage":"it-IT","potentialAction":[{"@type":"CommentAction","name":"Comment","target":["https:\/\/www.article-marketing.eu\/comunicati\/viaggi-e-vacanze\/viaggi-e-turismo\/capodanno-in-barca-a-vela-in-costa-azzurra\/#respond"]}]},{"@type":"WebPage","@id":"https:\/\/www.article-marketing.eu\/comunicati\/viaggi-e-vacanze\/viaggi-e-turismo\/capodanno-in-barca-a-vela-in-costa-azzurra\/","url":"https:\/\/www.article-marketing.eu\/comunicati\/viaggi-e-vacanze\/viaggi-e-turismo\/capodanno-in-barca-a-vela-in-costa-azzurra\/","name":"Capodanno in Barca a Vela in Costa Azzurra - Article Marketing","isPartOf":{"@id":"https:\/\/www.article-marketing.eu\/comunicati\/#website"},"datePublished":"2009-12-07T16:42:56+00:00","dateModified":"2018-07-10T03:48:14+00:00","author":{"@id":"https:\/\/www.article-marketing.eu\/comunicati\/#\/schema\/person\/44372e4d4d0fa797b18e03ed1ace9017"},"breadcrumb":{"@id":"https:\/\/www.article-marketing.eu\/comunicati\/viaggi-e-vacanze\/viaggi-e-turismo\/capodanno-in-barca-a-vela-in-costa-azzurra\/#breadcrumb"},"inLanguage":"it-IT","potentialAction":[{"@type":"ReadAction","target":["https:\/\/www.article-marketing.eu\/comunicati\/viaggi-e-vacanze\/viaggi-e-turismo\/capodanno-in-barca-a-vela-in-costa-azzurra\/"]}]},{"@type":"BreadcrumbList","@id":"https:\/\/www.article-marketing.eu\/comunicati\/viaggi-e-vacanze\/viaggi-e-turismo\/capodanno-in-barca-a-vela-in-costa-azzurra\/#breadcrumb","itemListElement":[{"@type":"ListItem","position":1,"name":"Home","item":"https:\/\/www.article-marketing.eu\/comunicati\/"},{"@type":"ListItem","position":2,"name":"Capodanno in Barca a Vela in Costa Azzurra"}]},{"@type":"WebSite","@id":"https:\/\/www.article-marketing.eu\/comunicati\/#website","url":"https:\/\/www.article-marketing.eu\/comunicati\/","name":"Article Marketing","description":"article marketing &amp; press release","potentialAction":[{"@type":"SearchAction","target":{"@type":"EntryPoint","urlTemplate":"https:\/\/www.article-marketing.eu\/comunicati\/?s={search_term_string}"},"query-input":{"@type":"PropertyValueSpecification","valueRequired":true,"valueName":"search_term_string"}}],"inLanguage":"it-IT"},{"@type":"Person","@id":"https:\/\/www.article-marketing.eu\/comunicati\/#\/schema\/person\/44372e4d4d0fa797b18e03ed1ace9017","name":"Redazione Comunicati Stampa","image":{"@type":"ImageObject","inLanguage":"it-IT","@id":"https:\/\/www.article-marketing.eu\/comunicati\/#\/schema\/person\/image\/","url":"https:\/\/secure.gravatar.com\/avatar\/50e5c6421d3072f42e7ace803501602c60d75233d34e29fd05feb91c8760b792?s=96&d=mm&r=g","contentUrl":"https:\/\/secure.gravatar.com\/avatar\/50e5c6421d3072f42e7ace803501602c60d75233d34e29fd05feb91c8760b792?s=96&d=mm&r=g","caption":"Redazione Comunicati Stampa"},"url":"https:\/\/www.article-marketing.eu\/comunicati\/author\/redazione-comunicati-stampa\/"}]}},"_links":{"self":[{"href":"https:\/\/www.article-marketing.eu\/comunicati\/wp-json\/wp\/v2\/posts\/3601","targetHints":{"allow":["GET"]}}],"collection":[{"href":"https:\/\/www.article-marketing.eu\/comunicati\/wp-json\/wp\/v2\/posts"}],"about":[{"href":"https:\/\/www.article-marketing.eu\/comunicati\/wp-json\/wp\/v2\/types\/post"}],"author":[{"embeddable":true,"href":"https:\/\/www.article-marketing.eu\/comunicati\/wp-json\/wp\/v2\/users\/10"}],"replies":[{"embeddable":true,"href":"https:\/\/www.article-marketing.eu\/comunicati\/wp-json\/wp\/v2\/comments?post=3601"}],"version-history":[{"count":2,"href":"https:\/\/www.article-marketing.eu\/comunicati\/wp-json\/wp\/v2\/posts\/3601\/revisions"}],"predecessor-version":[{"id":62350,"href":"https:\/\/www.article-marketing.eu\/comunicati\/wp-json\/wp\/v2\/posts\/3601\/revisions\/62350"}],"wp:attachment":[{"href":"https:\/\/www.article-marketing.eu\/comunicati\/wp-json\/wp\/v2\/media?parent=3601"}],"wp:term":[{"taxonomy":"category","embeddable":true,"href":"https:\/\/www.article-marketing.eu\/comunicati\/wp-json\/wp\/v2\/categories?post=3601"},{"taxonomy":"post_tag","embeddable":true,"href":"https:\/\/www.article-marketing.eu\/comunicati\/wp-json\/wp\/v2\/tags?post=3601"}],"curies":[{"name":"wp","href":"https:\/\/api.w.org\/{rel}","templated":true}]}}