{"id":36048,"date":"2013-07-31T15:20:14","date_gmt":"2013-07-31T13:20:14","guid":{"rendered":"http:\/\/www.article-marketing.eu\/comunicati\/senza-categoria\/contratto-esteso-il-ceo-karl-heinz-streibich-guideraa%80%99-software-ag-fino-al-2018\/"},"modified":"2013-07-31T15:20:14","modified_gmt":"2013-07-31T13:20:14","slug":"contratto-esteso-il-ceo-karl-heinz-streibich-guideraa%80%99-software-ag-fino-al-2018","status":"publish","type":"post","link":"https:\/\/www.article-marketing.eu\/comunicati\/computer\/software\/contratto-esteso-il-ceo-karl-heinz-streibich-guideraa%80%99-software-ag-fino-al-2018\/","title":{"rendered":"CONTRATTO ESTESO: IL CEO KARL-HEINZ STREIBICH GUIDERA\u2019 SOFTWARE AG FINO AL 2018"},"content":{"rendered":"<p><strong>Milano, 31 luglio 2013 &ndash; Il Supervisory Board di Software AG (Frankfurt TecDAX: SOW) ha esteso il contratto del CEO Karl-Heinz Streibich (60) di ulteriori cinque anni, fino al 31 luglio 2018. Il Supervisory Board punta sulla continuit&agrave; e sulla stabilit&agrave; nella guida della seconda pi&ugrave; grande azienda IT della Germania, nella convinzione che la visione imprenditoriale di Streibich ricopra un ruolo determinante nel successo di Software AG. <\/strong><br \/><strong> <\/strong><br \/> &ldquo;Specialmente per il fatto che l&rsquo;azienda stia diventando leader di mercato nella Business Process Excellence, la continuit&agrave; al vertice &egrave; vitale per Software AG e necessaria per implementare con successo il nostro percorso di crescita. Pertanto, stiamo contando anche sulla continuit&agrave; dei nostri leader e sulla futura direzione della societ&agrave;&rdquo; afferma il Dott. Andreas Bereczky, Presidente del Supervisory Board di Software AG. <\/p>\n<p>Streibich ha guidato Software AG dal 2003. Le vendite e i guadagni sono pi&ugrave; che raddoppiati durante la sua permanenza in carica. Oggi, Software AG &egrave; una delle 50 pi&ugrave; grandi aziende di software al mondo. Offrendo soluzioni software innovative, il Gruppo sta avanzando in nuovi settori tecnologici e si propone di realizzare vendite di circa &euro;1 miliardo di euro (2012: &euro;384 milioni) nella sola linea Business Process Excellence (BPE) nel 2018. L&rsquo;azienda sta investendo nelle vendite e nel marketing in tutto il mondo al fine di accelerare la crescita ed aumentare la quota di mercato. Allo stesso tempo, Software AG intende estendere ulteriormente ad altre aree la propria leadership tecnologica nelle piattaforme di integrazione per i software aziendali, attraverso acquisizioni come quelle realizzate nel secondo trimestre. <br \/><strong> <\/strong><br \/><strong>A proposito di Software AG<\/strong><br \/>Software AG (FRA: SOW) consente alle imprese di raggiungere i propri obiettivi di business pi&ugrave; velocemente. Le sue tecnologie in merito a big data, integrazione e processi di business abilitano i clienti nel conseguire efficienza operativa, modernizzare i sistemi e ottimizzare i processi per ottenere decisioni pi&ugrave; intelligenti e un servizio migliore. Vantando oltre 40 anni di innovazione orientata al cliente, l&rsquo;azienda &egrave; classificata come leader in 15 categorie di mercato, grazie anche dai prodotti core Adabas e Natural, ARIS, Terracotta e webMethods. Software AG conta ca. 5.300 dipendenti in 70 paesi e nel 2012 ha fatturato &euro;1.02 miliardi. Scopri di pi&ugrave; <a href=\"http:\/\/www.softwareag.com\/it\/default.asp\" target=\"_blank\" title=\" www.softwareag.it\">www.softwareag.it<\/a><br \/><img loading=\"lazy\" decoding=\"async\" src=\"file:\/\/\/C:\/Users\/ANTONE~1\/AppData\/Local\/Temp\/msohtmlclip1\/01\/clip_image002.gif\" border=\"0\" alt=\"http:\/\/www.softwareag.com\/images\/rand_blau.gif\" width=\"66\" height=\"1\" \/><\/p>\n<p><strong> <\/strong><\/p>\n","protected":false},"excerpt":{"rendered":"<p>CONTRATTO ESTESO: IL CEO KARL-HEINZ STREIBICH GUIDERA\u2019 SOFTWARE AG FINO AL 2018<br \/>Il Supervisory Board di Software AG (Frankfurt TecDAX: SOW) ha esteso il contratto del CEO Karl-Heinz Streibich (60) di ulteriori cinque anni, fino al 31 luglio 2018. Il Supervisory Board punta sulla continuit\u00e0 e sulla stabilit\u00e0 nella guida della seconda pi\u00f9 grande azienda IT della Germania, nella convinzione che la visione imprenditoriale di Streibich ricopra un ruolo determinante nel successo di Software AG.<\/p>\n","protected":false},"author":10,"featured_media":0,"comment_status":"open","ping_status":"open","sticky":false,"template":"","format":"standard","meta":{"cybocfi_hide_featured_image":"","footnotes":""},"categories":[123],"tags":[41622,19453,38408,41619,41620],"class_list":["post-36048","post","type-post","status-publish","format-standard","hentry","category-software","tag-big-data","tag-cloud","tag-information","tag-software-ag","tag-tecnology"],"yoast_head":"<!-- This site is optimized with the Yoast SEO plugin v27.0 - https:\/\/yoast.com\/product\/yoast-seo-wordpress\/ -->\n<title>CONTRATTO ESTESO: IL CEO KARL-HEINZ STREIBICH GUIDERA\u2019 SOFTWARE AG FINO AL 2018 - Article Marketing<\/title>\n<meta name=\"robots\" content=\"index, follow, max-snippet:-1, max-image-preview:large, max-video-preview:-1\" \/>\n<link rel=\"canonical\" href=\"https:\/\/www.article-marketing.eu\/comunicati\/computer\/software\/contratto-esteso-il-ceo-karl-heinz-streibich-guideraa??-software-ag-fino-al-2018\/\" \/>\n<meta property=\"og:locale\" content=\"it_IT\" \/>\n<meta property=\"og:type\" content=\"article\" \/>\n<meta property=\"og:title\" content=\"CONTRATTO ESTESO: IL CEO KARL-HEINZ STREIBICH GUIDERA\u2019 SOFTWARE AG FINO AL 2018 - Article Marketing\" \/>\n<meta property=\"og:description\" content=\"CONTRATTO ESTESO: IL CEO KARL-HEINZ STREIBICH GUIDERA\u2019 SOFTWARE AG FINO AL 2018Il Supervisory Board di Software AG (Frankfurt TecDAX: SOW) ha esteso il contratto del CEO Karl-Heinz Streibich (60) di ulteriori cinque anni, fino al 31 luglio 2018. Il Supervisory Board punta sulla continuit\u00e0 e sulla stabilit\u00e0 nella guida della seconda pi\u00f9 grande azienda IT della Germania, nella convinzione che la visione imprenditoriale di Streibich ricopra un ruolo determinante nel successo di Software AG.\" \/>\n<meta property=\"og:url\" content=\"\" \/>\n<meta property=\"og:site_name\" content=\"Article Marketing\" \/>\n<meta property=\"article:published_time\" content=\"2013-07-31T13:20:14+00:00\" \/>\n<meta property=\"og:image\" content=\"\" \/>\n<meta name=\"author\" content=\"Redazione Comunicati Stampa\" \/>\n<meta name=\"twitter:card\" content=\"summary_large_image\" \/>\n<meta name=\"twitter:label1\" content=\"Scritto da\" \/>\n\t<meta name=\"twitter:data1\" content=\"Redazione Comunicati Stampa\" \/>\n\t<meta name=\"twitter:label2\" content=\"Tempo di lettura stimato\" \/>\n\t<meta name=\"twitter:data2\" content=\"2 minuti\" \/>\n<script type=\"application\/ld+json\" class=\"yoast-schema-graph\">{\"@context\":\"https:\/\/schema.org\",\"@graph\":[{\"@type\":\"Article\",\"@id\":\"https:\/\/www.article-marketing.eu\/comunicati\/computer\/software\/contratto-esteso-il-ceo-karl-heinz-streibich-guideraa%80%99-software-ag-fino-al-2018\/#article\",\"isPartOf\":{\"@id\":\"https:\/\/www.article-marketing.eu\/comunicati\/computer\/software\/contratto-esteso-il-ceo-karl-heinz-streibich-guideraa%80%99-software-ag-fino-al-2018\/\"},\"author\":{\"name\":\"Redazione Comunicati Stampa\",\"@id\":\"https:\/\/www.article-marketing.eu\/comunicati\/#\/schema\/person\/44372e4d4d0fa797b18e03ed1ace9017\"},\"headline\":\"CONTRATTO ESTESO: IL CEO KARL-HEINZ STREIBICH GUIDERA\u2019 SOFTWARE AG FINO AL 2018\",\"datePublished\":\"2013-07-31T13:20:14+00:00\",\"mainEntityOfPage\":{\"@id\":\"https:\/\/www.article-marketing.eu\/comunicati\/computer\/software\/contratto-esteso-il-ceo-karl-heinz-streibich-guideraa%80%99-software-ag-fino-al-2018\/\"},\"wordCount\":383,\"commentCount\":0,\"image\":{\"@id\":\"https:\/\/www.article-marketing.eu\/comunicati\/computer\/software\/contratto-esteso-il-ceo-karl-heinz-streibich-guideraa%80%99-software-ag-fino-al-2018\/#primaryimage\"},\"thumbnailUrl\":\"file:\/\/\/C:\/Users\/ANTONE~1\/AppData\/Local\/Temp\/msohtmlclip1\/01\/clip_image002.gif\",\"keywords\":[\"big data\",\"cloud\",\"information\",\"Software ag\",\"tecnology\"],\"articleSection\":[\"Software\"],\"inLanguage\":\"it-IT\",\"potentialAction\":[{\"@type\":\"CommentAction\",\"name\":\"Comment\",\"target\":[\"https:\/\/www.article-marketing.eu\/comunicati\/computer\/software\/contratto-esteso-il-ceo-karl-heinz-streibich-guideraa%80%99-software-ag-fino-al-2018\/#respond\"]}]},{\"@type\":\"WebPage\",\"@id\":\"https:\/\/www.article-marketing.eu\/comunicati\/computer\/software\/contratto-esteso-il-ceo-karl-heinz-streibich-guideraa%80%99-software-ag-fino-al-2018\/\",\"url\":\"https:\/\/www.article-marketing.eu\/comunicati\/computer\/software\/contratto-esteso-il-ceo-karl-heinz-streibich-guideraa%80%99-software-ag-fino-al-2018\/\",\"name\":\"CONTRATTO ESTESO: IL CEO KARL-HEINZ STREIBICH GUIDERA\u2019 SOFTWARE AG FINO AL 2018 - Article Marketing\",\"isPartOf\":{\"@id\":\"https:\/\/www.article-marketing.eu\/comunicati\/#website\"},\"primaryImageOfPage\":{\"@id\":\"https:\/\/www.article-marketing.eu\/comunicati\/computer\/software\/contratto-esteso-il-ceo-karl-heinz-streibich-guideraa%80%99-software-ag-fino-al-2018\/#primaryimage\"},\"image\":{\"@id\":\"https:\/\/www.article-marketing.eu\/comunicati\/computer\/software\/contratto-esteso-il-ceo-karl-heinz-streibich-guideraa%80%99-software-ag-fino-al-2018\/#primaryimage\"},\"thumbnailUrl\":\"file:\/\/\/C:\/Users\/ANTONE~1\/AppData\/Local\/Temp\/msohtmlclip1\/01\/clip_image002.gif\",\"datePublished\":\"2013-07-31T13:20:14+00:00\",\"author\":{\"@id\":\"https:\/\/www.article-marketing.eu\/comunicati\/#\/schema\/person\/44372e4d4d0fa797b18e03ed1ace9017\"},\"breadcrumb\":{\"@id\":\"https:\/\/www.article-marketing.eu\/comunicati\/computer\/software\/contratto-esteso-il-ceo-karl-heinz-streibich-guideraa%80%99-software-ag-fino-al-2018\/#breadcrumb\"},\"inLanguage\":\"it-IT\",\"potentialAction\":[{\"@type\":\"ReadAction\",\"target\":[\"https:\/\/www.article-marketing.eu\/comunicati\/computer\/software\/contratto-esteso-il-ceo-karl-heinz-streibich-guideraa%80%99-software-ag-fino-al-2018\/\"]}]},{\"@type\":\"ImageObject\",\"inLanguage\":\"it-IT\",\"@id\":\"https:\/\/www.article-marketing.eu\/comunicati\/computer\/software\/contratto-esteso-il-ceo-karl-heinz-streibich-guideraa%80%99-software-ag-fino-al-2018\/#primaryimage\",\"url\":\"file:\/\/\/C:\/Users\/ANTONE~1\/AppData\/Local\/Temp\/msohtmlclip1\/01\/clip_image002.gif\",\"contentUrl\":\"file:\/\/\/C:\/Users\/ANTONE~1\/AppData\/Local\/Temp\/msohtmlclip1\/01\/clip_image002.gif\"},{\"@type\":\"BreadcrumbList\",\"@id\":\"https:\/\/www.article-marketing.eu\/comunicati\/computer\/software\/contratto-esteso-il-ceo-karl-heinz-streibich-guideraa%80%99-software-ag-fino-al-2018\/#breadcrumb\",\"itemListElement\":[{\"@type\":\"ListItem\",\"position\":1,\"name\":\"Home\",\"item\":\"https:\/\/www.article-marketing.eu\/comunicati\/\"},{\"@type\":\"ListItem\",\"position\":2,\"name\":\"CONTRATTO ESTESO: IL CEO KARL-HEINZ STREIBICH GUIDERA\u2019 SOFTWARE AG FINO AL 2018\"}]},{\"@type\":\"WebSite\",\"@id\":\"https:\/\/www.article-marketing.eu\/comunicati\/#website\",\"url\":\"https:\/\/www.article-marketing.eu\/comunicati\/\",\"name\":\"Article Marketing\",\"description\":\"article marketing &amp; press release\",\"potentialAction\":[{\"@type\":\"SearchAction\",\"target\":{\"@type\":\"EntryPoint\",\"urlTemplate\":\"https:\/\/www.article-marketing.eu\/comunicati\/?s={search_term_string}\"},\"query-input\":{\"@type\":\"PropertyValueSpecification\",\"valueRequired\":true,\"valueName\":\"search_term_string\"}}],\"inLanguage\":\"it-IT\"},{\"@type\":\"Person\",\"@id\":\"https:\/\/www.article-marketing.eu\/comunicati\/#\/schema\/person\/44372e4d4d0fa797b18e03ed1ace9017\",\"name\":\"Redazione Comunicati Stampa\",\"image\":{\"@type\":\"ImageObject\",\"inLanguage\":\"it-IT\",\"@id\":\"https:\/\/www.article-marketing.eu\/comunicati\/#\/schema\/person\/image\/\",\"url\":\"https:\/\/secure.gravatar.com\/avatar\/50e5c6421d3072f42e7ace803501602c60d75233d34e29fd05feb91c8760b792?s=96&d=mm&r=g\",\"contentUrl\":\"https:\/\/secure.gravatar.com\/avatar\/50e5c6421d3072f42e7ace803501602c60d75233d34e29fd05feb91c8760b792?s=96&d=mm&r=g\",\"caption\":\"Redazione Comunicati Stampa\"},\"url\":\"https:\/\/www.article-marketing.eu\/comunicati\/author\/redazione-comunicati-stampa\/\"}]}<\/script>\n<!-- \/ Yoast SEO plugin. -->","yoast_head_json":{"title":"CONTRATTO ESTESO: IL CEO KARL-HEINZ STREIBICH GUIDERA\u2019 SOFTWARE AG FINO AL 2018 - Article Marketing","robots":{"index":"index","follow":"follow","max-snippet":"max-snippet:-1","max-image-preview":"max-image-preview:large","max-video-preview":"max-video-preview:-1"},"canonical":"https:\/\/www.article-marketing.eu\/comunicati\/computer\/software\/contratto-esteso-il-ceo-karl-heinz-streibich-guideraa??-software-ag-fino-al-2018\/","og_locale":"it_IT","og_type":"article","og_title":"CONTRATTO ESTESO: IL CEO KARL-HEINZ STREIBICH GUIDERA\u2019 SOFTWARE AG FINO AL 2018 - Article Marketing","og_description":"CONTRATTO ESTESO: IL CEO KARL-HEINZ STREIBICH GUIDERA\u2019 SOFTWARE AG FINO AL 2018Il Supervisory Board di Software AG (Frankfurt TecDAX: SOW) ha esteso il contratto del CEO Karl-Heinz Streibich (60) di ulteriori cinque anni, fino al 31 luglio 2018. Il Supervisory Board punta sulla continuit\u00e0 e sulla stabilit\u00e0 nella guida della seconda pi\u00f9 grande azienda IT della Germania, nella convinzione che la visione imprenditoriale di Streibich ricopra un ruolo determinante nel successo di Software AG.","og_url":"https:\/\/www.article-marketing.eu\/comunicati\/computer\/software\/contratto-esteso-il-ceo-karl-heinz-streibich-guideraa??-software-ag-fino-al-2018\/","og_site_name":"Article Marketing","article_published_time":"2013-07-31T13:20:14+00:00","og_image":[{"url":"file:\/\/\/C:\/Users\/ANTONE~1\/AppData\/Local\/Temp\/msohtmlclip1\/01\/clip_image002.gif","type":"","width":"","height":""}],"author":"Redazione Comunicati Stampa","twitter_card":"summary_large_image","twitter_misc":{"Scritto da":"Redazione Comunicati Stampa","Tempo di lettura stimato":"2 minuti"},"schema":{"@context":"https:\/\/schema.org","@graph":[{"@type":"Article","@id":"https:\/\/www.article-marketing.eu\/comunicati\/computer\/software\/contratto-esteso-il-ceo-karl-heinz-streibich-guideraa%80%99-software-ag-fino-al-2018\/#article","isPartOf":{"@id":"https:\/\/www.article-marketing.eu\/comunicati\/computer\/software\/contratto-esteso-il-ceo-karl-heinz-streibich-guideraa%80%99-software-ag-fino-al-2018\/"},"author":{"name":"Redazione Comunicati Stampa","@id":"https:\/\/www.article-marketing.eu\/comunicati\/#\/schema\/person\/44372e4d4d0fa797b18e03ed1ace9017"},"headline":"CONTRATTO ESTESO: IL CEO KARL-HEINZ STREIBICH GUIDERA\u2019 SOFTWARE AG FINO AL 2018","datePublished":"2013-07-31T13:20:14+00:00","mainEntityOfPage":{"@id":"https:\/\/www.article-marketing.eu\/comunicati\/computer\/software\/contratto-esteso-il-ceo-karl-heinz-streibich-guideraa%80%99-software-ag-fino-al-2018\/"},"wordCount":383,"commentCount":0,"image":{"@id":"https:\/\/www.article-marketing.eu\/comunicati\/computer\/software\/contratto-esteso-il-ceo-karl-heinz-streibich-guideraa%80%99-software-ag-fino-al-2018\/#primaryimage"},"thumbnailUrl":"file:\/\/\/C:\/Users\/ANTONE~1\/AppData\/Local\/Temp\/msohtmlclip1\/01\/clip_image002.gif","keywords":["big data","cloud","information","Software ag","tecnology"],"articleSection":["Software"],"inLanguage":"it-IT","potentialAction":[{"@type":"CommentAction","name":"Comment","target":["https:\/\/www.article-marketing.eu\/comunicati\/computer\/software\/contratto-esteso-il-ceo-karl-heinz-streibich-guideraa%80%99-software-ag-fino-al-2018\/#respond"]}]},{"@type":"WebPage","@id":"https:\/\/www.article-marketing.eu\/comunicati\/computer\/software\/contratto-esteso-il-ceo-karl-heinz-streibich-guideraa%80%99-software-ag-fino-al-2018\/","url":"https:\/\/www.article-marketing.eu\/comunicati\/computer\/software\/contratto-esteso-il-ceo-karl-heinz-streibich-guideraa%80%99-software-ag-fino-al-2018\/","name":"CONTRATTO ESTESO: IL CEO KARL-HEINZ STREIBICH GUIDERA\u2019 SOFTWARE AG FINO AL 2018 - Article Marketing","isPartOf":{"@id":"https:\/\/www.article-marketing.eu\/comunicati\/#website"},"primaryImageOfPage":{"@id":"https:\/\/www.article-marketing.eu\/comunicati\/computer\/software\/contratto-esteso-il-ceo-karl-heinz-streibich-guideraa%80%99-software-ag-fino-al-2018\/#primaryimage"},"image":{"@id":"https:\/\/www.article-marketing.eu\/comunicati\/computer\/software\/contratto-esteso-il-ceo-karl-heinz-streibich-guideraa%80%99-software-ag-fino-al-2018\/#primaryimage"},"thumbnailUrl":"file:\/\/\/C:\/Users\/ANTONE~1\/AppData\/Local\/Temp\/msohtmlclip1\/01\/clip_image002.gif","datePublished":"2013-07-31T13:20:14+00:00","author":{"@id":"https:\/\/www.article-marketing.eu\/comunicati\/#\/schema\/person\/44372e4d4d0fa797b18e03ed1ace9017"},"breadcrumb":{"@id":"https:\/\/www.article-marketing.eu\/comunicati\/computer\/software\/contratto-esteso-il-ceo-karl-heinz-streibich-guideraa%80%99-software-ag-fino-al-2018\/#breadcrumb"},"inLanguage":"it-IT","potentialAction":[{"@type":"ReadAction","target":["https:\/\/www.article-marketing.eu\/comunicati\/computer\/software\/contratto-esteso-il-ceo-karl-heinz-streibich-guideraa%80%99-software-ag-fino-al-2018\/"]}]},{"@type":"ImageObject","inLanguage":"it-IT","@id":"https:\/\/www.article-marketing.eu\/comunicati\/computer\/software\/contratto-esteso-il-ceo-karl-heinz-streibich-guideraa%80%99-software-ag-fino-al-2018\/#primaryimage","url":"file:\/\/\/C:\/Users\/ANTONE~1\/AppData\/Local\/Temp\/msohtmlclip1\/01\/clip_image002.gif","contentUrl":"file:\/\/\/C:\/Users\/ANTONE~1\/AppData\/Local\/Temp\/msohtmlclip1\/01\/clip_image002.gif"},{"@type":"BreadcrumbList","@id":"https:\/\/www.article-marketing.eu\/comunicati\/computer\/software\/contratto-esteso-il-ceo-karl-heinz-streibich-guideraa%80%99-software-ag-fino-al-2018\/#breadcrumb","itemListElement":[{"@type":"ListItem","position":1,"name":"Home","item":"https:\/\/www.article-marketing.eu\/comunicati\/"},{"@type":"ListItem","position":2,"name":"CONTRATTO ESTESO: IL CEO KARL-HEINZ STREIBICH GUIDERA\u2019 SOFTWARE AG FINO AL 2018"}]},{"@type":"WebSite","@id":"https:\/\/www.article-marketing.eu\/comunicati\/#website","url":"https:\/\/www.article-marketing.eu\/comunicati\/","name":"Article Marketing","description":"article marketing &amp; press release","potentialAction":[{"@type":"SearchAction","target":{"@type":"EntryPoint","urlTemplate":"https:\/\/www.article-marketing.eu\/comunicati\/?s={search_term_string}"},"query-input":{"@type":"PropertyValueSpecification","valueRequired":true,"valueName":"search_term_string"}}],"inLanguage":"it-IT"},{"@type":"Person","@id":"https:\/\/www.article-marketing.eu\/comunicati\/#\/schema\/person\/44372e4d4d0fa797b18e03ed1ace9017","name":"Redazione Comunicati Stampa","image":{"@type":"ImageObject","inLanguage":"it-IT","@id":"https:\/\/www.article-marketing.eu\/comunicati\/#\/schema\/person\/image\/","url":"https:\/\/secure.gravatar.com\/avatar\/50e5c6421d3072f42e7ace803501602c60d75233d34e29fd05feb91c8760b792?s=96&d=mm&r=g","contentUrl":"https:\/\/secure.gravatar.com\/avatar\/50e5c6421d3072f42e7ace803501602c60d75233d34e29fd05feb91c8760b792?s=96&d=mm&r=g","caption":"Redazione Comunicati Stampa"},"url":"https:\/\/www.article-marketing.eu\/comunicati\/author\/redazione-comunicati-stampa\/"}]}},"_links":{"self":[{"href":"https:\/\/www.article-marketing.eu\/comunicati\/wp-json\/wp\/v2\/posts\/36048","targetHints":{"allow":["GET"]}}],"collection":[{"href":"https:\/\/www.article-marketing.eu\/comunicati\/wp-json\/wp\/v2\/posts"}],"about":[{"href":"https:\/\/www.article-marketing.eu\/comunicati\/wp-json\/wp\/v2\/types\/post"}],"author":[{"embeddable":true,"href":"https:\/\/www.article-marketing.eu\/comunicati\/wp-json\/wp\/v2\/users\/10"}],"replies":[{"embeddable":true,"href":"https:\/\/www.article-marketing.eu\/comunicati\/wp-json\/wp\/v2\/comments?post=36048"}],"version-history":[{"count":0,"href":"https:\/\/www.article-marketing.eu\/comunicati\/wp-json\/wp\/v2\/posts\/36048\/revisions"}],"wp:attachment":[{"href":"https:\/\/www.article-marketing.eu\/comunicati\/wp-json\/wp\/v2\/media?parent=36048"}],"wp:term":[{"taxonomy":"category","embeddable":true,"href":"https:\/\/www.article-marketing.eu\/comunicati\/wp-json\/wp\/v2\/categories?post=36048"},{"taxonomy":"post_tag","embeddable":true,"href":"https:\/\/www.article-marketing.eu\/comunicati\/wp-json\/wp\/v2\/tags?post=36048"}],"curies":[{"name":"wp","href":"https:\/\/api.w.org\/{rel}","templated":true}]}}