{"id":3612,"date":"2009-12-09T11:17:42","date_gmt":"2009-12-09T10:17:42","guid":{"rendered":"http:\/\/www.article-marketing.eu\/comunicati\/senza-categoria\/christmas-tree-dartista-la-definitiva-mostra-di-natale\/"},"modified":"2009-12-09T11:17:42","modified_gmt":"2009-12-09T10:17:42","slug":"christmas-tree-dartista-la-definitiva-mostra-di-natale","status":"publish","type":"post","link":"https:\/\/www.article-marketing.eu\/comunicati\/arte-e-cultura\/christmas-tree-dartista-la-definitiva-mostra-di-natale\/","title":{"rendered":"Christmas Tree D&#8217;Artista: La definitiva mostra di Natale"},"content":{"rendered":"<p>Christmas Tree D&#8217;Artista: La definitiva mostra di Natale \u00e8 una mostra circoscritta nello spazio di un albero sintetico, una collettiva inusuale che raccoglie una moltitudine di linguaggi che seguono tutti la stessa base di partenza: la palla natalizia. E&#8217; stato chiesto agli artisti di realizzare una palla decorativa per l&#8217;albero di Natale lasciando piena libert\u00e0 creativa.<br \/>Il periodo Natalizio \u00e8 il momento dell&#8217;anno pi\u00f9 singolare, le strade diventano pi\u00f9 luminose, le case pi\u00f9 decorate, il cibo aumenta in dosi eccessive, le vetrine dei negozi vengono riempite di ogni prodotto, ma nel terzo millennio e nei tempi di crisi finanziaria e sanitaria cosa significa tutto questo? La secolarizzazione della societ\u00e0 contemporanea non risparmia di certo il Natale, la simbologia cristiana diventa un semplice decoro, l&#8217;affanno consumistico aumenta e forse il famoso detto \u201cA Natale si \u00e8 tutti pi\u00f9 buoni\u201d perde di significato. Le iniziative di arte contemporanea legate al natale non si contano pi\u00f9: allora perch\u00e8 Christmas Tree D&#8217;Artista?<br \/><img decoding=\"async\" vspace=\"0\" hspace=\"0\" border=\"0\" align=\"baseline\" src=\"http:\/\/2.bp.blogspot.com\/_oXqltlncso8\/Sx6vO4JyNKI\/AAAAAAAAAMw\/qvqthEzSUAI\/s400\/Rita+Soccio+%27Le+tre+Marie%27.jpg\" \/><br \/>\u201cL\u2019albero di Natale \u00e8 un simbolo sospeso tra sacro e profano, luminoso e decorativo offre un\u2019immagine di ricchezza, diventando talvolta anche un simbolo di potere. Eppure al tempo stesso evoca sogni, festa e gioia, il posto sotto al quale si trovano i doni. L\u2019abete che nella tradizione nordica accoglieva i bambini portati dalla cicogna \u00e8 posto a rappresentare l\u2019arrivo del bambino Salvatore del Cristianesimo. Ogni artista ha realizzato una decorazione per l\u2019albero, un momento del proprio percorso artistico che va a incontrare il Natale, una festa che nonostante tutte le critiche rivolte al consumismo che gli ruota intorno, resta un momento fondamentale per continuare a sognare e sperare in un mondo migliore\u201d. (Dario Ciferri)<\/p>\n<p>Ogni artista ha dato la sua risposta, ognuno seguendo il proprio linguaggio, le proprie ossessioni, il proprio pensiero. Le opere proposte si interrogano sul Natale e tutti i suoi annessi passando dalla denuncia all&#8217;ironia, dalla religione alla provocazione.<\/p>\n<p>L&#8217;evento a cura di Dario Ciferri coinvolge 23 artisti: Laura Baldini, Alberto Barbadoro, Max Bottino, Domenico Buzzetti, Luca Caimmi, Giacomo Carnesecchi, Veronica Chessa, Roberto Cicchin\u00e8, Tiziana Contino, Francesco D&#8217;Isa, Veronica Dell&#8217;Agostino, Francesco Diotallevi, Massimo Festi, Alice Grassi, Alessandro Grimaldi, Erika Latini, Dario Molinaro, Erika Patrignani, Michele Pierpaoli, Giorgio Pignotti, Rita Soccio, Valeria Stipa, Rita Vitali Rosati. L\u2019inaugurazione di Christmas Tree D&#8217;Artista \u00e8 prevista per il giorno 12 dicembre 2009 alle ore 18.00 negli spazi della home gallery Sponge di Pergola. La mostra sar\u00e0 visitabile fino al 9 gennaio 2010. <\/p>\n<p>Per informazioni consultare il sito www.spongeartecontemporanea.net<\/p>\n<p>Titolo: Christmas Tree D&#8217;Artista: La definitiva mostra di Natale<br \/>Artisti: Laura Baldini, Alberto Barbadoro, Max Bottino, Domenico Buzzetti, Luca Caimmi, Giacomo Carnesecchi, Veronica Chessa, Roberto Cicchin\u00e8, Tiziana Contino, Francesco D&#8217;Isa, Veronica Dell&#8217;Agostino, Francesco Diotallevi, Massimo Festi, Alice Grassi, Alessandro Grimaldi, Erika Latini, Dario Molinaro, Erika Patrignani, Michele Pierpaoli, Giorgio Pignotti, Rita Soccio, Valeria Stipa, Rita Vitali Rosati<br \/>Cura: Dario Ciferri<br \/>Luogo: Sponge Living Space, via Mezzanotte 84 &#8211; 61045 Pergola (PU)<br \/>Coordinamento e comunicazione: Sponge ArteContemporanea<br \/>Inaugurazione: sabato 12 dicembre 2009, ore 18:00<br \/>Periodo: 12 dicembre 2009 &#8211; 9 gennaio 2010 visita su appuntamento<br \/>Info: +39 339 4918011, pressoffice@spongeartecontemporanea.net<\/p>\n","protected":false},"excerpt":{"rendered":"<p>Ogni artista ha dato la sua risposta, ognuno seguendo il proprio linguaggio, le proprie ossessioni, il proprio pensiero. Le opere proposte si interrogano sul Natale e tutti i suoi annessi passando dalla denuncia all&#8217;ironia, dalla religione alla provocazione.<\/p>\n<p>L&#8217;evento a cura di Dario Ciferri coinvolge 23 artisti: Laura Baldini, Alberto Barbadoro, Max Bottino, Domenico Buzzetti, Luca Caimmi, Giacomo Carnesecchi, Veronica Chessa, Roberto Cicchin\u00e8, Tiziana Contino, Francesco D&#8217;Isa, Veronica Dell&#8217;Agostino, Francesco Diotallevi, Massimo Festi, Alice Grassi, Alessandro Grimaldi, Erika Latini, Dario Molinaro, Erika Patrignani, Michele Pierpaoli, Giorgio Pignotti, Rita Soccio, Valeria Stipa, Rita Vitali Rosati. L\u2019inaugurazione di Christmas Tree D&#8217;Artista \u00e8 prevista per il giorno 12 dicembre 2009 alle ore 18.00 negli spazi della home gallery Sponge di Pergola. La mostra sar\u00e0 visitabile fino al 9 gennaio 2010.<\/p>\n","protected":false},"author":10,"featured_media":0,"comment_status":"open","ping_status":"open","sticky":false,"template":"","format":"standard","meta":{"cybocfi_hide_featured_image":"","footnotes":""},"categories":[27],"tags":[171,1000,472],"class_list":["post-3612","post","type-post","status-publish","format-standard","hentry","category-arte-e-cultura","tag-arte","tag-mostra","tag-natale"],"yoast_head":"<!-- This site is optimized with the Yoast SEO plugin v27.0 - https:\/\/yoast.com\/product\/yoast-seo-wordpress\/ -->\n<title>Christmas Tree D&#039;Artista: La definitiva mostra di Natale - Article Marketing<\/title>\n<meta name=\"robots\" content=\"index, follow, max-snippet:-1, max-image-preview:large, max-video-preview:-1\" \/>\n<link rel=\"canonical\" href=\"https:\/\/www.article-marketing.eu\/comunicati\/arte-e-cultura\/christmas-tree-dartista-la-definitiva-mostra-di-natale\/\" \/>\n<meta property=\"og:locale\" content=\"it_IT\" \/>\n<meta property=\"og:type\" content=\"article\" \/>\n<meta property=\"og:title\" content=\"Christmas Tree D&#039;Artista: La definitiva mostra di Natale - Article Marketing\" \/>\n<meta property=\"og:description\" content=\"Ogni artista ha dato la sua risposta, ognuno seguendo il proprio linguaggio, le proprie ossessioni, il proprio pensiero. Le opere proposte si interrogano sul Natale e tutti i suoi annessi passando dalla denuncia all&#039;ironia, dalla religione alla provocazione. L&#039;evento a cura di Dario Ciferri coinvolge 23 artisti: Laura Baldini, Alberto Barbadoro, Max Bottino, Domenico Buzzetti, Luca Caimmi, Giacomo Carnesecchi, Veronica Chessa, Roberto Cicchin\u00e8, Tiziana Contino, Francesco D&#039;Isa, Veronica Dell&#039;Agostino, Francesco Diotallevi, Massimo Festi, Alice Grassi, Alessandro Grimaldi, Erika Latini, Dario Molinaro, Erika Patrignani, Michele Pierpaoli, Giorgio Pignotti, Rita Soccio, Valeria Stipa, Rita Vitali Rosati. L\u2019inaugurazione di Christmas Tree D&#039;Artista \u00e8 prevista per il giorno 12 dicembre 2009 alle ore 18.00 negli spazi della home gallery Sponge di Pergola. La mostra sar\u00e0 visitabile fino al 9 gennaio 2010.\" \/>\n<meta property=\"og:url\" content=\"https:\/\/www.article-marketing.eu\/comunicati\/arte-e-cultura\/christmas-tree-dartista-la-definitiva-mostra-di-natale\/\" \/>\n<meta property=\"og:site_name\" content=\"Article Marketing\" \/>\n<meta property=\"article:published_time\" content=\"2009-12-09T10:17:42+00:00\" \/>\n<meta property=\"og:image\" content=\"http:\/\/2.bp.blogspot.com\/_oXqltlncso8\/Sx6vO4JyNKI\/AAAAAAAAAMw\/qvqthEzSUAI\/s400\/Rita+Soccio+%27Le+tre+Marie%27.jpg\" \/>\n<meta name=\"author\" content=\"Redazione Comunicati Stampa\" \/>\n<meta name=\"twitter:card\" content=\"summary_large_image\" \/>\n<meta name=\"twitter:label1\" content=\"Scritto da\" \/>\n\t<meta name=\"twitter:data1\" content=\"Redazione Comunicati Stampa\" \/>\n\t<meta name=\"twitter:label2\" content=\"Tempo di lettura stimato\" \/>\n\t<meta name=\"twitter:data2\" content=\"2 minuti\" \/>\n<script type=\"application\/ld+json\" class=\"yoast-schema-graph\">{\"@context\":\"https:\/\/schema.org\",\"@graph\":[{\"@type\":\"Article\",\"@id\":\"https:\/\/www.article-marketing.eu\/comunicati\/arte-e-cultura\/christmas-tree-dartista-la-definitiva-mostra-di-natale\/#article\",\"isPartOf\":{\"@id\":\"https:\/\/www.article-marketing.eu\/comunicati\/arte-e-cultura\/christmas-tree-dartista-la-definitiva-mostra-di-natale\/\"},\"author\":{\"name\":\"Redazione Comunicati Stampa\",\"@id\":\"https:\/\/www.article-marketing.eu\/comunicati\/#\/schema\/person\/44372e4d4d0fa797b18e03ed1ace9017\"},\"headline\":\"Christmas Tree D&#8217;Artista: La definitiva mostra di Natale\",\"datePublished\":\"2009-12-09T10:17:42+00:00\",\"mainEntityOfPage\":{\"@id\":\"https:\/\/www.article-marketing.eu\/comunicati\/arte-e-cultura\/christmas-tree-dartista-la-definitiva-mostra-di-natale\/\"},\"wordCount\":493,\"commentCount\":0,\"image\":{\"@id\":\"https:\/\/www.article-marketing.eu\/comunicati\/arte-e-cultura\/christmas-tree-dartista-la-definitiva-mostra-di-natale\/#primaryimage\"},\"thumbnailUrl\":\"http:\/\/2.bp.blogspot.com\/_oXqltlncso8\/Sx6vO4JyNKI\/AAAAAAAAAMw\/qvqthEzSUAI\/s400\/Rita+Soccio+%27Le+tre+Marie%27.jpg\",\"keywords\":[\"arte\",\"Mostra\",\"natale\"],\"articleSection\":[\"Arte e cultura\"],\"inLanguage\":\"it-IT\",\"potentialAction\":[{\"@type\":\"CommentAction\",\"name\":\"Comment\",\"target\":[\"https:\/\/www.article-marketing.eu\/comunicati\/arte-e-cultura\/christmas-tree-dartista-la-definitiva-mostra-di-natale\/#respond\"]}]},{\"@type\":\"WebPage\",\"@id\":\"https:\/\/www.article-marketing.eu\/comunicati\/arte-e-cultura\/christmas-tree-dartista-la-definitiva-mostra-di-natale\/\",\"url\":\"https:\/\/www.article-marketing.eu\/comunicati\/arte-e-cultura\/christmas-tree-dartista-la-definitiva-mostra-di-natale\/\",\"name\":\"Christmas Tree D'Artista: La definitiva mostra di Natale - Article Marketing\",\"isPartOf\":{\"@id\":\"https:\/\/www.article-marketing.eu\/comunicati\/#website\"},\"primaryImageOfPage\":{\"@id\":\"https:\/\/www.article-marketing.eu\/comunicati\/arte-e-cultura\/christmas-tree-dartista-la-definitiva-mostra-di-natale\/#primaryimage\"},\"image\":{\"@id\":\"https:\/\/www.article-marketing.eu\/comunicati\/arte-e-cultura\/christmas-tree-dartista-la-definitiva-mostra-di-natale\/#primaryimage\"},\"thumbnailUrl\":\"http:\/\/2.bp.blogspot.com\/_oXqltlncso8\/Sx6vO4JyNKI\/AAAAAAAAAMw\/qvqthEzSUAI\/s400\/Rita+Soccio+%27Le+tre+Marie%27.jpg\",\"datePublished\":\"2009-12-09T10:17:42+00:00\",\"author\":{\"@id\":\"https:\/\/www.article-marketing.eu\/comunicati\/#\/schema\/person\/44372e4d4d0fa797b18e03ed1ace9017\"},\"breadcrumb\":{\"@id\":\"https:\/\/www.article-marketing.eu\/comunicati\/arte-e-cultura\/christmas-tree-dartista-la-definitiva-mostra-di-natale\/#breadcrumb\"},\"inLanguage\":\"it-IT\",\"potentialAction\":[{\"@type\":\"ReadAction\",\"target\":[\"https:\/\/www.article-marketing.eu\/comunicati\/arte-e-cultura\/christmas-tree-dartista-la-definitiva-mostra-di-natale\/\"]}]},{\"@type\":\"ImageObject\",\"inLanguage\":\"it-IT\",\"@id\":\"https:\/\/www.article-marketing.eu\/comunicati\/arte-e-cultura\/christmas-tree-dartista-la-definitiva-mostra-di-natale\/#primaryimage\",\"url\":\"http:\/\/2.bp.blogspot.com\/_oXqltlncso8\/Sx6vO4JyNKI\/AAAAAAAAAMw\/qvqthEzSUAI\/s400\/Rita+Soccio+%27Le+tre+Marie%27.jpg\",\"contentUrl\":\"http:\/\/2.bp.blogspot.com\/_oXqltlncso8\/Sx6vO4JyNKI\/AAAAAAAAAMw\/qvqthEzSUAI\/s400\/Rita+Soccio+%27Le+tre+Marie%27.jpg\"},{\"@type\":\"BreadcrumbList\",\"@id\":\"https:\/\/www.article-marketing.eu\/comunicati\/arte-e-cultura\/christmas-tree-dartista-la-definitiva-mostra-di-natale\/#breadcrumb\",\"itemListElement\":[{\"@type\":\"ListItem\",\"position\":1,\"name\":\"Home\",\"item\":\"https:\/\/www.article-marketing.eu\/comunicati\/\"},{\"@type\":\"ListItem\",\"position\":2,\"name\":\"Christmas Tree D&#8217;Artista: La definitiva mostra di Natale\"}]},{\"@type\":\"WebSite\",\"@id\":\"https:\/\/www.article-marketing.eu\/comunicati\/#website\",\"url\":\"https:\/\/www.article-marketing.eu\/comunicati\/\",\"name\":\"Article Marketing\",\"description\":\"article marketing &amp; press release\",\"potentialAction\":[{\"@type\":\"SearchAction\",\"target\":{\"@type\":\"EntryPoint\",\"urlTemplate\":\"https:\/\/www.article-marketing.eu\/comunicati\/?s={search_term_string}\"},\"query-input\":{\"@type\":\"PropertyValueSpecification\",\"valueRequired\":true,\"valueName\":\"search_term_string\"}}],\"inLanguage\":\"it-IT\"},{\"@type\":\"Person\",\"@id\":\"https:\/\/www.article-marketing.eu\/comunicati\/#\/schema\/person\/44372e4d4d0fa797b18e03ed1ace9017\",\"name\":\"Redazione Comunicati Stampa\",\"image\":{\"@type\":\"ImageObject\",\"inLanguage\":\"it-IT\",\"@id\":\"https:\/\/www.article-marketing.eu\/comunicati\/#\/schema\/person\/image\/\",\"url\":\"https:\/\/secure.gravatar.com\/avatar\/50e5c6421d3072f42e7ace803501602c60d75233d34e29fd05feb91c8760b792?s=96&d=mm&r=g\",\"contentUrl\":\"https:\/\/secure.gravatar.com\/avatar\/50e5c6421d3072f42e7ace803501602c60d75233d34e29fd05feb91c8760b792?s=96&d=mm&r=g\",\"caption\":\"Redazione Comunicati Stampa\"},\"url\":\"https:\/\/www.article-marketing.eu\/comunicati\/author\/redazione-comunicati-stampa\/\"}]}<\/script>\n<!-- \/ Yoast SEO plugin. -->","yoast_head_json":{"title":"Christmas Tree D'Artista: La definitiva mostra di Natale - Article Marketing","robots":{"index":"index","follow":"follow","max-snippet":"max-snippet:-1","max-image-preview":"max-image-preview:large","max-video-preview":"max-video-preview:-1"},"canonical":"https:\/\/www.article-marketing.eu\/comunicati\/arte-e-cultura\/christmas-tree-dartista-la-definitiva-mostra-di-natale\/","og_locale":"it_IT","og_type":"article","og_title":"Christmas Tree D'Artista: La definitiva mostra di Natale - Article Marketing","og_description":"Ogni artista ha dato la sua risposta, ognuno seguendo il proprio linguaggio, le proprie ossessioni, il proprio pensiero. Le opere proposte si interrogano sul Natale e tutti i suoi annessi passando dalla denuncia all'ironia, dalla religione alla provocazione. L'evento a cura di Dario Ciferri coinvolge 23 artisti: Laura Baldini, Alberto Barbadoro, Max Bottino, Domenico Buzzetti, Luca Caimmi, Giacomo Carnesecchi, Veronica Chessa, Roberto Cicchin\u00e8, Tiziana Contino, Francesco D'Isa, Veronica Dell'Agostino, Francesco Diotallevi, Massimo Festi, Alice Grassi, Alessandro Grimaldi, Erika Latini, Dario Molinaro, Erika Patrignani, Michele Pierpaoli, Giorgio Pignotti, Rita Soccio, Valeria Stipa, Rita Vitali Rosati. L\u2019inaugurazione di Christmas Tree D'Artista \u00e8 prevista per il giorno 12 dicembre 2009 alle ore 18.00 negli spazi della home gallery Sponge di Pergola. La mostra sar\u00e0 visitabile fino al 9 gennaio 2010.","og_url":"https:\/\/www.article-marketing.eu\/comunicati\/arte-e-cultura\/christmas-tree-dartista-la-definitiva-mostra-di-natale\/","og_site_name":"Article Marketing","article_published_time":"2009-12-09T10:17:42+00:00","og_image":[{"url":"http:\/\/2.bp.blogspot.com\/_oXqltlncso8\/Sx6vO4JyNKI\/AAAAAAAAAMw\/qvqthEzSUAI\/s400\/Rita+Soccio+%27Le+tre+Marie%27.jpg","type":"","width":"","height":""}],"author":"Redazione Comunicati Stampa","twitter_card":"summary_large_image","twitter_misc":{"Scritto da":"Redazione Comunicati Stampa","Tempo di lettura stimato":"2 minuti"},"schema":{"@context":"https:\/\/schema.org","@graph":[{"@type":"Article","@id":"https:\/\/www.article-marketing.eu\/comunicati\/arte-e-cultura\/christmas-tree-dartista-la-definitiva-mostra-di-natale\/#article","isPartOf":{"@id":"https:\/\/www.article-marketing.eu\/comunicati\/arte-e-cultura\/christmas-tree-dartista-la-definitiva-mostra-di-natale\/"},"author":{"name":"Redazione Comunicati Stampa","@id":"https:\/\/www.article-marketing.eu\/comunicati\/#\/schema\/person\/44372e4d4d0fa797b18e03ed1ace9017"},"headline":"Christmas Tree D&#8217;Artista: La definitiva mostra di Natale","datePublished":"2009-12-09T10:17:42+00:00","mainEntityOfPage":{"@id":"https:\/\/www.article-marketing.eu\/comunicati\/arte-e-cultura\/christmas-tree-dartista-la-definitiva-mostra-di-natale\/"},"wordCount":493,"commentCount":0,"image":{"@id":"https:\/\/www.article-marketing.eu\/comunicati\/arte-e-cultura\/christmas-tree-dartista-la-definitiva-mostra-di-natale\/#primaryimage"},"thumbnailUrl":"http:\/\/2.bp.blogspot.com\/_oXqltlncso8\/Sx6vO4JyNKI\/AAAAAAAAAMw\/qvqthEzSUAI\/s400\/Rita+Soccio+%27Le+tre+Marie%27.jpg","keywords":["arte","Mostra","natale"],"articleSection":["Arte e cultura"],"inLanguage":"it-IT","potentialAction":[{"@type":"CommentAction","name":"Comment","target":["https:\/\/www.article-marketing.eu\/comunicati\/arte-e-cultura\/christmas-tree-dartista-la-definitiva-mostra-di-natale\/#respond"]}]},{"@type":"WebPage","@id":"https:\/\/www.article-marketing.eu\/comunicati\/arte-e-cultura\/christmas-tree-dartista-la-definitiva-mostra-di-natale\/","url":"https:\/\/www.article-marketing.eu\/comunicati\/arte-e-cultura\/christmas-tree-dartista-la-definitiva-mostra-di-natale\/","name":"Christmas Tree D'Artista: La definitiva mostra di Natale - Article Marketing","isPartOf":{"@id":"https:\/\/www.article-marketing.eu\/comunicati\/#website"},"primaryImageOfPage":{"@id":"https:\/\/www.article-marketing.eu\/comunicati\/arte-e-cultura\/christmas-tree-dartista-la-definitiva-mostra-di-natale\/#primaryimage"},"image":{"@id":"https:\/\/www.article-marketing.eu\/comunicati\/arte-e-cultura\/christmas-tree-dartista-la-definitiva-mostra-di-natale\/#primaryimage"},"thumbnailUrl":"http:\/\/2.bp.blogspot.com\/_oXqltlncso8\/Sx6vO4JyNKI\/AAAAAAAAAMw\/qvqthEzSUAI\/s400\/Rita+Soccio+%27Le+tre+Marie%27.jpg","datePublished":"2009-12-09T10:17:42+00:00","author":{"@id":"https:\/\/www.article-marketing.eu\/comunicati\/#\/schema\/person\/44372e4d4d0fa797b18e03ed1ace9017"},"breadcrumb":{"@id":"https:\/\/www.article-marketing.eu\/comunicati\/arte-e-cultura\/christmas-tree-dartista-la-definitiva-mostra-di-natale\/#breadcrumb"},"inLanguage":"it-IT","potentialAction":[{"@type":"ReadAction","target":["https:\/\/www.article-marketing.eu\/comunicati\/arte-e-cultura\/christmas-tree-dartista-la-definitiva-mostra-di-natale\/"]}]},{"@type":"ImageObject","inLanguage":"it-IT","@id":"https:\/\/www.article-marketing.eu\/comunicati\/arte-e-cultura\/christmas-tree-dartista-la-definitiva-mostra-di-natale\/#primaryimage","url":"http:\/\/2.bp.blogspot.com\/_oXqltlncso8\/Sx6vO4JyNKI\/AAAAAAAAAMw\/qvqthEzSUAI\/s400\/Rita+Soccio+%27Le+tre+Marie%27.jpg","contentUrl":"http:\/\/2.bp.blogspot.com\/_oXqltlncso8\/Sx6vO4JyNKI\/AAAAAAAAAMw\/qvqthEzSUAI\/s400\/Rita+Soccio+%27Le+tre+Marie%27.jpg"},{"@type":"BreadcrumbList","@id":"https:\/\/www.article-marketing.eu\/comunicati\/arte-e-cultura\/christmas-tree-dartista-la-definitiva-mostra-di-natale\/#breadcrumb","itemListElement":[{"@type":"ListItem","position":1,"name":"Home","item":"https:\/\/www.article-marketing.eu\/comunicati\/"},{"@type":"ListItem","position":2,"name":"Christmas Tree D&#8217;Artista: La definitiva mostra di Natale"}]},{"@type":"WebSite","@id":"https:\/\/www.article-marketing.eu\/comunicati\/#website","url":"https:\/\/www.article-marketing.eu\/comunicati\/","name":"Article Marketing","description":"article marketing &amp; press release","potentialAction":[{"@type":"SearchAction","target":{"@type":"EntryPoint","urlTemplate":"https:\/\/www.article-marketing.eu\/comunicati\/?s={search_term_string}"},"query-input":{"@type":"PropertyValueSpecification","valueRequired":true,"valueName":"search_term_string"}}],"inLanguage":"it-IT"},{"@type":"Person","@id":"https:\/\/www.article-marketing.eu\/comunicati\/#\/schema\/person\/44372e4d4d0fa797b18e03ed1ace9017","name":"Redazione Comunicati Stampa","image":{"@type":"ImageObject","inLanguage":"it-IT","@id":"https:\/\/www.article-marketing.eu\/comunicati\/#\/schema\/person\/image\/","url":"https:\/\/secure.gravatar.com\/avatar\/50e5c6421d3072f42e7ace803501602c60d75233d34e29fd05feb91c8760b792?s=96&d=mm&r=g","contentUrl":"https:\/\/secure.gravatar.com\/avatar\/50e5c6421d3072f42e7ace803501602c60d75233d34e29fd05feb91c8760b792?s=96&d=mm&r=g","caption":"Redazione Comunicati Stampa"},"url":"https:\/\/www.article-marketing.eu\/comunicati\/author\/redazione-comunicati-stampa\/"}]}},"_links":{"self":[{"href":"https:\/\/www.article-marketing.eu\/comunicati\/wp-json\/wp\/v2\/posts\/3612","targetHints":{"allow":["GET"]}}],"collection":[{"href":"https:\/\/www.article-marketing.eu\/comunicati\/wp-json\/wp\/v2\/posts"}],"about":[{"href":"https:\/\/www.article-marketing.eu\/comunicati\/wp-json\/wp\/v2\/types\/post"}],"author":[{"embeddable":true,"href":"https:\/\/www.article-marketing.eu\/comunicati\/wp-json\/wp\/v2\/users\/10"}],"replies":[{"embeddable":true,"href":"https:\/\/www.article-marketing.eu\/comunicati\/wp-json\/wp\/v2\/comments?post=3612"}],"version-history":[{"count":0,"href":"https:\/\/www.article-marketing.eu\/comunicati\/wp-json\/wp\/v2\/posts\/3612\/revisions"}],"wp:attachment":[{"href":"https:\/\/www.article-marketing.eu\/comunicati\/wp-json\/wp\/v2\/media?parent=3612"}],"wp:term":[{"taxonomy":"category","embeddable":true,"href":"https:\/\/www.article-marketing.eu\/comunicati\/wp-json\/wp\/v2\/categories?post=3612"},{"taxonomy":"post_tag","embeddable":true,"href":"https:\/\/www.article-marketing.eu\/comunicati\/wp-json\/wp\/v2\/tags?post=3612"}],"curies":[{"name":"wp","href":"https:\/\/api.w.org\/{rel}","templated":true}]}}