{"id":363,"date":"2008-05-05T16:07:59","date_gmt":"2008-05-05T14:07:59","guid":{"rendered":"http:\/\/www.article-marketing.eu\/comunicati\/senza-categoria\/i-picchiatori-di-verona-e-il-perdonismo-dei-genitori\/"},"modified":"2008-05-05T16:07:59","modified_gmt":"2008-05-05T14:07:59","slug":"i-picchiatori-di-verona-e-il-perdonismo-dei-genitori","status":"publish","type":"post","link":"https:\/\/www.article-marketing.eu\/comunicati\/societa\/news-e-attualita\/i-picchiatori-di-verona-e-il-perdonismo-dei-genitori\/","title":{"rendered":"I picchiatori di Verona e il perdonismo dei genitori"},"content":{"rendered":"<p>Grande spazio, sopresa e indignazione al fattaccio di Verona. Un ragazzo, pestato a morte da cinque naziskin per il rifiuto di una sigaretta. Urla, grida di allarme e di vergogna. Una citt\u00e0 intera si guarda allo specchio e dice di non riconoscersi. Una nazione si domanda da dove vengono questi pazzi scatenati? E pensare che non sono nemmeno rumeni! Circoli sportivi, club di ultras, sette sataniche e fanatici politici. I giornali fanno a gara ad andare a trovarli. Sono qui, nelle curve. No. Nei raduni. Non li avete visti quando si danno appountamento nei loro scellerati reave&#8230; ? Insomma, un bel giro di valzer con un solo obiettivo, quello di allontanarli il pi\u00f9 possibile da noi, dalle nostre case, dai nostri tranquilli e pacifici week end di relax e benessere.<\/p>\n<p>Ma questi e tutti gli altri ce l&#8217;avranno anche una famiglia! Dei genitori che se li ritrovano tra i coglioni giorno dopo giorno. Li vedono quando rientrano a casa, fatti e strafatti. Li lavano, li stirano e sopratutto &#8230;li perdonano.<br \/>Eh si. Li perdonano, li giustificano, li proteggono e li mandano all&#8217;estero quando proprio l&#8217;hanno fatta grossa.<br \/>Parte da qui, o da qui arriva tutto questo malessere. Un malesserer condiviso, in verit\u00e0. I figli che non sanno pi\u00f9 perch\u00e8 cazzo sono venuti al mondo. E i genitori che non capiscono perch\u00e8 cazzo ce li hanno messi e se li ritrovano cos\u00ec, grandi e stupidi . E allora siccome a star male si fa fatica meglio far finta di niente. Dire che \u00e8 tuttta colpa della societ\u00e0 e del Verona calcio che sta andando malissimo in serie C e poi a chiedere scusa si fa sempre in tempo e si pu\u00f2 anche sperare che qualcono perdoni.<br \/>E&#8217; il perdono che ormai governa, in verit\u00e0. Tutto richiama e si richiama al perdono. Dove ti giri, giri. C&#8217;\u00e8 qualcuno o qualcosa da perdonare. Quando intervistano un parente di una vittima di violenza o di un incdinete, di un intervento chirurgico andato male, di un sorpruso o di qualunque altra cosa, non manca mai la domanda sul perdono! Non importa se una vita \u00e8 distrutta o se non c&#8217;\u00e8 un cazzo da perdonare. Bisogna perdonare. E tutto fila di conseguenza. Chi stupra esce di galera, chi uccide lo stesso, chi ruba, spaccia o&#8230; sa che il perdono non si nega a nessuno.<\/p>\n<p>Hanno guardato come un alieno il padre di quel giovane romano che ubriaco ha ucciso, investendole sulle strisce, le due irlandesi, perch\u00e8 si \u00e8 permesso di dire che suo filgio merita una punizione esemplare, grave e rigida, senza sconti. L&#8217;hanno guardato e si sono chiesti se quel giovane fosse davvero suo figlio.<\/p>\n<p>L&#8217;altra sera ho assistito ad una scena raccapricciante. A una ragazza, avr\u00e0 avuto si e no 16 anni, \u00e8 stato negato l&#8217;accesso in una discoteca milanese. Il boyguard non la feceva entrare non solo perch\u00e8 non aveva l&#8217;et\u00e0 per entrare, ma anche perch\u00e8 era in pieno sballo. Alcool e qualche pasticca avevano fatto un lavoro con i fiocchi. Beh, la ragazza, fuori giri, sputava e aggrediva il buttafuori, che con una spinta l&#8217;ha fatta ruzzolare lungo il marciapiede. Urla e minacce. Dopo un p\u00f2 \u00e8 arrivato un taxi, scendono una signora in perfetto stile D&amp;amp;G con una specie di marito al seguito o la guinzaglio, fate voi. La ragazza \u00e8 seduta sul marciapiede che piange e urla. La coppia made in Milan by night, invece di raccattarla e con vergogna sparire&#8230; per fare i conti a casa come si diceva una volta&#8230; aggredisce il buttafuori e con il cellulare la signora D&amp;amp;G chiama la polizia per fare immediata denuncia per maltrattamenti e violenza. Il poliziotto, non sapendo cosa fare, ed in evidente stato di imbarazzo, invita la coppia D&amp;amp;G a calmarsi, tentando di spiegare che se insisteva avrebbe dovuto fermare anche la figlia, che in quello stato forse non avrebbe vinto la prossima selzione delle Veline. Non c&#8217;\u00e8 stato niente da fare.<\/p>\n<p>Dite poca cosa di fronte alla violenza dei naziskin. Vero, ma se al primo tatuaggio nazi, o al primo fermo per rissa e violenza&#8230; il genitore di questo valoroso &quot;fsv&quot; gli avesse, come minimo e senza strafare, ritirato la Diners Gold, forse avrebbe evitato oggi di dire che &quot;preferisco essere il padre della vittima&quot;. Non vi pare!!!???<\/p>\n","protected":false},"excerpt":{"rendered":"<p>Grande spazio, sopresa e indignazione al fattaccio di Verona. Un ragazzo, pestato a morte da cinque naziskin per il rifiuto di una sigaretta.<\/p>\n","protected":false},"author":10,"featured_media":0,"comment_status":"open","ping_status":"open","sticky":false,"template":"","format":"standard","meta":{"cybocfi_hide_featured_image":"","footnotes":""},"categories":[81],"tags":[1257,1255,1256,1258],"class_list":["post-363","post","type-post","status-publish","format-standard","hentry","category-news-e-attualita","tag-giovani","tag-naziskin","tag-perdono","tag-ultras"],"yoast_head":"<!-- This site is optimized with the Yoast SEO plugin v27.0 - https:\/\/yoast.com\/product\/yoast-seo-wordpress\/ -->\n<title>I picchiatori di Verona e il perdonismo dei genitori - Article Marketing<\/title>\n<meta name=\"robots\" content=\"index, follow, max-snippet:-1, max-image-preview:large, max-video-preview:-1\" \/>\n<link rel=\"canonical\" href=\"https:\/\/www.article-marketing.eu\/comunicati\/societa\/news-e-attualita\/i-picchiatori-di-verona-e-il-perdonismo-dei-genitori\/\" \/>\n<meta property=\"og:locale\" content=\"it_IT\" \/>\n<meta property=\"og:type\" content=\"article\" \/>\n<meta property=\"og:title\" content=\"I picchiatori di Verona e il perdonismo dei genitori - Article Marketing\" \/>\n<meta property=\"og:description\" content=\"Grande spazio, sopresa e indignazione al fattaccio di Verona. Un ragazzo, pestato a morte da cinque naziskin per il rifiuto di una sigaretta.\" \/>\n<meta property=\"og:url\" content=\"https:\/\/www.article-marketing.eu\/comunicati\/societa\/news-e-attualita\/i-picchiatori-di-verona-e-il-perdonismo-dei-genitori\/\" \/>\n<meta property=\"og:site_name\" content=\"Article Marketing\" \/>\n<meta property=\"article:published_time\" content=\"2008-05-05T14:07:59+00:00\" \/>\n<meta name=\"author\" content=\"Redazione Comunicati Stampa\" \/>\n<meta name=\"twitter:card\" content=\"summary_large_image\" \/>\n<meta name=\"twitter:label1\" content=\"Scritto da\" \/>\n\t<meta name=\"twitter:data1\" content=\"Redazione Comunicati Stampa\" \/>\n\t<meta name=\"twitter:label2\" content=\"Tempo di lettura stimato\" \/>\n\t<meta name=\"twitter:data2\" content=\"4 minuti\" \/>\n<script type=\"application\/ld+json\" class=\"yoast-schema-graph\">{\"@context\":\"https:\/\/schema.org\",\"@graph\":[{\"@type\":\"Article\",\"@id\":\"https:\/\/www.article-marketing.eu\/comunicati\/societa\/news-e-attualita\/i-picchiatori-di-verona-e-il-perdonismo-dei-genitori\/#article\",\"isPartOf\":{\"@id\":\"https:\/\/www.article-marketing.eu\/comunicati\/societa\/news-e-attualita\/i-picchiatori-di-verona-e-il-perdonismo-dei-genitori\/\"},\"author\":{\"name\":\"Redazione Comunicati Stampa\",\"@id\":\"https:\/\/www.article-marketing.eu\/comunicati\/#\/schema\/person\/44372e4d4d0fa797b18e03ed1ace9017\"},\"headline\":\"I picchiatori di Verona e il perdonismo dei genitori\",\"datePublished\":\"2008-05-05T14:07:59+00:00\",\"mainEntityOfPage\":{\"@id\":\"https:\/\/www.article-marketing.eu\/comunicati\/societa\/news-e-attualita\/i-picchiatori-di-verona-e-il-perdonismo-dei-genitori\/\"},\"wordCount\":722,\"commentCount\":0,\"keywords\":[\"giovani\",\"naziskin\",\"perdono\",\"ultras\"],\"articleSection\":[\"News e Attualit\u00e0\"],\"inLanguage\":\"it-IT\",\"potentialAction\":[{\"@type\":\"CommentAction\",\"name\":\"Comment\",\"target\":[\"https:\/\/www.article-marketing.eu\/comunicati\/societa\/news-e-attualita\/i-picchiatori-di-verona-e-il-perdonismo-dei-genitori\/#respond\"]}]},{\"@type\":\"WebPage\",\"@id\":\"https:\/\/www.article-marketing.eu\/comunicati\/societa\/news-e-attualita\/i-picchiatori-di-verona-e-il-perdonismo-dei-genitori\/\",\"url\":\"https:\/\/www.article-marketing.eu\/comunicati\/societa\/news-e-attualita\/i-picchiatori-di-verona-e-il-perdonismo-dei-genitori\/\",\"name\":\"I picchiatori di Verona e il perdonismo dei genitori - Article Marketing\",\"isPartOf\":{\"@id\":\"https:\/\/www.article-marketing.eu\/comunicati\/#website\"},\"datePublished\":\"2008-05-05T14:07:59+00:00\",\"author\":{\"@id\":\"https:\/\/www.article-marketing.eu\/comunicati\/#\/schema\/person\/44372e4d4d0fa797b18e03ed1ace9017\"},\"breadcrumb\":{\"@id\":\"https:\/\/www.article-marketing.eu\/comunicati\/societa\/news-e-attualita\/i-picchiatori-di-verona-e-il-perdonismo-dei-genitori\/#breadcrumb\"},\"inLanguage\":\"it-IT\",\"potentialAction\":[{\"@type\":\"ReadAction\",\"target\":[\"https:\/\/www.article-marketing.eu\/comunicati\/societa\/news-e-attualita\/i-picchiatori-di-verona-e-il-perdonismo-dei-genitori\/\"]}]},{\"@type\":\"BreadcrumbList\",\"@id\":\"https:\/\/www.article-marketing.eu\/comunicati\/societa\/news-e-attualita\/i-picchiatori-di-verona-e-il-perdonismo-dei-genitori\/#breadcrumb\",\"itemListElement\":[{\"@type\":\"ListItem\",\"position\":1,\"name\":\"Home\",\"item\":\"https:\/\/www.article-marketing.eu\/comunicati\/\"},{\"@type\":\"ListItem\",\"position\":2,\"name\":\"I picchiatori di Verona e il perdonismo dei genitori\"}]},{\"@type\":\"WebSite\",\"@id\":\"https:\/\/www.article-marketing.eu\/comunicati\/#website\",\"url\":\"https:\/\/www.article-marketing.eu\/comunicati\/\",\"name\":\"Article Marketing\",\"description\":\"article marketing &amp; press release\",\"potentialAction\":[{\"@type\":\"SearchAction\",\"target\":{\"@type\":\"EntryPoint\",\"urlTemplate\":\"https:\/\/www.article-marketing.eu\/comunicati\/?s={search_term_string}\"},\"query-input\":{\"@type\":\"PropertyValueSpecification\",\"valueRequired\":true,\"valueName\":\"search_term_string\"}}],\"inLanguage\":\"it-IT\"},{\"@type\":\"Person\",\"@id\":\"https:\/\/www.article-marketing.eu\/comunicati\/#\/schema\/person\/44372e4d4d0fa797b18e03ed1ace9017\",\"name\":\"Redazione Comunicati Stampa\",\"image\":{\"@type\":\"ImageObject\",\"inLanguage\":\"it-IT\",\"@id\":\"https:\/\/www.article-marketing.eu\/comunicati\/#\/schema\/person\/image\/\",\"url\":\"https:\/\/secure.gravatar.com\/avatar\/50e5c6421d3072f42e7ace803501602c60d75233d34e29fd05feb91c8760b792?s=96&d=mm&r=g\",\"contentUrl\":\"https:\/\/secure.gravatar.com\/avatar\/50e5c6421d3072f42e7ace803501602c60d75233d34e29fd05feb91c8760b792?s=96&d=mm&r=g\",\"caption\":\"Redazione Comunicati Stampa\"},\"url\":\"https:\/\/www.article-marketing.eu\/comunicati\/author\/redazione-comunicati-stampa\/\"}]}<\/script>\n<!-- \/ Yoast SEO plugin. -->","yoast_head_json":{"title":"I picchiatori di Verona e il perdonismo dei genitori - Article Marketing","robots":{"index":"index","follow":"follow","max-snippet":"max-snippet:-1","max-image-preview":"max-image-preview:large","max-video-preview":"max-video-preview:-1"},"canonical":"https:\/\/www.article-marketing.eu\/comunicati\/societa\/news-e-attualita\/i-picchiatori-di-verona-e-il-perdonismo-dei-genitori\/","og_locale":"it_IT","og_type":"article","og_title":"I picchiatori di Verona e il perdonismo dei genitori - Article Marketing","og_description":"Grande spazio, sopresa e indignazione al fattaccio di Verona. Un ragazzo, pestato a morte da cinque naziskin per il rifiuto di una sigaretta.","og_url":"https:\/\/www.article-marketing.eu\/comunicati\/societa\/news-e-attualita\/i-picchiatori-di-verona-e-il-perdonismo-dei-genitori\/","og_site_name":"Article Marketing","article_published_time":"2008-05-05T14:07:59+00:00","author":"Redazione Comunicati Stampa","twitter_card":"summary_large_image","twitter_misc":{"Scritto da":"Redazione Comunicati Stampa","Tempo di lettura stimato":"4 minuti"},"schema":{"@context":"https:\/\/schema.org","@graph":[{"@type":"Article","@id":"https:\/\/www.article-marketing.eu\/comunicati\/societa\/news-e-attualita\/i-picchiatori-di-verona-e-il-perdonismo-dei-genitori\/#article","isPartOf":{"@id":"https:\/\/www.article-marketing.eu\/comunicati\/societa\/news-e-attualita\/i-picchiatori-di-verona-e-il-perdonismo-dei-genitori\/"},"author":{"name":"Redazione Comunicati Stampa","@id":"https:\/\/www.article-marketing.eu\/comunicati\/#\/schema\/person\/44372e4d4d0fa797b18e03ed1ace9017"},"headline":"I picchiatori di Verona e il perdonismo dei genitori","datePublished":"2008-05-05T14:07:59+00:00","mainEntityOfPage":{"@id":"https:\/\/www.article-marketing.eu\/comunicati\/societa\/news-e-attualita\/i-picchiatori-di-verona-e-il-perdonismo-dei-genitori\/"},"wordCount":722,"commentCount":0,"keywords":["giovani","naziskin","perdono","ultras"],"articleSection":["News e Attualit\u00e0"],"inLanguage":"it-IT","potentialAction":[{"@type":"CommentAction","name":"Comment","target":["https:\/\/www.article-marketing.eu\/comunicati\/societa\/news-e-attualita\/i-picchiatori-di-verona-e-il-perdonismo-dei-genitori\/#respond"]}]},{"@type":"WebPage","@id":"https:\/\/www.article-marketing.eu\/comunicati\/societa\/news-e-attualita\/i-picchiatori-di-verona-e-il-perdonismo-dei-genitori\/","url":"https:\/\/www.article-marketing.eu\/comunicati\/societa\/news-e-attualita\/i-picchiatori-di-verona-e-il-perdonismo-dei-genitori\/","name":"I picchiatori di Verona e il perdonismo dei genitori - Article Marketing","isPartOf":{"@id":"https:\/\/www.article-marketing.eu\/comunicati\/#website"},"datePublished":"2008-05-05T14:07:59+00:00","author":{"@id":"https:\/\/www.article-marketing.eu\/comunicati\/#\/schema\/person\/44372e4d4d0fa797b18e03ed1ace9017"},"breadcrumb":{"@id":"https:\/\/www.article-marketing.eu\/comunicati\/societa\/news-e-attualita\/i-picchiatori-di-verona-e-il-perdonismo-dei-genitori\/#breadcrumb"},"inLanguage":"it-IT","potentialAction":[{"@type":"ReadAction","target":["https:\/\/www.article-marketing.eu\/comunicati\/societa\/news-e-attualita\/i-picchiatori-di-verona-e-il-perdonismo-dei-genitori\/"]}]},{"@type":"BreadcrumbList","@id":"https:\/\/www.article-marketing.eu\/comunicati\/societa\/news-e-attualita\/i-picchiatori-di-verona-e-il-perdonismo-dei-genitori\/#breadcrumb","itemListElement":[{"@type":"ListItem","position":1,"name":"Home","item":"https:\/\/www.article-marketing.eu\/comunicati\/"},{"@type":"ListItem","position":2,"name":"I picchiatori di Verona e il perdonismo dei genitori"}]},{"@type":"WebSite","@id":"https:\/\/www.article-marketing.eu\/comunicati\/#website","url":"https:\/\/www.article-marketing.eu\/comunicati\/","name":"Article Marketing","description":"article marketing &amp; press release","potentialAction":[{"@type":"SearchAction","target":{"@type":"EntryPoint","urlTemplate":"https:\/\/www.article-marketing.eu\/comunicati\/?s={search_term_string}"},"query-input":{"@type":"PropertyValueSpecification","valueRequired":true,"valueName":"search_term_string"}}],"inLanguage":"it-IT"},{"@type":"Person","@id":"https:\/\/www.article-marketing.eu\/comunicati\/#\/schema\/person\/44372e4d4d0fa797b18e03ed1ace9017","name":"Redazione Comunicati Stampa","image":{"@type":"ImageObject","inLanguage":"it-IT","@id":"https:\/\/www.article-marketing.eu\/comunicati\/#\/schema\/person\/image\/","url":"https:\/\/secure.gravatar.com\/avatar\/50e5c6421d3072f42e7ace803501602c60d75233d34e29fd05feb91c8760b792?s=96&d=mm&r=g","contentUrl":"https:\/\/secure.gravatar.com\/avatar\/50e5c6421d3072f42e7ace803501602c60d75233d34e29fd05feb91c8760b792?s=96&d=mm&r=g","caption":"Redazione Comunicati Stampa"},"url":"https:\/\/www.article-marketing.eu\/comunicati\/author\/redazione-comunicati-stampa\/"}]}},"_links":{"self":[{"href":"https:\/\/www.article-marketing.eu\/comunicati\/wp-json\/wp\/v2\/posts\/363","targetHints":{"allow":["GET"]}}],"collection":[{"href":"https:\/\/www.article-marketing.eu\/comunicati\/wp-json\/wp\/v2\/posts"}],"about":[{"href":"https:\/\/www.article-marketing.eu\/comunicati\/wp-json\/wp\/v2\/types\/post"}],"author":[{"embeddable":true,"href":"https:\/\/www.article-marketing.eu\/comunicati\/wp-json\/wp\/v2\/users\/10"}],"replies":[{"embeddable":true,"href":"https:\/\/www.article-marketing.eu\/comunicati\/wp-json\/wp\/v2\/comments?post=363"}],"version-history":[{"count":0,"href":"https:\/\/www.article-marketing.eu\/comunicati\/wp-json\/wp\/v2\/posts\/363\/revisions"}],"wp:attachment":[{"href":"https:\/\/www.article-marketing.eu\/comunicati\/wp-json\/wp\/v2\/media?parent=363"}],"wp:term":[{"taxonomy":"category","embeddable":true,"href":"https:\/\/www.article-marketing.eu\/comunicati\/wp-json\/wp\/v2\/categories?post=363"},{"taxonomy":"post_tag","embeddable":true,"href":"https:\/\/www.article-marketing.eu\/comunicati\/wp-json\/wp\/v2\/tags?post=363"}],"curies":[{"name":"wp","href":"https:\/\/api.w.org\/{rel}","templated":true}]}}