{"id":364,"date":"2008-05-05T18:40:00","date_gmt":"2008-05-05T16:40:00","guid":{"rendered":"http:\/\/www.article-marketing.eu\/comunicati\/senza-categoria\/la-corsa-allanello-di-narni-perche-e-una-festa-cosi-sentita-dagli-umbri-ed-amata-dai-turisti\/"},"modified":"2018-06-04T20:07:38","modified_gmt":"2018-06-04T18:07:38","slug":"la-corsa-allanello-di-narni-perche-e-una-festa-cosi-sentita-dagli-umbri-ed-amata-dai-turisti","status":"publish","type":"post","link":"https:\/\/www.article-marketing.eu\/comunicati\/viaggi-e-vacanze\/viaggi-e-turismo\/la-corsa-allanello-di-narni-perche-e-una-festa-cosi-sentita-dagli-umbri-ed-amata-dai-turisti\/","title":{"rendered":"La Corsa all&#8217;Anello di Narni: perch\u00e8 \u00e8 una festa cos\u00ec sentita dagli umbri ed amata dai turisti."},"content":{"rendered":"<p>Se cercate la giusta occasione per rivivere le emozioni e sensazioni di un Medioevo giocoso e straripante di colori, dal 24 Aprile all&#8217;11 maggio la festa di Narni \u00e8 quello che fa al caso vostro! Ci sono feste e feste. La <strong>festa di Narni in Umbria<\/strong> nelle sue quasi tre settimane di vita all&#8217;anno \u00e8 un evento che non pu\u00f2 mancare nella lista degli appuntamenti irrinunciabili di qualsiasi giovane che si rispetti!!! <\/p>\n<p>Difficile spiegare a parole quello che significa la festa: la <strong>Corsa all&#8217;Anello<\/strong> ogni anno catalizza l&#8217;attenzione di turisti di tutto il mondo: sfilate , cortei storici, rievocazioni, spettacoli teatrali per giungere al gran finale, con il rituale, tanto atteso e spettacolare giorno della Corsa all&#8217;Anello: cavalli e cavalieri si sfidano a singolar tenzone sotto l&#8217;occhio di damigelle vestite a festa nei loro sgargianti e colorati abiti fatti con tessuti preziosi.<\/p>\n<p>Per\u00f2, a dire il vero, quello che veramente rende unica questa festa \u00e8 l&#8217;atmosfera, un&#8217;atmosfera tutta speciale. Si respira la sera per le stradine medievali illuminate dalle fiaccole un&#8217;aria che la stessa Narni non ha le altre cinquanta settimane dell&#8217;anno.<br \/>Sar\u00e0 che la Festa coincide con l&#8217;arrivo della primavera&#8230;quella leggera brezza delle notti di maggio: non c&#8217;\u00e8 miglior modo di festeggiare l&#8217;arrivo della bella stagione!<br \/>Solo chi c&#8217;\u00e8 stato pu\u00f2 capire di cosa sto parlando, e sa che non sto delirando! Senza girarci troppo intorno, quello che veramente piace, ai giovani come me in primo luogo, \u00e8 il clima gioioso che solo le mitiche taverne, anzi le osterie come le chiamano i narnesi d.o.c., possono offrire.<\/p>\n<p>Tipiche pietanze che fanno parte della gastronomia locale servite in piatti di coccio, proprio come nel medioevo: i gistosi manfricoli, per chi ama i primi, o le succulente carni, per non parlare dei dolci fatti con ricette di tradizione secolare, il tutto innaffiato da fiumi e fiumi di vino.<br \/>Inutile negare che l&#8217;euforia generale sia fortemente incentivata dall&#8217;elevato tasso alcoolico presente tra i commensali. Infiniti brindisi all&#8217;ultima goccia in tavolate dove il festoso chiasso e il fragoroso suono di risate e canti goliardici sono un sottofondo costante&#8230;<br \/>Costante come il profumo che proviene dai forni ,il suono dei tamburi, la spensieratezza dei giovani che vanno in giro a scherzare e a chiacchierare fino a notte fonda.<\/p>\n<p>Non importa se sei di un terziere o di un altro, se tifi per l&#8217;uno o per l&#8217;altro, l&#8217;importante \u00e8 il piacere di stare insieme, e starci bene. Questa \u00e8 Narni, questa \u00e8 la Festa di Narni.<\/p>\n<p>BellaUmbria segnala la Festa di Narni nel suo sito tra gli eventi principali di questo periodo. Un agriturismo in Umbria potrebbe essere la soluzione ideale per trascorrere qualche giorno in relax nel comprensorio ternano e per vivere al meglio e pi\u00f9 da vicino la <strong>Corsa all&#8217;Anello di Narni<\/strong>.<\/p>\n","protected":false},"excerpt":{"rendered":"<p>L&#8217;Umbria \u00e8 una delle regioni d&#8217;Italia che pu\u00f2 vantare un passato storico di grandissimo rilievo. Come tale ci tiene a mantenere un filo rosso col suo glorioso passato, e lo fa con l&#8217;organizzazione di una davvero ricca serie di eventi che si ripetono ogni anno, che si tramandano di generazione in generazione con certosino rigore e intramontabile successo: la Corsa all&#8217;Anello di Narni e&#8217; uno di questi.<\/p>\n","protected":false},"author":10,"featured_media":0,"comment_status":"open","ping_status":"open","sticky":false,"template":"","format":"standard","meta":{"cybocfi_hide_featured_image":"","footnotes":""},"categories":[2],"tags":[524,525,1259,1260,889],"class_list":["post-364","post","type-post","status-publish","format-standard","hentry","category-viaggi-e-turismo","tag-agriturismo","tag-agriturismo-umbria","tag-alberghi-umbria","tag-hotel-umbria","tag-umbria"],"yoast_head":"<!-- This site is optimized with the Yoast SEO plugin v27.0 - https:\/\/yoast.com\/product\/yoast-seo-wordpress\/ -->\n<title>La Corsa all&#039;Anello di Narni: perch\u00e8 \u00e8 una festa cos\u00ec sentita dagli umbri ed amata dai turisti. - Article Marketing<\/title>\n<meta name=\"robots\" content=\"index, follow, max-snippet:-1, max-image-preview:large, max-video-preview:-1\" \/>\n<link rel=\"canonical\" href=\"https:\/\/www.article-marketing.eu\/comunicati\/viaggi-e-vacanze\/viaggi-e-turismo\/la-corsa-allanello-di-narni-perche-e-una-festa-cosi-sentita-dagli-umbri-ed-amata-dai-turisti\/\" \/>\n<meta property=\"og:locale\" content=\"it_IT\" \/>\n<meta property=\"og:type\" content=\"article\" \/>\n<meta property=\"og:title\" content=\"La Corsa all&#039;Anello di Narni: perch\u00e8 \u00e8 una festa cos\u00ec sentita dagli umbri ed amata dai turisti. - Article Marketing\" \/>\n<meta property=\"og:description\" content=\"L&#039;Umbria \u00e8 una delle regioni d&#039;Italia che pu\u00f2 vantare un passato storico di grandissimo rilievo. Come tale ci tiene a mantenere un filo rosso col suo glorioso passato, e lo fa con l&#039;organizzazione di una davvero ricca serie di eventi che si ripetono ogni anno, che si tramandano di generazione in generazione con certosino rigore e intramontabile successo: la Corsa all&#039;Anello di Narni e&#039; uno di questi.\" \/>\n<meta property=\"og:url\" content=\"https:\/\/www.article-marketing.eu\/comunicati\/viaggi-e-vacanze\/viaggi-e-turismo\/la-corsa-allanello-di-narni-perche-e-una-festa-cosi-sentita-dagli-umbri-ed-amata-dai-turisti\/\" \/>\n<meta property=\"og:site_name\" content=\"Article Marketing\" \/>\n<meta property=\"article:published_time\" content=\"2008-05-05T16:40:00+00:00\" \/>\n<meta property=\"article:modified_time\" content=\"2018-06-04T18:07:38+00:00\" \/>\n<meta name=\"author\" content=\"Redazione Comunicati Stampa\" \/>\n<meta name=\"twitter:card\" content=\"summary_large_image\" \/>\n<meta name=\"twitter:label1\" content=\"Scritto da\" \/>\n\t<meta name=\"twitter:data1\" content=\"Redazione Comunicati Stampa\" \/>\n\t<meta name=\"twitter:label2\" content=\"Tempo di lettura stimato\" \/>\n\t<meta name=\"twitter:data2\" content=\"2 minuti\" \/>\n<script type=\"application\/ld+json\" class=\"yoast-schema-graph\">{\"@context\":\"https:\/\/schema.org\",\"@graph\":[{\"@type\":\"Article\",\"@id\":\"https:\/\/www.article-marketing.eu\/comunicati\/viaggi-e-vacanze\/viaggi-e-turismo\/la-corsa-allanello-di-narni-perche-e-una-festa-cosi-sentita-dagli-umbri-ed-amata-dai-turisti\/#article\",\"isPartOf\":{\"@id\":\"https:\/\/www.article-marketing.eu\/comunicati\/viaggi-e-vacanze\/viaggi-e-turismo\/la-corsa-allanello-di-narni-perche-e-una-festa-cosi-sentita-dagli-umbri-ed-amata-dai-turisti\/\"},\"author\":{\"name\":\"Redazione Comunicati Stampa\",\"@id\":\"https:\/\/www.article-marketing.eu\/comunicati\/#\/schema\/person\/44372e4d4d0fa797b18e03ed1ace9017\"},\"headline\":\"La Corsa all&#8217;Anello di Narni: perch\u00e8 \u00e8 una festa cos\u00ec sentita dagli umbri ed amata dai turisti.\",\"datePublished\":\"2008-05-05T16:40:00+00:00\",\"dateModified\":\"2018-06-04T18:07:38+00:00\",\"mainEntityOfPage\":{\"@id\":\"https:\/\/www.article-marketing.eu\/comunicati\/viaggi-e-vacanze\/viaggi-e-turismo\/la-corsa-allanello-di-narni-perche-e-una-festa-cosi-sentita-dagli-umbri-ed-amata-dai-turisti\/\"},\"wordCount\":469,\"commentCount\":0,\"keywords\":[\"agriturismo\",\"agriturismo umbria\",\"alberghi umbria\",\"hotel umbria\",\"Umbria\"],\"articleSection\":[\"Viaggi e Turismo\"],\"inLanguage\":\"it-IT\",\"potentialAction\":[{\"@type\":\"CommentAction\",\"name\":\"Comment\",\"target\":[\"https:\/\/www.article-marketing.eu\/comunicati\/viaggi-e-vacanze\/viaggi-e-turismo\/la-corsa-allanello-di-narni-perche-e-una-festa-cosi-sentita-dagli-umbri-ed-amata-dai-turisti\/#respond\"]}]},{\"@type\":\"WebPage\",\"@id\":\"https:\/\/www.article-marketing.eu\/comunicati\/viaggi-e-vacanze\/viaggi-e-turismo\/la-corsa-allanello-di-narni-perche-e-una-festa-cosi-sentita-dagli-umbri-ed-amata-dai-turisti\/\",\"url\":\"https:\/\/www.article-marketing.eu\/comunicati\/viaggi-e-vacanze\/viaggi-e-turismo\/la-corsa-allanello-di-narni-perche-e-una-festa-cosi-sentita-dagli-umbri-ed-amata-dai-turisti\/\",\"name\":\"La Corsa all'Anello di Narni: perch\u00e8 \u00e8 una festa cos\u00ec sentita dagli umbri ed amata dai turisti. - Article Marketing\",\"isPartOf\":{\"@id\":\"https:\/\/www.article-marketing.eu\/comunicati\/#website\"},\"datePublished\":\"2008-05-05T16:40:00+00:00\",\"dateModified\":\"2018-06-04T18:07:38+00:00\",\"author\":{\"@id\":\"https:\/\/www.article-marketing.eu\/comunicati\/#\/schema\/person\/44372e4d4d0fa797b18e03ed1ace9017\"},\"breadcrumb\":{\"@id\":\"https:\/\/www.article-marketing.eu\/comunicati\/viaggi-e-vacanze\/viaggi-e-turismo\/la-corsa-allanello-di-narni-perche-e-una-festa-cosi-sentita-dagli-umbri-ed-amata-dai-turisti\/#breadcrumb\"},\"inLanguage\":\"it-IT\",\"potentialAction\":[{\"@type\":\"ReadAction\",\"target\":[\"https:\/\/www.article-marketing.eu\/comunicati\/viaggi-e-vacanze\/viaggi-e-turismo\/la-corsa-allanello-di-narni-perche-e-una-festa-cosi-sentita-dagli-umbri-ed-amata-dai-turisti\/\"]}]},{\"@type\":\"BreadcrumbList\",\"@id\":\"https:\/\/www.article-marketing.eu\/comunicati\/viaggi-e-vacanze\/viaggi-e-turismo\/la-corsa-allanello-di-narni-perche-e-una-festa-cosi-sentita-dagli-umbri-ed-amata-dai-turisti\/#breadcrumb\",\"itemListElement\":[{\"@type\":\"ListItem\",\"position\":1,\"name\":\"Home\",\"item\":\"https:\/\/www.article-marketing.eu\/comunicati\/\"},{\"@type\":\"ListItem\",\"position\":2,\"name\":\"La Corsa all&#8217;Anello di Narni: perch\u00e8 \u00e8 una festa cos\u00ec sentita dagli umbri ed amata dai turisti.\"}]},{\"@type\":\"WebSite\",\"@id\":\"https:\/\/www.article-marketing.eu\/comunicati\/#website\",\"url\":\"https:\/\/www.article-marketing.eu\/comunicati\/\",\"name\":\"Article Marketing\",\"description\":\"article marketing &amp; press release\",\"potentialAction\":[{\"@type\":\"SearchAction\",\"target\":{\"@type\":\"EntryPoint\",\"urlTemplate\":\"https:\/\/www.article-marketing.eu\/comunicati\/?s={search_term_string}\"},\"query-input\":{\"@type\":\"PropertyValueSpecification\",\"valueRequired\":true,\"valueName\":\"search_term_string\"}}],\"inLanguage\":\"it-IT\"},{\"@type\":\"Person\",\"@id\":\"https:\/\/www.article-marketing.eu\/comunicati\/#\/schema\/person\/44372e4d4d0fa797b18e03ed1ace9017\",\"name\":\"Redazione Comunicati Stampa\",\"image\":{\"@type\":\"ImageObject\",\"inLanguage\":\"it-IT\",\"@id\":\"https:\/\/www.article-marketing.eu\/comunicati\/#\/schema\/person\/image\/\",\"url\":\"https:\/\/secure.gravatar.com\/avatar\/50e5c6421d3072f42e7ace803501602c60d75233d34e29fd05feb91c8760b792?s=96&d=mm&r=g\",\"contentUrl\":\"https:\/\/secure.gravatar.com\/avatar\/50e5c6421d3072f42e7ace803501602c60d75233d34e29fd05feb91c8760b792?s=96&d=mm&r=g\",\"caption\":\"Redazione Comunicati Stampa\"},\"url\":\"https:\/\/www.article-marketing.eu\/comunicati\/author\/redazione-comunicati-stampa\/\"}]}<\/script>\n<!-- \/ Yoast SEO plugin. -->","yoast_head_json":{"title":"La Corsa all'Anello di Narni: perch\u00e8 \u00e8 una festa cos\u00ec sentita dagli umbri ed amata dai turisti. - Article Marketing","robots":{"index":"index","follow":"follow","max-snippet":"max-snippet:-1","max-image-preview":"max-image-preview:large","max-video-preview":"max-video-preview:-1"},"canonical":"https:\/\/www.article-marketing.eu\/comunicati\/viaggi-e-vacanze\/viaggi-e-turismo\/la-corsa-allanello-di-narni-perche-e-una-festa-cosi-sentita-dagli-umbri-ed-amata-dai-turisti\/","og_locale":"it_IT","og_type":"article","og_title":"La Corsa all'Anello di Narni: perch\u00e8 \u00e8 una festa cos\u00ec sentita dagli umbri ed amata dai turisti. - Article Marketing","og_description":"L'Umbria \u00e8 una delle regioni d'Italia che pu\u00f2 vantare un passato storico di grandissimo rilievo. Come tale ci tiene a mantenere un filo rosso col suo glorioso passato, e lo fa con l'organizzazione di una davvero ricca serie di eventi che si ripetono ogni anno, che si tramandano di generazione in generazione con certosino rigore e intramontabile successo: la Corsa all'Anello di Narni e' uno di questi.","og_url":"https:\/\/www.article-marketing.eu\/comunicati\/viaggi-e-vacanze\/viaggi-e-turismo\/la-corsa-allanello-di-narni-perche-e-una-festa-cosi-sentita-dagli-umbri-ed-amata-dai-turisti\/","og_site_name":"Article Marketing","article_published_time":"2008-05-05T16:40:00+00:00","article_modified_time":"2018-06-04T18:07:38+00:00","author":"Redazione Comunicati Stampa","twitter_card":"summary_large_image","twitter_misc":{"Scritto da":"Redazione Comunicati Stampa","Tempo di lettura stimato":"2 minuti"},"schema":{"@context":"https:\/\/schema.org","@graph":[{"@type":"Article","@id":"https:\/\/www.article-marketing.eu\/comunicati\/viaggi-e-vacanze\/viaggi-e-turismo\/la-corsa-allanello-di-narni-perche-e-una-festa-cosi-sentita-dagli-umbri-ed-amata-dai-turisti\/#article","isPartOf":{"@id":"https:\/\/www.article-marketing.eu\/comunicati\/viaggi-e-vacanze\/viaggi-e-turismo\/la-corsa-allanello-di-narni-perche-e-una-festa-cosi-sentita-dagli-umbri-ed-amata-dai-turisti\/"},"author":{"name":"Redazione Comunicati Stampa","@id":"https:\/\/www.article-marketing.eu\/comunicati\/#\/schema\/person\/44372e4d4d0fa797b18e03ed1ace9017"},"headline":"La Corsa all&#8217;Anello di Narni: perch\u00e8 \u00e8 una festa cos\u00ec sentita dagli umbri ed amata dai turisti.","datePublished":"2008-05-05T16:40:00+00:00","dateModified":"2018-06-04T18:07:38+00:00","mainEntityOfPage":{"@id":"https:\/\/www.article-marketing.eu\/comunicati\/viaggi-e-vacanze\/viaggi-e-turismo\/la-corsa-allanello-di-narni-perche-e-una-festa-cosi-sentita-dagli-umbri-ed-amata-dai-turisti\/"},"wordCount":469,"commentCount":0,"keywords":["agriturismo","agriturismo umbria","alberghi umbria","hotel umbria","Umbria"],"articleSection":["Viaggi e Turismo"],"inLanguage":"it-IT","potentialAction":[{"@type":"CommentAction","name":"Comment","target":["https:\/\/www.article-marketing.eu\/comunicati\/viaggi-e-vacanze\/viaggi-e-turismo\/la-corsa-allanello-di-narni-perche-e-una-festa-cosi-sentita-dagli-umbri-ed-amata-dai-turisti\/#respond"]}]},{"@type":"WebPage","@id":"https:\/\/www.article-marketing.eu\/comunicati\/viaggi-e-vacanze\/viaggi-e-turismo\/la-corsa-allanello-di-narni-perche-e-una-festa-cosi-sentita-dagli-umbri-ed-amata-dai-turisti\/","url":"https:\/\/www.article-marketing.eu\/comunicati\/viaggi-e-vacanze\/viaggi-e-turismo\/la-corsa-allanello-di-narni-perche-e-una-festa-cosi-sentita-dagli-umbri-ed-amata-dai-turisti\/","name":"La Corsa all'Anello di Narni: perch\u00e8 \u00e8 una festa cos\u00ec sentita dagli umbri ed amata dai turisti. - Article Marketing","isPartOf":{"@id":"https:\/\/www.article-marketing.eu\/comunicati\/#website"},"datePublished":"2008-05-05T16:40:00+00:00","dateModified":"2018-06-04T18:07:38+00:00","author":{"@id":"https:\/\/www.article-marketing.eu\/comunicati\/#\/schema\/person\/44372e4d4d0fa797b18e03ed1ace9017"},"breadcrumb":{"@id":"https:\/\/www.article-marketing.eu\/comunicati\/viaggi-e-vacanze\/viaggi-e-turismo\/la-corsa-allanello-di-narni-perche-e-una-festa-cosi-sentita-dagli-umbri-ed-amata-dai-turisti\/#breadcrumb"},"inLanguage":"it-IT","potentialAction":[{"@type":"ReadAction","target":["https:\/\/www.article-marketing.eu\/comunicati\/viaggi-e-vacanze\/viaggi-e-turismo\/la-corsa-allanello-di-narni-perche-e-una-festa-cosi-sentita-dagli-umbri-ed-amata-dai-turisti\/"]}]},{"@type":"BreadcrumbList","@id":"https:\/\/www.article-marketing.eu\/comunicati\/viaggi-e-vacanze\/viaggi-e-turismo\/la-corsa-allanello-di-narni-perche-e-una-festa-cosi-sentita-dagli-umbri-ed-amata-dai-turisti\/#breadcrumb","itemListElement":[{"@type":"ListItem","position":1,"name":"Home","item":"https:\/\/www.article-marketing.eu\/comunicati\/"},{"@type":"ListItem","position":2,"name":"La Corsa all&#8217;Anello di Narni: perch\u00e8 \u00e8 una festa cos\u00ec sentita dagli umbri ed amata dai turisti."}]},{"@type":"WebSite","@id":"https:\/\/www.article-marketing.eu\/comunicati\/#website","url":"https:\/\/www.article-marketing.eu\/comunicati\/","name":"Article Marketing","description":"article marketing &amp; press release","potentialAction":[{"@type":"SearchAction","target":{"@type":"EntryPoint","urlTemplate":"https:\/\/www.article-marketing.eu\/comunicati\/?s={search_term_string}"},"query-input":{"@type":"PropertyValueSpecification","valueRequired":true,"valueName":"search_term_string"}}],"inLanguage":"it-IT"},{"@type":"Person","@id":"https:\/\/www.article-marketing.eu\/comunicati\/#\/schema\/person\/44372e4d4d0fa797b18e03ed1ace9017","name":"Redazione Comunicati Stampa","image":{"@type":"ImageObject","inLanguage":"it-IT","@id":"https:\/\/www.article-marketing.eu\/comunicati\/#\/schema\/person\/image\/","url":"https:\/\/secure.gravatar.com\/avatar\/50e5c6421d3072f42e7ace803501602c60d75233d34e29fd05feb91c8760b792?s=96&d=mm&r=g","contentUrl":"https:\/\/secure.gravatar.com\/avatar\/50e5c6421d3072f42e7ace803501602c60d75233d34e29fd05feb91c8760b792?s=96&d=mm&r=g","caption":"Redazione Comunicati Stampa"},"url":"https:\/\/www.article-marketing.eu\/comunicati\/author\/redazione-comunicati-stampa\/"}]}},"_links":{"self":[{"href":"https:\/\/www.article-marketing.eu\/comunicati\/wp-json\/wp\/v2\/posts\/364","targetHints":{"allow":["GET"]}}],"collection":[{"href":"https:\/\/www.article-marketing.eu\/comunicati\/wp-json\/wp\/v2\/posts"}],"about":[{"href":"https:\/\/www.article-marketing.eu\/comunicati\/wp-json\/wp\/v2\/types\/post"}],"author":[{"embeddable":true,"href":"https:\/\/www.article-marketing.eu\/comunicati\/wp-json\/wp\/v2\/users\/10"}],"replies":[{"embeddable":true,"href":"https:\/\/www.article-marketing.eu\/comunicati\/wp-json\/wp\/v2\/comments?post=364"}],"version-history":[{"count":1,"href":"https:\/\/www.article-marketing.eu\/comunicati\/wp-json\/wp\/v2\/posts\/364\/revisions"}],"predecessor-version":[{"id":55048,"href":"https:\/\/www.article-marketing.eu\/comunicati\/wp-json\/wp\/v2\/posts\/364\/revisions\/55048"}],"wp:attachment":[{"href":"https:\/\/www.article-marketing.eu\/comunicati\/wp-json\/wp\/v2\/media?parent=364"}],"wp:term":[{"taxonomy":"category","embeddable":true,"href":"https:\/\/www.article-marketing.eu\/comunicati\/wp-json\/wp\/v2\/categories?post=364"},{"taxonomy":"post_tag","embeddable":true,"href":"https:\/\/www.article-marketing.eu\/comunicati\/wp-json\/wp\/v2\/tags?post=364"}],"curies":[{"name":"wp","href":"https:\/\/api.w.org\/{rel}","templated":true}]}}