{"id":36430,"date":"2013-08-30T16:41:48","date_gmt":"2013-08-30T14:41:48","guid":{"rendered":"http:\/\/www.article-marketing.eu\/comunicati\/senza-categoria\/mobili-modulari\/"},"modified":"2013-08-30T16:41:48","modified_gmt":"2013-08-30T14:41:48","slug":"mobili-modulari","status":"publish","type":"post","link":"https:\/\/www.article-marketing.eu\/comunicati\/comunicati-stampa\/prodotti\/mobili-modulari\/","title":{"rendered":"Mobili Modulari"},"content":{"rendered":"<p>L&#8217;arredamento della nostra casa &egrave; un momento particolare che richiede un ingente impegno e molta dedizione, al fine di scegliere gli elementi pi&ugrave; consoni ai propri gusti, alla propria personalit&agrave; e all&#8217;immagine che intendiamo dare dell&#8217;abitazione, per renderla confortevole e al tempo stesso accattivante ai nostri occhi e agli occhi di amici, parenti o invitati occasionali. Siamo continuamente alla ricerca di pezzi innovativi e a buon mercato, tuttavia ci ritroviamo a far fronte a dei costi che non possiamo sostenere, a dei mobili troppo ingombranti per i nostri spazi ridotti e in ultimo ma non per ultimo, alla monotonia che un design troppo standard potrebbe suscitare.<br \/>Troppo spesso si finisce per gettare via tempo e denaro alla ricerca di valide aziende che propongano valevoli alternative a ci&ograve; che di trito il mercato ha da offrire. Tuttavia, da tempo nel teatro internazionale delle societ&agrave; edili spicca un&#8217;azienda che si &egrave; contraddistinta per professionalit&agrave; e per l&#8217;ampio catalogo di prodotti che propone. Sto parlando della storica azienda Sedus, con sede in Germania ma i cui prodotti sono ormai conosciuti in tutta l&#8217;Europa e non solo. La societ&agrave; tedesca rappresenta il massimo della garanzia e della sicurezza, da sempre attiva per soddisfare al meglio le esigenze dei suoi clienti. Azienda attenta agli standard richiesti dalla moderna clientela europea, Sedus presenta il simbolo dell&#8217;arredo moderno, frutto del compromesso tra spazio e luce, eleganza e neutralit&agrave; delle forme: i <strong><a title=\"mobili modulari\">mobili modulari<\/a><\/strong> targati Sedus rappresentano l&#8217;incontro perfetto tra comfort e originalit&agrave;, tra prezzo del prodotto e validit&agrave; aziendale. Come detto, Sedus propone un catalogo contenente una vasta gamma di scelte per personalizzare il pi&ugrave; possibile il prodotto d&#8217;acquisto al fine di renderlo conforme ai propri gusti. Obiettivo per l&#8217;azienda &egrave; infatti la personalizzazione dei propri articoli.<br \/>Questo perch&egrave; Sedus dimostra di conoscere le esigenze dei suoi clienti offrendo la possibilit&agrave; di personalizzare un prodotto fin nel pi&ugrave; piccolo dei particolari. A rendere brillante e confortevole la nostra abitazione gli articoli Sedus territory che comprendono, nel perfetto stile dell&#8217;azienda tedesca, capi di arredo componibili in base alle nostre preferenze e in linea con le necessit&agrave; della nostra casa, offrendoci un&#8217;eccellente qualit&agrave;, adattandosi adeguatamente ad esigenze di ogni tipo.<br \/>Che fungano dunque da arredo per la casa, per l&#8217;ufficio dell&#8217;azienda moderna o del privato, gli articoli Sedus territory divengono ben presto dei pezzi fondamentali per chi desidera un arredo elegante e raffinato da cui &egrave; difficile separarsi, sia che si vogliano seguire le tendenze dell&#8217;ultimo grido o che si verta su una scelta pi&ugrave; classica, risultato della migliore tradizione europea. Mai pi&ugrave; insoddisfatti, quindi.<\/p>\n","protected":false},"excerpt":{"rendered":"<p>L&#8217;arredamento della nostra casa \u00e8 un momento particolare che richiede un ingente impegno e molta dedizione, al fine di scegliere gli elementi pi\u00f9 consoni ai propri gusti, alla propria personalit\u00e0 e all&#8217;immagine che intendiamo dare dell&#8217;abitazione, per renderla confortevole e al tempo stesso accattivante ai nostri occhi e agli occhi di amici, parenti o invitati occasionali.<\/p>\n","protected":false},"author":10,"featured_media":0,"comment_status":"open","ping_status":"open","sticky":false,"template":"","format":"standard","meta":{"cybocfi_hide_featured_image":"","footnotes":""},"categories":[212],"tags":[44419,44418,44417],"class_list":["post-36430","post","type-post","status-publish","format-standard","hentry","category-prodotti","tag-arredo-ufficio-design","tag-arredo-ufficio-moderno","tag-mobili-modulari"],"yoast_head":"<!-- This site is optimized with the Yoast SEO plugin v27.0 - https:\/\/yoast.com\/product\/yoast-seo-wordpress\/ -->\n<title>Mobili Modulari - Article Marketing<\/title>\n<meta name=\"robots\" content=\"index, follow, max-snippet:-1, max-image-preview:large, max-video-preview:-1\" \/>\n<link rel=\"canonical\" href=\"https:\/\/www.article-marketing.eu\/comunicati\/comunicati-stampa\/prodotti\/mobili-modulari\/\" \/>\n<meta property=\"og:locale\" content=\"it_IT\" \/>\n<meta property=\"og:type\" content=\"article\" \/>\n<meta property=\"og:title\" content=\"Mobili Modulari - Article Marketing\" \/>\n<meta property=\"og:description\" content=\"L&#039;arredamento della nostra casa \u00e8 un momento particolare che richiede un ingente impegno e molta dedizione, al fine di scegliere gli elementi pi\u00f9 consoni ai propri gusti, alla propria personalit\u00e0 e all&#039;immagine che intendiamo dare dell&#039;abitazione, per renderla confortevole e al tempo stesso accattivante ai nostri occhi e agli occhi di amici, parenti o invitati occasionali.\" \/>\n<meta property=\"og:url\" content=\"https:\/\/www.article-marketing.eu\/comunicati\/comunicati-stampa\/prodotti\/mobili-modulari\/\" \/>\n<meta property=\"og:site_name\" content=\"Article Marketing\" \/>\n<meta property=\"article:published_time\" content=\"2013-08-30T14:41:48+00:00\" \/>\n<meta name=\"author\" content=\"Redazione Comunicati Stampa\" \/>\n<meta name=\"twitter:card\" content=\"summary_large_image\" \/>\n<meta name=\"twitter:label1\" content=\"Scritto da\" \/>\n\t<meta name=\"twitter:data1\" content=\"Redazione Comunicati Stampa\" \/>\n\t<meta name=\"twitter:label2\" content=\"Tempo di lettura stimato\" \/>\n\t<meta name=\"twitter:data2\" content=\"2 minuti\" \/>\n<script type=\"application\/ld+json\" class=\"yoast-schema-graph\">{\"@context\":\"https:\/\/schema.org\",\"@graph\":[{\"@type\":\"Article\",\"@id\":\"https:\/\/www.article-marketing.eu\/comunicati\/comunicati-stampa\/prodotti\/mobili-modulari\/#article\",\"isPartOf\":{\"@id\":\"https:\/\/www.article-marketing.eu\/comunicati\/comunicati-stampa\/prodotti\/mobili-modulari\/\"},\"author\":{\"name\":\"Redazione Comunicati Stampa\",\"@id\":\"https:\/\/www.article-marketing.eu\/comunicati\/#\/schema\/person\/44372e4d4d0fa797b18e03ed1ace9017\"},\"headline\":\"Mobili Modulari\",\"datePublished\":\"2013-08-30T14:41:48+00:00\",\"mainEntityOfPage\":{\"@id\":\"https:\/\/www.article-marketing.eu\/comunicati\/comunicati-stampa\/prodotti\/mobili-modulari\/\"},\"wordCount\":445,\"commentCount\":0,\"keywords\":[\"Arredo Ufficio Design\",\"Arredo Ufficio Moderno\",\"Mobili Modulari\"],\"articleSection\":[\"Prodotti\"],\"inLanguage\":\"it-IT\",\"potentialAction\":[{\"@type\":\"CommentAction\",\"name\":\"Comment\",\"target\":[\"https:\/\/www.article-marketing.eu\/comunicati\/comunicati-stampa\/prodotti\/mobili-modulari\/#respond\"]}]},{\"@type\":\"WebPage\",\"@id\":\"https:\/\/www.article-marketing.eu\/comunicati\/comunicati-stampa\/prodotti\/mobili-modulari\/\",\"url\":\"https:\/\/www.article-marketing.eu\/comunicati\/comunicati-stampa\/prodotti\/mobili-modulari\/\",\"name\":\"Mobili Modulari - Article Marketing\",\"isPartOf\":{\"@id\":\"https:\/\/www.article-marketing.eu\/comunicati\/#website\"},\"datePublished\":\"2013-08-30T14:41:48+00:00\",\"author\":{\"@id\":\"https:\/\/www.article-marketing.eu\/comunicati\/#\/schema\/person\/44372e4d4d0fa797b18e03ed1ace9017\"},\"breadcrumb\":{\"@id\":\"https:\/\/www.article-marketing.eu\/comunicati\/comunicati-stampa\/prodotti\/mobili-modulari\/#breadcrumb\"},\"inLanguage\":\"it-IT\",\"potentialAction\":[{\"@type\":\"ReadAction\",\"target\":[\"https:\/\/www.article-marketing.eu\/comunicati\/comunicati-stampa\/prodotti\/mobili-modulari\/\"]}]},{\"@type\":\"BreadcrumbList\",\"@id\":\"https:\/\/www.article-marketing.eu\/comunicati\/comunicati-stampa\/prodotti\/mobili-modulari\/#breadcrumb\",\"itemListElement\":[{\"@type\":\"ListItem\",\"position\":1,\"name\":\"Home\",\"item\":\"https:\/\/www.article-marketing.eu\/comunicati\/\"},{\"@type\":\"ListItem\",\"position\":2,\"name\":\"Mobili Modulari\"}]},{\"@type\":\"WebSite\",\"@id\":\"https:\/\/www.article-marketing.eu\/comunicati\/#website\",\"url\":\"https:\/\/www.article-marketing.eu\/comunicati\/\",\"name\":\"Article Marketing\",\"description\":\"article marketing &amp; press release\",\"potentialAction\":[{\"@type\":\"SearchAction\",\"target\":{\"@type\":\"EntryPoint\",\"urlTemplate\":\"https:\/\/www.article-marketing.eu\/comunicati\/?s={search_term_string}\"},\"query-input\":{\"@type\":\"PropertyValueSpecification\",\"valueRequired\":true,\"valueName\":\"search_term_string\"}}],\"inLanguage\":\"it-IT\"},{\"@type\":\"Person\",\"@id\":\"https:\/\/www.article-marketing.eu\/comunicati\/#\/schema\/person\/44372e4d4d0fa797b18e03ed1ace9017\",\"name\":\"Redazione Comunicati Stampa\",\"image\":{\"@type\":\"ImageObject\",\"inLanguage\":\"it-IT\",\"@id\":\"https:\/\/www.article-marketing.eu\/comunicati\/#\/schema\/person\/image\/\",\"url\":\"https:\/\/secure.gravatar.com\/avatar\/50e5c6421d3072f42e7ace803501602c60d75233d34e29fd05feb91c8760b792?s=96&d=mm&r=g\",\"contentUrl\":\"https:\/\/secure.gravatar.com\/avatar\/50e5c6421d3072f42e7ace803501602c60d75233d34e29fd05feb91c8760b792?s=96&d=mm&r=g\",\"caption\":\"Redazione Comunicati Stampa\"},\"url\":\"https:\/\/www.article-marketing.eu\/comunicati\/author\/redazione-comunicati-stampa\/\"}]}<\/script>\n<!-- \/ Yoast SEO plugin. -->","yoast_head_json":{"title":"Mobili Modulari - Article Marketing","robots":{"index":"index","follow":"follow","max-snippet":"max-snippet:-1","max-image-preview":"max-image-preview:large","max-video-preview":"max-video-preview:-1"},"canonical":"https:\/\/www.article-marketing.eu\/comunicati\/comunicati-stampa\/prodotti\/mobili-modulari\/","og_locale":"it_IT","og_type":"article","og_title":"Mobili Modulari - Article Marketing","og_description":"L'arredamento della nostra casa \u00e8 un momento particolare che richiede un ingente impegno e molta dedizione, al fine di scegliere gli elementi pi\u00f9 consoni ai propri gusti, alla propria personalit\u00e0 e all'immagine che intendiamo dare dell'abitazione, per renderla confortevole e al tempo stesso accattivante ai nostri occhi e agli occhi di amici, parenti o invitati occasionali.","og_url":"https:\/\/www.article-marketing.eu\/comunicati\/comunicati-stampa\/prodotti\/mobili-modulari\/","og_site_name":"Article Marketing","article_published_time":"2013-08-30T14:41:48+00:00","author":"Redazione Comunicati Stampa","twitter_card":"summary_large_image","twitter_misc":{"Scritto da":"Redazione Comunicati Stampa","Tempo di lettura stimato":"2 minuti"},"schema":{"@context":"https:\/\/schema.org","@graph":[{"@type":"Article","@id":"https:\/\/www.article-marketing.eu\/comunicati\/comunicati-stampa\/prodotti\/mobili-modulari\/#article","isPartOf":{"@id":"https:\/\/www.article-marketing.eu\/comunicati\/comunicati-stampa\/prodotti\/mobili-modulari\/"},"author":{"name":"Redazione Comunicati Stampa","@id":"https:\/\/www.article-marketing.eu\/comunicati\/#\/schema\/person\/44372e4d4d0fa797b18e03ed1ace9017"},"headline":"Mobili Modulari","datePublished":"2013-08-30T14:41:48+00:00","mainEntityOfPage":{"@id":"https:\/\/www.article-marketing.eu\/comunicati\/comunicati-stampa\/prodotti\/mobili-modulari\/"},"wordCount":445,"commentCount":0,"keywords":["Arredo Ufficio Design","Arredo Ufficio Moderno","Mobili Modulari"],"articleSection":["Prodotti"],"inLanguage":"it-IT","potentialAction":[{"@type":"CommentAction","name":"Comment","target":["https:\/\/www.article-marketing.eu\/comunicati\/comunicati-stampa\/prodotti\/mobili-modulari\/#respond"]}]},{"@type":"WebPage","@id":"https:\/\/www.article-marketing.eu\/comunicati\/comunicati-stampa\/prodotti\/mobili-modulari\/","url":"https:\/\/www.article-marketing.eu\/comunicati\/comunicati-stampa\/prodotti\/mobili-modulari\/","name":"Mobili Modulari - Article Marketing","isPartOf":{"@id":"https:\/\/www.article-marketing.eu\/comunicati\/#website"},"datePublished":"2013-08-30T14:41:48+00:00","author":{"@id":"https:\/\/www.article-marketing.eu\/comunicati\/#\/schema\/person\/44372e4d4d0fa797b18e03ed1ace9017"},"breadcrumb":{"@id":"https:\/\/www.article-marketing.eu\/comunicati\/comunicati-stampa\/prodotti\/mobili-modulari\/#breadcrumb"},"inLanguage":"it-IT","potentialAction":[{"@type":"ReadAction","target":["https:\/\/www.article-marketing.eu\/comunicati\/comunicati-stampa\/prodotti\/mobili-modulari\/"]}]},{"@type":"BreadcrumbList","@id":"https:\/\/www.article-marketing.eu\/comunicati\/comunicati-stampa\/prodotti\/mobili-modulari\/#breadcrumb","itemListElement":[{"@type":"ListItem","position":1,"name":"Home","item":"https:\/\/www.article-marketing.eu\/comunicati\/"},{"@type":"ListItem","position":2,"name":"Mobili Modulari"}]},{"@type":"WebSite","@id":"https:\/\/www.article-marketing.eu\/comunicati\/#website","url":"https:\/\/www.article-marketing.eu\/comunicati\/","name":"Article Marketing","description":"article marketing &amp; press release","potentialAction":[{"@type":"SearchAction","target":{"@type":"EntryPoint","urlTemplate":"https:\/\/www.article-marketing.eu\/comunicati\/?s={search_term_string}"},"query-input":{"@type":"PropertyValueSpecification","valueRequired":true,"valueName":"search_term_string"}}],"inLanguage":"it-IT"},{"@type":"Person","@id":"https:\/\/www.article-marketing.eu\/comunicati\/#\/schema\/person\/44372e4d4d0fa797b18e03ed1ace9017","name":"Redazione Comunicati Stampa","image":{"@type":"ImageObject","inLanguage":"it-IT","@id":"https:\/\/www.article-marketing.eu\/comunicati\/#\/schema\/person\/image\/","url":"https:\/\/secure.gravatar.com\/avatar\/50e5c6421d3072f42e7ace803501602c60d75233d34e29fd05feb91c8760b792?s=96&d=mm&r=g","contentUrl":"https:\/\/secure.gravatar.com\/avatar\/50e5c6421d3072f42e7ace803501602c60d75233d34e29fd05feb91c8760b792?s=96&d=mm&r=g","caption":"Redazione Comunicati Stampa"},"url":"https:\/\/www.article-marketing.eu\/comunicati\/author\/redazione-comunicati-stampa\/"}]}},"_links":{"self":[{"href":"https:\/\/www.article-marketing.eu\/comunicati\/wp-json\/wp\/v2\/posts\/36430","targetHints":{"allow":["GET"]}}],"collection":[{"href":"https:\/\/www.article-marketing.eu\/comunicati\/wp-json\/wp\/v2\/posts"}],"about":[{"href":"https:\/\/www.article-marketing.eu\/comunicati\/wp-json\/wp\/v2\/types\/post"}],"author":[{"embeddable":true,"href":"https:\/\/www.article-marketing.eu\/comunicati\/wp-json\/wp\/v2\/users\/10"}],"replies":[{"embeddable":true,"href":"https:\/\/www.article-marketing.eu\/comunicati\/wp-json\/wp\/v2\/comments?post=36430"}],"version-history":[{"count":0,"href":"https:\/\/www.article-marketing.eu\/comunicati\/wp-json\/wp\/v2\/posts\/36430\/revisions"}],"wp:attachment":[{"href":"https:\/\/www.article-marketing.eu\/comunicati\/wp-json\/wp\/v2\/media?parent=36430"}],"wp:term":[{"taxonomy":"category","embeddable":true,"href":"https:\/\/www.article-marketing.eu\/comunicati\/wp-json\/wp\/v2\/categories?post=36430"},{"taxonomy":"post_tag","embeddable":true,"href":"https:\/\/www.article-marketing.eu\/comunicati\/wp-json\/wp\/v2\/tags?post=36430"}],"curies":[{"name":"wp","href":"https:\/\/api.w.org\/{rel}","templated":true}]}}