{"id":36481,"date":"2013-09-02T09:45:04","date_gmt":"2013-09-02T07:45:04","guid":{"rendered":"http:\/\/www.article-marketing.eu\/comunicati\/senza-categoria\/luniversit%252525c3%252525a0-di-firenze-nel-panorama-nazionale\/"},"modified":"2018-10-25T22:13:57","modified_gmt":"2018-10-25T20:13:57","slug":"luniversit%252525c3%252525a0-di-firenze-nel-panorama-nazionale","status":"publish","type":"post","link":"https:\/\/www.article-marketing.eu\/comunicati\/viaggi-e-vacanze\/viaggi-e-turismo\/luniversit%252525c3%252525a0-di-firenze-nel-panorama-nazionale\/","title":{"rendered":"L&#8217;Universit\u00e0 di Firenze nel panorama nazionale"},"content":{"rendered":"<p>Il ruolo di Firenze nel campo universitario italiano risulta importante, sia per la massiccia presenza della cosiddetta UNIFI (Universit&agrave; di Firenze) sul territorio italiano sia per la vasta scelta di facolt&agrave; che essa offre. L&#8217;Universit&agrave; degli Studi di Firenze si distingue a livello nazionale avendo rappresentato un centro culturale di prim&#8217;ordine sin da tempi immemori, trasformatosi poi nell&#8217;attuale polo accademico con sedi sparse per tutta la Toscana, oltre che in alcuni centri come Pistoia, Prato e San Giovanni Valdarno. Con ben centoventisei corsi di laurea organizzati in 10 Scuole, quest&#8217;ateneo vanta un altissimo numero di laureati annuale, che tocca i novemila graduati. La sua struttura all&#8217;avanguardia e l&#8217;ampia offerta didattica ne fanno uno dei principali centri formativi a livello internazionale. Da molti anni ormai, l&#8217;Universit&agrave; ha all&#8217;attivo la collaborazione con oltre moltissimi atenei in tutto il mondo, guadagnandosi anche il titolo di Centro d&#8217;eccellenza europeo Jean Monnet. Insomma, un tale prestigio ne ha fatto un esempio nazionale per tutte le altre sedi universitarie della penisola. Divisa in quattro differenti poli: il Polo delle scienze sociali, i Poli scientifico e tecnologico, il Polo Biomedico e il Polo centro storico, l&#8217;Universit&agrave; di Firenze ha come fiore all&#8217;occhiello la Facolt&agrave; di Medicina. Essa comprende al suo interno un gran numero di corsi di laurea, spaziando dalle Scienze motorie all&#8217;Ostetricia, dalla Logopedia alla Chirurgia. Con la possibilit&agrave; di praticare tirocini e consultare la fornitissima e professionale Biblioteca Biometica, la Facolt&agrave; offre davvero elevate opportunit&agrave; di formazione. Iniziativa importante &egrave; quella che mette a disposizione degli studenti che si recano a Firenze, per sostenere test o concorsi in ambito universitario, un <strong>B&amp;B vicino all&#8217;Universit&agrave; di Firenze<\/strong> in quanto applica il 5% di sconto. Struttura confortevole e accogliente, <strong>&#8220;a Casa di Virgilio&#8221;<\/strong> &egrave; un <strong>Bed and Breakfast vicino al centro di Firenze <\/strong>che offre agli<strong> <\/strong>ospiti camere con bagno, uso cucina, un efficiente servizio colazioni, attrezzato a richiesta anche per celiaci, e la possibilit&agrave; di portare con s&eacute; animali domestici. Si tratta dunque di un luogo ideale per i giovani studenti, che offre comfort e qualit&agrave; a prezzi davvero economici. <em><strong>La tua casa a Firenze ti aspetta al B&amp;Ba Casa di Virgilio!<\/strong><\/em> <strong>Il B&amp;B &#8220;a Casa di Virgilio&#8221;a Firenze<\/strong> <strong>offre camere<\/strong><strong> a prezzi economici e 5% di sconto agli studenti!<\/strong> <\/p>\n<p> <strong>Ti aspetto con piacere! <\/strong> <em><strong>Laura<\/strong><\/em> <strong>Bed and Breakfast a Casa di Virgilio<\/strong> Via Filippo Corridoni, 2 &#8211; 50134 Firenze Tel. +39 055 5271718 &#8211; +39 3403148606 &#8211; Fax +39 055 3841720 http:\/\/www.acasadivirgilio.com &#8211; info@acasadivirgilio.com<\/p>\n","protected":false},"excerpt":{"rendered":"<p>L&#8217;Universit\u00e0 degli Studi di Firenze \u00e8 un antico ateneo. Ricco di facolt\u00e0, \u00e8 un vero e proprio punto di riferimento per i giovani. Tale universit\u00e0 si presenta come uno dei maggiori atenei d&#8217;Italia, accogliendo al suo interno oltre quarantasettemila studenti.<\/p>\n","protected":false},"author":10,"featured_media":0,"comment_status":"open","ping_status":"open","sticky":false,"template":"","format":"standard","meta":{"cybocfi_hide_featured_image":"","footnotes":""},"categories":[2],"tags":[44473,44474],"class_list":["post-36481","post","type-post","status-publish","format-standard","hentry","category-viaggi-e-turismo","tag-bb-vicino-alluniversita-di-firenze","tag-bed-and-breakfast-vicino-al-centro-di-firenze"],"yoast_head":"<!-- This site is optimized with the Yoast SEO plugin v27.0 - https:\/\/yoast.com\/product\/yoast-seo-wordpress\/ -->\n<title>L&#039;Universit\u00e0 di Firenze nel panorama nazionale - Article Marketing<\/title>\n<meta name=\"robots\" content=\"index, follow, max-snippet:-1, max-image-preview:large, max-video-preview:-1\" \/>\n<link rel=\"canonical\" href=\"https:\/\/www.article-marketing.eu\/comunicati\/viaggi-e-vacanze\/viaggi-e-turismo\/luniversit%2525c3%2525a0-di-firenze-nel-panorama-nazionale\/\" \/>\n<meta property=\"og:locale\" content=\"it_IT\" \/>\n<meta property=\"og:type\" content=\"article\" \/>\n<meta property=\"og:title\" content=\"L&#039;Universit\u00e0 di Firenze nel panorama nazionale - Article Marketing\" \/>\n<meta property=\"og:description\" content=\"L&#039;Universit\u00e0 degli Studi di Firenze \u00e8 un antico ateneo. Ricco di facolt\u00e0, \u00e8 un vero e proprio punto di riferimento per i giovani. Tale universit\u00e0 si presenta come uno dei maggiori atenei d&#039;Italia, accogliendo al suo interno oltre quarantasettemila studenti.\" \/>\n<meta property=\"og:url\" content=\"https:\/\/www.article-marketing.eu\/comunicati\/viaggi-e-vacanze\/viaggi-e-turismo\/luniversit%2525c3%2525a0-di-firenze-nel-panorama-nazionale\/\" \/>\n<meta property=\"og:site_name\" content=\"Article Marketing\" \/>\n<meta property=\"article:published_time\" content=\"2013-09-02T07:45:04+00:00\" \/>\n<meta property=\"article:modified_time\" content=\"2018-10-25T20:13:57+00:00\" \/>\n<meta name=\"author\" content=\"Redazione Comunicati Stampa\" \/>\n<meta name=\"twitter:card\" content=\"summary_large_image\" \/>\n<meta name=\"twitter:label1\" content=\"Scritto da\" \/>\n\t<meta name=\"twitter:data1\" content=\"Redazione Comunicati Stampa\" \/>\n\t<meta name=\"twitter:label2\" content=\"Tempo di lettura stimato\" \/>\n\t<meta name=\"twitter:data2\" content=\"2 minuti\" \/>\n<script type=\"application\/ld+json\" class=\"yoast-schema-graph\">{\"@context\":\"https:\/\/schema.org\",\"@graph\":[{\"@type\":\"Article\",\"@id\":\"https:\/\/www.article-marketing.eu\/comunicati\/viaggi-e-vacanze\/viaggi-e-turismo\/luniversit%252525c3%252525a0-di-firenze-nel-panorama-nazionale\/#article\",\"isPartOf\":{\"@id\":\"https:\/\/www.article-marketing.eu\/comunicati\/viaggi-e-vacanze\/viaggi-e-turismo\/luniversit%252525c3%252525a0-di-firenze-nel-panorama-nazionale\/\"},\"author\":{\"name\":\"Redazione Comunicati Stampa\",\"@id\":\"https:\/\/www.article-marketing.eu\/comunicati\/#\/schema\/person\/44372e4d4d0fa797b18e03ed1ace9017\"},\"headline\":\"L&#8217;Universit\u00e0 di Firenze nel panorama nazionale\",\"datePublished\":\"2013-09-02T07:45:04+00:00\",\"dateModified\":\"2018-10-25T20:13:57+00:00\",\"mainEntityOfPage\":{\"@id\":\"https:\/\/www.article-marketing.eu\/comunicati\/viaggi-e-vacanze\/viaggi-e-turismo\/luniversit%252525c3%252525a0-di-firenze-nel-panorama-nazionale\/\"},\"wordCount\":426,\"commentCount\":0,\"keywords\":[\"B&amp;B vicino all'universit\u00e0 di Firenze\",\"Bed and Breakfast vicino al centro di Firenze\"],\"articleSection\":[\"Viaggi e Turismo\"],\"inLanguage\":\"it-IT\",\"potentialAction\":[{\"@type\":\"CommentAction\",\"name\":\"Comment\",\"target\":[\"https:\/\/www.article-marketing.eu\/comunicati\/viaggi-e-vacanze\/viaggi-e-turismo\/luniversit%252525c3%252525a0-di-firenze-nel-panorama-nazionale\/#respond\"]}]},{\"@type\":\"WebPage\",\"@id\":\"https:\/\/www.article-marketing.eu\/comunicati\/viaggi-e-vacanze\/viaggi-e-turismo\/luniversit%252525c3%252525a0-di-firenze-nel-panorama-nazionale\/\",\"url\":\"https:\/\/www.article-marketing.eu\/comunicati\/viaggi-e-vacanze\/viaggi-e-turismo\/luniversit%252525c3%252525a0-di-firenze-nel-panorama-nazionale\/\",\"name\":\"L'Universit\u00e0 di Firenze nel panorama nazionale - Article Marketing\",\"isPartOf\":{\"@id\":\"https:\/\/www.article-marketing.eu\/comunicati\/#website\"},\"datePublished\":\"2013-09-02T07:45:04+00:00\",\"dateModified\":\"2018-10-25T20:13:57+00:00\",\"author\":{\"@id\":\"https:\/\/www.article-marketing.eu\/comunicati\/#\/schema\/person\/44372e4d4d0fa797b18e03ed1ace9017\"},\"breadcrumb\":{\"@id\":\"https:\/\/www.article-marketing.eu\/comunicati\/viaggi-e-vacanze\/viaggi-e-turismo\/luniversit%252525c3%252525a0-di-firenze-nel-panorama-nazionale\/#breadcrumb\"},\"inLanguage\":\"it-IT\",\"potentialAction\":[{\"@type\":\"ReadAction\",\"target\":[\"https:\/\/www.article-marketing.eu\/comunicati\/viaggi-e-vacanze\/viaggi-e-turismo\/luniversit%252525c3%252525a0-di-firenze-nel-panorama-nazionale\/\"]}]},{\"@type\":\"BreadcrumbList\",\"@id\":\"https:\/\/www.article-marketing.eu\/comunicati\/viaggi-e-vacanze\/viaggi-e-turismo\/luniversit%252525c3%252525a0-di-firenze-nel-panorama-nazionale\/#breadcrumb\",\"itemListElement\":[{\"@type\":\"ListItem\",\"position\":1,\"name\":\"Home\",\"item\":\"https:\/\/www.article-marketing.eu\/comunicati\/\"},{\"@type\":\"ListItem\",\"position\":2,\"name\":\"L&#8217;Universit\u00e0 di Firenze nel panorama nazionale\"}]},{\"@type\":\"WebSite\",\"@id\":\"https:\/\/www.article-marketing.eu\/comunicati\/#website\",\"url\":\"https:\/\/www.article-marketing.eu\/comunicati\/\",\"name\":\"Article Marketing\",\"description\":\"article marketing &amp; press release\",\"potentialAction\":[{\"@type\":\"SearchAction\",\"target\":{\"@type\":\"EntryPoint\",\"urlTemplate\":\"https:\/\/www.article-marketing.eu\/comunicati\/?s={search_term_string}\"},\"query-input\":{\"@type\":\"PropertyValueSpecification\",\"valueRequired\":true,\"valueName\":\"search_term_string\"}}],\"inLanguage\":\"it-IT\"},{\"@type\":\"Person\",\"@id\":\"https:\/\/www.article-marketing.eu\/comunicati\/#\/schema\/person\/44372e4d4d0fa797b18e03ed1ace9017\",\"name\":\"Redazione Comunicati Stampa\",\"image\":{\"@type\":\"ImageObject\",\"inLanguage\":\"it-IT\",\"@id\":\"https:\/\/www.article-marketing.eu\/comunicati\/#\/schema\/person\/image\/\",\"url\":\"https:\/\/secure.gravatar.com\/avatar\/50e5c6421d3072f42e7ace803501602c60d75233d34e29fd05feb91c8760b792?s=96&d=mm&r=g\",\"contentUrl\":\"https:\/\/secure.gravatar.com\/avatar\/50e5c6421d3072f42e7ace803501602c60d75233d34e29fd05feb91c8760b792?s=96&d=mm&r=g\",\"caption\":\"Redazione Comunicati Stampa\"},\"url\":\"https:\/\/www.article-marketing.eu\/comunicati\/author\/redazione-comunicati-stampa\/\"}]}<\/script>\n<!-- \/ Yoast SEO plugin. -->","yoast_head_json":{"title":"L'Universit\u00e0 di Firenze nel panorama nazionale - Article Marketing","robots":{"index":"index","follow":"follow","max-snippet":"max-snippet:-1","max-image-preview":"max-image-preview:large","max-video-preview":"max-video-preview:-1"},"canonical":"https:\/\/www.article-marketing.eu\/comunicati\/viaggi-e-vacanze\/viaggi-e-turismo\/luniversit%2525c3%2525a0-di-firenze-nel-panorama-nazionale\/","og_locale":"it_IT","og_type":"article","og_title":"L'Universit\u00e0 di Firenze nel panorama nazionale - Article Marketing","og_description":"L'Universit\u00e0 degli Studi di Firenze \u00e8 un antico ateneo. Ricco di facolt\u00e0, \u00e8 un vero e proprio punto di riferimento per i giovani. Tale universit\u00e0 si presenta come uno dei maggiori atenei d'Italia, accogliendo al suo interno oltre quarantasettemila studenti.","og_url":"https:\/\/www.article-marketing.eu\/comunicati\/viaggi-e-vacanze\/viaggi-e-turismo\/luniversit%2525c3%2525a0-di-firenze-nel-panorama-nazionale\/","og_site_name":"Article Marketing","article_published_time":"2013-09-02T07:45:04+00:00","article_modified_time":"2018-10-25T20:13:57+00:00","author":"Redazione Comunicati Stampa","twitter_card":"summary_large_image","twitter_misc":{"Scritto da":"Redazione Comunicati Stampa","Tempo di lettura stimato":"2 minuti"},"schema":{"@context":"https:\/\/schema.org","@graph":[{"@type":"Article","@id":"https:\/\/www.article-marketing.eu\/comunicati\/viaggi-e-vacanze\/viaggi-e-turismo\/luniversit%252525c3%252525a0-di-firenze-nel-panorama-nazionale\/#article","isPartOf":{"@id":"https:\/\/www.article-marketing.eu\/comunicati\/viaggi-e-vacanze\/viaggi-e-turismo\/luniversit%252525c3%252525a0-di-firenze-nel-panorama-nazionale\/"},"author":{"name":"Redazione Comunicati Stampa","@id":"https:\/\/www.article-marketing.eu\/comunicati\/#\/schema\/person\/44372e4d4d0fa797b18e03ed1ace9017"},"headline":"L&#8217;Universit\u00e0 di Firenze nel panorama nazionale","datePublished":"2013-09-02T07:45:04+00:00","dateModified":"2018-10-25T20:13:57+00:00","mainEntityOfPage":{"@id":"https:\/\/www.article-marketing.eu\/comunicati\/viaggi-e-vacanze\/viaggi-e-turismo\/luniversit%252525c3%252525a0-di-firenze-nel-panorama-nazionale\/"},"wordCount":426,"commentCount":0,"keywords":["B&amp;B vicino all'universit\u00e0 di Firenze","Bed and Breakfast vicino al centro di Firenze"],"articleSection":["Viaggi e Turismo"],"inLanguage":"it-IT","potentialAction":[{"@type":"CommentAction","name":"Comment","target":["https:\/\/www.article-marketing.eu\/comunicati\/viaggi-e-vacanze\/viaggi-e-turismo\/luniversit%252525c3%252525a0-di-firenze-nel-panorama-nazionale\/#respond"]}]},{"@type":"WebPage","@id":"https:\/\/www.article-marketing.eu\/comunicati\/viaggi-e-vacanze\/viaggi-e-turismo\/luniversit%252525c3%252525a0-di-firenze-nel-panorama-nazionale\/","url":"https:\/\/www.article-marketing.eu\/comunicati\/viaggi-e-vacanze\/viaggi-e-turismo\/luniversit%252525c3%252525a0-di-firenze-nel-panorama-nazionale\/","name":"L'Universit\u00e0 di Firenze nel panorama nazionale - Article Marketing","isPartOf":{"@id":"https:\/\/www.article-marketing.eu\/comunicati\/#website"},"datePublished":"2013-09-02T07:45:04+00:00","dateModified":"2018-10-25T20:13:57+00:00","author":{"@id":"https:\/\/www.article-marketing.eu\/comunicati\/#\/schema\/person\/44372e4d4d0fa797b18e03ed1ace9017"},"breadcrumb":{"@id":"https:\/\/www.article-marketing.eu\/comunicati\/viaggi-e-vacanze\/viaggi-e-turismo\/luniversit%252525c3%252525a0-di-firenze-nel-panorama-nazionale\/#breadcrumb"},"inLanguage":"it-IT","potentialAction":[{"@type":"ReadAction","target":["https:\/\/www.article-marketing.eu\/comunicati\/viaggi-e-vacanze\/viaggi-e-turismo\/luniversit%252525c3%252525a0-di-firenze-nel-panorama-nazionale\/"]}]},{"@type":"BreadcrumbList","@id":"https:\/\/www.article-marketing.eu\/comunicati\/viaggi-e-vacanze\/viaggi-e-turismo\/luniversit%252525c3%252525a0-di-firenze-nel-panorama-nazionale\/#breadcrumb","itemListElement":[{"@type":"ListItem","position":1,"name":"Home","item":"https:\/\/www.article-marketing.eu\/comunicati\/"},{"@type":"ListItem","position":2,"name":"L&#8217;Universit\u00e0 di Firenze nel panorama nazionale"}]},{"@type":"WebSite","@id":"https:\/\/www.article-marketing.eu\/comunicati\/#website","url":"https:\/\/www.article-marketing.eu\/comunicati\/","name":"Article Marketing","description":"article marketing &amp; press release","potentialAction":[{"@type":"SearchAction","target":{"@type":"EntryPoint","urlTemplate":"https:\/\/www.article-marketing.eu\/comunicati\/?s={search_term_string}"},"query-input":{"@type":"PropertyValueSpecification","valueRequired":true,"valueName":"search_term_string"}}],"inLanguage":"it-IT"},{"@type":"Person","@id":"https:\/\/www.article-marketing.eu\/comunicati\/#\/schema\/person\/44372e4d4d0fa797b18e03ed1ace9017","name":"Redazione Comunicati Stampa","image":{"@type":"ImageObject","inLanguage":"it-IT","@id":"https:\/\/www.article-marketing.eu\/comunicati\/#\/schema\/person\/image\/","url":"https:\/\/secure.gravatar.com\/avatar\/50e5c6421d3072f42e7ace803501602c60d75233d34e29fd05feb91c8760b792?s=96&d=mm&r=g","contentUrl":"https:\/\/secure.gravatar.com\/avatar\/50e5c6421d3072f42e7ace803501602c60d75233d34e29fd05feb91c8760b792?s=96&d=mm&r=g","caption":"Redazione Comunicati Stampa"},"url":"https:\/\/www.article-marketing.eu\/comunicati\/author\/redazione-comunicati-stampa\/"}]}},"_links":{"self":[{"href":"https:\/\/www.article-marketing.eu\/comunicati\/wp-json\/wp\/v2\/posts\/36481","targetHints":{"allow":["GET"]}}],"collection":[{"href":"https:\/\/www.article-marketing.eu\/comunicati\/wp-json\/wp\/v2\/posts"}],"about":[{"href":"https:\/\/www.article-marketing.eu\/comunicati\/wp-json\/wp\/v2\/types\/post"}],"author":[{"embeddable":true,"href":"https:\/\/www.article-marketing.eu\/comunicati\/wp-json\/wp\/v2\/users\/10"}],"replies":[{"embeddable":true,"href":"https:\/\/www.article-marketing.eu\/comunicati\/wp-json\/wp\/v2\/comments?post=36481"}],"version-history":[{"count":1,"href":"https:\/\/www.article-marketing.eu\/comunicati\/wp-json\/wp\/v2\/posts\/36481\/revisions"}],"predecessor-version":[{"id":63496,"href":"https:\/\/www.article-marketing.eu\/comunicati\/wp-json\/wp\/v2\/posts\/36481\/revisions\/63496"}],"wp:attachment":[{"href":"https:\/\/www.article-marketing.eu\/comunicati\/wp-json\/wp\/v2\/media?parent=36481"}],"wp:term":[{"taxonomy":"category","embeddable":true,"href":"https:\/\/www.article-marketing.eu\/comunicati\/wp-json\/wp\/v2\/categories?post=36481"},{"taxonomy":"post_tag","embeddable":true,"href":"https:\/\/www.article-marketing.eu\/comunicati\/wp-json\/wp\/v2\/tags?post=36481"}],"curies":[{"name":"wp","href":"https:\/\/api.w.org\/{rel}","templated":true}]}}