{"id":3652,"date":"2009-12-14T11:38:31","date_gmt":"2009-12-14T10:38:31","guid":{"rendered":"http:\/\/www.article-marketing.eu\/comunicati\/senza-categoria\/qualsiasi-sia-la-stagione-dellanno-visita-tenerife\/"},"modified":"2009-12-14T11:38:31","modified_gmt":"2009-12-14T10:38:31","slug":"qualsiasi-sia-la-stagione-dellanno-visita-tenerife","status":"publish","type":"post","link":"https:\/\/www.article-marketing.eu\/comunicati\/viaggi-e-vacanze\/viaggi-e-turismo\/qualsiasi-sia-la-stagione-dellanno-visita-tenerife\/","title":{"rendered":"Qualsiasi sia la stagione dell&#8217;anno: visita Tenerife."},"content":{"rendered":"<p align=\"JUSTIFY\" style=\"margin-bottom: 0cm; line-height: 150%;\">Ti<br \/>\npiacerebbe andare alla spiaggia e prendere il sole? Se pensi che nel<br \/>\nmese di dicembre non \u00e8 possibile bagnarti nel mare pensa alle Isole<br \/>\nCanarie, dove festeggiano il capo d&#8217;anno nelle spiagge. Se ancora non<br \/>\nhai viaggiato a Tenerife questo pu\u00f2 essere il momento giusto, e se<br \/>\nsei gi\u00e0 stato pu\u00f2 anche essere un&#8217;opportunit\u00e0 perfetta per<br \/>\ntornare.\n<\/p>\n<p align=\"JUSTIFY\" style=\"margin-bottom: 0cm; line-height: 150%;\">\tLe<br \/>\nIsole Canarie appartengono alla Spagna e sono siti a pi\u00f9 o meno<br \/>\n1.000 chilometri. Innanzitutto, \u00e8 abbastanza semplice arrivare fino<br \/>\na Tenerife. Ci sono diverse compagnie aeree che offrono voli a questa<br \/>\nisola e puoi informarti anche sulle <em>low-cost <\/em>che<br \/>\nsia dalla Spagna o dall&#8217;estero, dispongono di voli a un prezzo<br \/>\neconomico per le tue vacanze.\n<\/p>\n<p align=\"JUSTIFY\" style=\"margin-bottom: 0cm; font-style: normal; line-height: 150%;\">\n\tDopo aver atterrato a Tenerife, esiste una servizio di trasporti<br \/>\npubblici fino alle diverse aree turistiche dell&#8217;isola: al nord-est<br \/>\nSanta Cruz-La Laguna, al nord Puerto de la Cruz-Valle de la Orotava,<br \/>\nal nord-ovest Isla Baja e la che \u00e8 forse al pi\u00f9 importante, il sud<br \/>\ndell&#8217;isola.\n<\/p>\n<p align=\"JUSTIFY\" style=\"margin-bottom: 0cm; font-style: normal; line-height: 150%;\">\n\tAl Sud di Tenerife sono situate le aree di Costa Adeje y Arona, dove<br \/>\ntroverai la pi\u00f9 parte degli alloggi dell&#8217;isola e anche le spiagge<br \/>\npi\u00f9 splendide: lunghe e con finissima sabbia e acqua cristallina. In<br \/>\nqualsiasi epoca dell&#8217;anno puoi andarci e godere del buon tempo.<br \/>\nInoltre, se scegli l&#8217;inverno, oltre ad avere l&#8217;opportunit\u00e0 di<br \/>\nprendere del sole hai l&#8217;avvantaggio di godere di pi\u00f9 tranquillit\u00e0.\n<\/p>\n<p align=\"JUSTIFY\" style=\"margin-bottom: 0cm; line-height: 150%;\">\tSe<br \/>\nvuoi cercare un meraviglioso <strong><a href=\"http:\/\/www.webtenerife.it\/\">hotel<br \/>\nTenerife<\/a> <\/strong>per<br \/>\nle tue vacanze devi soltanto visitare il sito web di turismo di<br \/>\nTenerife dove troverai informazioni su tutti gli alloggi a<br \/>\ndisposizione. Inoltre, il sito web ti presenta anche informazioni sui<br \/>\nristoranti, le principali attrazioni dell&#8217;isola, le spiagge, i campi<br \/>\nda golf, ecc.\n<\/p>\n<p align=\"JUSTIFY\" style=\"margin-bottom: 0cm; font-style: normal; font-weight: normal; line-height: 150%;\">\n\tAdesso, se questa destinazione ti ha convinto devi soltanto visitare<br \/>\nWebTenerife per scegliere l&#8217;area e l&#8217;alloggio che ti piaccia di pi\u00f9<br \/>\ne vedere le attrazioni che vuoi visitare durante le tue vacanze. Per<br \/>\nesempio, il centro storico di La Laguna, al nord dell&#8217;isola e accanto<br \/>\nalla capitale, \u00e8 patrimonio mondiale dell&#8217;UNESCO; e a quest&#8217;isola<br \/>\ntroverai anche la montagna pi\u00f9 alta di tutta la Spagna, il Teide, un<br \/>\nvulcano che \u00e8 anche patrimonio dell&#8217;umanit\u00e0 UNESCO e ha 3.718 metri<br \/>\ndi altitudine.<\/p>\n","protected":false},"excerpt":{"rendered":"<p>Se stai pensando a un viaggio per il mese di dicembre e ti piacerebbe prendere il sole e rilassarti nella spiaggia, visita Tenerife!<\/p>\n","protected":false},"author":10,"featured_media":0,"comment_status":"open","ping_status":"open","sticky":false,"template":"","format":"standard","meta":{"cybocfi_hide_featured_image":"","footnotes":""},"categories":[2],"tags":[3],"class_list":["post-3652","post","type-post","status-publish","format-standard","hentry","category-viaggi-e-turismo","tag-vacanze"],"yoast_head":"<!-- This site is optimized with the Yoast SEO plugin v27.0 - https:\/\/yoast.com\/product\/yoast-seo-wordpress\/ -->\n<title>Qualsiasi sia la stagione dell&#039;anno: visita Tenerife. - Article Marketing<\/title>\n<meta name=\"robots\" content=\"index, follow, max-snippet:-1, max-image-preview:large, max-video-preview:-1\" \/>\n<link rel=\"canonical\" href=\"https:\/\/www.article-marketing.eu\/comunicati\/viaggi-e-vacanze\/viaggi-e-turismo\/qualsiasi-sia-la-stagione-dellanno-visita-tenerife\/\" \/>\n<meta property=\"og:locale\" content=\"it_IT\" \/>\n<meta property=\"og:type\" content=\"article\" \/>\n<meta property=\"og:title\" content=\"Qualsiasi sia la stagione dell&#039;anno: visita Tenerife. - Article Marketing\" \/>\n<meta property=\"og:description\" content=\"Se stai pensando a un viaggio per il mese di dicembre e ti piacerebbe prendere il sole e rilassarti nella spiaggia, visita Tenerife!\" \/>\n<meta property=\"og:url\" content=\"https:\/\/www.article-marketing.eu\/comunicati\/viaggi-e-vacanze\/viaggi-e-turismo\/qualsiasi-sia-la-stagione-dellanno-visita-tenerife\/\" \/>\n<meta property=\"og:site_name\" content=\"Article Marketing\" \/>\n<meta property=\"article:published_time\" content=\"2009-12-14T10:38:31+00:00\" \/>\n<meta name=\"author\" content=\"Redazione Comunicati Stampa\" \/>\n<meta name=\"twitter:card\" content=\"summary_large_image\" \/>\n<meta name=\"twitter:label1\" content=\"Scritto da\" \/>\n\t<meta name=\"twitter:data1\" content=\"Redazione Comunicati Stampa\" \/>\n\t<meta name=\"twitter:label2\" content=\"Tempo di lettura stimato\" \/>\n\t<meta name=\"twitter:data2\" content=\"2 minuti\" \/>\n<script type=\"application\/ld+json\" class=\"yoast-schema-graph\">{\"@context\":\"https:\/\/schema.org\",\"@graph\":[{\"@type\":\"Article\",\"@id\":\"https:\/\/www.article-marketing.eu\/comunicati\/viaggi-e-vacanze\/viaggi-e-turismo\/qualsiasi-sia-la-stagione-dellanno-visita-tenerife\/#article\",\"isPartOf\":{\"@id\":\"https:\/\/www.article-marketing.eu\/comunicati\/viaggi-e-vacanze\/viaggi-e-turismo\/qualsiasi-sia-la-stagione-dellanno-visita-tenerife\/\"},\"author\":{\"name\":\"Redazione Comunicati Stampa\",\"@id\":\"https:\/\/www.article-marketing.eu\/comunicati\/#\/schema\/person\/44372e4d4d0fa797b18e03ed1ace9017\"},\"headline\":\"Qualsiasi sia la stagione dell&#8217;anno: visita Tenerife.\",\"datePublished\":\"2009-12-14T10:38:31+00:00\",\"mainEntityOfPage\":{\"@id\":\"https:\/\/www.article-marketing.eu\/comunicati\/viaggi-e-vacanze\/viaggi-e-turismo\/qualsiasi-sia-la-stagione-dellanno-visita-tenerife\/\"},\"wordCount\":357,\"commentCount\":0,\"keywords\":[\"vacanze\"],\"articleSection\":[\"Viaggi e Turismo\"],\"inLanguage\":\"it-IT\",\"potentialAction\":[{\"@type\":\"CommentAction\",\"name\":\"Comment\",\"target\":[\"https:\/\/www.article-marketing.eu\/comunicati\/viaggi-e-vacanze\/viaggi-e-turismo\/qualsiasi-sia-la-stagione-dellanno-visita-tenerife\/#respond\"]}]},{\"@type\":\"WebPage\",\"@id\":\"https:\/\/www.article-marketing.eu\/comunicati\/viaggi-e-vacanze\/viaggi-e-turismo\/qualsiasi-sia-la-stagione-dellanno-visita-tenerife\/\",\"url\":\"https:\/\/www.article-marketing.eu\/comunicati\/viaggi-e-vacanze\/viaggi-e-turismo\/qualsiasi-sia-la-stagione-dellanno-visita-tenerife\/\",\"name\":\"Qualsiasi sia la stagione dell'anno: visita Tenerife. - Article Marketing\",\"isPartOf\":{\"@id\":\"https:\/\/www.article-marketing.eu\/comunicati\/#website\"},\"datePublished\":\"2009-12-14T10:38:31+00:00\",\"author\":{\"@id\":\"https:\/\/www.article-marketing.eu\/comunicati\/#\/schema\/person\/44372e4d4d0fa797b18e03ed1ace9017\"},\"breadcrumb\":{\"@id\":\"https:\/\/www.article-marketing.eu\/comunicati\/viaggi-e-vacanze\/viaggi-e-turismo\/qualsiasi-sia-la-stagione-dellanno-visita-tenerife\/#breadcrumb\"},\"inLanguage\":\"it-IT\",\"potentialAction\":[{\"@type\":\"ReadAction\",\"target\":[\"https:\/\/www.article-marketing.eu\/comunicati\/viaggi-e-vacanze\/viaggi-e-turismo\/qualsiasi-sia-la-stagione-dellanno-visita-tenerife\/\"]}]},{\"@type\":\"BreadcrumbList\",\"@id\":\"https:\/\/www.article-marketing.eu\/comunicati\/viaggi-e-vacanze\/viaggi-e-turismo\/qualsiasi-sia-la-stagione-dellanno-visita-tenerife\/#breadcrumb\",\"itemListElement\":[{\"@type\":\"ListItem\",\"position\":1,\"name\":\"Home\",\"item\":\"https:\/\/www.article-marketing.eu\/comunicati\/\"},{\"@type\":\"ListItem\",\"position\":2,\"name\":\"Qualsiasi sia la stagione dell&#8217;anno: visita Tenerife.\"}]},{\"@type\":\"WebSite\",\"@id\":\"https:\/\/www.article-marketing.eu\/comunicati\/#website\",\"url\":\"https:\/\/www.article-marketing.eu\/comunicati\/\",\"name\":\"Article Marketing\",\"description\":\"article marketing &amp; press release\",\"potentialAction\":[{\"@type\":\"SearchAction\",\"target\":{\"@type\":\"EntryPoint\",\"urlTemplate\":\"https:\/\/www.article-marketing.eu\/comunicati\/?s={search_term_string}\"},\"query-input\":{\"@type\":\"PropertyValueSpecification\",\"valueRequired\":true,\"valueName\":\"search_term_string\"}}],\"inLanguage\":\"it-IT\"},{\"@type\":\"Person\",\"@id\":\"https:\/\/www.article-marketing.eu\/comunicati\/#\/schema\/person\/44372e4d4d0fa797b18e03ed1ace9017\",\"name\":\"Redazione Comunicati Stampa\",\"image\":{\"@type\":\"ImageObject\",\"inLanguage\":\"it-IT\",\"@id\":\"https:\/\/www.article-marketing.eu\/comunicati\/#\/schema\/person\/image\/\",\"url\":\"https:\/\/secure.gravatar.com\/avatar\/50e5c6421d3072f42e7ace803501602c60d75233d34e29fd05feb91c8760b792?s=96&d=mm&r=g\",\"contentUrl\":\"https:\/\/secure.gravatar.com\/avatar\/50e5c6421d3072f42e7ace803501602c60d75233d34e29fd05feb91c8760b792?s=96&d=mm&r=g\",\"caption\":\"Redazione Comunicati Stampa\"},\"url\":\"https:\/\/www.article-marketing.eu\/comunicati\/author\/redazione-comunicati-stampa\/\"}]}<\/script>\n<!-- \/ Yoast SEO plugin. -->","yoast_head_json":{"title":"Qualsiasi sia la stagione dell'anno: visita Tenerife. - Article Marketing","robots":{"index":"index","follow":"follow","max-snippet":"max-snippet:-1","max-image-preview":"max-image-preview:large","max-video-preview":"max-video-preview:-1"},"canonical":"https:\/\/www.article-marketing.eu\/comunicati\/viaggi-e-vacanze\/viaggi-e-turismo\/qualsiasi-sia-la-stagione-dellanno-visita-tenerife\/","og_locale":"it_IT","og_type":"article","og_title":"Qualsiasi sia la stagione dell'anno: visita Tenerife. - Article Marketing","og_description":"Se stai pensando a un viaggio per il mese di dicembre e ti piacerebbe prendere il sole e rilassarti nella spiaggia, visita Tenerife!","og_url":"https:\/\/www.article-marketing.eu\/comunicati\/viaggi-e-vacanze\/viaggi-e-turismo\/qualsiasi-sia-la-stagione-dellanno-visita-tenerife\/","og_site_name":"Article Marketing","article_published_time":"2009-12-14T10:38:31+00:00","author":"Redazione Comunicati Stampa","twitter_card":"summary_large_image","twitter_misc":{"Scritto da":"Redazione Comunicati Stampa","Tempo di lettura stimato":"2 minuti"},"schema":{"@context":"https:\/\/schema.org","@graph":[{"@type":"Article","@id":"https:\/\/www.article-marketing.eu\/comunicati\/viaggi-e-vacanze\/viaggi-e-turismo\/qualsiasi-sia-la-stagione-dellanno-visita-tenerife\/#article","isPartOf":{"@id":"https:\/\/www.article-marketing.eu\/comunicati\/viaggi-e-vacanze\/viaggi-e-turismo\/qualsiasi-sia-la-stagione-dellanno-visita-tenerife\/"},"author":{"name":"Redazione Comunicati Stampa","@id":"https:\/\/www.article-marketing.eu\/comunicati\/#\/schema\/person\/44372e4d4d0fa797b18e03ed1ace9017"},"headline":"Qualsiasi sia la stagione dell&#8217;anno: visita Tenerife.","datePublished":"2009-12-14T10:38:31+00:00","mainEntityOfPage":{"@id":"https:\/\/www.article-marketing.eu\/comunicati\/viaggi-e-vacanze\/viaggi-e-turismo\/qualsiasi-sia-la-stagione-dellanno-visita-tenerife\/"},"wordCount":357,"commentCount":0,"keywords":["vacanze"],"articleSection":["Viaggi e Turismo"],"inLanguage":"it-IT","potentialAction":[{"@type":"CommentAction","name":"Comment","target":["https:\/\/www.article-marketing.eu\/comunicati\/viaggi-e-vacanze\/viaggi-e-turismo\/qualsiasi-sia-la-stagione-dellanno-visita-tenerife\/#respond"]}]},{"@type":"WebPage","@id":"https:\/\/www.article-marketing.eu\/comunicati\/viaggi-e-vacanze\/viaggi-e-turismo\/qualsiasi-sia-la-stagione-dellanno-visita-tenerife\/","url":"https:\/\/www.article-marketing.eu\/comunicati\/viaggi-e-vacanze\/viaggi-e-turismo\/qualsiasi-sia-la-stagione-dellanno-visita-tenerife\/","name":"Qualsiasi sia la stagione dell'anno: visita Tenerife. - Article Marketing","isPartOf":{"@id":"https:\/\/www.article-marketing.eu\/comunicati\/#website"},"datePublished":"2009-12-14T10:38:31+00:00","author":{"@id":"https:\/\/www.article-marketing.eu\/comunicati\/#\/schema\/person\/44372e4d4d0fa797b18e03ed1ace9017"},"breadcrumb":{"@id":"https:\/\/www.article-marketing.eu\/comunicati\/viaggi-e-vacanze\/viaggi-e-turismo\/qualsiasi-sia-la-stagione-dellanno-visita-tenerife\/#breadcrumb"},"inLanguage":"it-IT","potentialAction":[{"@type":"ReadAction","target":["https:\/\/www.article-marketing.eu\/comunicati\/viaggi-e-vacanze\/viaggi-e-turismo\/qualsiasi-sia-la-stagione-dellanno-visita-tenerife\/"]}]},{"@type":"BreadcrumbList","@id":"https:\/\/www.article-marketing.eu\/comunicati\/viaggi-e-vacanze\/viaggi-e-turismo\/qualsiasi-sia-la-stagione-dellanno-visita-tenerife\/#breadcrumb","itemListElement":[{"@type":"ListItem","position":1,"name":"Home","item":"https:\/\/www.article-marketing.eu\/comunicati\/"},{"@type":"ListItem","position":2,"name":"Qualsiasi sia la stagione dell&#8217;anno: visita Tenerife."}]},{"@type":"WebSite","@id":"https:\/\/www.article-marketing.eu\/comunicati\/#website","url":"https:\/\/www.article-marketing.eu\/comunicati\/","name":"Article Marketing","description":"article marketing &amp; press release","potentialAction":[{"@type":"SearchAction","target":{"@type":"EntryPoint","urlTemplate":"https:\/\/www.article-marketing.eu\/comunicati\/?s={search_term_string}"},"query-input":{"@type":"PropertyValueSpecification","valueRequired":true,"valueName":"search_term_string"}}],"inLanguage":"it-IT"},{"@type":"Person","@id":"https:\/\/www.article-marketing.eu\/comunicati\/#\/schema\/person\/44372e4d4d0fa797b18e03ed1ace9017","name":"Redazione Comunicati Stampa","image":{"@type":"ImageObject","inLanguage":"it-IT","@id":"https:\/\/www.article-marketing.eu\/comunicati\/#\/schema\/person\/image\/","url":"https:\/\/secure.gravatar.com\/avatar\/50e5c6421d3072f42e7ace803501602c60d75233d34e29fd05feb91c8760b792?s=96&d=mm&r=g","contentUrl":"https:\/\/secure.gravatar.com\/avatar\/50e5c6421d3072f42e7ace803501602c60d75233d34e29fd05feb91c8760b792?s=96&d=mm&r=g","caption":"Redazione Comunicati Stampa"},"url":"https:\/\/www.article-marketing.eu\/comunicati\/author\/redazione-comunicati-stampa\/"}]}},"_links":{"self":[{"href":"https:\/\/www.article-marketing.eu\/comunicati\/wp-json\/wp\/v2\/posts\/3652","targetHints":{"allow":["GET"]}}],"collection":[{"href":"https:\/\/www.article-marketing.eu\/comunicati\/wp-json\/wp\/v2\/posts"}],"about":[{"href":"https:\/\/www.article-marketing.eu\/comunicati\/wp-json\/wp\/v2\/types\/post"}],"author":[{"embeddable":true,"href":"https:\/\/www.article-marketing.eu\/comunicati\/wp-json\/wp\/v2\/users\/10"}],"replies":[{"embeddable":true,"href":"https:\/\/www.article-marketing.eu\/comunicati\/wp-json\/wp\/v2\/comments?post=3652"}],"version-history":[{"count":0,"href":"https:\/\/www.article-marketing.eu\/comunicati\/wp-json\/wp\/v2\/posts\/3652\/revisions"}],"wp:attachment":[{"href":"https:\/\/www.article-marketing.eu\/comunicati\/wp-json\/wp\/v2\/media?parent=3652"}],"wp:term":[{"taxonomy":"category","embeddable":true,"href":"https:\/\/www.article-marketing.eu\/comunicati\/wp-json\/wp\/v2\/categories?post=3652"},{"taxonomy":"post_tag","embeddable":true,"href":"https:\/\/www.article-marketing.eu\/comunicati\/wp-json\/wp\/v2\/tags?post=3652"}],"curies":[{"name":"wp","href":"https:\/\/api.w.org\/{rel}","templated":true}]}}