{"id":36686,"date":"2013-09-13T09:28:49","date_gmt":"2013-09-13T07:28:49","guid":{"rendered":"http:\/\/www.article-marketing.eu\/comunicati\/senza-categoria\/trapani-meraviglia-tra-due-mari\/"},"modified":"2013-09-13T09:28:49","modified_gmt":"2013-09-13T07:28:49","slug":"trapani-meraviglia-tra-due-mari","status":"publish","type":"post","link":"https:\/\/www.article-marketing.eu\/comunicati\/viaggi-e-vacanze\/viaggi-e-turismo\/trapani-meraviglia-tra-due-mari\/","title":{"rendered":"Trapani, Meraviglia tra due Mari"},"content":{"rendered":"<p><strong>L&rsquo;aeroporto Birgi<\/strong>, si trova a met&agrave; strada tra Trapani e Marsala, ed &egrave; a 15 km di distanza da entrambe le citt&agrave;. Il <strong>noleggio auto<\/strong> &egrave; semplice ed agevole presso la hall arrivi dell&rsquo;aeroporto, ed &egrave; il modo migliore per visitare questa citt&agrave; ed i suoi meravigliosi dintorni.<br \/>Partendo con un&rsquo;auto a <strong><a href=\"http:\/\/www.hertz.it\/rentacar\/noleggio-auto\/trapani\/tpst51\">noleggio dall&rsquo;aeroporto di Trapani<\/a><\/strong>, &egrave; possibile costruire un itinerario di viaggio realmente completo. Visitare Trapani, il centro storico ed il porto (da cui ci si imbarca per isole come Pantelleria o le Eolie), la Torre di Ligny, raggiungibile tramite una via incastonata tra due mari di uno spettacolare azzurro, la Colombaia, le chiese, i palazzi ed i monumenti di diverse epoche, significa immergersi in un&rsquo;atmosfera incantata.<br \/>I viaggiatori pi&ugrave; curiosi, grazie al noleggio di un&rsquo;auto, potranno scoprire le stupefacenti spiagge di sabbia fine ed immergersi in un mare che nulla ha da invidiare ai Caraibi. Nei dintorni, sono molte le perle dove rilassarsi al sole, tra queste San Vito Lo Capo, acqua limpida e fondali suggestivi, o la spiaggia di San Teodoro, con numerosi isolotti raggiungibili a piedi con la bassa marea. Il noleggio auto dar&agrave; la straordinaria opportunit&agrave; di raggiungere la Riserva Naturale dello Zingaro, un meraviglioso paesaggio formato da baie di ciottoli bianchi e acqua dalle sfumature che vanno da uno sbalorditivo smeraldo ad un turchese intenso.<br \/>A Trapani, l&rsquo;autonoleggio consente anche di spostarsi in modo confortevole verso altre localit&agrave;, non solo spiagge e baie come Scopello (incastonata tra i faraglioni), Mazara del Vallo (protetta dal WWF) o Marsala (citt&agrave; rinomata per l&rsquo;eccellente vino liquoroso), e raggiungere luoghi ricchi di storia. Tra questi il Monte Erice, di architettura medievale, con il castello di Venere dove, secondo la leggenda, Enea rese omaggio alla dea, o le spettacolari saline, per gli appassionati di biologia, ricche di fauna, flora e vegetazione.<br \/><strong>L&rsquo;autonoleggio nella citt&agrave; di Trapani<\/strong>, o direttamente in aeroporto, &egrave; soprattutto consigliato ai viaggiatori pi&ugrave; avventurosi che amano spostarsi tra varie localit&agrave;. Marsala, a soli 15 km dall&rsquo;aerostazione, &egrave; un sito davvero interessante ed incantevole. Qui sbarc&ograve; l&rsquo;eroe dei due mondi con i suoi Mille, Garibaldi, qui si gusta il famosissimo vino, e di questo territorio fa parte un sito archeologico fenicio, l&rsquo;isola di Mozia.<br \/>Il noleggio auto &egrave; anche il perfetto mezzo per creare un tour gastronomico assai gustoso. I prodotti tipici sono molti: l&rsquo;aglio rosso di Nubia, i capperi, il profumato olio, la pasta di mandorle, il tonno lavorato in maniera tradizionale, ed il tipico cous cous a base di pesce di San vito Lo Capo, il tutto accompagnato da uno degli straordinari vini del luogo come l&rsquo;Alcamo, l&rsquo;Erice DOC o il Salaparuta.<br \/>Mare, sole, cibo, archeologia: un sogno a portata di mano nella magnifica terra trapanese, grazie al <strong>noleggio auto<\/strong>, senza perdere alcuna delle meraviglie di questo incanto!<\/p>\n","protected":false},"excerpt":{"rendered":"<p>L\u2019aeroporto Birgi, si trova a met\u00e0 strada tra Trapani e Marsala, ed \u00e8 a 15 km di distanza da entrambe le citt\u00e0.<\/p>\n","protected":false},"author":10,"featured_media":0,"comment_status":"open","ping_status":"open","sticky":false,"template":"","format":"standard","meta":{"cybocfi_hide_featured_image":"","footnotes":""},"categories":[2],"tags":[44105,4109,44591],"class_list":["post-36686","post","type-post","status-publish","format-standard","hentry","category-viaggi-e-turismo","tag-autonoleggio-trapani","tag-noleggio-auto","tag-noleggio-auto-trapani-airport"],"yoast_head":"<!-- This site is optimized with the Yoast SEO plugin v27.0 - https:\/\/yoast.com\/product\/yoast-seo-wordpress\/ -->\n<title>Trapani, Meraviglia tra due Mari - Article Marketing<\/title>\n<meta name=\"robots\" content=\"index, follow, max-snippet:-1, max-image-preview:large, max-video-preview:-1\" \/>\n<link rel=\"canonical\" href=\"https:\/\/www.article-marketing.eu\/comunicati\/viaggi-e-vacanze\/viaggi-e-turismo\/trapani-meraviglia-tra-due-mari\/\" \/>\n<meta property=\"og:locale\" content=\"it_IT\" \/>\n<meta property=\"og:type\" content=\"article\" \/>\n<meta property=\"og:title\" content=\"Trapani, Meraviglia tra due Mari - Article Marketing\" \/>\n<meta property=\"og:description\" content=\"L\u2019aeroporto Birgi, si trova a met\u00e0 strada tra Trapani e Marsala, ed \u00e8 a 15 km di distanza da entrambe le citt\u00e0.\" \/>\n<meta property=\"og:url\" content=\"https:\/\/www.article-marketing.eu\/comunicati\/viaggi-e-vacanze\/viaggi-e-turismo\/trapani-meraviglia-tra-due-mari\/\" \/>\n<meta property=\"og:site_name\" content=\"Article Marketing\" \/>\n<meta property=\"article:published_time\" content=\"2013-09-13T07:28:49+00:00\" \/>\n<meta name=\"author\" content=\"Redazione Comunicati Stampa\" \/>\n<meta name=\"twitter:card\" content=\"summary_large_image\" \/>\n<meta name=\"twitter:label1\" content=\"Scritto da\" \/>\n\t<meta name=\"twitter:data1\" content=\"Redazione Comunicati Stampa\" \/>\n\t<meta name=\"twitter:label2\" content=\"Tempo di lettura stimato\" \/>\n\t<meta name=\"twitter:data2\" content=\"3 minuti\" \/>\n<script type=\"application\/ld+json\" class=\"yoast-schema-graph\">{\"@context\":\"https:\/\/schema.org\",\"@graph\":[{\"@type\":\"Article\",\"@id\":\"https:\/\/www.article-marketing.eu\/comunicati\/viaggi-e-vacanze\/viaggi-e-turismo\/trapani-meraviglia-tra-due-mari\/#article\",\"isPartOf\":{\"@id\":\"https:\/\/www.article-marketing.eu\/comunicati\/viaggi-e-vacanze\/viaggi-e-turismo\/trapani-meraviglia-tra-due-mari\/\"},\"author\":{\"name\":\"Redazione Comunicati Stampa\",\"@id\":\"https:\/\/www.article-marketing.eu\/comunicati\/#\/schema\/person\/44372e4d4d0fa797b18e03ed1ace9017\"},\"headline\":\"Trapani, Meraviglia tra due Mari\",\"datePublished\":\"2013-09-13T07:28:49+00:00\",\"mainEntityOfPage\":{\"@id\":\"https:\/\/www.article-marketing.eu\/comunicati\/viaggi-e-vacanze\/viaggi-e-turismo\/trapani-meraviglia-tra-due-mari\/\"},\"wordCount\":508,\"commentCount\":0,\"keywords\":[\"Autonoleggio Trapani\",\"noleggio auto\",\"Noleggio Auto Trapani Airport\"],\"articleSection\":[\"Viaggi e Turismo\"],\"inLanguage\":\"it-IT\",\"potentialAction\":[{\"@type\":\"CommentAction\",\"name\":\"Comment\",\"target\":[\"https:\/\/www.article-marketing.eu\/comunicati\/viaggi-e-vacanze\/viaggi-e-turismo\/trapani-meraviglia-tra-due-mari\/#respond\"]}]},{\"@type\":\"WebPage\",\"@id\":\"https:\/\/www.article-marketing.eu\/comunicati\/viaggi-e-vacanze\/viaggi-e-turismo\/trapani-meraviglia-tra-due-mari\/\",\"url\":\"https:\/\/www.article-marketing.eu\/comunicati\/viaggi-e-vacanze\/viaggi-e-turismo\/trapani-meraviglia-tra-due-mari\/\",\"name\":\"Trapani, Meraviglia tra due Mari - Article Marketing\",\"isPartOf\":{\"@id\":\"https:\/\/www.article-marketing.eu\/comunicati\/#website\"},\"datePublished\":\"2013-09-13T07:28:49+00:00\",\"author\":{\"@id\":\"https:\/\/www.article-marketing.eu\/comunicati\/#\/schema\/person\/44372e4d4d0fa797b18e03ed1ace9017\"},\"breadcrumb\":{\"@id\":\"https:\/\/www.article-marketing.eu\/comunicati\/viaggi-e-vacanze\/viaggi-e-turismo\/trapani-meraviglia-tra-due-mari\/#breadcrumb\"},\"inLanguage\":\"it-IT\",\"potentialAction\":[{\"@type\":\"ReadAction\",\"target\":[\"https:\/\/www.article-marketing.eu\/comunicati\/viaggi-e-vacanze\/viaggi-e-turismo\/trapani-meraviglia-tra-due-mari\/\"]}]},{\"@type\":\"BreadcrumbList\",\"@id\":\"https:\/\/www.article-marketing.eu\/comunicati\/viaggi-e-vacanze\/viaggi-e-turismo\/trapani-meraviglia-tra-due-mari\/#breadcrumb\",\"itemListElement\":[{\"@type\":\"ListItem\",\"position\":1,\"name\":\"Home\",\"item\":\"https:\/\/www.article-marketing.eu\/comunicati\/\"},{\"@type\":\"ListItem\",\"position\":2,\"name\":\"Trapani, Meraviglia tra due Mari\"}]},{\"@type\":\"WebSite\",\"@id\":\"https:\/\/www.article-marketing.eu\/comunicati\/#website\",\"url\":\"https:\/\/www.article-marketing.eu\/comunicati\/\",\"name\":\"Article Marketing\",\"description\":\"article marketing &amp; press release\",\"potentialAction\":[{\"@type\":\"SearchAction\",\"target\":{\"@type\":\"EntryPoint\",\"urlTemplate\":\"https:\/\/www.article-marketing.eu\/comunicati\/?s={search_term_string}\"},\"query-input\":{\"@type\":\"PropertyValueSpecification\",\"valueRequired\":true,\"valueName\":\"search_term_string\"}}],\"inLanguage\":\"it-IT\"},{\"@type\":\"Person\",\"@id\":\"https:\/\/www.article-marketing.eu\/comunicati\/#\/schema\/person\/44372e4d4d0fa797b18e03ed1ace9017\",\"name\":\"Redazione Comunicati Stampa\",\"image\":{\"@type\":\"ImageObject\",\"inLanguage\":\"it-IT\",\"@id\":\"https:\/\/www.article-marketing.eu\/comunicati\/#\/schema\/person\/image\/\",\"url\":\"https:\/\/secure.gravatar.com\/avatar\/50e5c6421d3072f42e7ace803501602c60d75233d34e29fd05feb91c8760b792?s=96&d=mm&r=g\",\"contentUrl\":\"https:\/\/secure.gravatar.com\/avatar\/50e5c6421d3072f42e7ace803501602c60d75233d34e29fd05feb91c8760b792?s=96&d=mm&r=g\",\"caption\":\"Redazione Comunicati Stampa\"},\"url\":\"https:\/\/www.article-marketing.eu\/comunicati\/author\/redazione-comunicati-stampa\/\"}]}<\/script>\n<!-- \/ Yoast SEO plugin. -->","yoast_head_json":{"title":"Trapani, Meraviglia tra due Mari - Article Marketing","robots":{"index":"index","follow":"follow","max-snippet":"max-snippet:-1","max-image-preview":"max-image-preview:large","max-video-preview":"max-video-preview:-1"},"canonical":"https:\/\/www.article-marketing.eu\/comunicati\/viaggi-e-vacanze\/viaggi-e-turismo\/trapani-meraviglia-tra-due-mari\/","og_locale":"it_IT","og_type":"article","og_title":"Trapani, Meraviglia tra due Mari - Article Marketing","og_description":"L\u2019aeroporto Birgi, si trova a met\u00e0 strada tra Trapani e Marsala, ed \u00e8 a 15 km di distanza da entrambe le citt\u00e0.","og_url":"https:\/\/www.article-marketing.eu\/comunicati\/viaggi-e-vacanze\/viaggi-e-turismo\/trapani-meraviglia-tra-due-mari\/","og_site_name":"Article Marketing","article_published_time":"2013-09-13T07:28:49+00:00","author":"Redazione Comunicati Stampa","twitter_card":"summary_large_image","twitter_misc":{"Scritto da":"Redazione Comunicati Stampa","Tempo di lettura stimato":"3 minuti"},"schema":{"@context":"https:\/\/schema.org","@graph":[{"@type":"Article","@id":"https:\/\/www.article-marketing.eu\/comunicati\/viaggi-e-vacanze\/viaggi-e-turismo\/trapani-meraviglia-tra-due-mari\/#article","isPartOf":{"@id":"https:\/\/www.article-marketing.eu\/comunicati\/viaggi-e-vacanze\/viaggi-e-turismo\/trapani-meraviglia-tra-due-mari\/"},"author":{"name":"Redazione Comunicati Stampa","@id":"https:\/\/www.article-marketing.eu\/comunicati\/#\/schema\/person\/44372e4d4d0fa797b18e03ed1ace9017"},"headline":"Trapani, Meraviglia tra due Mari","datePublished":"2013-09-13T07:28:49+00:00","mainEntityOfPage":{"@id":"https:\/\/www.article-marketing.eu\/comunicati\/viaggi-e-vacanze\/viaggi-e-turismo\/trapani-meraviglia-tra-due-mari\/"},"wordCount":508,"commentCount":0,"keywords":["Autonoleggio Trapani","noleggio auto","Noleggio Auto Trapani Airport"],"articleSection":["Viaggi e Turismo"],"inLanguage":"it-IT","potentialAction":[{"@type":"CommentAction","name":"Comment","target":["https:\/\/www.article-marketing.eu\/comunicati\/viaggi-e-vacanze\/viaggi-e-turismo\/trapani-meraviglia-tra-due-mari\/#respond"]}]},{"@type":"WebPage","@id":"https:\/\/www.article-marketing.eu\/comunicati\/viaggi-e-vacanze\/viaggi-e-turismo\/trapani-meraviglia-tra-due-mari\/","url":"https:\/\/www.article-marketing.eu\/comunicati\/viaggi-e-vacanze\/viaggi-e-turismo\/trapani-meraviglia-tra-due-mari\/","name":"Trapani, Meraviglia tra due Mari - Article Marketing","isPartOf":{"@id":"https:\/\/www.article-marketing.eu\/comunicati\/#website"},"datePublished":"2013-09-13T07:28:49+00:00","author":{"@id":"https:\/\/www.article-marketing.eu\/comunicati\/#\/schema\/person\/44372e4d4d0fa797b18e03ed1ace9017"},"breadcrumb":{"@id":"https:\/\/www.article-marketing.eu\/comunicati\/viaggi-e-vacanze\/viaggi-e-turismo\/trapani-meraviglia-tra-due-mari\/#breadcrumb"},"inLanguage":"it-IT","potentialAction":[{"@type":"ReadAction","target":["https:\/\/www.article-marketing.eu\/comunicati\/viaggi-e-vacanze\/viaggi-e-turismo\/trapani-meraviglia-tra-due-mari\/"]}]},{"@type":"BreadcrumbList","@id":"https:\/\/www.article-marketing.eu\/comunicati\/viaggi-e-vacanze\/viaggi-e-turismo\/trapani-meraviglia-tra-due-mari\/#breadcrumb","itemListElement":[{"@type":"ListItem","position":1,"name":"Home","item":"https:\/\/www.article-marketing.eu\/comunicati\/"},{"@type":"ListItem","position":2,"name":"Trapani, Meraviglia tra due Mari"}]},{"@type":"WebSite","@id":"https:\/\/www.article-marketing.eu\/comunicati\/#website","url":"https:\/\/www.article-marketing.eu\/comunicati\/","name":"Article Marketing","description":"article marketing &amp; press release","potentialAction":[{"@type":"SearchAction","target":{"@type":"EntryPoint","urlTemplate":"https:\/\/www.article-marketing.eu\/comunicati\/?s={search_term_string}"},"query-input":{"@type":"PropertyValueSpecification","valueRequired":true,"valueName":"search_term_string"}}],"inLanguage":"it-IT"},{"@type":"Person","@id":"https:\/\/www.article-marketing.eu\/comunicati\/#\/schema\/person\/44372e4d4d0fa797b18e03ed1ace9017","name":"Redazione Comunicati Stampa","image":{"@type":"ImageObject","inLanguage":"it-IT","@id":"https:\/\/www.article-marketing.eu\/comunicati\/#\/schema\/person\/image\/","url":"https:\/\/secure.gravatar.com\/avatar\/50e5c6421d3072f42e7ace803501602c60d75233d34e29fd05feb91c8760b792?s=96&d=mm&r=g","contentUrl":"https:\/\/secure.gravatar.com\/avatar\/50e5c6421d3072f42e7ace803501602c60d75233d34e29fd05feb91c8760b792?s=96&d=mm&r=g","caption":"Redazione Comunicati Stampa"},"url":"https:\/\/www.article-marketing.eu\/comunicati\/author\/redazione-comunicati-stampa\/"}]}},"_links":{"self":[{"href":"https:\/\/www.article-marketing.eu\/comunicati\/wp-json\/wp\/v2\/posts\/36686","targetHints":{"allow":["GET"]}}],"collection":[{"href":"https:\/\/www.article-marketing.eu\/comunicati\/wp-json\/wp\/v2\/posts"}],"about":[{"href":"https:\/\/www.article-marketing.eu\/comunicati\/wp-json\/wp\/v2\/types\/post"}],"author":[{"embeddable":true,"href":"https:\/\/www.article-marketing.eu\/comunicati\/wp-json\/wp\/v2\/users\/10"}],"replies":[{"embeddable":true,"href":"https:\/\/www.article-marketing.eu\/comunicati\/wp-json\/wp\/v2\/comments?post=36686"}],"version-history":[{"count":0,"href":"https:\/\/www.article-marketing.eu\/comunicati\/wp-json\/wp\/v2\/posts\/36686\/revisions"}],"wp:attachment":[{"href":"https:\/\/www.article-marketing.eu\/comunicati\/wp-json\/wp\/v2\/media?parent=36686"}],"wp:term":[{"taxonomy":"category","embeddable":true,"href":"https:\/\/www.article-marketing.eu\/comunicati\/wp-json\/wp\/v2\/categories?post=36686"},{"taxonomy":"post_tag","embeddable":true,"href":"https:\/\/www.article-marketing.eu\/comunicati\/wp-json\/wp\/v2\/tags?post=36686"}],"curies":[{"name":"wp","href":"https:\/\/api.w.org\/{rel}","templated":true}]}}