{"id":3669,"date":"2009-12-16T10:53:05","date_gmt":"2009-12-16T09:53:05","guid":{"rendered":"http:\/\/www.article-marketing.eu\/comunicati\/senza-categoria\/scoperta-base-neurologica-per-i-problemi-relazionali-nelle-persone-con-autismo\/"},"modified":"2009-12-16T10:53:05","modified_gmt":"2009-12-16T09:53:05","slug":"scoperta-base-neurologica-per-i-problemi-relazionali-nelle-persone-con-autismo","status":"publish","type":"post","link":"https:\/\/www.article-marketing.eu\/comunicati\/salute-e-benessere\/scoperta-base-neurologica-per-i-problemi-relazionali-nelle-persone-con-autismo\/","title":{"rendered":"Scoperta base neurologica per i problemi relazionali nelle persone con autismo"},"content":{"rendered":"<p>Le persone con autismo &#8216;hanno problemi con<br \/>\nla consapevolezza del s\u00e8&#8217;. Gli scienziati hanno dimostrato che la<br \/>\nconsapevolezza del s\u00e9 \u00e8 un grosso problema per le persone con autismo. <\/p>\n<p>Scan cerebrali particolareggiate hanno dimostrato che i cervelli delle persone<br \/>\ncon autismo sono meno attivi quando sono impegnati in riflessioni sul s\u00e9. &nbsp;<\/p>\n<p>Queste scoperte permettono di capire dal punto di vista neurologico perch\u00e9<br \/>\nle persone con autismo hanno difficolt\u00e0 nelle situazioni sociali. &nbsp;<\/p>\n<p>Questo studio della University of Cambridge \u00e8 stato pubblicato su Brain. <\/p>\n<p>L\u2019autismo \u00e8 stato considerato per molto tempo una condizione di egocentrismo<br \/>\nestremo. &nbsp;<\/p>\n<p>Ma questa ricerca ha dimostrato che le persone con autismo hanno problemi a<br \/>\npensare a s\u00e8 stesse e a trarne un senso. <\/p>\n<p>I ricercatori hanno utilizzato scan di risonanza magnetica funzionale per<br \/>\nmisurare l\u2019attivit\u00e0 cerebrale di 66 volontari di sesso maschile, la met\u00e0 di<br \/>\nquesti aveva una diagnosi di disturbo nello spettro autistico. &nbsp;<\/p>\n<p>Ai volontari \u00e8 stato richiesto di esprimere giudizi su propri pensieri,<br \/>\nopinioni, preferenze o caratteristiche fisiche e su un\u2019altra persona, in questo<br \/>\ncaso la Regina<br \/>\nd\u2019Inghilterra. &nbsp;<\/p>\n<p>Scannerizzando i cervelli dei volontari mentre rispondevano a queste<br \/>\ndomande, i ricercatori sono stati in grado di visualizzare differenze nell\u2019attivit\u00e0<br \/>\ncerebrale tra le persone con e senza autismo. &nbsp;<\/p>\n<p>Erano particolarmente interessati alla parte del cervello chiamata corteccia<br \/>\npre \u2013 frontale ventromediale (vMPFC) \u2013 sapendo che essa \u00e8 attiva quando le persone<br \/>\npensano a s\u00e9 stesse. &nbsp;<\/p>\n<p>I ricercatori hanno scoperto che questa area del cervello era pi\u00f9 attiva<br \/>\nquando ai volontari neurotipici venivano poste domande su s\u00e8 stessi rispetto a<br \/>\nquando pensavano alla Regina. &nbsp;<\/p>\n<p>Nelle persone con autismo quest\u2019area del cervello rispondeva allo stesso<br \/>\nmodo sia quando i soggetti pensavano a s\u00e9 stessi, sia quando pensavano alla<br \/>\nRegina. &nbsp;<\/p>\n<p>Il ricercatore Michael Lombardo ha affermato che lo studio ha dimostrato che<br \/>\nil cervello delle persone autistiche ha difficolt\u00e0 a processare informazioni<br \/>\nsul s\u00e8: &quot;le interazioni sociali con gli altri richiedono il tenersi al<br \/>\npasso con la relazione tra una persona e gli altri. In alcune situazioni<br \/>\nsociali \u00e8 importante notare che &#8216; Io sono simile a te &#8216;, mentre in altre situazioni<br \/>\n\u00e8 importante notare che &#8216; Io sono diverso da te &#8216;. Il modo atipico con cui il<br \/>\ncervello delle persone con autismo tratta le informazioni relative al s\u00e9 come<br \/>\nequivalenti alle informazioni sugli altri potrebbe rovinare lo sviluppo sociale<br \/>\ndei bambini, in particolare nel comprendere come relazionarsi col mondo sociale<br \/>\nche li circonda.&quot; <\/p>\n<p>La dottoressa Gina G\u00f3mez de la Cuesta, della<br \/>\nNational Autistic Society, ha giudicato interessante questo studio: &quot;Sappiamo<br \/>\nche molte persone con autismo vogliono interagire con gli altri e avere delle<br \/>\namicizie ma hanno difficolt\u00e0 nel riconoscere o nel capire i pensieri e i<br \/>\nsentimenti delle altre persone. Questa ricerca ha dimostrato che le persone con<br \/>\nautismo potrebbero avere difficolt\u00e0 anche nel capire i propri pensieri e i propri<br \/>\nsentimenti e ha rivelato i meccanismi cerebrali che sono alla base di questo problema.&quot;\n<\/p>\n<p><a href=\"http:\/\/news.bbc.co.uk\/2\/hi\/health\/8407857.stm\"><br \/><\/a><\/p>\n<p>Fonte in italiano: http:\/\/autismo-e-dintorni.blogspot.com\/2009\/12\/scoperta-una-possibile-causa.html<\/p>\n","protected":false},"excerpt":{"rendered":"<p>Le persone con autismo &#8216;hanno problemi con la consapevolezza del s\u00e8&#8217;. Gli scienziati hanno dimostrato che la consapevolezza del s\u00e9 \u00e8 un grosso problema per le persone con autismo.<\/p>\n","protected":false},"author":10,"featured_media":0,"comment_status":"open","ping_status":"open","sticky":false,"template":"","format":"standard","meta":{"cybocfi_hide_featured_image":"","footnotes":""},"categories":[265],"tags":[10496,11394,11395,11396,11397],"class_list":["post-3669","post","type-post","status-publish","format-standard","hentry","category-salute-e-benessere","tag-autismo","tag-consapevolezza-del-se","tag-problemi-relazionali","tag-scan-cerebrali","tag-university-of-cambridge"],"yoast_head":"<!-- This site is optimized with the Yoast SEO plugin v27.0 - https:\/\/yoast.com\/product\/yoast-seo-wordpress\/ -->\n<title>Scoperta base neurologica per i problemi relazionali nelle persone con autismo - Article Marketing<\/title>\n<meta name=\"robots\" content=\"index, follow, max-snippet:-1, max-image-preview:large, max-video-preview:-1\" \/>\n<link rel=\"canonical\" href=\"https:\/\/www.article-marketing.eu\/comunicati\/salute-e-benessere\/scoperta-base-neurologica-per-i-problemi-relazionali-nelle-persone-con-autismo\/\" \/>\n<meta property=\"og:locale\" content=\"it_IT\" \/>\n<meta property=\"og:type\" content=\"article\" \/>\n<meta property=\"og:title\" content=\"Scoperta base neurologica per i problemi relazionali nelle persone con autismo - Article Marketing\" \/>\n<meta property=\"og:description\" content=\"Le persone con autismo &#039;hanno problemi con la consapevolezza del s\u00e8&#039;. Gli scienziati hanno dimostrato che la consapevolezza del s\u00e9 \u00e8 un grosso problema per le persone con autismo.\" \/>\n<meta property=\"og:url\" content=\"https:\/\/www.article-marketing.eu\/comunicati\/salute-e-benessere\/scoperta-base-neurologica-per-i-problemi-relazionali-nelle-persone-con-autismo\/\" \/>\n<meta property=\"og:site_name\" content=\"Article Marketing\" \/>\n<meta property=\"article:published_time\" content=\"2009-12-16T09:53:05+00:00\" \/>\n<meta name=\"author\" content=\"Redazione Comunicati Stampa\" \/>\n<meta name=\"twitter:card\" content=\"summary_large_image\" \/>\n<meta name=\"twitter:label1\" content=\"Scritto da\" \/>\n\t<meta name=\"twitter:data1\" content=\"Redazione Comunicati Stampa\" \/>\n\t<meta name=\"twitter:label2\" content=\"Tempo di lettura stimato\" \/>\n\t<meta name=\"twitter:data2\" content=\"2 minuti\" \/>\n<script type=\"application\/ld+json\" class=\"yoast-schema-graph\">{\"@context\":\"https:\/\/schema.org\",\"@graph\":[{\"@type\":\"Article\",\"@id\":\"https:\/\/www.article-marketing.eu\/comunicati\/salute-e-benessere\/scoperta-base-neurologica-per-i-problemi-relazionali-nelle-persone-con-autismo\/#article\",\"isPartOf\":{\"@id\":\"https:\/\/www.article-marketing.eu\/comunicati\/salute-e-benessere\/scoperta-base-neurologica-per-i-problemi-relazionali-nelle-persone-con-autismo\/\"},\"author\":{\"name\":\"Redazione Comunicati Stampa\",\"@id\":\"https:\/\/www.article-marketing.eu\/comunicati\/#\/schema\/person\/44372e4d4d0fa797b18e03ed1ace9017\"},\"headline\":\"Scoperta base neurologica per i problemi relazionali nelle persone con autismo\",\"datePublished\":\"2009-12-16T09:53:05+00:00\",\"mainEntityOfPage\":{\"@id\":\"https:\/\/www.article-marketing.eu\/comunicati\/salute-e-benessere\/scoperta-base-neurologica-per-i-problemi-relazionali-nelle-persone-con-autismo\/\"},\"wordCount\":509,\"commentCount\":0,\"keywords\":[\"autismo\",\"consapevolezza del s\u00e8\",\"problemi relazionali\",\"scan cerebrali\",\"University of Cambridge\"],\"articleSection\":[\"Salute e benessere\"],\"inLanguage\":\"it-IT\",\"potentialAction\":[{\"@type\":\"CommentAction\",\"name\":\"Comment\",\"target\":[\"https:\/\/www.article-marketing.eu\/comunicati\/salute-e-benessere\/scoperta-base-neurologica-per-i-problemi-relazionali-nelle-persone-con-autismo\/#respond\"]}]},{\"@type\":\"WebPage\",\"@id\":\"https:\/\/www.article-marketing.eu\/comunicati\/salute-e-benessere\/scoperta-base-neurologica-per-i-problemi-relazionali-nelle-persone-con-autismo\/\",\"url\":\"https:\/\/www.article-marketing.eu\/comunicati\/salute-e-benessere\/scoperta-base-neurologica-per-i-problemi-relazionali-nelle-persone-con-autismo\/\",\"name\":\"Scoperta base neurologica per i problemi relazionali nelle persone con autismo - Article Marketing\",\"isPartOf\":{\"@id\":\"https:\/\/www.article-marketing.eu\/comunicati\/#website\"},\"datePublished\":\"2009-12-16T09:53:05+00:00\",\"author\":{\"@id\":\"https:\/\/www.article-marketing.eu\/comunicati\/#\/schema\/person\/44372e4d4d0fa797b18e03ed1ace9017\"},\"breadcrumb\":{\"@id\":\"https:\/\/www.article-marketing.eu\/comunicati\/salute-e-benessere\/scoperta-base-neurologica-per-i-problemi-relazionali-nelle-persone-con-autismo\/#breadcrumb\"},\"inLanguage\":\"it-IT\",\"potentialAction\":[{\"@type\":\"ReadAction\",\"target\":[\"https:\/\/www.article-marketing.eu\/comunicati\/salute-e-benessere\/scoperta-base-neurologica-per-i-problemi-relazionali-nelle-persone-con-autismo\/\"]}]},{\"@type\":\"BreadcrumbList\",\"@id\":\"https:\/\/www.article-marketing.eu\/comunicati\/salute-e-benessere\/scoperta-base-neurologica-per-i-problemi-relazionali-nelle-persone-con-autismo\/#breadcrumb\",\"itemListElement\":[{\"@type\":\"ListItem\",\"position\":1,\"name\":\"Home\",\"item\":\"https:\/\/www.article-marketing.eu\/comunicati\/\"},{\"@type\":\"ListItem\",\"position\":2,\"name\":\"Scoperta base neurologica per i problemi relazionali nelle persone con autismo\"}]},{\"@type\":\"WebSite\",\"@id\":\"https:\/\/www.article-marketing.eu\/comunicati\/#website\",\"url\":\"https:\/\/www.article-marketing.eu\/comunicati\/\",\"name\":\"Article Marketing\",\"description\":\"article marketing &amp; press release\",\"potentialAction\":[{\"@type\":\"SearchAction\",\"target\":{\"@type\":\"EntryPoint\",\"urlTemplate\":\"https:\/\/www.article-marketing.eu\/comunicati\/?s={search_term_string}\"},\"query-input\":{\"@type\":\"PropertyValueSpecification\",\"valueRequired\":true,\"valueName\":\"search_term_string\"}}],\"inLanguage\":\"it-IT\"},{\"@type\":\"Person\",\"@id\":\"https:\/\/www.article-marketing.eu\/comunicati\/#\/schema\/person\/44372e4d4d0fa797b18e03ed1ace9017\",\"name\":\"Redazione Comunicati Stampa\",\"image\":{\"@type\":\"ImageObject\",\"inLanguage\":\"it-IT\",\"@id\":\"https:\/\/www.article-marketing.eu\/comunicati\/#\/schema\/person\/image\/\",\"url\":\"https:\/\/secure.gravatar.com\/avatar\/50e5c6421d3072f42e7ace803501602c60d75233d34e29fd05feb91c8760b792?s=96&d=mm&r=g\",\"contentUrl\":\"https:\/\/secure.gravatar.com\/avatar\/50e5c6421d3072f42e7ace803501602c60d75233d34e29fd05feb91c8760b792?s=96&d=mm&r=g\",\"caption\":\"Redazione Comunicati Stampa\"},\"url\":\"https:\/\/www.article-marketing.eu\/comunicati\/author\/redazione-comunicati-stampa\/\"}]}<\/script>\n<!-- \/ Yoast SEO plugin. -->","yoast_head_json":{"title":"Scoperta base neurologica per i problemi relazionali nelle persone con autismo - Article Marketing","robots":{"index":"index","follow":"follow","max-snippet":"max-snippet:-1","max-image-preview":"max-image-preview:large","max-video-preview":"max-video-preview:-1"},"canonical":"https:\/\/www.article-marketing.eu\/comunicati\/salute-e-benessere\/scoperta-base-neurologica-per-i-problemi-relazionali-nelle-persone-con-autismo\/","og_locale":"it_IT","og_type":"article","og_title":"Scoperta base neurologica per i problemi relazionali nelle persone con autismo - Article Marketing","og_description":"Le persone con autismo 'hanno problemi con la consapevolezza del s\u00e8'. Gli scienziati hanno dimostrato che la consapevolezza del s\u00e9 \u00e8 un grosso problema per le persone con autismo.","og_url":"https:\/\/www.article-marketing.eu\/comunicati\/salute-e-benessere\/scoperta-base-neurologica-per-i-problemi-relazionali-nelle-persone-con-autismo\/","og_site_name":"Article Marketing","article_published_time":"2009-12-16T09:53:05+00:00","author":"Redazione Comunicati Stampa","twitter_card":"summary_large_image","twitter_misc":{"Scritto da":"Redazione Comunicati Stampa","Tempo di lettura stimato":"2 minuti"},"schema":{"@context":"https:\/\/schema.org","@graph":[{"@type":"Article","@id":"https:\/\/www.article-marketing.eu\/comunicati\/salute-e-benessere\/scoperta-base-neurologica-per-i-problemi-relazionali-nelle-persone-con-autismo\/#article","isPartOf":{"@id":"https:\/\/www.article-marketing.eu\/comunicati\/salute-e-benessere\/scoperta-base-neurologica-per-i-problemi-relazionali-nelle-persone-con-autismo\/"},"author":{"name":"Redazione Comunicati Stampa","@id":"https:\/\/www.article-marketing.eu\/comunicati\/#\/schema\/person\/44372e4d4d0fa797b18e03ed1ace9017"},"headline":"Scoperta base neurologica per i problemi relazionali nelle persone con autismo","datePublished":"2009-12-16T09:53:05+00:00","mainEntityOfPage":{"@id":"https:\/\/www.article-marketing.eu\/comunicati\/salute-e-benessere\/scoperta-base-neurologica-per-i-problemi-relazionali-nelle-persone-con-autismo\/"},"wordCount":509,"commentCount":0,"keywords":["autismo","consapevolezza del s\u00e8","problemi relazionali","scan cerebrali","University of Cambridge"],"articleSection":["Salute e benessere"],"inLanguage":"it-IT","potentialAction":[{"@type":"CommentAction","name":"Comment","target":["https:\/\/www.article-marketing.eu\/comunicati\/salute-e-benessere\/scoperta-base-neurologica-per-i-problemi-relazionali-nelle-persone-con-autismo\/#respond"]}]},{"@type":"WebPage","@id":"https:\/\/www.article-marketing.eu\/comunicati\/salute-e-benessere\/scoperta-base-neurologica-per-i-problemi-relazionali-nelle-persone-con-autismo\/","url":"https:\/\/www.article-marketing.eu\/comunicati\/salute-e-benessere\/scoperta-base-neurologica-per-i-problemi-relazionali-nelle-persone-con-autismo\/","name":"Scoperta base neurologica per i problemi relazionali nelle persone con autismo - Article Marketing","isPartOf":{"@id":"https:\/\/www.article-marketing.eu\/comunicati\/#website"},"datePublished":"2009-12-16T09:53:05+00:00","author":{"@id":"https:\/\/www.article-marketing.eu\/comunicati\/#\/schema\/person\/44372e4d4d0fa797b18e03ed1ace9017"},"breadcrumb":{"@id":"https:\/\/www.article-marketing.eu\/comunicati\/salute-e-benessere\/scoperta-base-neurologica-per-i-problemi-relazionali-nelle-persone-con-autismo\/#breadcrumb"},"inLanguage":"it-IT","potentialAction":[{"@type":"ReadAction","target":["https:\/\/www.article-marketing.eu\/comunicati\/salute-e-benessere\/scoperta-base-neurologica-per-i-problemi-relazionali-nelle-persone-con-autismo\/"]}]},{"@type":"BreadcrumbList","@id":"https:\/\/www.article-marketing.eu\/comunicati\/salute-e-benessere\/scoperta-base-neurologica-per-i-problemi-relazionali-nelle-persone-con-autismo\/#breadcrumb","itemListElement":[{"@type":"ListItem","position":1,"name":"Home","item":"https:\/\/www.article-marketing.eu\/comunicati\/"},{"@type":"ListItem","position":2,"name":"Scoperta base neurologica per i problemi relazionali nelle persone con autismo"}]},{"@type":"WebSite","@id":"https:\/\/www.article-marketing.eu\/comunicati\/#website","url":"https:\/\/www.article-marketing.eu\/comunicati\/","name":"Article Marketing","description":"article marketing &amp; press release","potentialAction":[{"@type":"SearchAction","target":{"@type":"EntryPoint","urlTemplate":"https:\/\/www.article-marketing.eu\/comunicati\/?s={search_term_string}"},"query-input":{"@type":"PropertyValueSpecification","valueRequired":true,"valueName":"search_term_string"}}],"inLanguage":"it-IT"},{"@type":"Person","@id":"https:\/\/www.article-marketing.eu\/comunicati\/#\/schema\/person\/44372e4d4d0fa797b18e03ed1ace9017","name":"Redazione Comunicati Stampa","image":{"@type":"ImageObject","inLanguage":"it-IT","@id":"https:\/\/www.article-marketing.eu\/comunicati\/#\/schema\/person\/image\/","url":"https:\/\/secure.gravatar.com\/avatar\/50e5c6421d3072f42e7ace803501602c60d75233d34e29fd05feb91c8760b792?s=96&d=mm&r=g","contentUrl":"https:\/\/secure.gravatar.com\/avatar\/50e5c6421d3072f42e7ace803501602c60d75233d34e29fd05feb91c8760b792?s=96&d=mm&r=g","caption":"Redazione Comunicati Stampa"},"url":"https:\/\/www.article-marketing.eu\/comunicati\/author\/redazione-comunicati-stampa\/"}]}},"_links":{"self":[{"href":"https:\/\/www.article-marketing.eu\/comunicati\/wp-json\/wp\/v2\/posts\/3669","targetHints":{"allow":["GET"]}}],"collection":[{"href":"https:\/\/www.article-marketing.eu\/comunicati\/wp-json\/wp\/v2\/posts"}],"about":[{"href":"https:\/\/www.article-marketing.eu\/comunicati\/wp-json\/wp\/v2\/types\/post"}],"author":[{"embeddable":true,"href":"https:\/\/www.article-marketing.eu\/comunicati\/wp-json\/wp\/v2\/users\/10"}],"replies":[{"embeddable":true,"href":"https:\/\/www.article-marketing.eu\/comunicati\/wp-json\/wp\/v2\/comments?post=3669"}],"version-history":[{"count":0,"href":"https:\/\/www.article-marketing.eu\/comunicati\/wp-json\/wp\/v2\/posts\/3669\/revisions"}],"wp:attachment":[{"href":"https:\/\/www.article-marketing.eu\/comunicati\/wp-json\/wp\/v2\/media?parent=3669"}],"wp:term":[{"taxonomy":"category","embeddable":true,"href":"https:\/\/www.article-marketing.eu\/comunicati\/wp-json\/wp\/v2\/categories?post=3669"},{"taxonomy":"post_tag","embeddable":true,"href":"https:\/\/www.article-marketing.eu\/comunicati\/wp-json\/wp\/v2\/tags?post=3669"}],"curies":[{"name":"wp","href":"https:\/\/api.w.org\/{rel}","templated":true}]}}