{"id":3670,"date":"2009-12-16T12:12:36","date_gmt":"2009-12-16T11:12:36","guid":{"rendered":"http:\/\/www.article-marketing.eu\/comunicati\/senza-categoria\/serenamente-si-e-spento-un-cacchio\/"},"modified":"2009-12-16T12:12:36","modified_gmt":"2009-12-16T11:12:36","slug":"serenamente-si-e-spento-un-cacchio","status":"publish","type":"post","link":"https:\/\/www.article-marketing.eu\/comunicati\/arte-e-cultura\/ricerca-e-sviluppo\/serenamente-si-e-spento-un-cacchio\/","title":{"rendered":"Serenamente si \u00e8 spento&#8230;.un cacchio !"},"content":{"rendered":"<p>Stamani mi sono imbattuto per caso in <strong>un sito web di un bed and breakfast che a quanto pare ha cessato l&#8217;attivit\u00e0<\/strong>.<br \/>\n  Mi ha sorpreso notare che sulla sua pagina web <strong>vi \u00e8 ora un&#8217;immagine a dir poco simpatica !<\/strong><br \/>\n  Eccola:<br \/><img decoding=\"async\" src=\"http:\/\/www.salvatoremenale.it\/wp-content\/uploads\/2009\/12\/funebreConte-1.jpg\" \/><\/p>\n<p>  Ovviamente non conosco i motivi della chiusura di questa struttura: probabilmente non saranno motivi legati a fattori di crisi, ma semplicemente motivi personali.<br \/>\n  <strong>Approfitto per\u00f2 di questo post per incoraggiare quanti sono ancora preoccupati per il negativo momento che stanno attraversando<\/strong>. Di certo non sono i soli, ma si tratta piuttosto di un fenomeno ricollegabile all economia internazionale.<br \/>\n  <br \/>\n  <strong>Sbaglia chi<\/strong>   preoccupato dalla tendenza attuale   <strong>ritiene che sia giusto ridurre gli investimenti e le politiche di comunicazione per un puro stimolo di prudenza<\/strong>.<br \/>\n  Una oculata e giusta strategia di marketing infatti potr\u00e0 risultare vincente nel debellare i nefasti effetti di questo momento che noi tutti stiamo vivendo.<br \/>\n  <br \/>\n  <strong>Ha ragione invece chi ritiene di dover contenere, se non ridurre, i costi:<\/strong> probabilmente per\u00f2 la chiave giusta \u00e8 la <strong>ricollocazione<\/strong>, perch\u00e9 proprio il marketing deve essere il volano, la chiave con la quale aprire nuove porte e cercare di ottenere quel tanto auspicato cambiamento necessario non solo alla sopravvivenza, ma soprattutto alla crescita.<\/p>\n<p><strong>Un nuovo modo di comunicare<\/strong> dunque, questo \u00e8 ci\u00f2 che ora dobbiamo auspicare.<\/p>\n<p>  Lasciamo dunque i mezzi di comunicazione tradizionali e iniziamo a  fare rumore .<br \/>\n  In primis oggi e  NECESSARIO e <strong>FONDAMENTALE<\/strong> essere presenti con forza on line: c \u00e8 bisogno di una forte presenza.<\/p>\n<p>Quindi ben vengano campagne Web a basso costo ed \u00e8 ora di passare  davvero  agli strumenti offerti dal web 2.0, non solo blog, ma anche e soprattutto social networking, article marketing, comunicati stampa, diffusione di contenuti virali (non solo video, ma slide, presentazioni, audio, ecc.)<\/p>\n<p>  Non dimentichiamo per\u00f2 che  domani  queste strategie potranno essere obsolete ed allora si ritorner\u00e0 senz altro alle vecchie regole: con questo non voglio contraddirmi, ma ricordo a me stesso ed a voi, che <strong>\u00e8 sempre bene avere un occhio puntato sui nuovi media ed un altro puntato invece sui vecchi canoni e sulle classiche strategie imparate e collaudate nel passato<\/strong>.<br \/>\n  <br \/>\n  Il  passaparola  ad esempio funziona da secoli, funziona oggi e funzioner\u00e0 sempre, ed \u00e8 nel web che forse (se non sicuramente) trover\u00e0 nei prossimi anni terreno fertile.<br \/>\n  <\/p>\n","protected":false},"excerpt":{"rendered":"<p>Una simpatica riflessione sul particolare momento economico che le aziende stanno attraversando in questo periodo e sulla possibilit\u00e0 di uscirne presto.<\/p>\n","protected":false},"author":10,"featured_media":0,"comment_status":"open","ping_status":"open","sticky":false,"template":"","format":"standard","meta":{"cybocfi_hide_featured_image":"","footnotes":""},"categories":[77],"tags":[],"class_list":["post-3670","post","type-post","status-publish","format-standard","hentry","category-ricerca-e-sviluppo"],"yoast_head":"<!-- This site is optimized with the Yoast SEO plugin v27.0 - https:\/\/yoast.com\/product\/yoast-seo-wordpress\/ -->\n<title>Serenamente si \u00e8 spento....un cacchio ! - Article Marketing<\/title>\n<meta name=\"robots\" content=\"index, follow, max-snippet:-1, max-image-preview:large, max-video-preview:-1\" \/>\n<link rel=\"canonical\" href=\"https:\/\/www.article-marketing.eu\/comunicati\/arte-e-cultura\/ricerca-e-sviluppo\/serenamente-si-e-spento-un-cacchio\/\" \/>\n<meta property=\"og:locale\" content=\"it_IT\" \/>\n<meta property=\"og:type\" content=\"article\" \/>\n<meta property=\"og:title\" content=\"Serenamente si \u00e8 spento....un cacchio ! - Article Marketing\" \/>\n<meta property=\"og:description\" content=\"Una simpatica riflessione sul particolare momento economico che le aziende stanno attraversando in questo periodo e sulla possibilit\u00e0 di uscirne presto.\" \/>\n<meta property=\"og:url\" content=\"https:\/\/www.article-marketing.eu\/comunicati\/arte-e-cultura\/ricerca-e-sviluppo\/serenamente-si-e-spento-un-cacchio\/\" \/>\n<meta property=\"og:site_name\" content=\"Article Marketing\" \/>\n<meta property=\"article:published_time\" content=\"2009-12-16T11:12:36+00:00\" \/>\n<meta property=\"og:image\" content=\"http:\/\/www.salvatoremenale.it\/wp-content\/uploads\/2009\/12\/funebreConte-1.jpg\" \/>\n<meta name=\"author\" content=\"Redazione Comunicati Stampa\" \/>\n<meta name=\"twitter:card\" content=\"summary_large_image\" \/>\n<meta name=\"twitter:label1\" content=\"Scritto da\" \/>\n\t<meta name=\"twitter:data1\" content=\"Redazione Comunicati Stampa\" \/>\n\t<meta name=\"twitter:label2\" content=\"Tempo di lettura stimato\" \/>\n\t<meta name=\"twitter:data2\" content=\"2 minuti\" \/>\n<script type=\"application\/ld+json\" class=\"yoast-schema-graph\">{\"@context\":\"https:\/\/schema.org\",\"@graph\":[{\"@type\":\"Article\",\"@id\":\"https:\/\/www.article-marketing.eu\/comunicati\/arte-e-cultura\/ricerca-e-sviluppo\/serenamente-si-e-spento-un-cacchio\/#article\",\"isPartOf\":{\"@id\":\"https:\/\/www.article-marketing.eu\/comunicati\/arte-e-cultura\/ricerca-e-sviluppo\/serenamente-si-e-spento-un-cacchio\/\"},\"author\":{\"name\":\"Redazione Comunicati Stampa\",\"@id\":\"https:\/\/www.article-marketing.eu\/comunicati\/#\/schema\/person\/44372e4d4d0fa797b18e03ed1ace9017\"},\"headline\":\"Serenamente si \u00e8 spento&#8230;.un cacchio !\",\"datePublished\":\"2009-12-16T11:12:36+00:00\",\"mainEntityOfPage\":{\"@id\":\"https:\/\/www.article-marketing.eu\/comunicati\/arte-e-cultura\/ricerca-e-sviluppo\/serenamente-si-e-spento-un-cacchio\/\"},\"wordCount\":374,\"commentCount\":0,\"image\":{\"@id\":\"https:\/\/www.article-marketing.eu\/comunicati\/arte-e-cultura\/ricerca-e-sviluppo\/serenamente-si-e-spento-un-cacchio\/#primaryimage\"},\"thumbnailUrl\":\"http:\/\/www.salvatoremenale.it\/wp-content\/uploads\/2009\/12\/funebreConte-1.jpg\",\"articleSection\":[\"Ricerca e sviluppo\"],\"inLanguage\":\"it-IT\",\"potentialAction\":[{\"@type\":\"CommentAction\",\"name\":\"Comment\",\"target\":[\"https:\/\/www.article-marketing.eu\/comunicati\/arte-e-cultura\/ricerca-e-sviluppo\/serenamente-si-e-spento-un-cacchio\/#respond\"]}]},{\"@type\":\"WebPage\",\"@id\":\"https:\/\/www.article-marketing.eu\/comunicati\/arte-e-cultura\/ricerca-e-sviluppo\/serenamente-si-e-spento-un-cacchio\/\",\"url\":\"https:\/\/www.article-marketing.eu\/comunicati\/arte-e-cultura\/ricerca-e-sviluppo\/serenamente-si-e-spento-un-cacchio\/\",\"name\":\"Serenamente si \u00e8 spento....un cacchio ! - Article Marketing\",\"isPartOf\":{\"@id\":\"https:\/\/www.article-marketing.eu\/comunicati\/#website\"},\"primaryImageOfPage\":{\"@id\":\"https:\/\/www.article-marketing.eu\/comunicati\/arte-e-cultura\/ricerca-e-sviluppo\/serenamente-si-e-spento-un-cacchio\/#primaryimage\"},\"image\":{\"@id\":\"https:\/\/www.article-marketing.eu\/comunicati\/arte-e-cultura\/ricerca-e-sviluppo\/serenamente-si-e-spento-un-cacchio\/#primaryimage\"},\"thumbnailUrl\":\"http:\/\/www.salvatoremenale.it\/wp-content\/uploads\/2009\/12\/funebreConte-1.jpg\",\"datePublished\":\"2009-12-16T11:12:36+00:00\",\"author\":{\"@id\":\"https:\/\/www.article-marketing.eu\/comunicati\/#\/schema\/person\/44372e4d4d0fa797b18e03ed1ace9017\"},\"breadcrumb\":{\"@id\":\"https:\/\/www.article-marketing.eu\/comunicati\/arte-e-cultura\/ricerca-e-sviluppo\/serenamente-si-e-spento-un-cacchio\/#breadcrumb\"},\"inLanguage\":\"it-IT\",\"potentialAction\":[{\"@type\":\"ReadAction\",\"target\":[\"https:\/\/www.article-marketing.eu\/comunicati\/arte-e-cultura\/ricerca-e-sviluppo\/serenamente-si-e-spento-un-cacchio\/\"]}]},{\"@type\":\"ImageObject\",\"inLanguage\":\"it-IT\",\"@id\":\"https:\/\/www.article-marketing.eu\/comunicati\/arte-e-cultura\/ricerca-e-sviluppo\/serenamente-si-e-spento-un-cacchio\/#primaryimage\",\"url\":\"http:\/\/www.salvatoremenale.it\/wp-content\/uploads\/2009\/12\/funebreConte-1.jpg\",\"contentUrl\":\"http:\/\/www.salvatoremenale.it\/wp-content\/uploads\/2009\/12\/funebreConte-1.jpg\"},{\"@type\":\"BreadcrumbList\",\"@id\":\"https:\/\/www.article-marketing.eu\/comunicati\/arte-e-cultura\/ricerca-e-sviluppo\/serenamente-si-e-spento-un-cacchio\/#breadcrumb\",\"itemListElement\":[{\"@type\":\"ListItem\",\"position\":1,\"name\":\"Home\",\"item\":\"https:\/\/www.article-marketing.eu\/comunicati\/\"},{\"@type\":\"ListItem\",\"position\":2,\"name\":\"Serenamente si \u00e8 spento&#8230;.un cacchio !\"}]},{\"@type\":\"WebSite\",\"@id\":\"https:\/\/www.article-marketing.eu\/comunicati\/#website\",\"url\":\"https:\/\/www.article-marketing.eu\/comunicati\/\",\"name\":\"Article Marketing\",\"description\":\"article marketing &amp; press release\",\"potentialAction\":[{\"@type\":\"SearchAction\",\"target\":{\"@type\":\"EntryPoint\",\"urlTemplate\":\"https:\/\/www.article-marketing.eu\/comunicati\/?s={search_term_string}\"},\"query-input\":{\"@type\":\"PropertyValueSpecification\",\"valueRequired\":true,\"valueName\":\"search_term_string\"}}],\"inLanguage\":\"it-IT\"},{\"@type\":\"Person\",\"@id\":\"https:\/\/www.article-marketing.eu\/comunicati\/#\/schema\/person\/44372e4d4d0fa797b18e03ed1ace9017\",\"name\":\"Redazione Comunicati Stampa\",\"image\":{\"@type\":\"ImageObject\",\"inLanguage\":\"it-IT\",\"@id\":\"https:\/\/www.article-marketing.eu\/comunicati\/#\/schema\/person\/image\/\",\"url\":\"https:\/\/secure.gravatar.com\/avatar\/50e5c6421d3072f42e7ace803501602c60d75233d34e29fd05feb91c8760b792?s=96&d=mm&r=g\",\"contentUrl\":\"https:\/\/secure.gravatar.com\/avatar\/50e5c6421d3072f42e7ace803501602c60d75233d34e29fd05feb91c8760b792?s=96&d=mm&r=g\",\"caption\":\"Redazione Comunicati Stampa\"},\"url\":\"https:\/\/www.article-marketing.eu\/comunicati\/author\/redazione-comunicati-stampa\/\"}]}<\/script>\n<!-- \/ Yoast SEO plugin. -->","yoast_head_json":{"title":"Serenamente si \u00e8 spento....un cacchio ! - Article Marketing","robots":{"index":"index","follow":"follow","max-snippet":"max-snippet:-1","max-image-preview":"max-image-preview:large","max-video-preview":"max-video-preview:-1"},"canonical":"https:\/\/www.article-marketing.eu\/comunicati\/arte-e-cultura\/ricerca-e-sviluppo\/serenamente-si-e-spento-un-cacchio\/","og_locale":"it_IT","og_type":"article","og_title":"Serenamente si \u00e8 spento....un cacchio ! - Article Marketing","og_description":"Una simpatica riflessione sul particolare momento economico che le aziende stanno attraversando in questo periodo e sulla possibilit\u00e0 di uscirne presto.","og_url":"https:\/\/www.article-marketing.eu\/comunicati\/arte-e-cultura\/ricerca-e-sviluppo\/serenamente-si-e-spento-un-cacchio\/","og_site_name":"Article Marketing","article_published_time":"2009-12-16T11:12:36+00:00","og_image":[{"url":"http:\/\/www.salvatoremenale.it\/wp-content\/uploads\/2009\/12\/funebreConte-1.jpg","type":"","width":"","height":""}],"author":"Redazione Comunicati Stampa","twitter_card":"summary_large_image","twitter_misc":{"Scritto da":"Redazione Comunicati Stampa","Tempo di lettura stimato":"2 minuti"},"schema":{"@context":"https:\/\/schema.org","@graph":[{"@type":"Article","@id":"https:\/\/www.article-marketing.eu\/comunicati\/arte-e-cultura\/ricerca-e-sviluppo\/serenamente-si-e-spento-un-cacchio\/#article","isPartOf":{"@id":"https:\/\/www.article-marketing.eu\/comunicati\/arte-e-cultura\/ricerca-e-sviluppo\/serenamente-si-e-spento-un-cacchio\/"},"author":{"name":"Redazione Comunicati Stampa","@id":"https:\/\/www.article-marketing.eu\/comunicati\/#\/schema\/person\/44372e4d4d0fa797b18e03ed1ace9017"},"headline":"Serenamente si \u00e8 spento&#8230;.un cacchio !","datePublished":"2009-12-16T11:12:36+00:00","mainEntityOfPage":{"@id":"https:\/\/www.article-marketing.eu\/comunicati\/arte-e-cultura\/ricerca-e-sviluppo\/serenamente-si-e-spento-un-cacchio\/"},"wordCount":374,"commentCount":0,"image":{"@id":"https:\/\/www.article-marketing.eu\/comunicati\/arte-e-cultura\/ricerca-e-sviluppo\/serenamente-si-e-spento-un-cacchio\/#primaryimage"},"thumbnailUrl":"http:\/\/www.salvatoremenale.it\/wp-content\/uploads\/2009\/12\/funebreConte-1.jpg","articleSection":["Ricerca e sviluppo"],"inLanguage":"it-IT","potentialAction":[{"@type":"CommentAction","name":"Comment","target":["https:\/\/www.article-marketing.eu\/comunicati\/arte-e-cultura\/ricerca-e-sviluppo\/serenamente-si-e-spento-un-cacchio\/#respond"]}]},{"@type":"WebPage","@id":"https:\/\/www.article-marketing.eu\/comunicati\/arte-e-cultura\/ricerca-e-sviluppo\/serenamente-si-e-spento-un-cacchio\/","url":"https:\/\/www.article-marketing.eu\/comunicati\/arte-e-cultura\/ricerca-e-sviluppo\/serenamente-si-e-spento-un-cacchio\/","name":"Serenamente si \u00e8 spento....un cacchio ! - Article Marketing","isPartOf":{"@id":"https:\/\/www.article-marketing.eu\/comunicati\/#website"},"primaryImageOfPage":{"@id":"https:\/\/www.article-marketing.eu\/comunicati\/arte-e-cultura\/ricerca-e-sviluppo\/serenamente-si-e-spento-un-cacchio\/#primaryimage"},"image":{"@id":"https:\/\/www.article-marketing.eu\/comunicati\/arte-e-cultura\/ricerca-e-sviluppo\/serenamente-si-e-spento-un-cacchio\/#primaryimage"},"thumbnailUrl":"http:\/\/www.salvatoremenale.it\/wp-content\/uploads\/2009\/12\/funebreConte-1.jpg","datePublished":"2009-12-16T11:12:36+00:00","author":{"@id":"https:\/\/www.article-marketing.eu\/comunicati\/#\/schema\/person\/44372e4d4d0fa797b18e03ed1ace9017"},"breadcrumb":{"@id":"https:\/\/www.article-marketing.eu\/comunicati\/arte-e-cultura\/ricerca-e-sviluppo\/serenamente-si-e-spento-un-cacchio\/#breadcrumb"},"inLanguage":"it-IT","potentialAction":[{"@type":"ReadAction","target":["https:\/\/www.article-marketing.eu\/comunicati\/arte-e-cultura\/ricerca-e-sviluppo\/serenamente-si-e-spento-un-cacchio\/"]}]},{"@type":"ImageObject","inLanguage":"it-IT","@id":"https:\/\/www.article-marketing.eu\/comunicati\/arte-e-cultura\/ricerca-e-sviluppo\/serenamente-si-e-spento-un-cacchio\/#primaryimage","url":"http:\/\/www.salvatoremenale.it\/wp-content\/uploads\/2009\/12\/funebreConte-1.jpg","contentUrl":"http:\/\/www.salvatoremenale.it\/wp-content\/uploads\/2009\/12\/funebreConte-1.jpg"},{"@type":"BreadcrumbList","@id":"https:\/\/www.article-marketing.eu\/comunicati\/arte-e-cultura\/ricerca-e-sviluppo\/serenamente-si-e-spento-un-cacchio\/#breadcrumb","itemListElement":[{"@type":"ListItem","position":1,"name":"Home","item":"https:\/\/www.article-marketing.eu\/comunicati\/"},{"@type":"ListItem","position":2,"name":"Serenamente si \u00e8 spento&#8230;.un cacchio !"}]},{"@type":"WebSite","@id":"https:\/\/www.article-marketing.eu\/comunicati\/#website","url":"https:\/\/www.article-marketing.eu\/comunicati\/","name":"Article Marketing","description":"article marketing &amp; press release","potentialAction":[{"@type":"SearchAction","target":{"@type":"EntryPoint","urlTemplate":"https:\/\/www.article-marketing.eu\/comunicati\/?s={search_term_string}"},"query-input":{"@type":"PropertyValueSpecification","valueRequired":true,"valueName":"search_term_string"}}],"inLanguage":"it-IT"},{"@type":"Person","@id":"https:\/\/www.article-marketing.eu\/comunicati\/#\/schema\/person\/44372e4d4d0fa797b18e03ed1ace9017","name":"Redazione Comunicati Stampa","image":{"@type":"ImageObject","inLanguage":"it-IT","@id":"https:\/\/www.article-marketing.eu\/comunicati\/#\/schema\/person\/image\/","url":"https:\/\/secure.gravatar.com\/avatar\/50e5c6421d3072f42e7ace803501602c60d75233d34e29fd05feb91c8760b792?s=96&d=mm&r=g","contentUrl":"https:\/\/secure.gravatar.com\/avatar\/50e5c6421d3072f42e7ace803501602c60d75233d34e29fd05feb91c8760b792?s=96&d=mm&r=g","caption":"Redazione Comunicati Stampa"},"url":"https:\/\/www.article-marketing.eu\/comunicati\/author\/redazione-comunicati-stampa\/"}]}},"_links":{"self":[{"href":"https:\/\/www.article-marketing.eu\/comunicati\/wp-json\/wp\/v2\/posts\/3670","targetHints":{"allow":["GET"]}}],"collection":[{"href":"https:\/\/www.article-marketing.eu\/comunicati\/wp-json\/wp\/v2\/posts"}],"about":[{"href":"https:\/\/www.article-marketing.eu\/comunicati\/wp-json\/wp\/v2\/types\/post"}],"author":[{"embeddable":true,"href":"https:\/\/www.article-marketing.eu\/comunicati\/wp-json\/wp\/v2\/users\/10"}],"replies":[{"embeddable":true,"href":"https:\/\/www.article-marketing.eu\/comunicati\/wp-json\/wp\/v2\/comments?post=3670"}],"version-history":[{"count":0,"href":"https:\/\/www.article-marketing.eu\/comunicati\/wp-json\/wp\/v2\/posts\/3670\/revisions"}],"wp:attachment":[{"href":"https:\/\/www.article-marketing.eu\/comunicati\/wp-json\/wp\/v2\/media?parent=3670"}],"wp:term":[{"taxonomy":"category","embeddable":true,"href":"https:\/\/www.article-marketing.eu\/comunicati\/wp-json\/wp\/v2\/categories?post=3670"},{"taxonomy":"post_tag","embeddable":true,"href":"https:\/\/www.article-marketing.eu\/comunicati\/wp-json\/wp\/v2\/tags?post=3670"}],"curies":[{"name":"wp","href":"https:\/\/api.w.org\/{rel}","templated":true}]}}